
{"id":24671,"date":"2014-04-03T13:06:02","date_gmt":"2014-04-03T16:06:02","guid":{"rendered":"http:\/\/www.oarcanjo.net\/site\/?p=24671"},"modified":"2014-04-03T13:06:02","modified_gmt":"2014-04-03T16:06:02","slug":"milagres-de-sao-jose-de-anchieta","status":"publish","type":"post","link":"https:\/\/www.oarcanjo.net\/site\/milagres-de-sao-jose-de-anchieta\/","title":{"rendered":"Milagres de S\u00e3o Jos\u00e9 de Anchieta"},"content":{"rendered":"<p><em>Cardeal Odilo Pedro Scherer<\/em><\/p>\n<p>Ao saberem da not\u00edcia da canoniza\u00e7\u00e3o do Padre Jos\u00e9 de Anchieta, muitas pessoas perguntarem logo: qual foi o milagre? Por qual milagre ele se tornou santo?<\/p>\n<p>As perguntas n\u00e3o surgem sem motivo, pois a Igreja sempre tem falado que, para a beatifica\u00e7\u00e3o, \u00e9 preciso que haja um milagre, acontecido pela intercess\u00e3o daquele que \u00e9 beatificado; e, para a canoniza\u00e7\u00e3o, espera-se um novo milagre do bem-aventurado. Desta maneira, a Igreja entende que Deus, o \u00fanico a realizar milagres, confirma a santidade daqueles que veneramos como \u201csanto\u201d.<\/p>\n<p>A Igreja \u00e9 muito criteriosa e at\u00e9 severa para dar reconhecimento a um suposto milagre. No caso de Anchieta, houve a confirma\u00e7\u00e3o de um milagre antes de sua beatifica\u00e7\u00e3o. Para a sua proclama\u00e7\u00e3o como \u201csanto\u201d, foi dispensada a confirma\u00e7\u00e3o de um novo milagre. O Papa pode fazer isso, usando da autoridade que lhe \u00e9 pr\u00f3pria. \u00c9 verdade que n\u00e3o faltaram testemunhos sobre sinais prodigiosos conseguidos atrav\u00e9s da intercess\u00e3o de Anchieta; mas, de modo geral, tais supostos milagres s\u00e3o de dif\u00edcil verifica\u00e7\u00e3o, dada a escassez de documenta\u00e7\u00e3o e de testemunhos.<\/p>\n<p>Aqui se faz oportuna uma reflex\u00e3o: os santos, assim reconhecidos e proclamados pela Igreja, n\u00e3o se tornam \u201csantos\u201d por causa\u00a0 de algum milagre; o reconhecimento p\u00fablico e oficial da Igreja sup\u00f5e, acima de tudo, a vida santa de quem \u00e9 proclamado \u201csanto\u201d. Por isso mesmo, este ato oficial da Igreja n\u00e3o \u00e9 dito \u201csantifica\u00e7\u00e3o\u201d, mas \u201ccanoniza\u00e7\u00e3o\u201d, ou seja, inscri\u00e7\u00e3o na lista (\u201cc\u00e2non\u201d) dos santos reconhecidos pela Igreja. Ningu\u00e9m se torna \u201csanto\u201d depois da morte; o que conta, \u00e9 a vida santa e o testemunho de santidade durante esta vida.<\/p>\n<p>Foi o que aconteceu com Anchieta. O papa Francisco reconheceu oficialmente aquilo que se tinha por certo j\u00e1 quando Anchieta faleceu, em 1597: foi um homem santo, um homem de Deus, que se dedicou profundamente \u00e0 obra do Evangelho, no seguimento de Jesus; homem de extraordin\u00e1ria f\u00e9, esperan\u00e7a e caridade, ele viveu conforme as bem-aventuran\u00e7as, cultivou a miseric\u00f3rdia, a ora\u00e7\u00e3o e a comunh\u00e3o com Deus; foi zeloso da gl\u00f3ria de Deus e do bem do pr\u00f3ximo, gastou sua vida como mission\u00e1rio; foi um grande crist\u00e3o, um sacerdote dedicado, um filho amoroso da Igreja. E isso foi testemunhado pelos que o conheceram em vida e, sem interrup\u00e7\u00e3o, confirmado pela Igreja, depois de sua morte, at\u00e9 nossos dias. Falta alguma coisa para ser santo?!<\/p>\n<p>As pessoas gostam de saber: para qual \u201cgra\u00e7a\u201d o Santo deve ser invocado? A Igreja ensina que, acima de tudo, os santos devem ser imitados; eles s\u00e3o testemunhas de vida crist\u00e3, excelsos disc\u00edpulos de Jesus. Em nossos dias, devemos pedir a intercess\u00e3o de S\u00e3o Jos\u00e9 de Anchieta para conseguir aquelas \u201cgra\u00e7as\u201d que mais o caracterizaram em vida: ser pessoas de f\u00e9 viva, apaixonados por Deus, pela Igreja e sua miss\u00e3o; ser mission\u00e1rios dedicados e capazes at\u00e9 de sacrif\u00edcios pela causa do Evangelho; ser catequistas criativos e interessados em comunicar aos outros os tesouros do Reino de Deus; ajudar outros a se aproximarem de Cristo vivo, a chegarem \u00e0 alegria de crer; ser respeitosos para com todos, promotores da justi\u00e7a e da defesa dos mais fracos e vulner\u00e1veis; ser pacificadores, sem deixar que a viol\u00eancia imponha a sua lei&#8230;<\/p>\n<p>Quantos \u201cmilagres\u201d podemos pedir a Deus pela interess\u00e3o de S\u00e3o Jos\u00e9 de Anchieta! Sem esquecer que ele veio ao Brasil ainda jovem, com 19 anos de idade, com um desejo imenso de \u201clevar irm\u00e3os para Cristo\u201d e de promover em tudo a maior gl\u00f3ria de Deus (\u201c<em>ad maiorem Dei gloriam<\/em>\u201d)&#8230; Nenhum sacrif\u00edcio ou ren\u00fancia lhe pareceram demasiados para fazer isso. Ainda hoje, Anchieta pode ser uma inspira\u00e7\u00e3o para muitos jovens!<\/p>\n<p>Nosso tempo desafia-nos a sermos mission\u00e1rios e isso requer \u201cconvers\u00e3o pessoal e pastoral\u201d. O papa Francisco tem dito que precisamos ser um \u201cpovo em miss\u00e3o\u201d e uma Igreja \u201cem sa\u00edda\u201d,\u00a0 indo aos irm\u00e3os que vivem nas \u201cperiferias\u201d de todos os tipos. Este \u00e9 mais um \u201cmilagre\u201d importante a ser pedido atrav\u00e9s do mission\u00e1rio Anchieta, que largou tudo e foi ao encontro daqueles que viviam nas periferias do mundo, na Am\u00e9rica&#8230;<\/p>\n<p>Oh, sim, valei-nos, S\u00e3o Jos\u00e9 de Anchieta! Olhai para o nosso Brasil, o \u201cvosso\u201d Brasil! Pedi essas gra\u00e7as para n\u00f3s! Precisamos muito desses milagres!<\/p>\n<div id=\"themify_builder_content-24671\" data-postid=\"24671\" class=\"themify_builder_content themify_builder_content-24671 themify_builder themify_builder_front\">\n\t<\/div>\n<!-- \/themify_builder_content -->","protected":false},"excerpt":{"rendered":"<p>Cardeal Odilo Pedro Scherer Ao saberem da not\u00edcia da canoniza\u00e7\u00e3o do Padre Jos\u00e9 de Anchieta, muitas pessoas perguntarem logo: qual foi o milagre? Por qual milagre ele se tornou santo? As perguntas n\u00e3o surgem sem motivo, pois a Igreja sempre tem falado que, para a beatifica\u00e7\u00e3o, \u00e9 preciso que haja um milagre, acontecido pela intercess\u00e3o [&hellip;]<\/p>\n","protected":false},"author":5,"featured_media":0,"comment_status":"open","ping_status":"open","sticky":false,"template":"","format":"standard","meta":{"ngg_post_thumbnail":0,"footnotes":""},"categories":[9],"tags":[1170,3039,789,3040],"yoast_head":"<!-- This site is optimized with the Yoast SEO plugin v23.5 - https:\/\/yoast.com\/wordpress\/plugins\/seo\/ -->\n<title>Milagres de S\u00e3o Jos\u00e9 de Anchieta - O Arcanjo no ar<\/title>\n<meta name=\"robots\" content=\"index, follow, max-snippet:-1, max-image-preview:large, max-video-preview:-1\" \/>\n<link rel=\"canonical\" href=\"https:\/\/www.oarcanjo.net\/site\/milagres-de-sao-jose-de-anchieta\/\" \/>\n<meta property=\"og:locale\" content=\"pt_BR\" \/>\n<meta property=\"og:type\" content=\"article\" \/>\n<meta property=\"og:title\" content=\"Milagres de S\u00e3o Jos\u00e9 de Anchieta - O Arcanjo no ar\" \/>\n<meta property=\"og:description\" content=\"Cardeal Odilo Pedro Scherer Ao saberem da not\u00edcia da canoniza\u00e7\u00e3o do Padre Jos\u00e9 de Anchieta, muitas pessoas perguntarem logo: qual foi o milagre? Por qual milagre ele se tornou santo? As perguntas n\u00e3o surgem sem motivo, pois a Igreja sempre tem falado que, para a beatifica\u00e7\u00e3o, \u00e9 preciso que haja um milagre, acontecido pela intercess\u00e3o [&hellip;]\" \/>\n<meta property=\"og:url\" content=\"https:\/\/www.oarcanjo.net\/site\/milagres-de-sao-jose-de-anchieta\/\" \/>\n<meta property=\"og:site_name\" content=\"O Arcanjo no ar\" \/>\n<meta property=\"article:publisher\" content=\"https:\/\/www.facebook.com\/OArcanjoNoAr\/\" \/>\n<meta property=\"article:published_time\" content=\"2014-04-03T16:06:02+00:00\" \/>\n<meta property=\"og:image\" content=\"https:\/\/www.oarcanjo.net\/site\/wp-content\/uploads\/logo-o-arcanjo-no-ar-facebook.png\" \/>\n\t<meta property=\"og:image:width\" content=\"300\" \/>\n\t<meta property=\"og:image:height\" content=\"300\" \/>\n\t<meta property=\"og:image:type\" content=\"image\/png\" \/>\n<meta name=\"author\" content=\"editor\" \/>\n<meta name=\"twitter:card\" content=\"summary_large_image\" \/>\n<meta name=\"twitter:label1\" content=\"Escrito por\" \/>\n\t<meta name=\"twitter:data1\" content=\"editor\" \/>\n\t<meta name=\"twitter:label2\" content=\"Est. tempo de leitura\" \/>\n\t<meta name=\"twitter:data2\" content=\"4 minutos\" \/>\n<script type=\"application\/ld+json\" class=\"yoast-schema-graph\">{\"@context\":\"https:\/\/schema.org\",\"@graph\":[{\"@type\":\"Article\",\"@id\":\"https:\/\/www.oarcanjo.net\/site\/milagres-de-sao-jose-de-anchieta\/#article\",\"isPartOf\":{\"@id\":\"https:\/\/www.oarcanjo.net\/site\/milagres-de-sao-jose-de-anchieta\/\"},\"author\":{\"name\":\"editor\",\"@id\":\"https:\/\/www.oarcanjo.net\/site\/#\/schema\/person\/f7024d007863202483a31326673a0838\"},\"headline\":\"Milagres de S\u00e3o Jos\u00e9 de Anchieta\",\"datePublished\":\"2014-04-03T16:06:02+00:00\",\"dateModified\":\"2014-04-03T16:06:02+00:00\",\"mainEntityOfPage\":{\"@id\":\"https:\/\/www.oarcanjo.net\/site\/milagres-de-sao-jose-de-anchieta\/\"},\"wordCount\":754,\"commentCount\":0,\"publisher\":{\"@id\":\"https:\/\/www.oarcanjo.net\/site\/#organization\"},\"keywords\":[\"canoniza\u00e7\u00e3o\",\"Milagres\",\"mission\u00e1rio\",\"S\u00e3o Jos\u00e9 de Anchieta\"],\"articleSection\":[\"Reflex\u00f5es\"],\"inLanguage\":\"pt-BR\",\"potentialAction\":[{\"@type\":\"CommentAction\",\"name\":\"Comment\",\"target\":[\"https:\/\/www.oarcanjo.net\/site\/milagres-de-sao-jose-de-anchieta\/#respond\"]}]},{\"@type\":\"WebPage\",\"@id\":\"https:\/\/www.oarcanjo.net\/site\/milagres-de-sao-jose-de-anchieta\/\",\"url\":\"https:\/\/www.oarcanjo.net\/site\/milagres-de-sao-jose-de-anchieta\/\",\"name\":\"Milagres de S\u00e3o Jos\u00e9 de Anchieta - O Arcanjo no ar\",\"isPartOf\":{\"@id\":\"https:\/\/www.oarcanjo.net\/site\/#website\"},\"datePublished\":\"2014-04-03T16:06:02+00:00\",\"dateModified\":\"2014-04-03T16:06:02+00:00\",\"breadcrumb\":{\"@id\":\"https:\/\/www.oarcanjo.net\/site\/milagres-de-sao-jose-de-anchieta\/#breadcrumb\"},\"inLanguage\":\"pt-BR\",\"potentialAction\":[{\"@type\":\"ReadAction\",\"target\":[\"https:\/\/www.oarcanjo.net\/site\/milagres-de-sao-jose-de-anchieta\/\"]}]},{\"@type\":\"BreadcrumbList\",\"@id\":\"https:\/\/www.oarcanjo.net\/site\/milagres-de-sao-jose-de-anchieta\/#breadcrumb\",\"itemListElement\":[{\"@type\":\"ListItem\",\"position\":1,\"name\":\"In\u00edcio\",\"item\":\"https:\/\/www.oarcanjo.net\/site\/\"},{\"@type\":\"ListItem\",\"position\":2,\"name\":\"Milagres de S\u00e3o Jos\u00e9 de Anchieta\"}]},{\"@type\":\"WebSite\",\"@id\":\"https:\/\/www.oarcanjo.net\/site\/#website\",\"url\":\"https:\/\/www.oarcanjo.net\/site\/\",\"name\":\"O Arcanjo no ar\",\"description\":\"Site da Par\u00f3quia S\u00e3o Miguel Arcanjo (Arquidiocese de SP)\",\"publisher\":{\"@id\":\"https:\/\/www.oarcanjo.net\/site\/#organization\"},\"potentialAction\":[{\"@type\":\"SearchAction\",\"target\":{\"@type\":\"EntryPoint\",\"urlTemplate\":\"https:\/\/www.oarcanjo.net\/site\/?s={search_term_string}\"},\"query-input\":{\"@type\":\"PropertyValueSpecification\",\"valueRequired\":true,\"valueName\":\"search_term_string\"}}],\"inLanguage\":\"pt-BR\"},{\"@type\":\"Organization\",\"@id\":\"https:\/\/www.oarcanjo.net\/site\/#organization\",\"name\":\"Par\u00f3quia S\u00e3o Miguel Arcanjo\",\"url\":\"https:\/\/www.oarcanjo.net\/site\/\",\"logo\":{\"@type\":\"ImageObject\",\"inLanguage\":\"pt-BR\",\"@id\":\"https:\/\/www.oarcanjo.net\/site\/#\/schema\/logo\/image\/\",\"url\":\"https:\/\/www.oarcanjo.net\/site\/wp-content\/uploads\/LogoOArcanjo.png\",\"contentUrl\":\"https:\/\/www.oarcanjo.net\/site\/wp-content\/uploads\/LogoOArcanjo.png\",\"width\":319,\"height\":99,\"caption\":\"Par\u00f3quia S\u00e3o Miguel Arcanjo\"},\"image\":{\"@id\":\"https:\/\/www.oarcanjo.net\/site\/#\/schema\/logo\/image\/\"},\"sameAs\":[\"https:\/\/www.facebook.com\/OArcanjoNoAr\/\"]},{\"@type\":\"Person\",\"@id\":\"https:\/\/www.oarcanjo.net\/site\/#\/schema\/person\/f7024d007863202483a31326673a0838\",\"name\":\"editor\",\"sameAs\":[\"http:\/\/www.oarcanjo.net\"]}]}<\/script>\n<!-- \/ Yoast SEO plugin. -->","yoast_head_json":{"title":"Milagres de S\u00e3o Jos\u00e9 de Anchieta - O Arcanjo no ar","robots":{"index":"index","follow":"follow","max-snippet":"max-snippet:-1","max-image-preview":"max-image-preview:large","max-video-preview":"max-video-preview:-1"},"canonical":"https:\/\/www.oarcanjo.net\/site\/milagres-de-sao-jose-de-anchieta\/","og_locale":"pt_BR","og_type":"article","og_title":"Milagres de S\u00e3o Jos\u00e9 de Anchieta - O Arcanjo no ar","og_description":"Cardeal Odilo Pedro Scherer Ao saberem da not\u00edcia da canoniza\u00e7\u00e3o do Padre Jos\u00e9 de Anchieta, muitas pessoas perguntarem logo: qual foi o milagre? Por qual milagre ele se tornou santo? As perguntas n\u00e3o surgem sem motivo, pois a Igreja sempre tem falado que, para a beatifica\u00e7\u00e3o, \u00e9 preciso que haja um milagre, acontecido pela intercess\u00e3o [&hellip;]","og_url":"https:\/\/www.oarcanjo.net\/site\/milagres-de-sao-jose-de-anchieta\/","og_site_name":"O Arcanjo no ar","article_publisher":"https:\/\/www.facebook.com\/OArcanjoNoAr\/","article_published_time":"2014-04-03T16:06:02+00:00","og_image":[{"width":300,"height":300,"url":"https:\/\/www.oarcanjo.net\/site\/wp-content\/uploads\/logo-o-arcanjo-no-ar-facebook.png","type":"image\/png"}],"author":"editor","twitter_card":"summary_large_image","twitter_misc":{"Escrito por":"editor","Est. tempo de leitura":"4 minutos"},"schema":{"@context":"https:\/\/schema.org","@graph":[{"@type":"Article","@id":"https:\/\/www.oarcanjo.net\/site\/milagres-de-sao-jose-de-anchieta\/#article","isPartOf":{"@id":"https:\/\/www.oarcanjo.net\/site\/milagres-de-sao-jose-de-anchieta\/"},"author":{"name":"editor","@id":"https:\/\/www.oarcanjo.net\/site\/#\/schema\/person\/f7024d007863202483a31326673a0838"},"headline":"Milagres de S\u00e3o Jos\u00e9 de Anchieta","datePublished":"2014-04-03T16:06:02+00:00","dateModified":"2014-04-03T16:06:02+00:00","mainEntityOfPage":{"@id":"https:\/\/www.oarcanjo.net\/site\/milagres-de-sao-jose-de-anchieta\/"},"wordCount":754,"commentCount":0,"publisher":{"@id":"https:\/\/www.oarcanjo.net\/site\/#organization"},"keywords":["canoniza\u00e7\u00e3o","Milagres","mission\u00e1rio","S\u00e3o Jos\u00e9 de Anchieta"],"articleSection":["Reflex\u00f5es"],"inLanguage":"pt-BR","potentialAction":[{"@type":"CommentAction","name":"Comment","target":["https:\/\/www.oarcanjo.net\/site\/milagres-de-sao-jose-de-anchieta\/#respond"]}]},{"@type":"WebPage","@id":"https:\/\/www.oarcanjo.net\/site\/milagres-de-sao-jose-de-anchieta\/","url":"https:\/\/www.oarcanjo.net\/site\/milagres-de-sao-jose-de-anchieta\/","name":"Milagres de S\u00e3o Jos\u00e9 de Anchieta - O Arcanjo no ar","isPartOf":{"@id":"https:\/\/www.oarcanjo.net\/site\/#website"},"datePublished":"2014-04-03T16:06:02+00:00","dateModified":"2014-04-03T16:06:02+00:00","breadcrumb":{"@id":"https:\/\/www.oarcanjo.net\/site\/milagres-de-sao-jose-de-anchieta\/#breadcrumb"},"inLanguage":"pt-BR","potentialAction":[{"@type":"ReadAction","target":["https:\/\/www.oarcanjo.net\/site\/milagres-de-sao-jose-de-anchieta\/"]}]},{"@type":"BreadcrumbList","@id":"https:\/\/www.oarcanjo.net\/site\/milagres-de-sao-jose-de-anchieta\/#breadcrumb","itemListElement":[{"@type":"ListItem","position":1,"name":"In\u00edcio","item":"https:\/\/www.oarcanjo.net\/site\/"},{"@type":"ListItem","position":2,"name":"Milagres de S\u00e3o Jos\u00e9 de Anchieta"}]},{"@type":"WebSite","@id":"https:\/\/www.oarcanjo.net\/site\/#website","url":"https:\/\/www.oarcanjo.net\/site\/","name":"O Arcanjo no ar","description":"Site da Par\u00f3quia S\u00e3o Miguel Arcanjo (Arquidiocese de SP)","publisher":{"@id":"https:\/\/www.oarcanjo.net\/site\/#organization"},"potentialAction":[{"@type":"SearchAction","target":{"@type":"EntryPoint","urlTemplate":"https:\/\/www.oarcanjo.net\/site\/?s={search_term_string}"},"query-input":{"@type":"PropertyValueSpecification","valueRequired":true,"valueName":"search_term_string"}}],"inLanguage":"pt-BR"},{"@type":"Organization","@id":"https:\/\/www.oarcanjo.net\/site\/#organization","name":"Par\u00f3quia S\u00e3o Miguel Arcanjo","url":"https:\/\/www.oarcanjo.net\/site\/","logo":{"@type":"ImageObject","inLanguage":"pt-BR","@id":"https:\/\/www.oarcanjo.net\/site\/#\/schema\/logo\/image\/","url":"https:\/\/www.oarcanjo.net\/site\/wp-content\/uploads\/LogoOArcanjo.png","contentUrl":"https:\/\/www.oarcanjo.net\/site\/wp-content\/uploads\/LogoOArcanjo.png","width":319,"height":99,"caption":"Par\u00f3quia S\u00e3o Miguel Arcanjo"},"image":{"@id":"https:\/\/www.oarcanjo.net\/site\/#\/schema\/logo\/image\/"},"sameAs":["https:\/\/www.facebook.com\/OArcanjoNoAr\/"]},{"@type":"Person","@id":"https:\/\/www.oarcanjo.net\/site\/#\/schema\/person\/f7024d007863202483a31326673a0838","name":"editor","sameAs":["http:\/\/www.oarcanjo.net"]}]}},"publishpress_future_action":{"enabled":false,"date":"2026-05-08 21:36:17","action":"category","newStatus":"draft","terms":[],"taxonomy":"category"},"publishpress_future_workflow_manual_trigger":{"enabledWorkflows":[]},"_links":{"self":[{"href":"https:\/\/www.oarcanjo.net\/site\/wp-json\/wp\/v2\/posts\/24671"}],"collection":[{"href":"https:\/\/www.oarcanjo.net\/site\/wp-json\/wp\/v2\/posts"}],"about":[{"href":"https:\/\/www.oarcanjo.net\/site\/wp-json\/wp\/v2\/types\/post"}],"author":[{"embeddable":true,"href":"https:\/\/www.oarcanjo.net\/site\/wp-json\/wp\/v2\/users\/5"}],"replies":[{"embeddable":true,"href":"https:\/\/www.oarcanjo.net\/site\/wp-json\/wp\/v2\/comments?post=24671"}],"version-history":[{"count":0,"href":"https:\/\/www.oarcanjo.net\/site\/wp-json\/wp\/v2\/posts\/24671\/revisions"}],"wp:attachment":[{"href":"https:\/\/www.oarcanjo.net\/site\/wp-json\/wp\/v2\/media?parent=24671"}],"wp:term":[{"taxonomy":"category","embeddable":true,"href":"https:\/\/www.oarcanjo.net\/site\/wp-json\/wp\/v2\/categories?post=24671"},{"taxonomy":"post_tag","embeddable":true,"href":"https:\/\/www.oarcanjo.net\/site\/wp-json\/wp\/v2\/tags?post=24671"}],"curies":[{"name":"wp","href":"https:\/\/api.w.org\/{rel}","templated":true}]}}