
{"id":24673,"date":"2014-04-03T13:27:17","date_gmt":"2014-04-03T16:27:17","guid":{"rendered":"http:\/\/www.oarcanjo.net\/site\/?p=24673"},"modified":"2014-04-08T18:10:25","modified_gmt":"2014-04-08T21:10:25","slug":"padre-anchieta-e-declarado-santo","status":"publish","type":"post","link":"https:\/\/www.oarcanjo.net\/site\/padre-anchieta-e-declarado-santo\/","title":{"rendered":"Padre Anchieta \u00e9 declarado santo"},"content":{"rendered":"<p>Na manh\u00e3 desta quinta-feira, 03 de abril, o papa Francisco recebeu em audi\u00eancia, no Vaticano, o prefeito da Congrega\u00e7\u00e3o das Causas dos Santos, cardeal Angelo Amato. Depois de ouvir o relat\u00f3rio sobre a vida e a obra do \u201cAp\u00f3stolo do Brasil\u201d, o pont\u00edfice assinou o decreto de canoniza\u00e7\u00e3o do mission\u00e1rio jesu\u00edta. No dia 24, o papa presidir\u00e1 uma missa em a\u00e7\u00e3o de gra\u00e7as pela canoniza\u00e7\u00e3o, na igreja de Santo In\u00e1cio, em Roma.<\/p>\n<p>S\u00e3o Jos\u00e9 de Anchieta, como passa a ser chamado, tamb\u00e9m \u00e9 declarado, pela Confer\u00eancia Nacional dos Bispos do Brasil (CNBB), como padroeiro dos catequistas.<\/p>\n<p>O arcebispo de Aparecida (SP) e presidente da CNBB, cardeal Raymundo Damasceno Assis, destaca a import\u00e2ncia da vida e miss\u00e3o de S\u00e3o Jos\u00e9 de Anchieta que optou por uma catequese acess\u00edvel e aculturada, utilizando da poesia, do teatro e de recursos pr\u00f3prios da \u00e9poca.<\/p>\n<p>\u201cEle \u00e9 um modelo de evangelizador e mission\u00e1rio de todos os tempos e todas as \u00e9pocas. Nos ensinou que o Evangelho, ao ser anunciado, deve ser inculturado, levando em conta a cultura das pessoas ao qual se destina\u201d, disse dom Damasceno.<\/p>\n<p>O primeiro pedido de canoniza\u00e7\u00e3o do padre Anchieta foi feito h\u00e1 exatos 417 anos.<\/p>\n<p>Em outubro de 2013, a CNBB solicitou ao papa Francisco para que analisasse o processo. O pont\u00edfice respondeu positivamente ao pedido. \u201cNos alegramos em ter mais santo de cora\u00e7\u00e3o brasileiro, a interceder junto de Deus por n\u00f3s, pela nossa Igreja e por todo o Brasil\u201d, disse o cardeal.<\/p>\n<p>Hoje, o papa Francisco declarou santos outros dois beatos franceses que promoveram a evangeliza\u00e7\u00e3o no Canad\u00e1: Fran\u00e7ois de Montmorency-Laval e Maria da Encarna\u00e7\u00e3o Guyart.<\/p>\n<p><strong>Hist\u00f3ria<\/strong><br \/>\nS\u00e3o Jos\u00e9 de Anchieta foi respons\u00e1vel pela cria\u00e7\u00e3o do col\u00e9gio de Piratininga no dia 25 de janeiro de 1554, que deu origem \u00e0 cidade de S\u00e3o Paulo. O mission\u00e1rio, que chegou ao Brasil em 1553, era natural de Tenerife, nas Ilhas de Can\u00e1rias, na Espanha. Nasceu no dia 19 de mar\u00e7o de 1534.<\/p>\n<p>No decorrer de sua vida, o padre passou por lugares como S\u00e3o Paulo, Esp\u00edrito Santo e Bahia propagando os ensinamentos do Evangelho. Faleceu na cidade de Reritiba (atual Anchieta, no Estado do Esp\u00edrito Santo) em 9 de junho de 1597.<\/p>\n<p><strong>Ora\u00e7\u00e3o \u00e0 S\u00e3o Jos\u00e9 de Anchieta<\/strong><\/p>\n<p>S\u00e3o Jos\u00e9 de Anchieta,<br \/>\nAp\u00f3stolo do Brasil,<br \/>\nPoeta da Virgem Maria,<br \/>\nIntercede por n\u00f3s, hoje e sempre.<br \/>\nD\u00e1-nos a disponibilidade de servir a Jesus<br \/>\nComo tu o serviste nos mais pobres e necessitados.<br \/>\nProtege-nos de todos os males<br \/>\nDo corpo e da alma.<br \/>\nE, se for vontade de Deus,<br \/>\nAlcan\u00e7a-nos a gra\u00e7a que agora te pedimos<br \/>\n(pede-se a gra\u00e7a)<br \/>\nS\u00e3o Jos\u00e9 de Anchieta, Rogai por n\u00f3s!<br \/>\nPai Nosso, Ave Maria, Gl\u00f3ria.<\/p>\n<p><em>Fonte: CNBB\/R\u00e1dio Vaticano<\/em><\/p>\n<div id=\"themify_builder_content-24673\" data-postid=\"24673\" class=\"themify_builder_content themify_builder_content-24673 themify_builder themify_builder_front\">\n\t<\/div>\n<!-- \/themify_builder_content -->","protected":false},"excerpt":{"rendered":"<p>Na manh\u00e3 desta quinta-feira, 03 de abril, o papa Francisco recebeu em audi\u00eancia, no Vaticano, o prefeito da Congrega\u00e7\u00e3o das Causas dos Santos, cardeal Angelo Amato. Depois de ouvir o relat\u00f3rio sobre a vida e a obra do \u201cAp\u00f3stolo do Brasil\u201d, o pont\u00edfice assinou o decreto de canoniza\u00e7\u00e3o do mission\u00e1rio jesu\u00edta. No dia 24, o [&hellip;]<\/p>\n","protected":false},"author":5,"featured_media":0,"comment_status":"open","ping_status":"open","sticky":false,"template":"","format":"standard","meta":{"ngg_post_thumbnail":0,"footnotes":""},"categories":[8],"tags":[2998,3040],"yoast_head":"<!-- This site is optimized with the Yoast SEO plugin v23.5 - https:\/\/yoast.com\/wordpress\/plugins\/seo\/ -->\n<title>Padre Anchieta \u00e9 declarado santo - O Arcanjo no ar<\/title>\n<meta name=\"robots\" content=\"index, follow, max-snippet:-1, max-image-preview:large, max-video-preview:-1\" \/>\n<link rel=\"canonical\" href=\"https:\/\/www.oarcanjo.net\/site\/padre-anchieta-e-declarado-santo\/\" \/>\n<meta property=\"og:locale\" content=\"pt_BR\" \/>\n<meta property=\"og:type\" content=\"article\" \/>\n<meta property=\"og:title\" content=\"Padre Anchieta \u00e9 declarado santo - O Arcanjo no ar\" \/>\n<meta property=\"og:description\" content=\"Na manh\u00e3 desta quinta-feira, 03 de abril, o papa Francisco recebeu em audi\u00eancia, no Vaticano, o prefeito da Congrega\u00e7\u00e3o das Causas dos Santos, cardeal Angelo Amato. Depois de ouvir o relat\u00f3rio sobre a vida e a obra do \u201cAp\u00f3stolo do Brasil\u201d, o pont\u00edfice assinou o decreto de canoniza\u00e7\u00e3o do mission\u00e1rio jesu\u00edta. No dia 24, o [&hellip;]\" \/>\n<meta property=\"og:url\" content=\"https:\/\/www.oarcanjo.net\/site\/padre-anchieta-e-declarado-santo\/\" \/>\n<meta property=\"og:site_name\" content=\"O Arcanjo no ar\" \/>\n<meta property=\"article:publisher\" content=\"https:\/\/www.facebook.com\/OArcanjoNoAr\/\" \/>\n<meta property=\"article:published_time\" content=\"2014-04-03T16:27:17+00:00\" \/>\n<meta property=\"article:modified_time\" content=\"2014-04-08T21:10:25+00:00\" \/>\n<meta property=\"og:image\" content=\"https:\/\/www.oarcanjo.net\/site\/wp-content\/uploads\/logo-o-arcanjo-no-ar-facebook.png\" \/>\n\t<meta property=\"og:image:width\" content=\"300\" \/>\n\t<meta property=\"og:image:height\" content=\"300\" \/>\n\t<meta property=\"og:image:type\" content=\"image\/png\" \/>\n<meta name=\"author\" content=\"editor\" \/>\n<meta name=\"twitter:card\" content=\"summary_large_image\" \/>\n<meta name=\"twitter:label1\" content=\"Escrito por\" \/>\n\t<meta name=\"twitter:data1\" content=\"editor\" \/>\n\t<meta name=\"twitter:label2\" content=\"Est. tempo de leitura\" \/>\n\t<meta name=\"twitter:data2\" content=\"2 minutos\" \/>\n<script type=\"application\/ld+json\" class=\"yoast-schema-graph\">{\"@context\":\"https:\/\/schema.org\",\"@graph\":[{\"@type\":\"Article\",\"@id\":\"https:\/\/www.oarcanjo.net\/site\/padre-anchieta-e-declarado-santo\/#article\",\"isPartOf\":{\"@id\":\"https:\/\/www.oarcanjo.net\/site\/padre-anchieta-e-declarado-santo\/\"},\"author\":{\"name\":\"editor\",\"@id\":\"https:\/\/www.oarcanjo.net\/site\/#\/schema\/person\/f7024d007863202483a31326673a0838\"},\"headline\":\"Padre Anchieta \u00e9 declarado santo\",\"datePublished\":\"2014-04-03T16:27:17+00:00\",\"dateModified\":\"2014-04-08T21:10:25+00:00\",\"mainEntityOfPage\":{\"@id\":\"https:\/\/www.oarcanjo.net\/site\/padre-anchieta-e-declarado-santo\/\"},\"wordCount\":484,\"commentCount\":0,\"publisher\":{\"@id\":\"https:\/\/www.oarcanjo.net\/site\/#organization\"},\"keywords\":[\"Ap\u00f3stolo do Brasil\",\"S\u00e3o Jos\u00e9 de Anchieta\"],\"articleSection\":[\"Not\u00edcias\"],\"inLanguage\":\"pt-BR\",\"potentialAction\":[{\"@type\":\"CommentAction\",\"name\":\"Comment\",\"target\":[\"https:\/\/www.oarcanjo.net\/site\/padre-anchieta-e-declarado-santo\/#respond\"]}]},{\"@type\":\"WebPage\",\"@id\":\"https:\/\/www.oarcanjo.net\/site\/padre-anchieta-e-declarado-santo\/\",\"url\":\"https:\/\/www.oarcanjo.net\/site\/padre-anchieta-e-declarado-santo\/\",\"name\":\"Padre Anchieta \u00e9 declarado santo - O Arcanjo no ar\",\"isPartOf\":{\"@id\":\"https:\/\/www.oarcanjo.net\/site\/#website\"},\"datePublished\":\"2014-04-03T16:27:17+00:00\",\"dateModified\":\"2014-04-08T21:10:25+00:00\",\"breadcrumb\":{\"@id\":\"https:\/\/www.oarcanjo.net\/site\/padre-anchieta-e-declarado-santo\/#breadcrumb\"},\"inLanguage\":\"pt-BR\",\"potentialAction\":[{\"@type\":\"ReadAction\",\"target\":[\"https:\/\/www.oarcanjo.net\/site\/padre-anchieta-e-declarado-santo\/\"]}]},{\"@type\":\"BreadcrumbList\",\"@id\":\"https:\/\/www.oarcanjo.net\/site\/padre-anchieta-e-declarado-santo\/#breadcrumb\",\"itemListElement\":[{\"@type\":\"ListItem\",\"position\":1,\"name\":\"In\u00edcio\",\"item\":\"https:\/\/www.oarcanjo.net\/site\/\"},{\"@type\":\"ListItem\",\"position\":2,\"name\":\"Padre Anchieta \u00e9 declarado santo\"}]},{\"@type\":\"WebSite\",\"@id\":\"https:\/\/www.oarcanjo.net\/site\/#website\",\"url\":\"https:\/\/www.oarcanjo.net\/site\/\",\"name\":\"O Arcanjo no ar\",\"description\":\"Site da Par\u00f3quia S\u00e3o Miguel Arcanjo (Arquidiocese de SP)\",\"publisher\":{\"@id\":\"https:\/\/www.oarcanjo.net\/site\/#organization\"},\"potentialAction\":[{\"@type\":\"SearchAction\",\"target\":{\"@type\":\"EntryPoint\",\"urlTemplate\":\"https:\/\/www.oarcanjo.net\/site\/?s={search_term_string}\"},\"query-input\":{\"@type\":\"PropertyValueSpecification\",\"valueRequired\":true,\"valueName\":\"search_term_string\"}}],\"inLanguage\":\"pt-BR\"},{\"@type\":\"Organization\",\"@id\":\"https:\/\/www.oarcanjo.net\/site\/#organization\",\"name\":\"Par\u00f3quia S\u00e3o Miguel Arcanjo\",\"url\":\"https:\/\/www.oarcanjo.net\/site\/\",\"logo\":{\"@type\":\"ImageObject\",\"inLanguage\":\"pt-BR\",\"@id\":\"https:\/\/www.oarcanjo.net\/site\/#\/schema\/logo\/image\/\",\"url\":\"https:\/\/www.oarcanjo.net\/site\/wp-content\/uploads\/LogoOArcanjo.png\",\"contentUrl\":\"https:\/\/www.oarcanjo.net\/site\/wp-content\/uploads\/LogoOArcanjo.png\",\"width\":319,\"height\":99,\"caption\":\"Par\u00f3quia S\u00e3o Miguel Arcanjo\"},\"image\":{\"@id\":\"https:\/\/www.oarcanjo.net\/site\/#\/schema\/logo\/image\/\"},\"sameAs\":[\"https:\/\/www.facebook.com\/OArcanjoNoAr\/\"]},{\"@type\":\"Person\",\"@id\":\"https:\/\/www.oarcanjo.net\/site\/#\/schema\/person\/f7024d007863202483a31326673a0838\",\"name\":\"editor\",\"sameAs\":[\"http:\/\/www.oarcanjo.net\"]}]}<\/script>\n<!-- \/ Yoast SEO plugin. -->","yoast_head_json":{"title":"Padre Anchieta \u00e9 declarado santo - O Arcanjo no ar","robots":{"index":"index","follow":"follow","max-snippet":"max-snippet:-1","max-image-preview":"max-image-preview:large","max-video-preview":"max-video-preview:-1"},"canonical":"https:\/\/www.oarcanjo.net\/site\/padre-anchieta-e-declarado-santo\/","og_locale":"pt_BR","og_type":"article","og_title":"Padre Anchieta \u00e9 declarado santo - O Arcanjo no ar","og_description":"Na manh\u00e3 desta quinta-feira, 03 de abril, o papa Francisco recebeu em audi\u00eancia, no Vaticano, o prefeito da Congrega\u00e7\u00e3o das Causas dos Santos, cardeal Angelo Amato. Depois de ouvir o relat\u00f3rio sobre a vida e a obra do \u201cAp\u00f3stolo do Brasil\u201d, o pont\u00edfice assinou o decreto de canoniza\u00e7\u00e3o do mission\u00e1rio jesu\u00edta. No dia 24, o [&hellip;]","og_url":"https:\/\/www.oarcanjo.net\/site\/padre-anchieta-e-declarado-santo\/","og_site_name":"O Arcanjo no ar","article_publisher":"https:\/\/www.facebook.com\/OArcanjoNoAr\/","article_published_time":"2014-04-03T16:27:17+00:00","article_modified_time":"2014-04-08T21:10:25+00:00","og_image":[{"width":300,"height":300,"url":"https:\/\/www.oarcanjo.net\/site\/wp-content\/uploads\/logo-o-arcanjo-no-ar-facebook.png","type":"image\/png"}],"author":"editor","twitter_card":"summary_large_image","twitter_misc":{"Escrito por":"editor","Est. tempo de leitura":"2 minutos"},"schema":{"@context":"https:\/\/schema.org","@graph":[{"@type":"Article","@id":"https:\/\/www.oarcanjo.net\/site\/padre-anchieta-e-declarado-santo\/#article","isPartOf":{"@id":"https:\/\/www.oarcanjo.net\/site\/padre-anchieta-e-declarado-santo\/"},"author":{"name":"editor","@id":"https:\/\/www.oarcanjo.net\/site\/#\/schema\/person\/f7024d007863202483a31326673a0838"},"headline":"Padre Anchieta \u00e9 declarado santo","datePublished":"2014-04-03T16:27:17+00:00","dateModified":"2014-04-08T21:10:25+00:00","mainEntityOfPage":{"@id":"https:\/\/www.oarcanjo.net\/site\/padre-anchieta-e-declarado-santo\/"},"wordCount":484,"commentCount":0,"publisher":{"@id":"https:\/\/www.oarcanjo.net\/site\/#organization"},"keywords":["Ap\u00f3stolo do Brasil","S\u00e3o Jos\u00e9 de Anchieta"],"articleSection":["Not\u00edcias"],"inLanguage":"pt-BR","potentialAction":[{"@type":"CommentAction","name":"Comment","target":["https:\/\/www.oarcanjo.net\/site\/padre-anchieta-e-declarado-santo\/#respond"]}]},{"@type":"WebPage","@id":"https:\/\/www.oarcanjo.net\/site\/padre-anchieta-e-declarado-santo\/","url":"https:\/\/www.oarcanjo.net\/site\/padre-anchieta-e-declarado-santo\/","name":"Padre Anchieta \u00e9 declarado santo - O Arcanjo no ar","isPartOf":{"@id":"https:\/\/www.oarcanjo.net\/site\/#website"},"datePublished":"2014-04-03T16:27:17+00:00","dateModified":"2014-04-08T21:10:25+00:00","breadcrumb":{"@id":"https:\/\/www.oarcanjo.net\/site\/padre-anchieta-e-declarado-santo\/#breadcrumb"},"inLanguage":"pt-BR","potentialAction":[{"@type":"ReadAction","target":["https:\/\/www.oarcanjo.net\/site\/padre-anchieta-e-declarado-santo\/"]}]},{"@type":"BreadcrumbList","@id":"https:\/\/www.oarcanjo.net\/site\/padre-anchieta-e-declarado-santo\/#breadcrumb","itemListElement":[{"@type":"ListItem","position":1,"name":"In\u00edcio","item":"https:\/\/www.oarcanjo.net\/site\/"},{"@type":"ListItem","position":2,"name":"Padre Anchieta \u00e9 declarado santo"}]},{"@type":"WebSite","@id":"https:\/\/www.oarcanjo.net\/site\/#website","url":"https:\/\/www.oarcanjo.net\/site\/","name":"O Arcanjo no ar","description":"Site da Par\u00f3quia S\u00e3o Miguel Arcanjo (Arquidiocese de SP)","publisher":{"@id":"https:\/\/www.oarcanjo.net\/site\/#organization"},"potentialAction":[{"@type":"SearchAction","target":{"@type":"EntryPoint","urlTemplate":"https:\/\/www.oarcanjo.net\/site\/?s={search_term_string}"},"query-input":{"@type":"PropertyValueSpecification","valueRequired":true,"valueName":"search_term_string"}}],"inLanguage":"pt-BR"},{"@type":"Organization","@id":"https:\/\/www.oarcanjo.net\/site\/#organization","name":"Par\u00f3quia S\u00e3o Miguel Arcanjo","url":"https:\/\/www.oarcanjo.net\/site\/","logo":{"@type":"ImageObject","inLanguage":"pt-BR","@id":"https:\/\/www.oarcanjo.net\/site\/#\/schema\/logo\/image\/","url":"https:\/\/www.oarcanjo.net\/site\/wp-content\/uploads\/LogoOArcanjo.png","contentUrl":"https:\/\/www.oarcanjo.net\/site\/wp-content\/uploads\/LogoOArcanjo.png","width":319,"height":99,"caption":"Par\u00f3quia S\u00e3o Miguel Arcanjo"},"image":{"@id":"https:\/\/www.oarcanjo.net\/site\/#\/schema\/logo\/image\/"},"sameAs":["https:\/\/www.facebook.com\/OArcanjoNoAr\/"]},{"@type":"Person","@id":"https:\/\/www.oarcanjo.net\/site\/#\/schema\/person\/f7024d007863202483a31326673a0838","name":"editor","sameAs":["http:\/\/www.oarcanjo.net"]}]}},"publishpress_future_action":{"enabled":false,"date":"2026-05-10 09:34:13","action":"category","newStatus":"draft","terms":[],"taxonomy":"category"},"publishpress_future_workflow_manual_trigger":{"enabledWorkflows":[]},"_links":{"self":[{"href":"https:\/\/www.oarcanjo.net\/site\/wp-json\/wp\/v2\/posts\/24673"}],"collection":[{"href":"https:\/\/www.oarcanjo.net\/site\/wp-json\/wp\/v2\/posts"}],"about":[{"href":"https:\/\/www.oarcanjo.net\/site\/wp-json\/wp\/v2\/types\/post"}],"author":[{"embeddable":true,"href":"https:\/\/www.oarcanjo.net\/site\/wp-json\/wp\/v2\/users\/5"}],"replies":[{"embeddable":true,"href":"https:\/\/www.oarcanjo.net\/site\/wp-json\/wp\/v2\/comments?post=24673"}],"version-history":[{"count":0,"href":"https:\/\/www.oarcanjo.net\/site\/wp-json\/wp\/v2\/posts\/24673\/revisions"}],"wp:attachment":[{"href":"https:\/\/www.oarcanjo.net\/site\/wp-json\/wp\/v2\/media?parent=24673"}],"wp:term":[{"taxonomy":"category","embeddable":true,"href":"https:\/\/www.oarcanjo.net\/site\/wp-json\/wp\/v2\/categories?post=24673"},{"taxonomy":"post_tag","embeddable":true,"href":"https:\/\/www.oarcanjo.net\/site\/wp-json\/wp\/v2\/tags?post=24673"}],"curies":[{"name":"wp","href":"https:\/\/api.w.org\/{rel}","templated":true}]}}