
{"id":2468,"date":"2009-03-22T14:29:41","date_gmt":"2009-03-22T17:29:41","guid":{"rendered":"http:\/\/www.oarcanjo.net\/site\/?p=2468"},"modified":"2009-04-10T13:28:11","modified_gmt":"2009-04-10T16:28:11","slug":"arquidiocese-de-sao-paulo-faz-peregrinacao-dos-comunicadores","status":"publish","type":"post","link":"https:\/\/www.oarcanjo.net\/site\/arquidiocese-de-sao-paulo-faz-peregrinacao-dos-comunicadores\/","title":{"rendered":"Arquidiocese de S\u00e3o Paulo faz peregrina\u00e7\u00e3o dos comunicadores"},"content":{"rendered":"<p><img loading=\"lazy\" decoding=\"async\" src=\"http:\/\/www.oarcanjo.net\/site\/wp-content\/uploads\/dodilocomunicadores.jpg\" alt=\"D. Odilo Scherer na Peregrina\u00e7\u00e3o dos Comunicadores\" title=\"D. Odilo Scherer na peregrina\u00e7\u00e3o dos comunicadores\" width=\"350\" height=\"234\" class=\"alignnone size-full wp-image-2473\" srcset=\"https:\/\/www.oarcanjo.net\/site\/wp-content\/uploads\/dodilocomunicadores.jpg 350w, https:\/\/www.oarcanjo.net\/site\/wp-content\/uploads\/dodilocomunicadores-300x200.jpg 300w\" sizes=\"(max-width: 350px) 100vw, 350px\" \/><br \/>\n<em>Foto: Wanderley Oliveira<\/em><\/p>\n<p>O cardeal arcebispo de S\u00e3o Paulo, D. Odilo Pedro Scherer, deu in\u00edcio \u00e0 peregrina\u00e7\u00e3o dos comunicadores da Arquidiocese em entrevista coletiva no P\u00e1tio do Col\u00e9gio, ponto de encontro para o evento.<\/p>\n<p>D. Odilo falou da import\u00e2ncia de usar os diversos ve\u00edculos de comunica\u00e7\u00e3o para a evangeliza\u00e7\u00e3o. Segundo ele, &#8220;S\u00e3o Paulo Ap\u00f3stolo era um grande comunicador, que n\u00e3o dispunha dos meios atuais, mas tinha o &#8216;fogo&#8217; da mensagem, da boa nova&#8221;.<\/p>\n<p>Ele saudou ainda os diversos grupos que atuam nessa \u00e1rea, em particular as congrega\u00e7\u00f5es criadas por inspira\u00e7\u00e3o de S\u00e3o Paulo, como os Paulinos e as Paulinas.<\/p>\n<p>Os comunicadores presentes fizeram perguntas sobre o papel dos meios e os desafios da evangeliza\u00e7\u00e3o. Segundo D. Odilo, &#8220;a Internet \u00e9 vital para n\u00f3s, mas \u00e9 importante que os sites da Igreja atuem tamb\u00e9m em rede para fortalecer a comunica\u00e7\u00e3o da boa nova&#8221;.<\/p>\n<p>Veja abaixo trecho da coletiva:<\/br \/><br \/>\n<video style=\"width: 100%; height: auto; aspect-ratio: 480\/334; border: none; overflow: hidden;\" controls>\n                <source src=\"mms:\/\/mms.bizmedia.com.br\/bizmedia\/DOdiloComunicadores-final.wmv\" type=\"video\/x-ms-wmv\">\n                <source src=\"mms:\/\/mms.bizmedia.com.br\/bizmedia\/DOdiloComunicadores-final.wmv\" type=\"video\/wmv\">\n                Your browser does not support the video tag.\n            <\/video><\/p>\n<hr \/>\n<p>Em seguida, os participantes seguiram at\u00e9 a Catedral da S\u00e9, onde celebraram a missa, que teve como animador o Pe. Zezinho.<\/p>\n<p><img loading=\"lazy\" decoding=\"async\" src=\"http:\/\/www.oarcanjo.net\/site\/wp-content\/uploads\/pezezinho.jpg\" alt=\"\" title=\"Pe. Zezinho\" width=\"350\" height=\"234\" class=\"alignnone size-full wp-image-2479\" srcset=\"https:\/\/www.oarcanjo.net\/site\/wp-content\/uploads\/pezezinho.jpg 350w, https:\/\/www.oarcanjo.net\/site\/wp-content\/uploads\/pezezinho-300x200.jpg 300w\" sizes=\"(max-width: 350px) 100vw, 350px\" \/><\/p>\n<p><img loading=\"lazy\" decoding=\"async\" src=\"http:\/\/www.oarcanjo.net\/site\/wp-content\/uploads\/entradamissacatedral.jpg\" alt=\"\" title=\"Entrada Missa dos Comunicadores\" width=\"350\" height=\"234\" class=\"alignnone size-full wp-image-2477\" srcset=\"https:\/\/www.oarcanjo.net\/site\/wp-content\/uploads\/entradamissacatedral.jpg 350w, https:\/\/www.oarcanjo.net\/site\/wp-content\/uploads\/entradamissacatedral-300x200.jpg 300w\" sizes=\"(max-width: 350px) 100vw, 350px\" \/><\/p>\n<p>Na homilia, D. Odilo falou da import\u00e2ncia da comunica\u00e7\u00e3o e deu &#8220;boas not\u00edcias&#8221; aos participantes. A primeira \u00e9 &#8220;Deus \u00e9 rico em miseric\u00f3rdia. Digam isso ao mundo, comuniquem isso para todos!&#8221;, pediu o cardeal.<\/p>\n<p>Outra boa not\u00edcia, segundo o arcebispo, \u00e9 que &#8220;Deus ama este mundo loucamente e fica muito triste com o que a humanidade faz de ruim. Tanto que enviou seu \u00fanico filho para nos resgatar&#8221;.<\/p>\n<p>Ele lembrou novamente que S\u00e3o Paulo foi um dos grandes comunicadores da boa nova, que ousou ir ao are\u00f3pago de Atenas para falar de Jesus Cristo. &#8220;Hoje, n\u00f3s na Igreja, precisamos imitar S\u00e3o Paulo!&#8221; Dirigindo-se aos comunicadores, pediu: &#8220;n\u00e3o tenham medo de ir a todos os are\u00f3pagos!&#8221;<\/p>\n<p>Assista \u00e0 homilia de D. Odilo:<\/br \/><br \/>\n<video style=\"width: 100%; height: auto; aspect-ratio: 480\/334; border: none; overflow: hidden;\" controls>\n                <source src=\"mms:\/\/mms.bizmedia.com.br\/bizmedia\/HomiliaDOdilo-final.wmv\" type=\"video\/x-ms-wmv\">\n                <source src=\"mms:\/\/mms.bizmedia.com.br\/bizmedia\/HomiliaDOdilo-final.wmv\" type=\"video\/wmv\">\n                Your browser does not support the video tag.\n            <\/video><\/p>\n<div id=\"themify_builder_content-2468\" data-postid=\"2468\" class=\"themify_builder_content themify_builder_content-2468 themify_builder themify_builder_front\">\n\t<\/div>\n<!-- \/themify_builder_content -->","protected":false},"excerpt":{"rendered":"<p>Foto: Wanderley Oliveira O cardeal arcebispo de S\u00e3o Paulo, D. Odilo Pedro Scherer, deu in\u00edcio \u00e0 peregrina\u00e7\u00e3o dos comunicadores da Arquidiocese em entrevista coletiva no P\u00e1tio do Col\u00e9gio, ponto de encontro para o evento. D. Odilo falou da import\u00e2ncia de usar os diversos ve\u00edculos de comunica\u00e7\u00e3o para a evangeliza\u00e7\u00e3o. Segundo ele, &#8220;S\u00e3o Paulo Ap\u00f3stolo era [&hellip;]<\/p>\n","protected":false},"author":2,"featured_media":0,"comment_status":"open","ping_status":"open","sticky":false,"template":"","format":"standard","meta":{"ngg_post_thumbnail":0,"footnotes":""},"categories":[477,8],"tags":[265,239,27,283],"yoast_head":"<!-- This site is optimized with the Yoast SEO plugin v23.5 - https:\/\/yoast.com\/wordpress\/plugins\/seo\/ -->\n<title>Arquidiocese de S\u00e3o Paulo faz peregrina\u00e7\u00e3o dos comunicadores - O Arcanjo no ar<\/title>\n<meta name=\"robots\" content=\"index, follow, max-snippet:-1, max-image-preview:large, max-video-preview:-1\" \/>\n<link rel=\"canonical\" href=\"https:\/\/www.oarcanjo.net\/site\/arquidiocese-de-sao-paulo-faz-peregrinacao-dos-comunicadores\/\" \/>\n<meta property=\"og:locale\" content=\"pt_BR\" \/>\n<meta property=\"og:type\" content=\"article\" \/>\n<meta property=\"og:title\" content=\"Arquidiocese de S\u00e3o Paulo faz peregrina\u00e7\u00e3o dos comunicadores - O Arcanjo no ar\" \/>\n<meta property=\"og:description\" content=\"Foto: Wanderley Oliveira O cardeal arcebispo de S\u00e3o Paulo, D. Odilo Pedro Scherer, deu in\u00edcio \u00e0 peregrina\u00e7\u00e3o dos comunicadores da Arquidiocese em entrevista coletiva no P\u00e1tio do Col\u00e9gio, ponto de encontro para o evento. D. Odilo falou da import\u00e2ncia de usar os diversos ve\u00edculos de comunica\u00e7\u00e3o para a evangeliza\u00e7\u00e3o. Segundo ele, &#8220;S\u00e3o Paulo Ap\u00f3stolo era [&hellip;]\" \/>\n<meta property=\"og:url\" content=\"https:\/\/www.oarcanjo.net\/site\/arquidiocese-de-sao-paulo-faz-peregrinacao-dos-comunicadores\/\" \/>\n<meta property=\"og:site_name\" content=\"O Arcanjo no ar\" \/>\n<meta property=\"article:publisher\" content=\"https:\/\/www.facebook.com\/OArcanjoNoAr\/\" \/>\n<meta property=\"article:published_time\" content=\"2009-03-22T17:29:41+00:00\" \/>\n<meta property=\"article:modified_time\" content=\"2009-04-10T16:28:11+00:00\" \/>\n<meta property=\"og:image\" content=\"http:\/\/www.oarcanjo.net\/site\/wp-content\/uploads\/dodilocomunicadores.jpg\" \/>\n<meta name=\"author\" content=\"rubens.meyer\" \/>\n<meta name=\"twitter:card\" content=\"summary_large_image\" \/>\n<meta name=\"twitter:label1\" content=\"Escrito por\" \/>\n\t<meta name=\"twitter:data1\" content=\"rubens.meyer\" \/>\n\t<meta name=\"twitter:label2\" content=\"Est. tempo de leitura\" \/>\n\t<meta name=\"twitter:data2\" content=\"2 minutos\" \/>\n<script type=\"application\/ld+json\" class=\"yoast-schema-graph\">{\"@context\":\"https:\/\/schema.org\",\"@graph\":[{\"@type\":\"Article\",\"@id\":\"https:\/\/www.oarcanjo.net\/site\/arquidiocese-de-sao-paulo-faz-peregrinacao-dos-comunicadores\/#article\",\"isPartOf\":{\"@id\":\"https:\/\/www.oarcanjo.net\/site\/arquidiocese-de-sao-paulo-faz-peregrinacao-dos-comunicadores\/\"},\"author\":{\"name\":\"rubens.meyer\",\"@id\":\"https:\/\/www.oarcanjo.net\/site\/#\/schema\/person\/8f702af457b0cfb4ac1a7228ee23f026\"},\"headline\":\"Arquidiocese de S\u00e3o Paulo faz peregrina\u00e7\u00e3o dos comunicadores\",\"datePublished\":\"2009-03-22T17:29:41+00:00\",\"dateModified\":\"2009-04-10T16:28:11+00:00\",\"mainEntityOfPage\":{\"@id\":\"https:\/\/www.oarcanjo.net\/site\/arquidiocese-de-sao-paulo-faz-peregrinacao-dos-comunicadores\/\"},\"wordCount\":342,\"commentCount\":1,\"publisher\":{\"@id\":\"https:\/\/www.oarcanjo.net\/site\/#organization\"},\"image\":{\"@id\":\"https:\/\/www.oarcanjo.net\/site\/arquidiocese-de-sao-paulo-faz-peregrinacao-dos-comunicadores\/#primaryimage\"},\"thumbnailUrl\":\"http:\/\/www.oarcanjo.net\/site\/wp-content\/uploads\/dodilocomunicadores.jpg\",\"keywords\":[\"ano paulino\",\"Arquidiocese de S\u00e3o Paulo\",\"comunica\u00e7\u00e3o\",\"D. Odilo Scherer\"],\"articleSection\":[\"Eventos\",\"Not\u00edcias\"],\"inLanguage\":\"pt-BR\",\"potentialAction\":[{\"@type\":\"CommentAction\",\"name\":\"Comment\",\"target\":[\"https:\/\/www.oarcanjo.net\/site\/arquidiocese-de-sao-paulo-faz-peregrinacao-dos-comunicadores\/#respond\"]}]},{\"@type\":\"WebPage\",\"@id\":\"https:\/\/www.oarcanjo.net\/site\/arquidiocese-de-sao-paulo-faz-peregrinacao-dos-comunicadores\/\",\"url\":\"https:\/\/www.oarcanjo.net\/site\/arquidiocese-de-sao-paulo-faz-peregrinacao-dos-comunicadores\/\",\"name\":\"Arquidiocese de S\u00e3o Paulo faz peregrina\u00e7\u00e3o dos comunicadores - O Arcanjo no ar\",\"isPartOf\":{\"@id\":\"https:\/\/www.oarcanjo.net\/site\/#website\"},\"primaryImageOfPage\":{\"@id\":\"https:\/\/www.oarcanjo.net\/site\/arquidiocese-de-sao-paulo-faz-peregrinacao-dos-comunicadores\/#primaryimage\"},\"image\":{\"@id\":\"https:\/\/www.oarcanjo.net\/site\/arquidiocese-de-sao-paulo-faz-peregrinacao-dos-comunicadores\/#primaryimage\"},\"thumbnailUrl\":\"http:\/\/www.oarcanjo.net\/site\/wp-content\/uploads\/dodilocomunicadores.jpg\",\"datePublished\":\"2009-03-22T17:29:41+00:00\",\"dateModified\":\"2009-04-10T16:28:11+00:00\",\"breadcrumb\":{\"@id\":\"https:\/\/www.oarcanjo.net\/site\/arquidiocese-de-sao-paulo-faz-peregrinacao-dos-comunicadores\/#breadcrumb\"},\"inLanguage\":\"pt-BR\",\"potentialAction\":[{\"@type\":\"ReadAction\",\"target\":[\"https:\/\/www.oarcanjo.net\/site\/arquidiocese-de-sao-paulo-faz-peregrinacao-dos-comunicadores\/\"]}]},{\"@type\":\"ImageObject\",\"inLanguage\":\"pt-BR\",\"@id\":\"https:\/\/www.oarcanjo.net\/site\/arquidiocese-de-sao-paulo-faz-peregrinacao-dos-comunicadores\/#primaryimage\",\"url\":\"https:\/\/www.oarcanjo.net\/site\/wp-content\/uploads\/dodilocomunicadores.jpg\",\"contentUrl\":\"https:\/\/www.oarcanjo.net\/site\/wp-content\/uploads\/dodilocomunicadores.jpg\",\"width\":350,\"height\":234},{\"@type\":\"BreadcrumbList\",\"@id\":\"https:\/\/www.oarcanjo.net\/site\/arquidiocese-de-sao-paulo-faz-peregrinacao-dos-comunicadores\/#breadcrumb\",\"itemListElement\":[{\"@type\":\"ListItem\",\"position\":1,\"name\":\"In\u00edcio\",\"item\":\"https:\/\/www.oarcanjo.net\/site\/\"},{\"@type\":\"ListItem\",\"position\":2,\"name\":\"Arquidiocese de S\u00e3o Paulo faz peregrina\u00e7\u00e3o dos comunicadores\"}]},{\"@type\":\"WebSite\",\"@id\":\"https:\/\/www.oarcanjo.net\/site\/#website\",\"url\":\"https:\/\/www.oarcanjo.net\/site\/\",\"name\":\"O Arcanjo no ar\",\"description\":\"Site da Par\u00f3quia S\u00e3o Miguel Arcanjo (Arquidiocese de SP)\",\"publisher\":{\"@id\":\"https:\/\/www.oarcanjo.net\/site\/#organization\"},\"potentialAction\":[{\"@type\":\"SearchAction\",\"target\":{\"@type\":\"EntryPoint\",\"urlTemplate\":\"https:\/\/www.oarcanjo.net\/site\/?s={search_term_string}\"},\"query-input\":{\"@type\":\"PropertyValueSpecification\",\"valueRequired\":true,\"valueName\":\"search_term_string\"}}],\"inLanguage\":\"pt-BR\"},{\"@type\":\"Organization\",\"@id\":\"https:\/\/www.oarcanjo.net\/site\/#organization\",\"name\":\"Par\u00f3quia S\u00e3o Miguel Arcanjo\",\"url\":\"https:\/\/www.oarcanjo.net\/site\/\",\"logo\":{\"@type\":\"ImageObject\",\"inLanguage\":\"pt-BR\",\"@id\":\"https:\/\/www.oarcanjo.net\/site\/#\/schema\/logo\/image\/\",\"url\":\"https:\/\/www.oarcanjo.net\/site\/wp-content\/uploads\/LogoOArcanjo.png\",\"contentUrl\":\"https:\/\/www.oarcanjo.net\/site\/wp-content\/uploads\/LogoOArcanjo.png\",\"width\":319,\"height\":99,\"caption\":\"Par\u00f3quia S\u00e3o Miguel Arcanjo\"},\"image\":{\"@id\":\"https:\/\/www.oarcanjo.net\/site\/#\/schema\/logo\/image\/\"},\"sameAs\":[\"https:\/\/www.facebook.com\/OArcanjoNoAr\/\"]},{\"@type\":\"Person\",\"@id\":\"https:\/\/www.oarcanjo.net\/site\/#\/schema\/person\/8f702af457b0cfb4ac1a7228ee23f026\",\"name\":\"rubens.meyer\"}]}<\/script>\n<!-- \/ Yoast SEO plugin. -->","yoast_head_json":{"title":"Arquidiocese de S\u00e3o Paulo faz peregrina\u00e7\u00e3o dos comunicadores - O Arcanjo no ar","robots":{"index":"index","follow":"follow","max-snippet":"max-snippet:-1","max-image-preview":"max-image-preview:large","max-video-preview":"max-video-preview:-1"},"canonical":"https:\/\/www.oarcanjo.net\/site\/arquidiocese-de-sao-paulo-faz-peregrinacao-dos-comunicadores\/","og_locale":"pt_BR","og_type":"article","og_title":"Arquidiocese de S\u00e3o Paulo faz peregrina\u00e7\u00e3o dos comunicadores - O Arcanjo no ar","og_description":"Foto: Wanderley Oliveira O cardeal arcebispo de S\u00e3o Paulo, D. Odilo Pedro Scherer, deu in\u00edcio \u00e0 peregrina\u00e7\u00e3o dos comunicadores da Arquidiocese em entrevista coletiva no P\u00e1tio do Col\u00e9gio, ponto de encontro para o evento. D. Odilo falou da import\u00e2ncia de usar os diversos ve\u00edculos de comunica\u00e7\u00e3o para a evangeliza\u00e7\u00e3o. Segundo ele, &#8220;S\u00e3o Paulo Ap\u00f3stolo era [&hellip;]","og_url":"https:\/\/www.oarcanjo.net\/site\/arquidiocese-de-sao-paulo-faz-peregrinacao-dos-comunicadores\/","og_site_name":"O Arcanjo no ar","article_publisher":"https:\/\/www.facebook.com\/OArcanjoNoAr\/","article_published_time":"2009-03-22T17:29:41+00:00","article_modified_time":"2009-04-10T16:28:11+00:00","og_image":[{"url":"http:\/\/www.oarcanjo.net\/site\/wp-content\/uploads\/dodilocomunicadores.jpg"}],"author":"rubens.meyer","twitter_card":"summary_large_image","twitter_misc":{"Escrito por":"rubens.meyer","Est. tempo de leitura":"2 minutos"},"schema":{"@context":"https:\/\/schema.org","@graph":[{"@type":"Article","@id":"https:\/\/www.oarcanjo.net\/site\/arquidiocese-de-sao-paulo-faz-peregrinacao-dos-comunicadores\/#article","isPartOf":{"@id":"https:\/\/www.oarcanjo.net\/site\/arquidiocese-de-sao-paulo-faz-peregrinacao-dos-comunicadores\/"},"author":{"name":"rubens.meyer","@id":"https:\/\/www.oarcanjo.net\/site\/#\/schema\/person\/8f702af457b0cfb4ac1a7228ee23f026"},"headline":"Arquidiocese de S\u00e3o Paulo faz peregrina\u00e7\u00e3o dos comunicadores","datePublished":"2009-03-22T17:29:41+00:00","dateModified":"2009-04-10T16:28:11+00:00","mainEntityOfPage":{"@id":"https:\/\/www.oarcanjo.net\/site\/arquidiocese-de-sao-paulo-faz-peregrinacao-dos-comunicadores\/"},"wordCount":342,"commentCount":1,"publisher":{"@id":"https:\/\/www.oarcanjo.net\/site\/#organization"},"image":{"@id":"https:\/\/www.oarcanjo.net\/site\/arquidiocese-de-sao-paulo-faz-peregrinacao-dos-comunicadores\/#primaryimage"},"thumbnailUrl":"http:\/\/www.oarcanjo.net\/site\/wp-content\/uploads\/dodilocomunicadores.jpg","keywords":["ano paulino","Arquidiocese de S\u00e3o Paulo","comunica\u00e7\u00e3o","D. Odilo Scherer"],"articleSection":["Eventos","Not\u00edcias"],"inLanguage":"pt-BR","potentialAction":[{"@type":"CommentAction","name":"Comment","target":["https:\/\/www.oarcanjo.net\/site\/arquidiocese-de-sao-paulo-faz-peregrinacao-dos-comunicadores\/#respond"]}]},{"@type":"WebPage","@id":"https:\/\/www.oarcanjo.net\/site\/arquidiocese-de-sao-paulo-faz-peregrinacao-dos-comunicadores\/","url":"https:\/\/www.oarcanjo.net\/site\/arquidiocese-de-sao-paulo-faz-peregrinacao-dos-comunicadores\/","name":"Arquidiocese de S\u00e3o Paulo faz peregrina\u00e7\u00e3o dos comunicadores - O Arcanjo no ar","isPartOf":{"@id":"https:\/\/www.oarcanjo.net\/site\/#website"},"primaryImageOfPage":{"@id":"https:\/\/www.oarcanjo.net\/site\/arquidiocese-de-sao-paulo-faz-peregrinacao-dos-comunicadores\/#primaryimage"},"image":{"@id":"https:\/\/www.oarcanjo.net\/site\/arquidiocese-de-sao-paulo-faz-peregrinacao-dos-comunicadores\/#primaryimage"},"thumbnailUrl":"http:\/\/www.oarcanjo.net\/site\/wp-content\/uploads\/dodilocomunicadores.jpg","datePublished":"2009-03-22T17:29:41+00:00","dateModified":"2009-04-10T16:28:11+00:00","breadcrumb":{"@id":"https:\/\/www.oarcanjo.net\/site\/arquidiocese-de-sao-paulo-faz-peregrinacao-dos-comunicadores\/#breadcrumb"},"inLanguage":"pt-BR","potentialAction":[{"@type":"ReadAction","target":["https:\/\/www.oarcanjo.net\/site\/arquidiocese-de-sao-paulo-faz-peregrinacao-dos-comunicadores\/"]}]},{"@type":"ImageObject","inLanguage":"pt-BR","@id":"https:\/\/www.oarcanjo.net\/site\/arquidiocese-de-sao-paulo-faz-peregrinacao-dos-comunicadores\/#primaryimage","url":"https:\/\/www.oarcanjo.net\/site\/wp-content\/uploads\/dodilocomunicadores.jpg","contentUrl":"https:\/\/www.oarcanjo.net\/site\/wp-content\/uploads\/dodilocomunicadores.jpg","width":350,"height":234},{"@type":"BreadcrumbList","@id":"https:\/\/www.oarcanjo.net\/site\/arquidiocese-de-sao-paulo-faz-peregrinacao-dos-comunicadores\/#breadcrumb","itemListElement":[{"@type":"ListItem","position":1,"name":"In\u00edcio","item":"https:\/\/www.oarcanjo.net\/site\/"},{"@type":"ListItem","position":2,"name":"Arquidiocese de S\u00e3o Paulo faz peregrina\u00e7\u00e3o dos comunicadores"}]},{"@type":"WebSite","@id":"https:\/\/www.oarcanjo.net\/site\/#website","url":"https:\/\/www.oarcanjo.net\/site\/","name":"O Arcanjo no ar","description":"Site da Par\u00f3quia S\u00e3o Miguel Arcanjo (Arquidiocese de SP)","publisher":{"@id":"https:\/\/www.oarcanjo.net\/site\/#organization"},"potentialAction":[{"@type":"SearchAction","target":{"@type":"EntryPoint","urlTemplate":"https:\/\/www.oarcanjo.net\/site\/?s={search_term_string}"},"query-input":{"@type":"PropertyValueSpecification","valueRequired":true,"valueName":"search_term_string"}}],"inLanguage":"pt-BR"},{"@type":"Organization","@id":"https:\/\/www.oarcanjo.net\/site\/#organization","name":"Par\u00f3quia S\u00e3o Miguel Arcanjo","url":"https:\/\/www.oarcanjo.net\/site\/","logo":{"@type":"ImageObject","inLanguage":"pt-BR","@id":"https:\/\/www.oarcanjo.net\/site\/#\/schema\/logo\/image\/","url":"https:\/\/www.oarcanjo.net\/site\/wp-content\/uploads\/LogoOArcanjo.png","contentUrl":"https:\/\/www.oarcanjo.net\/site\/wp-content\/uploads\/LogoOArcanjo.png","width":319,"height":99,"caption":"Par\u00f3quia S\u00e3o Miguel Arcanjo"},"image":{"@id":"https:\/\/www.oarcanjo.net\/site\/#\/schema\/logo\/image\/"},"sameAs":["https:\/\/www.facebook.com\/OArcanjoNoAr\/"]},{"@type":"Person","@id":"https:\/\/www.oarcanjo.net\/site\/#\/schema\/person\/8f702af457b0cfb4ac1a7228ee23f026","name":"rubens.meyer"}]}},"publishpress_future_action":{"enabled":false,"date":"2026-05-08 21:26:03","action":"category","newStatus":"draft","terms":[],"taxonomy":"category"},"publishpress_future_workflow_manual_trigger":{"enabledWorkflows":[]},"_links":{"self":[{"href":"https:\/\/www.oarcanjo.net\/site\/wp-json\/wp\/v2\/posts\/2468"}],"collection":[{"href":"https:\/\/www.oarcanjo.net\/site\/wp-json\/wp\/v2\/posts"}],"about":[{"href":"https:\/\/www.oarcanjo.net\/site\/wp-json\/wp\/v2\/types\/post"}],"author":[{"embeddable":true,"href":"https:\/\/www.oarcanjo.net\/site\/wp-json\/wp\/v2\/users\/2"}],"replies":[{"embeddable":true,"href":"https:\/\/www.oarcanjo.net\/site\/wp-json\/wp\/v2\/comments?post=2468"}],"version-history":[{"count":0,"href":"https:\/\/www.oarcanjo.net\/site\/wp-json\/wp\/v2\/posts\/2468\/revisions"}],"wp:attachment":[{"href":"https:\/\/www.oarcanjo.net\/site\/wp-json\/wp\/v2\/media?parent=2468"}],"wp:term":[{"taxonomy":"category","embeddable":true,"href":"https:\/\/www.oarcanjo.net\/site\/wp-json\/wp\/v2\/categories?post=2468"},{"taxonomy":"post_tag","embeddable":true,"href":"https:\/\/www.oarcanjo.net\/site\/wp-json\/wp\/v2\/tags?post=2468"}],"curies":[{"name":"wp","href":"https:\/\/api.w.org\/{rel}","templated":true}]}}