
{"id":24694,"date":"2014-04-03T23:46:52","date_gmt":"2014-04-04T02:46:52","guid":{"rendered":"http:\/\/www.oarcanjo.net\/site\/?p=24694"},"modified":"2014-04-06T17:03:37","modified_gmt":"2014-04-06T20:03:37","slug":"santo-padre-anchieta-temos-a-imagem","status":"publish","type":"post","link":"https:\/\/www.oarcanjo.net\/site\/santo-padre-anchieta-temos-a-imagem\/","title":{"rendered":"S\u00e3o Jos\u00e9 de Anchieta, temos a imagem"},"content":{"rendered":"<p>O Papa Francisco canonizou o Padre Jos\u00e9 de Anchieta. Temos mais um santo, que adotou o Brasil e especialmente S\u00e3o Paulo como sua terra do cora\u00e7\u00e3o. Na Par\u00f3quia S\u00e3o Miguel j\u00e1 temos uma bonita imagem de S\u00e3o Jos\u00e9 de Anchieta. Os sinos tocaram na quarta-feira, 02\/04\/2014, como tamb\u00e9m muitos fogos foram estourados e todo o entorno da Par\u00f3quia ouviu essa festa, que se prolongou at\u00e9 a manh\u00e3 da quinta-feira, 03\/04\/14. O jornal O S\u00e3o Paulo publicou caderno especial da canoniza\u00e7\u00e3o, com a especial mensagem do Cardeal Dom Odilo Pedro Scherer. Frases como: \u201cModelo de vida para os jovens e \u00edcone da evangeliza\u00e7\u00e3o\u201d; \u201cCom Anchieta, Deus tamb\u00e9m falou tupi\u201d. A comunidade S\u00e3o Miguel Arcanjo est\u00e1 em festa.<\/p>\nngg_shortcode_0_placeholder\n<div id=\"themify_builder_content-24694\" data-postid=\"24694\" class=\"themify_builder_content themify_builder_content-24694 themify_builder themify_builder_front\">\n\t<\/div>\n<!-- \/themify_builder_content -->","protected":false},"excerpt":{"rendered":"<p>O Papa Francisco canonizou o Padre Jos\u00e9 de Anchieta. Temos mais um santo, que adotou o Brasil e especialmente S\u00e3o Paulo como sua terra do cora\u00e7\u00e3o. Na Par\u00f3quia S\u00e3o Miguel j\u00e1 temos uma bonita imagem de S\u00e3o Jos\u00e9 de Anchieta. Os sinos tocaram na quarta-feira, 02\/04\/2014, como tamb\u00e9m muitos fogos foram estourados e todo o [&hellip;]<\/p>\n","protected":false},"author":10,"featured_media":0,"comment_status":"open","ping_status":"open","sticky":false,"template":"","format":"standard","meta":{"ngg_post_thumbnail":0,"footnotes":""},"categories":[8],"tags":[3041,788],"yoast_head":"<!-- This site is optimized with the Yoast SEO plugin v23.5 - https:\/\/yoast.com\/wordpress\/plugins\/seo\/ -->\n<title>S\u00e3o Jos\u00e9 de Anchieta, temos a imagem - O Arcanjo no ar<\/title>\n<meta name=\"robots\" content=\"index, follow, max-snippet:-1, max-image-preview:large, max-video-preview:-1\" \/>\n<link rel=\"canonical\" href=\"https:\/\/www.oarcanjo.net\/site\/santo-padre-anchieta-temos-a-imagem\/\" \/>\n<meta property=\"og:locale\" content=\"pt_BR\" \/>\n<meta property=\"og:type\" content=\"article\" \/>\n<meta property=\"og:title\" content=\"S\u00e3o Jos\u00e9 de Anchieta, temos a imagem - O Arcanjo no ar\" \/>\n<meta property=\"og:description\" content=\"O Papa Francisco canonizou o Padre Jos\u00e9 de Anchieta. Temos mais um santo, que adotou o Brasil e especialmente S\u00e3o Paulo como sua terra do cora\u00e7\u00e3o. Na Par\u00f3quia S\u00e3o Miguel j\u00e1 temos uma bonita imagem de S\u00e3o Jos\u00e9 de Anchieta. Os sinos tocaram na quarta-feira, 02\/04\/2014, como tamb\u00e9m muitos fogos foram estourados e todo o [&hellip;]\" \/>\n<meta property=\"og:url\" content=\"https:\/\/www.oarcanjo.net\/site\/santo-padre-anchieta-temos-a-imagem\/\" \/>\n<meta property=\"og:site_name\" content=\"O Arcanjo no ar\" \/>\n<meta property=\"article:publisher\" content=\"https:\/\/www.facebook.com\/OArcanjoNoAr\/\" \/>\n<meta property=\"article:published_time\" content=\"2014-04-04T02:46:52+00:00\" \/>\n<meta property=\"article:modified_time\" content=\"2014-04-06T20:03:37+00:00\" \/>\n<meta property=\"og:image\" content=\"https:\/\/www.oarcanjo.net\/site\/wp-content\/uploads\/logo-o-arcanjo-no-ar-facebook.png\" \/>\n\t<meta property=\"og:image:width\" content=\"300\" \/>\n\t<meta property=\"og:image:height\" content=\"300\" \/>\n\t<meta property=\"og:image:type\" content=\"image\/png\" \/>\n<meta name=\"author\" content=\"carlos\" \/>\n<meta name=\"twitter:card\" content=\"summary_large_image\" \/>\n<meta name=\"twitter:label1\" content=\"Escrito por\" \/>\n\t<meta name=\"twitter:data1\" content=\"carlos\" \/>\n\t<meta name=\"twitter:label2\" content=\"Est. tempo de leitura\" \/>\n\t<meta name=\"twitter:data2\" content=\"1 minuto\" \/>\n<script type=\"application\/ld+json\" class=\"yoast-schema-graph\">{\"@context\":\"https:\/\/schema.org\",\"@graph\":[{\"@type\":\"Article\",\"@id\":\"https:\/\/www.oarcanjo.net\/site\/santo-padre-anchieta-temos-a-imagem\/#article\",\"isPartOf\":{\"@id\":\"https:\/\/www.oarcanjo.net\/site\/santo-padre-anchieta-temos-a-imagem\/\"},\"author\":{\"name\":\"carlos\",\"@id\":\"https:\/\/www.oarcanjo.net\/site\/#\/schema\/person\/f7870e710d8c8c30673de3a0ac2e451d\"},\"headline\":\"S\u00e3o Jos\u00e9 de Anchieta, temos a imagem\",\"datePublished\":\"2014-04-04T02:46:52+00:00\",\"dateModified\":\"2014-04-06T20:03:37+00:00\",\"mainEntityOfPage\":{\"@id\":\"https:\/\/www.oarcanjo.net\/site\/santo-padre-anchieta-temos-a-imagem\/\"},\"wordCount\":136,\"commentCount\":2,\"publisher\":{\"@id\":\"https:\/\/www.oarcanjo.net\/site\/#organization\"},\"keywords\":[\"imagem de Jos\u00e9 de Anchieta\",\"Jos\u00e9 de Anchieta\"],\"articleSection\":[\"Not\u00edcias\"],\"inLanguage\":\"pt-BR\",\"potentialAction\":[{\"@type\":\"CommentAction\",\"name\":\"Comment\",\"target\":[\"https:\/\/www.oarcanjo.net\/site\/santo-padre-anchieta-temos-a-imagem\/#respond\"]}]},{\"@type\":\"WebPage\",\"@id\":\"https:\/\/www.oarcanjo.net\/site\/santo-padre-anchieta-temos-a-imagem\/\",\"url\":\"https:\/\/www.oarcanjo.net\/site\/santo-padre-anchieta-temos-a-imagem\/\",\"name\":\"S\u00e3o Jos\u00e9 de Anchieta, temos a imagem - O Arcanjo no ar\",\"isPartOf\":{\"@id\":\"https:\/\/www.oarcanjo.net\/site\/#website\"},\"datePublished\":\"2014-04-04T02:46:52+00:00\",\"dateModified\":\"2014-04-06T20:03:37+00:00\",\"breadcrumb\":{\"@id\":\"https:\/\/www.oarcanjo.net\/site\/santo-padre-anchieta-temos-a-imagem\/#breadcrumb\"},\"inLanguage\":\"pt-BR\",\"potentialAction\":[{\"@type\":\"ReadAction\",\"target\":[\"https:\/\/www.oarcanjo.net\/site\/santo-padre-anchieta-temos-a-imagem\/\"]}]},{\"@type\":\"BreadcrumbList\",\"@id\":\"https:\/\/www.oarcanjo.net\/site\/santo-padre-anchieta-temos-a-imagem\/#breadcrumb\",\"itemListElement\":[{\"@type\":\"ListItem\",\"position\":1,\"name\":\"In\u00edcio\",\"item\":\"https:\/\/www.oarcanjo.net\/site\/\"},{\"@type\":\"ListItem\",\"position\":2,\"name\":\"S\u00e3o Jos\u00e9 de Anchieta, temos a imagem\"}]},{\"@type\":\"WebSite\",\"@id\":\"https:\/\/www.oarcanjo.net\/site\/#website\",\"url\":\"https:\/\/www.oarcanjo.net\/site\/\",\"name\":\"O Arcanjo no ar\",\"description\":\"Site da Par\u00f3quia S\u00e3o Miguel Arcanjo (Arquidiocese de SP)\",\"publisher\":{\"@id\":\"https:\/\/www.oarcanjo.net\/site\/#organization\"},\"potentialAction\":[{\"@type\":\"SearchAction\",\"target\":{\"@type\":\"EntryPoint\",\"urlTemplate\":\"https:\/\/www.oarcanjo.net\/site\/?s={search_term_string}\"},\"query-input\":{\"@type\":\"PropertyValueSpecification\",\"valueRequired\":true,\"valueName\":\"search_term_string\"}}],\"inLanguage\":\"pt-BR\"},{\"@type\":\"Organization\",\"@id\":\"https:\/\/www.oarcanjo.net\/site\/#organization\",\"name\":\"Par\u00f3quia S\u00e3o Miguel Arcanjo\",\"url\":\"https:\/\/www.oarcanjo.net\/site\/\",\"logo\":{\"@type\":\"ImageObject\",\"inLanguage\":\"pt-BR\",\"@id\":\"https:\/\/www.oarcanjo.net\/site\/#\/schema\/logo\/image\/\",\"url\":\"https:\/\/www.oarcanjo.net\/site\/wp-content\/uploads\/LogoOArcanjo.png\",\"contentUrl\":\"https:\/\/www.oarcanjo.net\/site\/wp-content\/uploads\/LogoOArcanjo.png\",\"width\":319,\"height\":99,\"caption\":\"Par\u00f3quia S\u00e3o Miguel Arcanjo\"},\"image\":{\"@id\":\"https:\/\/www.oarcanjo.net\/site\/#\/schema\/logo\/image\/\"},\"sameAs\":[\"https:\/\/www.facebook.com\/OArcanjoNoAr\/\"]},{\"@type\":\"Person\",\"@id\":\"https:\/\/www.oarcanjo.net\/site\/#\/schema\/person\/f7870e710d8c8c30673de3a0ac2e451d\",\"name\":\"carlos\"}]}<\/script>\n<!-- \/ Yoast SEO plugin. -->","yoast_head_json":{"title":"S\u00e3o Jos\u00e9 de Anchieta, temos a imagem - O Arcanjo no ar","robots":{"index":"index","follow":"follow","max-snippet":"max-snippet:-1","max-image-preview":"max-image-preview:large","max-video-preview":"max-video-preview:-1"},"canonical":"https:\/\/www.oarcanjo.net\/site\/santo-padre-anchieta-temos-a-imagem\/","og_locale":"pt_BR","og_type":"article","og_title":"S\u00e3o Jos\u00e9 de Anchieta, temos a imagem - O Arcanjo no ar","og_description":"O Papa Francisco canonizou o Padre Jos\u00e9 de Anchieta. Temos mais um santo, que adotou o Brasil e especialmente S\u00e3o Paulo como sua terra do cora\u00e7\u00e3o. Na Par\u00f3quia S\u00e3o Miguel j\u00e1 temos uma bonita imagem de S\u00e3o Jos\u00e9 de Anchieta. Os sinos tocaram na quarta-feira, 02\/04\/2014, como tamb\u00e9m muitos fogos foram estourados e todo o [&hellip;]","og_url":"https:\/\/www.oarcanjo.net\/site\/santo-padre-anchieta-temos-a-imagem\/","og_site_name":"O Arcanjo no ar","article_publisher":"https:\/\/www.facebook.com\/OArcanjoNoAr\/","article_published_time":"2014-04-04T02:46:52+00:00","article_modified_time":"2014-04-06T20:03:37+00:00","og_image":[{"width":300,"height":300,"url":"https:\/\/www.oarcanjo.net\/site\/wp-content\/uploads\/logo-o-arcanjo-no-ar-facebook.png","type":"image\/png"}],"author":"carlos","twitter_card":"summary_large_image","twitter_misc":{"Escrito por":"carlos","Est. tempo de leitura":"1 minuto"},"schema":{"@context":"https:\/\/schema.org","@graph":[{"@type":"Article","@id":"https:\/\/www.oarcanjo.net\/site\/santo-padre-anchieta-temos-a-imagem\/#article","isPartOf":{"@id":"https:\/\/www.oarcanjo.net\/site\/santo-padre-anchieta-temos-a-imagem\/"},"author":{"name":"carlos","@id":"https:\/\/www.oarcanjo.net\/site\/#\/schema\/person\/f7870e710d8c8c30673de3a0ac2e451d"},"headline":"S\u00e3o Jos\u00e9 de Anchieta, temos a imagem","datePublished":"2014-04-04T02:46:52+00:00","dateModified":"2014-04-06T20:03:37+00:00","mainEntityOfPage":{"@id":"https:\/\/www.oarcanjo.net\/site\/santo-padre-anchieta-temos-a-imagem\/"},"wordCount":136,"commentCount":2,"publisher":{"@id":"https:\/\/www.oarcanjo.net\/site\/#organization"},"keywords":["imagem de Jos\u00e9 de Anchieta","Jos\u00e9 de Anchieta"],"articleSection":["Not\u00edcias"],"inLanguage":"pt-BR","potentialAction":[{"@type":"CommentAction","name":"Comment","target":["https:\/\/www.oarcanjo.net\/site\/santo-padre-anchieta-temos-a-imagem\/#respond"]}]},{"@type":"WebPage","@id":"https:\/\/www.oarcanjo.net\/site\/santo-padre-anchieta-temos-a-imagem\/","url":"https:\/\/www.oarcanjo.net\/site\/santo-padre-anchieta-temos-a-imagem\/","name":"S\u00e3o Jos\u00e9 de Anchieta, temos a imagem - O Arcanjo no ar","isPartOf":{"@id":"https:\/\/www.oarcanjo.net\/site\/#website"},"datePublished":"2014-04-04T02:46:52+00:00","dateModified":"2014-04-06T20:03:37+00:00","breadcrumb":{"@id":"https:\/\/www.oarcanjo.net\/site\/santo-padre-anchieta-temos-a-imagem\/#breadcrumb"},"inLanguage":"pt-BR","potentialAction":[{"@type":"ReadAction","target":["https:\/\/www.oarcanjo.net\/site\/santo-padre-anchieta-temos-a-imagem\/"]}]},{"@type":"BreadcrumbList","@id":"https:\/\/www.oarcanjo.net\/site\/santo-padre-anchieta-temos-a-imagem\/#breadcrumb","itemListElement":[{"@type":"ListItem","position":1,"name":"In\u00edcio","item":"https:\/\/www.oarcanjo.net\/site\/"},{"@type":"ListItem","position":2,"name":"S\u00e3o Jos\u00e9 de Anchieta, temos a imagem"}]},{"@type":"WebSite","@id":"https:\/\/www.oarcanjo.net\/site\/#website","url":"https:\/\/www.oarcanjo.net\/site\/","name":"O Arcanjo no ar","description":"Site da Par\u00f3quia S\u00e3o Miguel Arcanjo (Arquidiocese de SP)","publisher":{"@id":"https:\/\/www.oarcanjo.net\/site\/#organization"},"potentialAction":[{"@type":"SearchAction","target":{"@type":"EntryPoint","urlTemplate":"https:\/\/www.oarcanjo.net\/site\/?s={search_term_string}"},"query-input":{"@type":"PropertyValueSpecification","valueRequired":true,"valueName":"search_term_string"}}],"inLanguage":"pt-BR"},{"@type":"Organization","@id":"https:\/\/www.oarcanjo.net\/site\/#organization","name":"Par\u00f3quia S\u00e3o Miguel Arcanjo","url":"https:\/\/www.oarcanjo.net\/site\/","logo":{"@type":"ImageObject","inLanguage":"pt-BR","@id":"https:\/\/www.oarcanjo.net\/site\/#\/schema\/logo\/image\/","url":"https:\/\/www.oarcanjo.net\/site\/wp-content\/uploads\/LogoOArcanjo.png","contentUrl":"https:\/\/www.oarcanjo.net\/site\/wp-content\/uploads\/LogoOArcanjo.png","width":319,"height":99,"caption":"Par\u00f3quia S\u00e3o Miguel Arcanjo"},"image":{"@id":"https:\/\/www.oarcanjo.net\/site\/#\/schema\/logo\/image\/"},"sameAs":["https:\/\/www.facebook.com\/OArcanjoNoAr\/"]},{"@type":"Person","@id":"https:\/\/www.oarcanjo.net\/site\/#\/schema\/person\/f7870e710d8c8c30673de3a0ac2e451d","name":"carlos"}]}},"publishpress_future_action":{"enabled":false,"date":"2026-05-10 08:01:24","action":"category","newStatus":"draft","terms":[],"taxonomy":"category"},"publishpress_future_workflow_manual_trigger":{"enabledWorkflows":[]},"_links":{"self":[{"href":"https:\/\/www.oarcanjo.net\/site\/wp-json\/wp\/v2\/posts\/24694"}],"collection":[{"href":"https:\/\/www.oarcanjo.net\/site\/wp-json\/wp\/v2\/posts"}],"about":[{"href":"https:\/\/www.oarcanjo.net\/site\/wp-json\/wp\/v2\/types\/post"}],"author":[{"embeddable":true,"href":"https:\/\/www.oarcanjo.net\/site\/wp-json\/wp\/v2\/users\/10"}],"replies":[{"embeddable":true,"href":"https:\/\/www.oarcanjo.net\/site\/wp-json\/wp\/v2\/comments?post=24694"}],"version-history":[{"count":0,"href":"https:\/\/www.oarcanjo.net\/site\/wp-json\/wp\/v2\/posts\/24694\/revisions"}],"wp:attachment":[{"href":"https:\/\/www.oarcanjo.net\/site\/wp-json\/wp\/v2\/media?parent=24694"}],"wp:term":[{"taxonomy":"category","embeddable":true,"href":"https:\/\/www.oarcanjo.net\/site\/wp-json\/wp\/v2\/categories?post=24694"},{"taxonomy":"post_tag","embeddable":true,"href":"https:\/\/www.oarcanjo.net\/site\/wp-json\/wp\/v2\/tags?post=24694"}],"curies":[{"name":"wp","href":"https:\/\/api.w.org\/{rel}","templated":true}]}}