
{"id":24765,"date":"2014-04-07T20:59:12","date_gmt":"2014-04-07T23:59:12","guid":{"rendered":"http:\/\/www.oarcanjo.net\/site\/?p=24765"},"modified":"2014-04-07T20:59:12","modified_gmt":"2014-04-07T23:59:12","slug":"jose-de-anchieta-vida-e-milagre","status":"publish","type":"post","link":"https:\/\/www.oarcanjo.net\/site\/jose-de-anchieta-vida-e-milagre\/","title":{"rendered":"Jos\u00e9 de Anchieta: vida e milagre"},"content":{"rendered":"<p>Maria Clara Bingemer<\/p>\n<p>O can\u00e1rio de ascend\u00eancia judaico crist\u00e3 nova Jos\u00e9 de Anchieta nem imaginava que tantos s\u00e9culos depois de sua passagem pela terra brasilis seria objeto de tamanha aten\u00e7\u00e3o por parte da m\u00eddia e subiria aos altares como santo. Era bem jovem quando, em Portugal, sentiu o chamado de Deus e entrou na Companhia de Jesus como irm\u00e3o.<\/p>\n<p>De sa\u00fade fr\u00e1gil, sofrendo de espinhela ca\u00edda, chegou ao Brasil com 20 anos de idade e recebeu do Padre Manuel da N\u00f3brega, que aqui j\u00e1 se encontrava, a incumb\u00eancia de dar prosseguimento \u00e0 constru\u00e7\u00e3o do col\u00e9gio de S\u00e3o Paulo, no planalto de Piratininga, na qual estava empenhado. Foi a partir deste que Anchieta abriu os caminhos para o sert\u00e3o e com os \u00edndios aprendeu a l\u00edngua tupi.<\/p>\n<p>Das m\u00e3os apost\u00f3licas de Anchieta floresceu a cidade que hoje \u00e9 a mais importante do Brasil. O col\u00e9gio foi o embri\u00e3o desta. E Anchieta participou ativamente de sua funda\u00e7\u00e3o, em 25 de janeiro de 1554. Deste fato d\u00e1 testemunho uma carta do mission\u00e1rio, onde diz: \u201cA 25 de janeiro do Ano do Senhor de 1554 celebramos, em paup\u00e9rrima e estreit\u00edssima casinha, a primeira missa, no dia da convers\u00e3o do Ap\u00f3stolo S\u00e3o Paulo e por isso a ele dedicamos nossa casa!\u201d<\/p>\n<p>A a\u00e7\u00e3o apost\u00f3lica de Anchieta n\u00e3o consistiu apenas, no entanto, em construir este col\u00e9gio. \u00c9 de enorme import\u00e2ncia sua atua\u00e7\u00e3o junto aos \u00edndios, aos quais cuidava n\u00e3o apenas de catequizar como tamb\u00e9m de defender dos abusos dos colonizadores portugueses, que muitas vezes os brutalizavam, escravizando-os e tomando-lhes as mulheres e filhos.<\/p>\n<p>H\u00e1bil interlocutor dos ind\u00edgenas e mediador de situa\u00e7\u00f5es espinhosas, Anchieta desempenhou importante papel no preparo do armist\u00edcio entre os tupinamb\u00e1s de Ubatuba e os tupis, em Iperoig. Intermediou igualmente as negocia\u00e7\u00f5es entre portugueses e ind\u00edgenas reunidos na Confedera\u00e7\u00e3o dos Tamoios, oferecendo-se inclusive como ref\u00e9m dos tamoios, enquanto o Pe. Manuel da N\u00f3brega retornava a S\u00e3o Vicente para ultimar as negocia\u00e7\u00f5es de paz.<\/p>\n<p>Al\u00e9m de ap\u00f3stolo, estrategista e mediador de conflitos, Anchieta tamb\u00e9m se destacou no campo das letras. Com frequentes viagens ao sert\u00e3o e a aprendizagem da l\u00edngua tupi, comp\u00f4s a primeira gram\u00e1tica desta l\u00edngua que, na Am\u00e9rica Portuguesa, foi chamada de \u201cl\u00edngua geral\u201d e se tornou o principal instrumento de comunica\u00e7\u00e3o entre europeus e nativos.<\/p>\n<p>Al\u00e9m disso, era literato e poeta. Comp\u00f4s pe\u00e7as de teatro na \u201cl\u00edngua geral\u201d, encantando os \u00edndios com a atividade teatral que lhes servia igualmente de aprendizado. Escrevia com perfei\u00e7\u00e3o em portugu\u00eas, latim e tupi. Foi em latim que comp\u00f4s suas duas grandes obras: um poema sobre a Virgem Maria com mais de 4 mil versos e uma obra sobre os feitos do governador Mem de S\u00e1. Conta a tradi\u00e7\u00e3o que o poema sobre a Virgem foi escrito primeiramente nas areias da praia de Iperoig, quando era ref\u00e9m dos \u00edndios tamoios, e apenas posteriormente passado para o papel.<\/p>\n<p>Anchieta era devoto de Maria, m\u00e3e de Jesus, desde muito jovem. Em meio \u00e0s durezas e dificuldades da vida mission\u00e1ria do Brasil col\u00f4nia, certamente essa devo\u00e7\u00e3o deve t\u00ea-lo ajudado a enfrentar vicissitudes e superar obst\u00e1culos. Sintomaticamente o poema \u00e0 Virgem se dirige \u00e0 \u201cStabat Mater\u201d, a Dolorosa, \u00e0 qual tantas vezes deve ter rezado em sua terra natal, a M\u00e3e das Dores, sofrendo cruelmente pela paix\u00e3o do Filho. A ela se dirige o ap\u00f3stolo do Brasil neste poema que se tornou um cl\u00e1ssico da literatura nacional e celebrizou seu autor como homem de letras.<\/p>\n<p>Morto em Reritiba, aos 63 anos, Anchieta \u00e9 uma das chaves de explica\u00e7\u00e3o do processo fundacional de nosso pa\u00eds. Sua vida rica e fecunda, sua intensa atividade mission\u00e1ria, educacional, liter\u00e1ria, s\u00e3o a pedra fundamental sobre a qual se apoia boa parte do que ser\u00e1 a matriz da cultura brasileira.<\/p>\n<p>Por isso, aos que se admiram de o Papa Francisco t\u00ea-lo canonizado sem que se tivesse not\u00edcia de um segundo milagre realizado por sua intercess\u00e3o, a resposta \u00e9 simples. O milagre \u00e9 a pr\u00f3pria vida deste homem, assim como a de todos os santos. Milagre \u00e9 ser mortal, finito e contingente e, no entanto, deixar-se totalmente impregnar pela gra\u00e7a de Deus. Milagre \u00e9 deixar para tr\u00e1s todas as possibilidades de futuro e dedicar a vida \u00e0 miss\u00e3o de fazer crescer o Reino de Deus em terra que n\u00e3o era a sua. Milagre \u00e9 amar como filhos a homens e mulheres que nem conhecia e dedicar-se a educ\u00e1-los, com eles conviver na amizade e na proximidade.<\/p>\n<p>E celebrando e agradecendo esse milagre, pedimos: S\u00e3o Jos\u00e9 de Anchieta, rogai por n\u00f3s.<\/p>\n<div id=\"themify_builder_content-24765\" data-postid=\"24765\" class=\"themify_builder_content themify_builder_content-24765 themify_builder themify_builder_front\">\n\t<\/div>\n<!-- \/themify_builder_content -->","protected":false},"excerpt":{"rendered":"<p>Maria Clara Bingemer O can\u00e1rio de ascend\u00eancia judaico crist\u00e3 nova Jos\u00e9 de Anchieta nem imaginava que tantos s\u00e9culos depois de sua passagem pela terra brasilis seria objeto de tamanha aten\u00e7\u00e3o por parte da m\u00eddia e subiria aos altares como santo. Era bem jovem quando, em Portugal, sentiu o chamado de Deus e entrou na Companhia [&hellip;]<\/p>\n","protected":false},"author":5,"featured_media":0,"comment_status":"open","ping_status":"open","sticky":false,"template":"","format":"standard","meta":{"ngg_post_thumbnail":0,"footnotes":""},"categories":[9],"tags":[3043,1952,788],"yoast_head":"<!-- This site is optimized with the Yoast SEO plugin v23.5 - https:\/\/yoast.com\/wordpress\/plugins\/seo\/ -->\n<title>Jos\u00e9 de Anchieta: vida e milagre - O Arcanjo no ar<\/title>\n<meta name=\"robots\" content=\"index, follow, max-snippet:-1, max-image-preview:large, max-video-preview:-1\" \/>\n<link rel=\"canonical\" href=\"https:\/\/www.oarcanjo.net\/site\/jose-de-anchieta-vida-e-milagre\/\" \/>\n<meta property=\"og:locale\" content=\"pt_BR\" \/>\n<meta property=\"og:type\" content=\"article\" \/>\n<meta property=\"og:title\" content=\"Jos\u00e9 de Anchieta: vida e milagre - O Arcanjo no ar\" \/>\n<meta property=\"og:description\" content=\"Maria Clara Bingemer O can\u00e1rio de ascend\u00eancia judaico crist\u00e3 nova Jos\u00e9 de Anchieta nem imaginava que tantos s\u00e9culos depois de sua passagem pela terra brasilis seria objeto de tamanha aten\u00e7\u00e3o por parte da m\u00eddia e subiria aos altares como santo. Era bem jovem quando, em Portugal, sentiu o chamado de Deus e entrou na Companhia [&hellip;]\" \/>\n<meta property=\"og:url\" content=\"https:\/\/www.oarcanjo.net\/site\/jose-de-anchieta-vida-e-milagre\/\" \/>\n<meta property=\"og:site_name\" content=\"O Arcanjo no ar\" \/>\n<meta property=\"article:publisher\" content=\"https:\/\/www.facebook.com\/OArcanjoNoAr\/\" \/>\n<meta property=\"article:published_time\" content=\"2014-04-07T23:59:12+00:00\" \/>\n<meta property=\"og:image\" content=\"https:\/\/www.oarcanjo.net\/site\/wp-content\/uploads\/logo-o-arcanjo-no-ar-facebook.png\" \/>\n\t<meta property=\"og:image:width\" content=\"300\" \/>\n\t<meta property=\"og:image:height\" content=\"300\" \/>\n\t<meta property=\"og:image:type\" content=\"image\/png\" \/>\n<meta name=\"author\" content=\"editor\" \/>\n<meta name=\"twitter:card\" content=\"summary_large_image\" \/>\n<meta name=\"twitter:label1\" content=\"Escrito por\" \/>\n\t<meta name=\"twitter:data1\" content=\"editor\" \/>\n\t<meta name=\"twitter:label2\" content=\"Est. tempo de leitura\" \/>\n\t<meta name=\"twitter:data2\" content=\"4 minutos\" \/>\n<script type=\"application\/ld+json\" class=\"yoast-schema-graph\">{\"@context\":\"https:\/\/schema.org\",\"@graph\":[{\"@type\":\"Article\",\"@id\":\"https:\/\/www.oarcanjo.net\/site\/jose-de-anchieta-vida-e-milagre\/#article\",\"isPartOf\":{\"@id\":\"https:\/\/www.oarcanjo.net\/site\/jose-de-anchieta-vida-e-milagre\/\"},\"author\":{\"name\":\"editor\",\"@id\":\"https:\/\/www.oarcanjo.net\/site\/#\/schema\/person\/f7024d007863202483a31326673a0838\"},\"headline\":\"Jos\u00e9 de Anchieta: vida e milagre\",\"datePublished\":\"2014-04-07T23:59:12+00:00\",\"dateModified\":\"2014-04-07T23:59:12+00:00\",\"mainEntityOfPage\":{\"@id\":\"https:\/\/www.oarcanjo.net\/site\/jose-de-anchieta-vida-e-milagre\/\"},\"wordCount\":821,\"commentCount\":0,\"publisher\":{\"@id\":\"https:\/\/www.oarcanjo.net\/site\/#organization\"},\"keywords\":[\"Cia de Jesus\",\"jesu\u00edta\",\"Jos\u00e9 de Anchieta\"],\"articleSection\":[\"Reflex\u00f5es\"],\"inLanguage\":\"pt-BR\",\"potentialAction\":[{\"@type\":\"CommentAction\",\"name\":\"Comment\",\"target\":[\"https:\/\/www.oarcanjo.net\/site\/jose-de-anchieta-vida-e-milagre\/#respond\"]}]},{\"@type\":\"WebPage\",\"@id\":\"https:\/\/www.oarcanjo.net\/site\/jose-de-anchieta-vida-e-milagre\/\",\"url\":\"https:\/\/www.oarcanjo.net\/site\/jose-de-anchieta-vida-e-milagre\/\",\"name\":\"Jos\u00e9 de Anchieta: vida e milagre - O Arcanjo no ar\",\"isPartOf\":{\"@id\":\"https:\/\/www.oarcanjo.net\/site\/#website\"},\"datePublished\":\"2014-04-07T23:59:12+00:00\",\"dateModified\":\"2014-04-07T23:59:12+00:00\",\"breadcrumb\":{\"@id\":\"https:\/\/www.oarcanjo.net\/site\/jose-de-anchieta-vida-e-milagre\/#breadcrumb\"},\"inLanguage\":\"pt-BR\",\"potentialAction\":[{\"@type\":\"ReadAction\",\"target\":[\"https:\/\/www.oarcanjo.net\/site\/jose-de-anchieta-vida-e-milagre\/\"]}]},{\"@type\":\"BreadcrumbList\",\"@id\":\"https:\/\/www.oarcanjo.net\/site\/jose-de-anchieta-vida-e-milagre\/#breadcrumb\",\"itemListElement\":[{\"@type\":\"ListItem\",\"position\":1,\"name\":\"In\u00edcio\",\"item\":\"https:\/\/www.oarcanjo.net\/site\/\"},{\"@type\":\"ListItem\",\"position\":2,\"name\":\"Jos\u00e9 de Anchieta: vida e milagre\"}]},{\"@type\":\"WebSite\",\"@id\":\"https:\/\/www.oarcanjo.net\/site\/#website\",\"url\":\"https:\/\/www.oarcanjo.net\/site\/\",\"name\":\"O Arcanjo no ar\",\"description\":\"Site da Par\u00f3quia S\u00e3o Miguel Arcanjo (Arquidiocese de SP)\",\"publisher\":{\"@id\":\"https:\/\/www.oarcanjo.net\/site\/#organization\"},\"potentialAction\":[{\"@type\":\"SearchAction\",\"target\":{\"@type\":\"EntryPoint\",\"urlTemplate\":\"https:\/\/www.oarcanjo.net\/site\/?s={search_term_string}\"},\"query-input\":{\"@type\":\"PropertyValueSpecification\",\"valueRequired\":true,\"valueName\":\"search_term_string\"}}],\"inLanguage\":\"pt-BR\"},{\"@type\":\"Organization\",\"@id\":\"https:\/\/www.oarcanjo.net\/site\/#organization\",\"name\":\"Par\u00f3quia S\u00e3o Miguel Arcanjo\",\"url\":\"https:\/\/www.oarcanjo.net\/site\/\",\"logo\":{\"@type\":\"ImageObject\",\"inLanguage\":\"pt-BR\",\"@id\":\"https:\/\/www.oarcanjo.net\/site\/#\/schema\/logo\/image\/\",\"url\":\"https:\/\/www.oarcanjo.net\/site\/wp-content\/uploads\/LogoOArcanjo.png\",\"contentUrl\":\"https:\/\/www.oarcanjo.net\/site\/wp-content\/uploads\/LogoOArcanjo.png\",\"width\":319,\"height\":99,\"caption\":\"Par\u00f3quia S\u00e3o Miguel Arcanjo\"},\"image\":{\"@id\":\"https:\/\/www.oarcanjo.net\/site\/#\/schema\/logo\/image\/\"},\"sameAs\":[\"https:\/\/www.facebook.com\/OArcanjoNoAr\/\"]},{\"@type\":\"Person\",\"@id\":\"https:\/\/www.oarcanjo.net\/site\/#\/schema\/person\/f7024d007863202483a31326673a0838\",\"name\":\"editor\",\"sameAs\":[\"http:\/\/www.oarcanjo.net\"]}]}<\/script>\n<!-- \/ Yoast SEO plugin. -->","yoast_head_json":{"title":"Jos\u00e9 de Anchieta: vida e milagre - O Arcanjo no ar","robots":{"index":"index","follow":"follow","max-snippet":"max-snippet:-1","max-image-preview":"max-image-preview:large","max-video-preview":"max-video-preview:-1"},"canonical":"https:\/\/www.oarcanjo.net\/site\/jose-de-anchieta-vida-e-milagre\/","og_locale":"pt_BR","og_type":"article","og_title":"Jos\u00e9 de Anchieta: vida e milagre - O Arcanjo no ar","og_description":"Maria Clara Bingemer O can\u00e1rio de ascend\u00eancia judaico crist\u00e3 nova Jos\u00e9 de Anchieta nem imaginava que tantos s\u00e9culos depois de sua passagem pela terra brasilis seria objeto de tamanha aten\u00e7\u00e3o por parte da m\u00eddia e subiria aos altares como santo. Era bem jovem quando, em Portugal, sentiu o chamado de Deus e entrou na Companhia [&hellip;]","og_url":"https:\/\/www.oarcanjo.net\/site\/jose-de-anchieta-vida-e-milagre\/","og_site_name":"O Arcanjo no ar","article_publisher":"https:\/\/www.facebook.com\/OArcanjoNoAr\/","article_published_time":"2014-04-07T23:59:12+00:00","og_image":[{"width":300,"height":300,"url":"https:\/\/www.oarcanjo.net\/site\/wp-content\/uploads\/logo-o-arcanjo-no-ar-facebook.png","type":"image\/png"}],"author":"editor","twitter_card":"summary_large_image","twitter_misc":{"Escrito por":"editor","Est. tempo de leitura":"4 minutos"},"schema":{"@context":"https:\/\/schema.org","@graph":[{"@type":"Article","@id":"https:\/\/www.oarcanjo.net\/site\/jose-de-anchieta-vida-e-milagre\/#article","isPartOf":{"@id":"https:\/\/www.oarcanjo.net\/site\/jose-de-anchieta-vida-e-milagre\/"},"author":{"name":"editor","@id":"https:\/\/www.oarcanjo.net\/site\/#\/schema\/person\/f7024d007863202483a31326673a0838"},"headline":"Jos\u00e9 de Anchieta: vida e milagre","datePublished":"2014-04-07T23:59:12+00:00","dateModified":"2014-04-07T23:59:12+00:00","mainEntityOfPage":{"@id":"https:\/\/www.oarcanjo.net\/site\/jose-de-anchieta-vida-e-milagre\/"},"wordCount":821,"commentCount":0,"publisher":{"@id":"https:\/\/www.oarcanjo.net\/site\/#organization"},"keywords":["Cia de Jesus","jesu\u00edta","Jos\u00e9 de Anchieta"],"articleSection":["Reflex\u00f5es"],"inLanguage":"pt-BR","potentialAction":[{"@type":"CommentAction","name":"Comment","target":["https:\/\/www.oarcanjo.net\/site\/jose-de-anchieta-vida-e-milagre\/#respond"]}]},{"@type":"WebPage","@id":"https:\/\/www.oarcanjo.net\/site\/jose-de-anchieta-vida-e-milagre\/","url":"https:\/\/www.oarcanjo.net\/site\/jose-de-anchieta-vida-e-milagre\/","name":"Jos\u00e9 de Anchieta: vida e milagre - O Arcanjo no ar","isPartOf":{"@id":"https:\/\/www.oarcanjo.net\/site\/#website"},"datePublished":"2014-04-07T23:59:12+00:00","dateModified":"2014-04-07T23:59:12+00:00","breadcrumb":{"@id":"https:\/\/www.oarcanjo.net\/site\/jose-de-anchieta-vida-e-milagre\/#breadcrumb"},"inLanguage":"pt-BR","potentialAction":[{"@type":"ReadAction","target":["https:\/\/www.oarcanjo.net\/site\/jose-de-anchieta-vida-e-milagre\/"]}]},{"@type":"BreadcrumbList","@id":"https:\/\/www.oarcanjo.net\/site\/jose-de-anchieta-vida-e-milagre\/#breadcrumb","itemListElement":[{"@type":"ListItem","position":1,"name":"In\u00edcio","item":"https:\/\/www.oarcanjo.net\/site\/"},{"@type":"ListItem","position":2,"name":"Jos\u00e9 de Anchieta: vida e milagre"}]},{"@type":"WebSite","@id":"https:\/\/www.oarcanjo.net\/site\/#website","url":"https:\/\/www.oarcanjo.net\/site\/","name":"O Arcanjo no ar","description":"Site da Par\u00f3quia S\u00e3o Miguel Arcanjo (Arquidiocese de SP)","publisher":{"@id":"https:\/\/www.oarcanjo.net\/site\/#organization"},"potentialAction":[{"@type":"SearchAction","target":{"@type":"EntryPoint","urlTemplate":"https:\/\/www.oarcanjo.net\/site\/?s={search_term_string}"},"query-input":{"@type":"PropertyValueSpecification","valueRequired":true,"valueName":"search_term_string"}}],"inLanguage":"pt-BR"},{"@type":"Organization","@id":"https:\/\/www.oarcanjo.net\/site\/#organization","name":"Par\u00f3quia S\u00e3o Miguel Arcanjo","url":"https:\/\/www.oarcanjo.net\/site\/","logo":{"@type":"ImageObject","inLanguage":"pt-BR","@id":"https:\/\/www.oarcanjo.net\/site\/#\/schema\/logo\/image\/","url":"https:\/\/www.oarcanjo.net\/site\/wp-content\/uploads\/LogoOArcanjo.png","contentUrl":"https:\/\/www.oarcanjo.net\/site\/wp-content\/uploads\/LogoOArcanjo.png","width":319,"height":99,"caption":"Par\u00f3quia S\u00e3o Miguel Arcanjo"},"image":{"@id":"https:\/\/www.oarcanjo.net\/site\/#\/schema\/logo\/image\/"},"sameAs":["https:\/\/www.facebook.com\/OArcanjoNoAr\/"]},{"@type":"Person","@id":"https:\/\/www.oarcanjo.net\/site\/#\/schema\/person\/f7024d007863202483a31326673a0838","name":"editor","sameAs":["http:\/\/www.oarcanjo.net"]}]}},"publishpress_future_action":{"enabled":false,"date":"2026-05-08 22:53:08","action":"category","newStatus":"draft","terms":[],"taxonomy":"category"},"publishpress_future_workflow_manual_trigger":{"enabledWorkflows":[]},"_links":{"self":[{"href":"https:\/\/www.oarcanjo.net\/site\/wp-json\/wp\/v2\/posts\/24765"}],"collection":[{"href":"https:\/\/www.oarcanjo.net\/site\/wp-json\/wp\/v2\/posts"}],"about":[{"href":"https:\/\/www.oarcanjo.net\/site\/wp-json\/wp\/v2\/types\/post"}],"author":[{"embeddable":true,"href":"https:\/\/www.oarcanjo.net\/site\/wp-json\/wp\/v2\/users\/5"}],"replies":[{"embeddable":true,"href":"https:\/\/www.oarcanjo.net\/site\/wp-json\/wp\/v2\/comments?post=24765"}],"version-history":[{"count":0,"href":"https:\/\/www.oarcanjo.net\/site\/wp-json\/wp\/v2\/posts\/24765\/revisions"}],"wp:attachment":[{"href":"https:\/\/www.oarcanjo.net\/site\/wp-json\/wp\/v2\/media?parent=24765"}],"wp:term":[{"taxonomy":"category","embeddable":true,"href":"https:\/\/www.oarcanjo.net\/site\/wp-json\/wp\/v2\/categories?post=24765"},{"taxonomy":"post_tag","embeddable":true,"href":"https:\/\/www.oarcanjo.net\/site\/wp-json\/wp\/v2\/tags?post=24765"}],"curies":[{"name":"wp","href":"https:\/\/api.w.org\/{rel}","templated":true}]}}