
{"id":24773,"date":"2014-04-08T11:31:26","date_gmt":"2014-04-08T14:31:26","guid":{"rendered":"http:\/\/www.oarcanjo.net\/site\/?p=24773"},"modified":"2014-04-08T11:31:26","modified_gmt":"2014-04-08T14:31:26","slug":"a-semana-santa-comeca-na-quaresma","status":"publish","type":"post","link":"https:\/\/www.oarcanjo.net\/site\/a-semana-santa-comeca-na-quaresma\/","title":{"rendered":"A Semana Santa come\u00e7a na Quaresma"},"content":{"rendered":"<p><em>Dom Edmar Peron<\/em><\/p>\n<p>Para muitas pessoas, a Quaresma termina no Domingo de Ramos, quando se tem in\u00edcio a Semana Santa. Contudo, n\u00e3o \u00e9 esse o ensinamento da Igreja, especialmente no documento sobre a prepara\u00e7\u00e3o e celebra\u00e7\u00e3o das festas pascais, de 16 de janeiro de 1988, chamado <em>Paschalis Sollemnitatis, <\/em>n. 27: \u201cNa Semana Santa a Igreja celebra os mist\u00e9rios da salva\u00e7\u00e3o, levados a cumprimento por Cristo nos \u00faltimos dias da sua vida, a come\u00e7ar pelo seu ingresso messi\u00e2nico em Jerusal\u00e9m. <em>O<\/em><em> tempo quaresmal continua at\u00e9 a Quinta-feira Santa<\/em>. A partir da missa vespertina \u201cda Ceia do Senhor\u201d tem in\u00edcio o tr\u00edduo pascal\u201d. O documento explicita, portanto, que (a) na Semana Santa fazemos mem\u00f3ria de Cristo, nosso Salvador, desde sua entrada em Jerusal\u00e9m at\u00e9 a sua ressurrei\u00e7\u00e3o, passando pela crucifix\u00e3o, morte e sepultura; e que (b) a Quaresma s\u00f3 termina quando damos in\u00edcio \u00e0 celebra\u00e7\u00e3o da Ceia do Senhor, ao anoitecer da Quinta-feira Santa.<\/p>\n<p>Esses \u00faltimos dias da Quaresma incluem duas importantes celebra\u00e7\u00f5es: o Domingo de Ramos da Paix\u00e3o do Senhor e a Missa do Crisma.<\/p>\n<p>O <em>Domingo de Ramos<\/em> antecede a grande solenidade da P\u00e1scoa e d\u00e1 in\u00edcio \u00e0 Semana Santa; esse Domingo une num todo o mist\u00e9rio do triunfo real de Cristo (<em>comemorado pela b\u00ean\u00e7\u00e3o e prociss\u00e3o com ramos bentos<\/em>) e o an\u00fancio da paix\u00e3o (<em>Liturgia da Palavra da Missa<\/em>).<\/p>\n<p>Nesse dia, em que a Igreja recorda a entrada do Cristo em Jerusal\u00e9m para realizar o seu mist\u00e9rio pascal, somos convidados a demonstrar nossa f\u00e9, reconhecendo a Cristo como nosso Rei Redentor. Participando da prociss\u00e3o, como o povo aquele dia em Jerusal\u00e9m, tamb\u00e9m n\u00f3s vamos ao encontro do Senhor. Os ramos \u2013 aben\u00e7oados para serem levados em prociss\u00e3o \u2013 conservados em nossas casas, nos recordam a vit\u00f3ria de Cristo e nossa vida de disc\u00edpulos mission\u00e1rios. Durante essa celebra\u00e7\u00e3o, as comunidades cat\u00f3licas de todo o Brasil realizam uma coleta como gesto concreto da Campanha da Fraternidade, esse ano, para sustentar projetos contra o tr\u00e1fico humano.<\/p>\n<p>O hino a Cristo Rei, proposto para a prociss\u00e3o, nos leva a cantar, no refr\u00e3o: \u201cGl\u00f3ria, louvor e honra a ti, Cristo rei, redentor!\u201d E as estrofes desse hino relacionam a nossa a\u00e7\u00e3o com aquela dos que aclamavam a Cristo, que entrava em Jerusal\u00e9m: eles levavam \u201cseus ramos e suas palmas\u201d, e n\u00f3s hoje, oferecemos \u201cnossos hinos, nossas almas\u201d; eles festejaram a entrada de Jesus \u201cque ao Calv\u00e1rio conduzia\u201d, mas agora que ele reina, \u201cbem maior \u00e9 nossa alegria\u201d.<\/p>\n<p>E a Missa do Crisma, nesses dias que antecedem a P\u00e1scoa, \u00e9 uma manifesta\u00e7\u00e3o da comunh\u00e3o dos presb\u00edteros com o pr\u00f3prio bispo, no \u00fanico e mesmo sacerd\u00f3cio e minist\u00e9rio de Cristo; nela, o bispo, concelebrando com o seu presbit\u00e9rio, consagra o santo Crisma e benze os outros \u00f3leos. Esses santos \u00f3leos devem ser acolhidos nas par\u00f3quias, de modo a serem usados na noite da vig\u00edlia pascal, para a celebra\u00e7\u00e3o dos sacramentos da inicia\u00e7\u00e3o crist\u00e3. Momento oportuno ser\u00e1 a prociss\u00e3o de entrada da missa da Ceia do Senhor, na noite da Quinta-feira Santa.<\/p>\n<p>Preparemo-nos para celebrar esses dias santos que concluem a Quaresma e nos introduzem no Tr\u00edduo Pascal.<\/p>\n<div id=\"themify_builder_content-24773\" data-postid=\"24773\" class=\"themify_builder_content themify_builder_content-24773 themify_builder themify_builder_front\">\n\t<\/div>\n<!-- \/themify_builder_content -->","protected":false},"excerpt":{"rendered":"<p>Dom Edmar Peron Para muitas pessoas, a Quaresma termina no Domingo de Ramos, quando se tem in\u00edcio a Semana Santa. Contudo, n\u00e3o \u00e9 esse o ensinamento da Igreja, especialmente no documento sobre a prepara\u00e7\u00e3o e celebra\u00e7\u00e3o das festas pascais, de 16 de janeiro de 1988, chamado Paschalis Sollemnitatis, n. 27: \u201cNa Semana Santa a Igreja [&hellip;]<\/p>\n","protected":false},"author":5,"featured_media":0,"comment_status":"open","ping_status":"open","sticky":false,"template":"","format":"standard","meta":{"ngg_post_thumbnail":0,"footnotes":""},"categories":[9],"tags":[1523,229,2488,419,3045,3044,242,227,486,2857],"yoast_head":"<!-- This site is optimized with the Yoast SEO plugin v23.5 - https:\/\/yoast.com\/wordpress\/plugins\/seo\/ -->\n<title>A Semana Santa come\u00e7a na Quaresma - O Arcanjo no ar<\/title>\n<meta name=\"robots\" content=\"index, follow, max-snippet:-1, max-image-preview:large, max-video-preview:-1\" \/>\n<link rel=\"canonical\" href=\"https:\/\/www.oarcanjo.net\/site\/a-semana-santa-comeca-na-quaresma\/\" \/>\n<meta property=\"og:locale\" content=\"pt_BR\" \/>\n<meta property=\"og:type\" content=\"article\" \/>\n<meta property=\"og:title\" content=\"A Semana Santa come\u00e7a na Quaresma - O Arcanjo no ar\" \/>\n<meta property=\"og:description\" content=\"Dom Edmar Peron Para muitas pessoas, a Quaresma termina no Domingo de Ramos, quando se tem in\u00edcio a Semana Santa. Contudo, n\u00e3o \u00e9 esse o ensinamento da Igreja, especialmente no documento sobre a prepara\u00e7\u00e3o e celebra\u00e7\u00e3o das festas pascais, de 16 de janeiro de 1988, chamado Paschalis Sollemnitatis, n. 27: \u201cNa Semana Santa a Igreja [&hellip;]\" \/>\n<meta property=\"og:url\" content=\"https:\/\/www.oarcanjo.net\/site\/a-semana-santa-comeca-na-quaresma\/\" \/>\n<meta property=\"og:site_name\" content=\"O Arcanjo no ar\" \/>\n<meta property=\"article:publisher\" content=\"https:\/\/www.facebook.com\/OArcanjoNoAr\/\" \/>\n<meta property=\"article:published_time\" content=\"2014-04-08T14:31:26+00:00\" \/>\n<meta property=\"og:image\" content=\"https:\/\/www.oarcanjo.net\/site\/wp-content\/uploads\/logo-o-arcanjo-no-ar-facebook.png\" \/>\n\t<meta property=\"og:image:width\" content=\"300\" \/>\n\t<meta property=\"og:image:height\" content=\"300\" \/>\n\t<meta property=\"og:image:type\" content=\"image\/png\" \/>\n<meta name=\"author\" content=\"editor\" \/>\n<meta name=\"twitter:card\" content=\"summary_large_image\" \/>\n<meta name=\"twitter:label1\" content=\"Escrito por\" \/>\n\t<meta name=\"twitter:data1\" content=\"editor\" \/>\n\t<meta name=\"twitter:label2\" content=\"Est. tempo de leitura\" \/>\n\t<meta name=\"twitter:data2\" content=\"3 minutos\" \/>\n<script type=\"application\/ld+json\" class=\"yoast-schema-graph\">{\"@context\":\"https:\/\/schema.org\",\"@graph\":[{\"@type\":\"Article\",\"@id\":\"https:\/\/www.oarcanjo.net\/site\/a-semana-santa-comeca-na-quaresma\/#article\",\"isPartOf\":{\"@id\":\"https:\/\/www.oarcanjo.net\/site\/a-semana-santa-comeca-na-quaresma\/\"},\"author\":{\"name\":\"editor\",\"@id\":\"https:\/\/www.oarcanjo.net\/site\/#\/schema\/person\/f7024d007863202483a31326673a0838\"},\"headline\":\"A Semana Santa come\u00e7a na Quaresma\",\"datePublished\":\"2014-04-08T14:31:26+00:00\",\"dateModified\":\"2014-04-08T14:31:26+00:00\",\"mainEntityOfPage\":{\"@id\":\"https:\/\/www.oarcanjo.net\/site\/a-semana-santa-comeca-na-quaresma\/\"},\"wordCount\":570,\"commentCount\":1,\"publisher\":{\"@id\":\"https:\/\/www.oarcanjo.net\/site\/#organization\"},\"keywords\":[\"Calv\u00e1rio\",\"Campanha da Fraternidade\",\"Coleta\",\"Domingo de Ramos\",\"Missa do Crisma\",\"Paix\u00e3o do Senhor\",\"P\u00e1scoa\",\"Quaresma\",\"Ressurrei\u00e7\u00e3o\",\"tr\u00e1fico humano\"],\"articleSection\":[\"Reflex\u00f5es\"],\"inLanguage\":\"pt-BR\",\"potentialAction\":[{\"@type\":\"CommentAction\",\"name\":\"Comment\",\"target\":[\"https:\/\/www.oarcanjo.net\/site\/a-semana-santa-comeca-na-quaresma\/#respond\"]}]},{\"@type\":\"WebPage\",\"@id\":\"https:\/\/www.oarcanjo.net\/site\/a-semana-santa-comeca-na-quaresma\/\",\"url\":\"https:\/\/www.oarcanjo.net\/site\/a-semana-santa-comeca-na-quaresma\/\",\"name\":\"A Semana Santa come\u00e7a na Quaresma - O Arcanjo no ar\",\"isPartOf\":{\"@id\":\"https:\/\/www.oarcanjo.net\/site\/#website\"},\"datePublished\":\"2014-04-08T14:31:26+00:00\",\"dateModified\":\"2014-04-08T14:31:26+00:00\",\"breadcrumb\":{\"@id\":\"https:\/\/www.oarcanjo.net\/site\/a-semana-santa-comeca-na-quaresma\/#breadcrumb\"},\"inLanguage\":\"pt-BR\",\"potentialAction\":[{\"@type\":\"ReadAction\",\"target\":[\"https:\/\/www.oarcanjo.net\/site\/a-semana-santa-comeca-na-quaresma\/\"]}]},{\"@type\":\"BreadcrumbList\",\"@id\":\"https:\/\/www.oarcanjo.net\/site\/a-semana-santa-comeca-na-quaresma\/#breadcrumb\",\"itemListElement\":[{\"@type\":\"ListItem\",\"position\":1,\"name\":\"In\u00edcio\",\"item\":\"https:\/\/www.oarcanjo.net\/site\/\"},{\"@type\":\"ListItem\",\"position\":2,\"name\":\"A Semana Santa come\u00e7a na Quaresma\"}]},{\"@type\":\"WebSite\",\"@id\":\"https:\/\/www.oarcanjo.net\/site\/#website\",\"url\":\"https:\/\/www.oarcanjo.net\/site\/\",\"name\":\"O Arcanjo no ar\",\"description\":\"Site da Par\u00f3quia S\u00e3o Miguel Arcanjo (Arquidiocese de SP)\",\"publisher\":{\"@id\":\"https:\/\/www.oarcanjo.net\/site\/#organization\"},\"potentialAction\":[{\"@type\":\"SearchAction\",\"target\":{\"@type\":\"EntryPoint\",\"urlTemplate\":\"https:\/\/www.oarcanjo.net\/site\/?s={search_term_string}\"},\"query-input\":{\"@type\":\"PropertyValueSpecification\",\"valueRequired\":true,\"valueName\":\"search_term_string\"}}],\"inLanguage\":\"pt-BR\"},{\"@type\":\"Organization\",\"@id\":\"https:\/\/www.oarcanjo.net\/site\/#organization\",\"name\":\"Par\u00f3quia S\u00e3o Miguel Arcanjo\",\"url\":\"https:\/\/www.oarcanjo.net\/site\/\",\"logo\":{\"@type\":\"ImageObject\",\"inLanguage\":\"pt-BR\",\"@id\":\"https:\/\/www.oarcanjo.net\/site\/#\/schema\/logo\/image\/\",\"url\":\"https:\/\/www.oarcanjo.net\/site\/wp-content\/uploads\/LogoOArcanjo.png\",\"contentUrl\":\"https:\/\/www.oarcanjo.net\/site\/wp-content\/uploads\/LogoOArcanjo.png\",\"width\":319,\"height\":99,\"caption\":\"Par\u00f3quia S\u00e3o Miguel Arcanjo\"},\"image\":{\"@id\":\"https:\/\/www.oarcanjo.net\/site\/#\/schema\/logo\/image\/\"},\"sameAs\":[\"https:\/\/www.facebook.com\/OArcanjoNoAr\/\"]},{\"@type\":\"Person\",\"@id\":\"https:\/\/www.oarcanjo.net\/site\/#\/schema\/person\/f7024d007863202483a31326673a0838\",\"name\":\"editor\",\"sameAs\":[\"http:\/\/www.oarcanjo.net\"]}]}<\/script>\n<!-- \/ Yoast SEO plugin. -->","yoast_head_json":{"title":"A Semana Santa come\u00e7a na Quaresma - O Arcanjo no ar","robots":{"index":"index","follow":"follow","max-snippet":"max-snippet:-1","max-image-preview":"max-image-preview:large","max-video-preview":"max-video-preview:-1"},"canonical":"https:\/\/www.oarcanjo.net\/site\/a-semana-santa-comeca-na-quaresma\/","og_locale":"pt_BR","og_type":"article","og_title":"A Semana Santa come\u00e7a na Quaresma - O Arcanjo no ar","og_description":"Dom Edmar Peron Para muitas pessoas, a Quaresma termina no Domingo de Ramos, quando se tem in\u00edcio a Semana Santa. Contudo, n\u00e3o \u00e9 esse o ensinamento da Igreja, especialmente no documento sobre a prepara\u00e7\u00e3o e celebra\u00e7\u00e3o das festas pascais, de 16 de janeiro de 1988, chamado Paschalis Sollemnitatis, n. 27: \u201cNa Semana Santa a Igreja [&hellip;]","og_url":"https:\/\/www.oarcanjo.net\/site\/a-semana-santa-comeca-na-quaresma\/","og_site_name":"O Arcanjo no ar","article_publisher":"https:\/\/www.facebook.com\/OArcanjoNoAr\/","article_published_time":"2014-04-08T14:31:26+00:00","og_image":[{"width":300,"height":300,"url":"https:\/\/www.oarcanjo.net\/site\/wp-content\/uploads\/logo-o-arcanjo-no-ar-facebook.png","type":"image\/png"}],"author":"editor","twitter_card":"summary_large_image","twitter_misc":{"Escrito por":"editor","Est. tempo de leitura":"3 minutos"},"schema":{"@context":"https:\/\/schema.org","@graph":[{"@type":"Article","@id":"https:\/\/www.oarcanjo.net\/site\/a-semana-santa-comeca-na-quaresma\/#article","isPartOf":{"@id":"https:\/\/www.oarcanjo.net\/site\/a-semana-santa-comeca-na-quaresma\/"},"author":{"name":"editor","@id":"https:\/\/www.oarcanjo.net\/site\/#\/schema\/person\/f7024d007863202483a31326673a0838"},"headline":"A Semana Santa come\u00e7a na Quaresma","datePublished":"2014-04-08T14:31:26+00:00","dateModified":"2014-04-08T14:31:26+00:00","mainEntityOfPage":{"@id":"https:\/\/www.oarcanjo.net\/site\/a-semana-santa-comeca-na-quaresma\/"},"wordCount":570,"commentCount":1,"publisher":{"@id":"https:\/\/www.oarcanjo.net\/site\/#organization"},"keywords":["Calv\u00e1rio","Campanha da Fraternidade","Coleta","Domingo de Ramos","Missa do Crisma","Paix\u00e3o do Senhor","P\u00e1scoa","Quaresma","Ressurrei\u00e7\u00e3o","tr\u00e1fico humano"],"articleSection":["Reflex\u00f5es"],"inLanguage":"pt-BR","potentialAction":[{"@type":"CommentAction","name":"Comment","target":["https:\/\/www.oarcanjo.net\/site\/a-semana-santa-comeca-na-quaresma\/#respond"]}]},{"@type":"WebPage","@id":"https:\/\/www.oarcanjo.net\/site\/a-semana-santa-comeca-na-quaresma\/","url":"https:\/\/www.oarcanjo.net\/site\/a-semana-santa-comeca-na-quaresma\/","name":"A Semana Santa come\u00e7a na Quaresma - O Arcanjo no ar","isPartOf":{"@id":"https:\/\/www.oarcanjo.net\/site\/#website"},"datePublished":"2014-04-08T14:31:26+00:00","dateModified":"2014-04-08T14:31:26+00:00","breadcrumb":{"@id":"https:\/\/www.oarcanjo.net\/site\/a-semana-santa-comeca-na-quaresma\/#breadcrumb"},"inLanguage":"pt-BR","potentialAction":[{"@type":"ReadAction","target":["https:\/\/www.oarcanjo.net\/site\/a-semana-santa-comeca-na-quaresma\/"]}]},{"@type":"BreadcrumbList","@id":"https:\/\/www.oarcanjo.net\/site\/a-semana-santa-comeca-na-quaresma\/#breadcrumb","itemListElement":[{"@type":"ListItem","position":1,"name":"In\u00edcio","item":"https:\/\/www.oarcanjo.net\/site\/"},{"@type":"ListItem","position":2,"name":"A Semana Santa come\u00e7a na Quaresma"}]},{"@type":"WebSite","@id":"https:\/\/www.oarcanjo.net\/site\/#website","url":"https:\/\/www.oarcanjo.net\/site\/","name":"O Arcanjo no ar","description":"Site da Par\u00f3quia S\u00e3o Miguel Arcanjo (Arquidiocese de SP)","publisher":{"@id":"https:\/\/www.oarcanjo.net\/site\/#organization"},"potentialAction":[{"@type":"SearchAction","target":{"@type":"EntryPoint","urlTemplate":"https:\/\/www.oarcanjo.net\/site\/?s={search_term_string}"},"query-input":{"@type":"PropertyValueSpecification","valueRequired":true,"valueName":"search_term_string"}}],"inLanguage":"pt-BR"},{"@type":"Organization","@id":"https:\/\/www.oarcanjo.net\/site\/#organization","name":"Par\u00f3quia S\u00e3o Miguel Arcanjo","url":"https:\/\/www.oarcanjo.net\/site\/","logo":{"@type":"ImageObject","inLanguage":"pt-BR","@id":"https:\/\/www.oarcanjo.net\/site\/#\/schema\/logo\/image\/","url":"https:\/\/www.oarcanjo.net\/site\/wp-content\/uploads\/LogoOArcanjo.png","contentUrl":"https:\/\/www.oarcanjo.net\/site\/wp-content\/uploads\/LogoOArcanjo.png","width":319,"height":99,"caption":"Par\u00f3quia S\u00e3o Miguel Arcanjo"},"image":{"@id":"https:\/\/www.oarcanjo.net\/site\/#\/schema\/logo\/image\/"},"sameAs":["https:\/\/www.facebook.com\/OArcanjoNoAr\/"]},{"@type":"Person","@id":"https:\/\/www.oarcanjo.net\/site\/#\/schema\/person\/f7024d007863202483a31326673a0838","name":"editor","sameAs":["http:\/\/www.oarcanjo.net"]}]}},"publishpress_future_action":{"enabled":false,"date":"2026-05-08 22:54:46","action":"category","newStatus":"draft","terms":[],"taxonomy":"category"},"publishpress_future_workflow_manual_trigger":{"enabledWorkflows":[]},"_links":{"self":[{"href":"https:\/\/www.oarcanjo.net\/site\/wp-json\/wp\/v2\/posts\/24773"}],"collection":[{"href":"https:\/\/www.oarcanjo.net\/site\/wp-json\/wp\/v2\/posts"}],"about":[{"href":"https:\/\/www.oarcanjo.net\/site\/wp-json\/wp\/v2\/types\/post"}],"author":[{"embeddable":true,"href":"https:\/\/www.oarcanjo.net\/site\/wp-json\/wp\/v2\/users\/5"}],"replies":[{"embeddable":true,"href":"https:\/\/www.oarcanjo.net\/site\/wp-json\/wp\/v2\/comments?post=24773"}],"version-history":[{"count":0,"href":"https:\/\/www.oarcanjo.net\/site\/wp-json\/wp\/v2\/posts\/24773\/revisions"}],"wp:attachment":[{"href":"https:\/\/www.oarcanjo.net\/site\/wp-json\/wp\/v2\/media?parent=24773"}],"wp:term":[{"taxonomy":"category","embeddable":true,"href":"https:\/\/www.oarcanjo.net\/site\/wp-json\/wp\/v2\/categories?post=24773"},{"taxonomy":"post_tag","embeddable":true,"href":"https:\/\/www.oarcanjo.net\/site\/wp-json\/wp\/v2\/tags?post=24773"}],"curies":[{"name":"wp","href":"https:\/\/api.w.org\/{rel}","templated":true}]}}