
{"id":24775,"date":"2014-04-08T17:25:58","date_gmt":"2014-04-08T20:25:58","guid":{"rendered":"http:\/\/www.oarcanjo.net\/site\/?p=24775"},"modified":"2014-04-08T17:27:10","modified_gmt":"2014-04-08T20:27:10","slug":"anchieta-na-palavra-dos-papas","status":"publish","type":"post","link":"https:\/\/www.oarcanjo.net\/site\/anchieta-na-palavra-dos-papas\/","title":{"rendered":"Anchieta, na palavra dos Papas"},"content":{"rendered":"<p><em>Cardeal Odilo Pedro Scherer<\/em><\/p>\n<p>A canoniza\u00e7\u00e3o de S\u00e3o Jos\u00e9 de Anchieta, o Ap\u00f3stolo do Brasil, tem enorme significado para a Igreja de S\u00e3o Paulo e do Brasil. N\u00e3o se trata apenas da proclama\u00e7\u00e3o de mais um santo, mas da valoriza\u00e7\u00e3o de toda uma hist\u00f3ria, da confirma\u00e7\u00e3o de um servi\u00e7o prestado ao Evangelho e da sinaliza\u00e7\u00e3o de um caminho para a Igreja percorrer.<\/p>\n<p>Nascemos de um trabalho mission\u00e1rio e continuamos a ser uma Igreja mission\u00e1ria. E precisamos s\u00ea-lo, mais do que nunca! Os \u201csinais dos tempos\u201d, ao nosso redor est\u00e3o a pedir a renova\u00e7\u00e3o da consci\u00eancia, da parte de toda a comunidade eclesial, de que somos um povo em estado permanente de miss\u00e3o e precisamos de uma nova atitude mission\u00e1ria.<\/p>\n<p>Os documentos recentes da Igreja, em v\u00e1rios n\u00edveis, explicitam esta urg\u00eancia. E isso est\u00e1 em plena coer\u00eancia com o mandato que os ap\u00f3stolos receberam do pr\u00f3prio Cristo no in\u00edcio da vida da Igreja: \u201cide por todo o mundo, anunciai a Boa Nova a todos os povos\u201d.<\/p>\n<p>O papa Francisco destacou ainda mais, o significado mission\u00e1rio de S\u00e3o Jos\u00e9 de Anchieta ao proclam\u00e1-lo \u201csanto\u201d, junto com dois outros mission\u00e1rios, que atuaram na Am\u00e9rica do Norte: S\u00e3o Francisco de Laval, primeiro bispo do Quebec (1623-1708), e Santa Maria da Encarna\u00e7\u00e3o, religiosa ursulina (1599-1672); ambos nasceram na Fran\u00e7a e dedicaram sua vida como mission\u00e1rios no Canad\u00e1.<\/p>\n<p>Outros papas tamb\u00e9m destacaram o significado mission\u00e1rio de Anchieta. Na missa do Campo de Marte, em S\u00e3o Paulo (03.07.1980), durante sua primeira visita ao Brasil, Jo\u00e3o Paulo II referiu-se \u00e0 \u201cfigura fascinante\u201d (de Anchieta), t\u00e3o ligada \u00e0 hist\u00f3ria religiosa e civil do Brasil, que \u201cveio ao Brasil para anunciar Jesus Cristo e difundir o Evangelho. Veio com o \u00fanico objetivo de levar os homens a Cristo\u201d. E recordou trechos de cartas escritas por Anchieta aos seus Superiores sobre os trabalhos mission\u00e1rios desempenhados.<\/p>\n<p>\u201cSalvar as almas para a gl\u00f3ria de Deus, este era o objetivo de sua vida\u201d, continua ainda o Papa. \u201cIsso explica a prodigiosa atividade de Anchieta ao procurar novas formas de atividade apost\u00f3lica, que o levavam a fazer-se tudo para todos; a fazer-se servo de todos, para ganhar o maior n\u00famero poss\u00edvel de homens para Cristo\u201d (cf 1Cor 9,19-22).<\/p>\n<p>Bento XVI, ao falar aos Bispos da Amaz\u00f4nia em visita \u201cad Limina\u201d (04.10.2010), apresentou a figura de Anchieta como \u201cmodelo de incans\u00e1vel e generos\u00edssima atividade apost\u00f3lica (&#8230;) promovendo a difus\u00e3o da Palavra de Deus tanto entre os ind\u00edgenas como entre os portugueses (&#8230;). Isso pode servir de exemplo para ajudar as vossas Igrejas particulares a encontrar os caminhos para promover a forma\u00e7\u00e3o dos disc\u00edpulos mission\u00e1rios no esp\u00edrito da Confer\u00eancia de Aparecida\u201d.<\/p>\n<p>O mesmo Papa, na sua Mensagem (18.10.2012), para a Jornada Mundial da Juventude do Rio de Janeiro apresentou Anchieta como \u201cmodelo para a juventude\u201c, pela contribui\u00e7\u00e3o generosa que deu, sendo ainda muito jovem, para o an\u00fancio do Reino de Deus e o desenvolvimento deste mundo.<\/p>\n<p>No encerramento da Jornada Mundial da Juventude, no Rio de Janeiro (28.07.2013), no envio dos jovens em miss\u00e3o, o papa Francisco convidou-os a imitarem o exemplo de Anchieta: \u201cA Igreja tem necessidade de voc\u00eas, do seu entusiasmo, da sua criatividade e alegria. Um grande ap\u00f3stolo do Brasil, o Beato Jos\u00e9 de Anchieta, partiu em miss\u00e3o quando tinha apenas 19 anos de idade. Sabem voc\u00eas, que o melhor evangelizador dos jovens \u00e9 um outro jovem? Este \u00e9 o caminho que todos voc\u00eas devem percorrer.\u201d<\/p>\n<p>Conhecer e valorizar a vida e a a\u00e7\u00e3o mission\u00e1ria de S\u00e3o Jos\u00e9 de Anchieta ajudar\u00e1, certamente, a recobrar a identidade mission\u00e1ria de nossa Igreja e a buscar caminhos e meios para melhor concretizar esta miss\u00e3o no contexto sempre novo em que a Igreja se encontra.<\/p>\n<div id=\"themify_builder_content-24775\" data-postid=\"24775\" class=\"themify_builder_content themify_builder_content-24775 themify_builder themify_builder_front\">\n\t<\/div>\n<!-- \/themify_builder_content -->","protected":false},"excerpt":{"rendered":"<p>Cardeal Odilo Pedro Scherer A canoniza\u00e7\u00e3o de S\u00e3o Jos\u00e9 de Anchieta, o Ap\u00f3stolo do Brasil, tem enorme significado para a Igreja de S\u00e3o Paulo e do Brasil. N\u00e3o se trata apenas da proclama\u00e7\u00e3o de mais um santo, mas da valoriza\u00e7\u00e3o de toda uma hist\u00f3ria, da confirma\u00e7\u00e3o de um servi\u00e7o prestado ao Evangelho e da sinaliza\u00e7\u00e3o [&hellip;]<\/p>\n","protected":false},"author":5,"featured_media":0,"comment_status":"open","ping_status":"open","sticky":false,"template":"","format":"standard","meta":{"ngg_post_thumbnail":0,"footnotes":""},"categories":[9],"tags":[2998,899,2433,3046,3040],"yoast_head":"<!-- This site is optimized with the Yoast SEO plugin v23.5 - https:\/\/yoast.com\/wordpress\/plugins\/seo\/ -->\n<title>Anchieta, na palavra dos Papas - O Arcanjo no ar<\/title>\n<meta name=\"robots\" content=\"index, follow, max-snippet:-1, max-image-preview:large, max-video-preview:-1\" \/>\n<link rel=\"canonical\" href=\"https:\/\/www.oarcanjo.net\/site\/anchieta-na-palavra-dos-papas\/\" \/>\n<meta property=\"og:locale\" content=\"pt_BR\" \/>\n<meta property=\"og:type\" content=\"article\" \/>\n<meta property=\"og:title\" content=\"Anchieta, na palavra dos Papas - O Arcanjo no ar\" \/>\n<meta property=\"og:description\" content=\"Cardeal Odilo Pedro Scherer A canoniza\u00e7\u00e3o de S\u00e3o Jos\u00e9 de Anchieta, o Ap\u00f3stolo do Brasil, tem enorme significado para a Igreja de S\u00e3o Paulo e do Brasil. N\u00e3o se trata apenas da proclama\u00e7\u00e3o de mais um santo, mas da valoriza\u00e7\u00e3o de toda uma hist\u00f3ria, da confirma\u00e7\u00e3o de um servi\u00e7o prestado ao Evangelho e da sinaliza\u00e7\u00e3o [&hellip;]\" \/>\n<meta property=\"og:url\" content=\"https:\/\/www.oarcanjo.net\/site\/anchieta-na-palavra-dos-papas\/\" \/>\n<meta property=\"og:site_name\" content=\"O Arcanjo no ar\" \/>\n<meta property=\"article:publisher\" content=\"https:\/\/www.facebook.com\/OArcanjoNoAr\/\" \/>\n<meta property=\"article:published_time\" content=\"2014-04-08T20:25:58+00:00\" \/>\n<meta property=\"article:modified_time\" content=\"2014-04-08T20:27:10+00:00\" \/>\n<meta property=\"og:image\" content=\"https:\/\/www.oarcanjo.net\/site\/wp-content\/uploads\/logo-o-arcanjo-no-ar-facebook.png\" \/>\n\t<meta property=\"og:image:width\" content=\"300\" \/>\n\t<meta property=\"og:image:height\" content=\"300\" \/>\n\t<meta property=\"og:image:type\" content=\"image\/png\" \/>\n<meta name=\"author\" content=\"editor\" \/>\n<meta name=\"twitter:card\" content=\"summary_large_image\" \/>\n<meta name=\"twitter:label1\" content=\"Escrito por\" \/>\n\t<meta name=\"twitter:data1\" content=\"editor\" \/>\n\t<meta name=\"twitter:label2\" content=\"Est. tempo de leitura\" \/>\n\t<meta name=\"twitter:data2\" content=\"3 minutos\" \/>\n<script type=\"application\/ld+json\" class=\"yoast-schema-graph\">{\"@context\":\"https:\/\/schema.org\",\"@graph\":[{\"@type\":\"Article\",\"@id\":\"https:\/\/www.oarcanjo.net\/site\/anchieta-na-palavra-dos-papas\/#article\",\"isPartOf\":{\"@id\":\"https:\/\/www.oarcanjo.net\/site\/anchieta-na-palavra-dos-papas\/\"},\"author\":{\"name\":\"editor\",\"@id\":\"https:\/\/www.oarcanjo.net\/site\/#\/schema\/person\/f7024d007863202483a31326673a0838\"},\"headline\":\"Anchieta, na palavra dos Papas\",\"datePublished\":\"2014-04-08T20:25:58+00:00\",\"dateModified\":\"2014-04-08T20:27:10+00:00\",\"mainEntityOfPage\":{\"@id\":\"https:\/\/www.oarcanjo.net\/site\/anchieta-na-palavra-dos-papas\/\"},\"wordCount\":671,\"commentCount\":0,\"publisher\":{\"@id\":\"https:\/\/www.oarcanjo.net\/site\/#organization\"},\"keywords\":[\"Ap\u00f3stolo do Brasil\",\"Papa Bento XVI\",\"Papa Francisco\",\"Papa Jo\u00e3o Paulo II\",\"S\u00e3o Jos\u00e9 de Anchieta\"],\"articleSection\":[\"Reflex\u00f5es\"],\"inLanguage\":\"pt-BR\",\"potentialAction\":[{\"@type\":\"CommentAction\",\"name\":\"Comment\",\"target\":[\"https:\/\/www.oarcanjo.net\/site\/anchieta-na-palavra-dos-papas\/#respond\"]}]},{\"@type\":\"WebPage\",\"@id\":\"https:\/\/www.oarcanjo.net\/site\/anchieta-na-palavra-dos-papas\/\",\"url\":\"https:\/\/www.oarcanjo.net\/site\/anchieta-na-palavra-dos-papas\/\",\"name\":\"Anchieta, na palavra dos Papas - O Arcanjo no ar\",\"isPartOf\":{\"@id\":\"https:\/\/www.oarcanjo.net\/site\/#website\"},\"datePublished\":\"2014-04-08T20:25:58+00:00\",\"dateModified\":\"2014-04-08T20:27:10+00:00\",\"breadcrumb\":{\"@id\":\"https:\/\/www.oarcanjo.net\/site\/anchieta-na-palavra-dos-papas\/#breadcrumb\"},\"inLanguage\":\"pt-BR\",\"potentialAction\":[{\"@type\":\"ReadAction\",\"target\":[\"https:\/\/www.oarcanjo.net\/site\/anchieta-na-palavra-dos-papas\/\"]}]},{\"@type\":\"BreadcrumbList\",\"@id\":\"https:\/\/www.oarcanjo.net\/site\/anchieta-na-palavra-dos-papas\/#breadcrumb\",\"itemListElement\":[{\"@type\":\"ListItem\",\"position\":1,\"name\":\"In\u00edcio\",\"item\":\"https:\/\/www.oarcanjo.net\/site\/\"},{\"@type\":\"ListItem\",\"position\":2,\"name\":\"Anchieta, na palavra dos Papas\"}]},{\"@type\":\"WebSite\",\"@id\":\"https:\/\/www.oarcanjo.net\/site\/#website\",\"url\":\"https:\/\/www.oarcanjo.net\/site\/\",\"name\":\"O Arcanjo no ar\",\"description\":\"Site da Par\u00f3quia S\u00e3o Miguel Arcanjo (Arquidiocese de SP)\",\"publisher\":{\"@id\":\"https:\/\/www.oarcanjo.net\/site\/#organization\"},\"potentialAction\":[{\"@type\":\"SearchAction\",\"target\":{\"@type\":\"EntryPoint\",\"urlTemplate\":\"https:\/\/www.oarcanjo.net\/site\/?s={search_term_string}\"},\"query-input\":{\"@type\":\"PropertyValueSpecification\",\"valueRequired\":true,\"valueName\":\"search_term_string\"}}],\"inLanguage\":\"pt-BR\"},{\"@type\":\"Organization\",\"@id\":\"https:\/\/www.oarcanjo.net\/site\/#organization\",\"name\":\"Par\u00f3quia S\u00e3o Miguel Arcanjo\",\"url\":\"https:\/\/www.oarcanjo.net\/site\/\",\"logo\":{\"@type\":\"ImageObject\",\"inLanguage\":\"pt-BR\",\"@id\":\"https:\/\/www.oarcanjo.net\/site\/#\/schema\/logo\/image\/\",\"url\":\"https:\/\/www.oarcanjo.net\/site\/wp-content\/uploads\/LogoOArcanjo.png\",\"contentUrl\":\"https:\/\/www.oarcanjo.net\/site\/wp-content\/uploads\/LogoOArcanjo.png\",\"width\":319,\"height\":99,\"caption\":\"Par\u00f3quia S\u00e3o Miguel Arcanjo\"},\"image\":{\"@id\":\"https:\/\/www.oarcanjo.net\/site\/#\/schema\/logo\/image\/\"},\"sameAs\":[\"https:\/\/www.facebook.com\/OArcanjoNoAr\/\"]},{\"@type\":\"Person\",\"@id\":\"https:\/\/www.oarcanjo.net\/site\/#\/schema\/person\/f7024d007863202483a31326673a0838\",\"name\":\"editor\",\"sameAs\":[\"http:\/\/www.oarcanjo.net\"]}]}<\/script>\n<!-- \/ Yoast SEO plugin. -->","yoast_head_json":{"title":"Anchieta, na palavra dos Papas - O Arcanjo no ar","robots":{"index":"index","follow":"follow","max-snippet":"max-snippet:-1","max-image-preview":"max-image-preview:large","max-video-preview":"max-video-preview:-1"},"canonical":"https:\/\/www.oarcanjo.net\/site\/anchieta-na-palavra-dos-papas\/","og_locale":"pt_BR","og_type":"article","og_title":"Anchieta, na palavra dos Papas - O Arcanjo no ar","og_description":"Cardeal Odilo Pedro Scherer A canoniza\u00e7\u00e3o de S\u00e3o Jos\u00e9 de Anchieta, o Ap\u00f3stolo do Brasil, tem enorme significado para a Igreja de S\u00e3o Paulo e do Brasil. N\u00e3o se trata apenas da proclama\u00e7\u00e3o de mais um santo, mas da valoriza\u00e7\u00e3o de toda uma hist\u00f3ria, da confirma\u00e7\u00e3o de um servi\u00e7o prestado ao Evangelho e da sinaliza\u00e7\u00e3o [&hellip;]","og_url":"https:\/\/www.oarcanjo.net\/site\/anchieta-na-palavra-dos-papas\/","og_site_name":"O Arcanjo no ar","article_publisher":"https:\/\/www.facebook.com\/OArcanjoNoAr\/","article_published_time":"2014-04-08T20:25:58+00:00","article_modified_time":"2014-04-08T20:27:10+00:00","og_image":[{"width":300,"height":300,"url":"https:\/\/www.oarcanjo.net\/site\/wp-content\/uploads\/logo-o-arcanjo-no-ar-facebook.png","type":"image\/png"}],"author":"editor","twitter_card":"summary_large_image","twitter_misc":{"Escrito por":"editor","Est. tempo de leitura":"3 minutos"},"schema":{"@context":"https:\/\/schema.org","@graph":[{"@type":"Article","@id":"https:\/\/www.oarcanjo.net\/site\/anchieta-na-palavra-dos-papas\/#article","isPartOf":{"@id":"https:\/\/www.oarcanjo.net\/site\/anchieta-na-palavra-dos-papas\/"},"author":{"name":"editor","@id":"https:\/\/www.oarcanjo.net\/site\/#\/schema\/person\/f7024d007863202483a31326673a0838"},"headline":"Anchieta, na palavra dos Papas","datePublished":"2014-04-08T20:25:58+00:00","dateModified":"2014-04-08T20:27:10+00:00","mainEntityOfPage":{"@id":"https:\/\/www.oarcanjo.net\/site\/anchieta-na-palavra-dos-papas\/"},"wordCount":671,"commentCount":0,"publisher":{"@id":"https:\/\/www.oarcanjo.net\/site\/#organization"},"keywords":["Ap\u00f3stolo do Brasil","Papa Bento XVI","Papa Francisco","Papa Jo\u00e3o Paulo II","S\u00e3o Jos\u00e9 de Anchieta"],"articleSection":["Reflex\u00f5es"],"inLanguage":"pt-BR","potentialAction":[{"@type":"CommentAction","name":"Comment","target":["https:\/\/www.oarcanjo.net\/site\/anchieta-na-palavra-dos-papas\/#respond"]}]},{"@type":"WebPage","@id":"https:\/\/www.oarcanjo.net\/site\/anchieta-na-palavra-dos-papas\/","url":"https:\/\/www.oarcanjo.net\/site\/anchieta-na-palavra-dos-papas\/","name":"Anchieta, na palavra dos Papas - O Arcanjo no ar","isPartOf":{"@id":"https:\/\/www.oarcanjo.net\/site\/#website"},"datePublished":"2014-04-08T20:25:58+00:00","dateModified":"2014-04-08T20:27:10+00:00","breadcrumb":{"@id":"https:\/\/www.oarcanjo.net\/site\/anchieta-na-palavra-dos-papas\/#breadcrumb"},"inLanguage":"pt-BR","potentialAction":[{"@type":"ReadAction","target":["https:\/\/www.oarcanjo.net\/site\/anchieta-na-palavra-dos-papas\/"]}]},{"@type":"BreadcrumbList","@id":"https:\/\/www.oarcanjo.net\/site\/anchieta-na-palavra-dos-papas\/#breadcrumb","itemListElement":[{"@type":"ListItem","position":1,"name":"In\u00edcio","item":"https:\/\/www.oarcanjo.net\/site\/"},{"@type":"ListItem","position":2,"name":"Anchieta, na palavra dos Papas"}]},{"@type":"WebSite","@id":"https:\/\/www.oarcanjo.net\/site\/#website","url":"https:\/\/www.oarcanjo.net\/site\/","name":"O Arcanjo no ar","description":"Site da Par\u00f3quia S\u00e3o Miguel Arcanjo (Arquidiocese de SP)","publisher":{"@id":"https:\/\/www.oarcanjo.net\/site\/#organization"},"potentialAction":[{"@type":"SearchAction","target":{"@type":"EntryPoint","urlTemplate":"https:\/\/www.oarcanjo.net\/site\/?s={search_term_string}"},"query-input":{"@type":"PropertyValueSpecification","valueRequired":true,"valueName":"search_term_string"}}],"inLanguage":"pt-BR"},{"@type":"Organization","@id":"https:\/\/www.oarcanjo.net\/site\/#organization","name":"Par\u00f3quia S\u00e3o Miguel Arcanjo","url":"https:\/\/www.oarcanjo.net\/site\/","logo":{"@type":"ImageObject","inLanguage":"pt-BR","@id":"https:\/\/www.oarcanjo.net\/site\/#\/schema\/logo\/image\/","url":"https:\/\/www.oarcanjo.net\/site\/wp-content\/uploads\/LogoOArcanjo.png","contentUrl":"https:\/\/www.oarcanjo.net\/site\/wp-content\/uploads\/LogoOArcanjo.png","width":319,"height":99,"caption":"Par\u00f3quia S\u00e3o Miguel Arcanjo"},"image":{"@id":"https:\/\/www.oarcanjo.net\/site\/#\/schema\/logo\/image\/"},"sameAs":["https:\/\/www.facebook.com\/OArcanjoNoAr\/"]},{"@type":"Person","@id":"https:\/\/www.oarcanjo.net\/site\/#\/schema\/person\/f7024d007863202483a31326673a0838","name":"editor","sameAs":["http:\/\/www.oarcanjo.net"]}]}},"publishpress_future_action":{"enabled":false,"date":"2026-05-08 20:32:08","action":"category","newStatus":"draft","terms":[],"taxonomy":"category"},"publishpress_future_workflow_manual_trigger":{"enabledWorkflows":[]},"_links":{"self":[{"href":"https:\/\/www.oarcanjo.net\/site\/wp-json\/wp\/v2\/posts\/24775"}],"collection":[{"href":"https:\/\/www.oarcanjo.net\/site\/wp-json\/wp\/v2\/posts"}],"about":[{"href":"https:\/\/www.oarcanjo.net\/site\/wp-json\/wp\/v2\/types\/post"}],"author":[{"embeddable":true,"href":"https:\/\/www.oarcanjo.net\/site\/wp-json\/wp\/v2\/users\/5"}],"replies":[{"embeddable":true,"href":"https:\/\/www.oarcanjo.net\/site\/wp-json\/wp\/v2\/comments?post=24775"}],"version-history":[{"count":0,"href":"https:\/\/www.oarcanjo.net\/site\/wp-json\/wp\/v2\/posts\/24775\/revisions"}],"wp:attachment":[{"href":"https:\/\/www.oarcanjo.net\/site\/wp-json\/wp\/v2\/media?parent=24775"}],"wp:term":[{"taxonomy":"category","embeddable":true,"href":"https:\/\/www.oarcanjo.net\/site\/wp-json\/wp\/v2\/categories?post=24775"},{"taxonomy":"post_tag","embeddable":true,"href":"https:\/\/www.oarcanjo.net\/site\/wp-json\/wp\/v2\/tags?post=24775"}],"curies":[{"name":"wp","href":"https:\/\/api.w.org\/{rel}","templated":true}]}}