
{"id":2492,"date":"2009-03-21T23:06:47","date_gmt":"2009-03-22T02:06:47","guid":{"rendered":"http:\/\/www.oarcanjo.net\/site\/?p=2492"},"modified":"2009-03-22T23:10:08","modified_gmt":"2009-03-23T02:10:08","slug":"dia-internacional-da-poesia","status":"publish","type":"post","link":"https:\/\/www.oarcanjo.net\/site\/dia-internacional-da-poesia\/","title":{"rendered":"Dia Internacional da Poesia"},"content":{"rendered":"<p>Maria Clara Lucchetti Bingemer<\/p>\n<p>Dia 21 de mar\u00e7o \u00e9 o dia internacional da poesia.  Dia de celebrar essa que \u00e9 louca e livre, louca porque livre, liberta no exerc\u00edcio da sua loucura que vislumbra beleza onde outros s\u00f3 v\u00eaem cinza e rotineiro cotidiano.    <\/p>\n<p>Poesia vem do grego po\u00edesis, que significa &#8216;a\u00e7\u00e3o de fazer algo&#8217;. Poesia, portanto, \u00e9 pr\u00e1xis, apesar de ser a mais gratuita das pr\u00e1xis. Entre as suas in\u00fameras defini\u00e7\u00f5es, o Aur\u00e9lio nos fornece uma que nos interessa de perto : entusiasmo criador, inspira\u00e7\u00e3o.<\/p>\n<p>O Houaiss reafirma e re-enfatiza a defini\u00e7\u00e3o Aureliana: semelhante no latim como em grego, poesia \u00e9 em latim: po\u00e9sis, is &#8216;poesia, obra po\u00e9tica, obra em verso&#8217; , assim como no grego:  po\u00ed\u00e9sis,e\u00f3s &#8216;cria\u00e7\u00e3o; fabrica\u00e7\u00e3o, confec\u00e7\u00e3o; obra po\u00e9tica, poema, poesia&#8217;.<\/p>\n<p>Arte e t\u00e9cnica de exprimir em verso uma determinada vis\u00e3o de mundo, a poesia tem sido, atrav\u00e9s dos tempos, aliada incontest\u00e1vel e companheira insepar\u00e1vel da beleza, do esp\u00edrito, da inspira\u00e7\u00e3o. Da inspira\u00e7\u00e3o nos dizem a Fisiologia e a  B\u00edblia que tem ela tudo a ver com o ar em nossos pulm\u00f5es. Esse ar sem o qual n\u00e3o se vive, diz a B\u00edblia ser ele semelhante ao Esp\u00edrito de Deus, o qual leva e traz a vida, sem se saber de onde vem nem para onde vai (cf. Jo 3, 1 ss).<\/p>\n<p>Sob a for\u00e7a da inspira\u00e7\u00e3o, os profetas disseram com boca humana as palavras divinas, os hagi\u00f3grafos escreveram nos textos sagrados o que Deus desejava que escrevessem. \u00c9 o mesmo Esp\u00edrito que enche de inspira\u00e7\u00e3o o poeta para que passeie pelas vias da beleza e diga o que v\u00ea e o que sente em versos e palavras. Inspirada \u00e9 a profecia do profeta nele derramada pelo Esp\u00edrito de Deus que o possui, exaltando-o e enchendo-o de entusiasmo. Inspirada \u00e9 a poesia do poeta, que seduz e arrebata cora\u00e7\u00f5es e mentes, enlevando o ser humano no indiz\u00edvel que ousa dizer-se e no inef\u00e1vel que se atreve a expressar-se.<\/p>\n<p>Por meio da palavra, escritores sagrados e poetas ultrapassaram o suporte da letra e adentraram um sistema de signos e ritmos que perpassa toda a hist\u00f3ria da humanidade. In\u00fameras civiliza\u00e7\u00f5es, desde a grega antiga \u00e0 escandinava,francesa e inglesa, produziram importantes tradi\u00e7\u00f5es orais po\u00e9ticas. Inclusive, extensos poemas narrativos como a Il\u00edada e a Odiss\u00e9ia, de Homero, as sagas islandesas e o Beowulf anglo-sax\u00f4nico foram, presumivelmente, cantados ou entoados por rapsodos e bardos profissionais, s\u00e9culos antes de terem sido postos por escrito.<\/p>\n<p>Para que possa abranger essas e outras obras verbais, \u00e9 \u00fatil considerar a poesia como arte verbal e inspirada. O poeta, artes\u00e3o das palavras, receptor e tradutor  da inspira\u00e7\u00e3o, deixa em aberto a quest\u00e3o sobre se a linguagem \u00e9 escrita ou falada e derrama pelo mundo a identidade mais profunda da realidade e das coisas feita verso, ritmo, imagem e som. <\/p>\n<p>Sendo arte, no entanto, a poesia n\u00e3o \u00e9 distante da vida. Pois na verdade, a emula, a imita, a mimetiza criativamente. A poesia \u00e9 como um meio de reproduzir ou recriar em palavras as experi\u00eancias da vida, tal como a pintura reproduz ou recria certas figuras ou cenas da vida em contornos e cores.<\/p>\n<p>Por\u00e9m, ao mesmo tempo em que imita a vida, a poesia a reinterpreta e recria. Nela, na poesia, a mat\u00e9ria prima que \u00e9 o ser humano, a vida sobre a face da terra, \u00e9 remodelada e recriada at\u00e9 ser transformada na obra po\u00e9tica, em versos e palavras que se alternam e expressam o que o cora\u00e7\u00e3o sente e o que faz o esp\u00edrito vibrar.<\/p>\n<p>Por isso, poesia e Escritura Sagrada, poesia e teologia encontram sua fonte na inspira\u00e7\u00e3o que vem de mais al\u00e9m, cujo segredo \u00e9 desvendado progressivamente aos seres humanos que se disp\u00f5em a tratar mais intimamente com o mist\u00e9rio da vida gratuitamente doada pelo Criador a suas criaturas. <\/p>\n<p>Salve Dia internacional da poesia! Salve que de ti temos necessidade&#8230;e muita! De ti vivemos e sem ti apenas sobrevivemos. O trabalho sem ti \u00e9 escravid\u00e3o. A religi\u00e3o sem ti \u00e9 conjunto de normas e defini\u00e7\u00f5es que n\u00e3o consegue mover os cora\u00e7\u00f5es humanos. Na gratuidade dos versos do poeta, inspirado e possu\u00eddo pela musa, \u00e9 o pr\u00f3prio Criador que penetra em sua cria\u00e7\u00e3o dando-lhe flexibilidade e sopro e fazendo acontecer no mundo o milagre do amor. A poesia pode salvar-nos&#8230;desde que n\u00e3o nos deixemos sufocar por sua aus\u00eancia e desde que n\u00e3o a consideremos inutilidade ineficaz que para nada serve a n\u00e3o ser para ser inapelavelmente descartada.  <\/p>\n<p>Pois, como diz a poeta Ad\u00e9lia Prado:<\/p>\n<p><em>A poesia me salvar\u00e1&#8230;.<br \/>\nN\u00e3o falo aos quatro ventos<br \/>\nporque temo os doutores, a excomunh\u00e3o<br \/>\ne o esc\u00e2ndalo dos fracos. A Deus n\u00e3o temo.<br \/>\nQue outra coisa ela \u00e9 sen\u00e3o Sua Face atingida<br \/>\nda brutalidade das coisas?[1]<\/em><br \/>\n[1] Guia, Ad\u00e9lia PRADO. Poesia reunida. 4\u00aa ed. S\u00e3o Paulo: Siciliano, 1995, p. 61<\/p>\n<div id=\"themify_builder_content-2492\" data-postid=\"2492\" class=\"themify_builder_content themify_builder_content-2492 themify_builder themify_builder_front\">\n\t<\/div>\n<!-- \/themify_builder_content -->","protected":false},"excerpt":{"rendered":"<p>Maria Clara Lucchetti Bingemer Dia 21 de mar\u00e7o \u00e9 o dia internacional da poesia. Dia de celebrar essa que \u00e9 louca e livre, louca porque livre, liberta no exerc\u00edcio da sua loucura que vislumbra beleza onde outros s\u00f3 v\u00eaem cinza e rotineiro cotidiano. Poesia vem do grego po\u00edesis, que significa &#8216;a\u00e7\u00e3o de fazer algo&#8217;. Poesia, [&hellip;]<\/p>\n","protected":false},"author":5,"featured_media":0,"comment_status":"open","ping_status":"open","sticky":false,"template":"","format":"standard","meta":{"ngg_post_thumbnail":0,"footnotes":""},"categories":[9],"tags":[93,396,268],"yoast_head":"<!-- This site is optimized with the Yoast SEO plugin v23.5 - https:\/\/yoast.com\/wordpress\/plugins\/seo\/ -->\n<title>Dia Internacional da Poesia - O Arcanjo no ar<\/title>\n<meta name=\"robots\" content=\"index, follow, max-snippet:-1, max-image-preview:large, max-video-preview:-1\" \/>\n<link rel=\"canonical\" href=\"https:\/\/www.oarcanjo.net\/site\/dia-internacional-da-poesia\/\" \/>\n<meta property=\"og:locale\" content=\"pt_BR\" \/>\n<meta property=\"og:type\" content=\"article\" \/>\n<meta property=\"og:title\" content=\"Dia Internacional da Poesia - O Arcanjo no ar\" \/>\n<meta property=\"og:description\" content=\"Maria Clara Lucchetti Bingemer Dia 21 de mar\u00e7o \u00e9 o dia internacional da poesia. Dia de celebrar essa que \u00e9 louca e livre, louca porque livre, liberta no exerc\u00edcio da sua loucura que vislumbra beleza onde outros s\u00f3 v\u00eaem cinza e rotineiro cotidiano. Poesia vem do grego po\u00edesis, que significa &#8216;a\u00e7\u00e3o de fazer algo&#8217;. Poesia, [&hellip;]\" \/>\n<meta property=\"og:url\" content=\"https:\/\/www.oarcanjo.net\/site\/dia-internacional-da-poesia\/\" \/>\n<meta property=\"og:site_name\" content=\"O Arcanjo no ar\" \/>\n<meta property=\"article:publisher\" content=\"https:\/\/www.facebook.com\/OArcanjoNoAr\/\" \/>\n<meta property=\"article:published_time\" content=\"2009-03-22T02:06:47+00:00\" \/>\n<meta property=\"article:modified_time\" content=\"2009-03-23T02:10:08+00:00\" \/>\n<meta property=\"og:image\" content=\"https:\/\/www.oarcanjo.net\/site\/wp-content\/uploads\/logo-o-arcanjo-no-ar-facebook.png\" \/>\n\t<meta property=\"og:image:width\" content=\"300\" \/>\n\t<meta property=\"og:image:height\" content=\"300\" \/>\n\t<meta property=\"og:image:type\" content=\"image\/png\" \/>\n<meta name=\"author\" content=\"editor\" \/>\n<meta name=\"twitter:card\" content=\"summary_large_image\" \/>\n<meta name=\"twitter:label1\" content=\"Escrito por\" \/>\n\t<meta name=\"twitter:data1\" content=\"editor\" \/>\n\t<meta name=\"twitter:label2\" content=\"Est. tempo de leitura\" \/>\n\t<meta name=\"twitter:data2\" content=\"4 minutos\" \/>\n<script type=\"application\/ld+json\" class=\"yoast-schema-graph\">{\"@context\":\"https:\/\/schema.org\",\"@graph\":[{\"@type\":\"Article\",\"@id\":\"https:\/\/www.oarcanjo.net\/site\/dia-internacional-da-poesia\/#article\",\"isPartOf\":{\"@id\":\"https:\/\/www.oarcanjo.net\/site\/dia-internacional-da-poesia\/\"},\"author\":{\"name\":\"editor\",\"@id\":\"https:\/\/www.oarcanjo.net\/site\/#\/schema\/person\/f7024d007863202483a31326673a0838\"},\"headline\":\"Dia Internacional da Poesia\",\"datePublished\":\"2009-03-22T02:06:47+00:00\",\"dateModified\":\"2009-03-23T02:10:08+00:00\",\"mainEntityOfPage\":{\"@id\":\"https:\/\/www.oarcanjo.net\/site\/dia-internacional-da-poesia\/\"},\"wordCount\":856,\"commentCount\":0,\"publisher\":{\"@id\":\"https:\/\/www.oarcanjo.net\/site\/#organization\"},\"keywords\":[\"B\u00edblia\",\"poesia\",\"religi\u00e3o\"],\"articleSection\":[\"Reflex\u00f5es\"],\"inLanguage\":\"pt-BR\",\"potentialAction\":[{\"@type\":\"CommentAction\",\"name\":\"Comment\",\"target\":[\"https:\/\/www.oarcanjo.net\/site\/dia-internacional-da-poesia\/#respond\"]}]},{\"@type\":\"WebPage\",\"@id\":\"https:\/\/www.oarcanjo.net\/site\/dia-internacional-da-poesia\/\",\"url\":\"https:\/\/www.oarcanjo.net\/site\/dia-internacional-da-poesia\/\",\"name\":\"Dia Internacional da Poesia - O Arcanjo no ar\",\"isPartOf\":{\"@id\":\"https:\/\/www.oarcanjo.net\/site\/#website\"},\"datePublished\":\"2009-03-22T02:06:47+00:00\",\"dateModified\":\"2009-03-23T02:10:08+00:00\",\"breadcrumb\":{\"@id\":\"https:\/\/www.oarcanjo.net\/site\/dia-internacional-da-poesia\/#breadcrumb\"},\"inLanguage\":\"pt-BR\",\"potentialAction\":[{\"@type\":\"ReadAction\",\"target\":[\"https:\/\/www.oarcanjo.net\/site\/dia-internacional-da-poesia\/\"]}]},{\"@type\":\"BreadcrumbList\",\"@id\":\"https:\/\/www.oarcanjo.net\/site\/dia-internacional-da-poesia\/#breadcrumb\",\"itemListElement\":[{\"@type\":\"ListItem\",\"position\":1,\"name\":\"In\u00edcio\",\"item\":\"https:\/\/www.oarcanjo.net\/site\/\"},{\"@type\":\"ListItem\",\"position\":2,\"name\":\"Dia Internacional da Poesia\"}]},{\"@type\":\"WebSite\",\"@id\":\"https:\/\/www.oarcanjo.net\/site\/#website\",\"url\":\"https:\/\/www.oarcanjo.net\/site\/\",\"name\":\"O Arcanjo no ar\",\"description\":\"Site da Par\u00f3quia S\u00e3o Miguel Arcanjo (Arquidiocese de SP)\",\"publisher\":{\"@id\":\"https:\/\/www.oarcanjo.net\/site\/#organization\"},\"potentialAction\":[{\"@type\":\"SearchAction\",\"target\":{\"@type\":\"EntryPoint\",\"urlTemplate\":\"https:\/\/www.oarcanjo.net\/site\/?s={search_term_string}\"},\"query-input\":{\"@type\":\"PropertyValueSpecification\",\"valueRequired\":true,\"valueName\":\"search_term_string\"}}],\"inLanguage\":\"pt-BR\"},{\"@type\":\"Organization\",\"@id\":\"https:\/\/www.oarcanjo.net\/site\/#organization\",\"name\":\"Par\u00f3quia S\u00e3o Miguel Arcanjo\",\"url\":\"https:\/\/www.oarcanjo.net\/site\/\",\"logo\":{\"@type\":\"ImageObject\",\"inLanguage\":\"pt-BR\",\"@id\":\"https:\/\/www.oarcanjo.net\/site\/#\/schema\/logo\/image\/\",\"url\":\"https:\/\/www.oarcanjo.net\/site\/wp-content\/uploads\/LogoOArcanjo.png\",\"contentUrl\":\"https:\/\/www.oarcanjo.net\/site\/wp-content\/uploads\/LogoOArcanjo.png\",\"width\":319,\"height\":99,\"caption\":\"Par\u00f3quia S\u00e3o Miguel Arcanjo\"},\"image\":{\"@id\":\"https:\/\/www.oarcanjo.net\/site\/#\/schema\/logo\/image\/\"},\"sameAs\":[\"https:\/\/www.facebook.com\/OArcanjoNoAr\/\"]},{\"@type\":\"Person\",\"@id\":\"https:\/\/www.oarcanjo.net\/site\/#\/schema\/person\/f7024d007863202483a31326673a0838\",\"name\":\"editor\",\"sameAs\":[\"http:\/\/www.oarcanjo.net\"]}]}<\/script>\n<!-- \/ Yoast SEO plugin. -->","yoast_head_json":{"title":"Dia Internacional da Poesia - O Arcanjo no ar","robots":{"index":"index","follow":"follow","max-snippet":"max-snippet:-1","max-image-preview":"max-image-preview:large","max-video-preview":"max-video-preview:-1"},"canonical":"https:\/\/www.oarcanjo.net\/site\/dia-internacional-da-poesia\/","og_locale":"pt_BR","og_type":"article","og_title":"Dia Internacional da Poesia - O Arcanjo no ar","og_description":"Maria Clara Lucchetti Bingemer Dia 21 de mar\u00e7o \u00e9 o dia internacional da poesia. Dia de celebrar essa que \u00e9 louca e livre, louca porque livre, liberta no exerc\u00edcio da sua loucura que vislumbra beleza onde outros s\u00f3 v\u00eaem cinza e rotineiro cotidiano. Poesia vem do grego po\u00edesis, que significa &#8216;a\u00e7\u00e3o de fazer algo&#8217;. Poesia, [&hellip;]","og_url":"https:\/\/www.oarcanjo.net\/site\/dia-internacional-da-poesia\/","og_site_name":"O Arcanjo no ar","article_publisher":"https:\/\/www.facebook.com\/OArcanjoNoAr\/","article_published_time":"2009-03-22T02:06:47+00:00","article_modified_time":"2009-03-23T02:10:08+00:00","og_image":[{"width":300,"height":300,"url":"https:\/\/www.oarcanjo.net\/site\/wp-content\/uploads\/logo-o-arcanjo-no-ar-facebook.png","type":"image\/png"}],"author":"editor","twitter_card":"summary_large_image","twitter_misc":{"Escrito por":"editor","Est. tempo de leitura":"4 minutos"},"schema":{"@context":"https:\/\/schema.org","@graph":[{"@type":"Article","@id":"https:\/\/www.oarcanjo.net\/site\/dia-internacional-da-poesia\/#article","isPartOf":{"@id":"https:\/\/www.oarcanjo.net\/site\/dia-internacional-da-poesia\/"},"author":{"name":"editor","@id":"https:\/\/www.oarcanjo.net\/site\/#\/schema\/person\/f7024d007863202483a31326673a0838"},"headline":"Dia Internacional da Poesia","datePublished":"2009-03-22T02:06:47+00:00","dateModified":"2009-03-23T02:10:08+00:00","mainEntityOfPage":{"@id":"https:\/\/www.oarcanjo.net\/site\/dia-internacional-da-poesia\/"},"wordCount":856,"commentCount":0,"publisher":{"@id":"https:\/\/www.oarcanjo.net\/site\/#organization"},"keywords":["B\u00edblia","poesia","religi\u00e3o"],"articleSection":["Reflex\u00f5es"],"inLanguage":"pt-BR","potentialAction":[{"@type":"CommentAction","name":"Comment","target":["https:\/\/www.oarcanjo.net\/site\/dia-internacional-da-poesia\/#respond"]}]},{"@type":"WebPage","@id":"https:\/\/www.oarcanjo.net\/site\/dia-internacional-da-poesia\/","url":"https:\/\/www.oarcanjo.net\/site\/dia-internacional-da-poesia\/","name":"Dia Internacional da Poesia - O Arcanjo no ar","isPartOf":{"@id":"https:\/\/www.oarcanjo.net\/site\/#website"},"datePublished":"2009-03-22T02:06:47+00:00","dateModified":"2009-03-23T02:10:08+00:00","breadcrumb":{"@id":"https:\/\/www.oarcanjo.net\/site\/dia-internacional-da-poesia\/#breadcrumb"},"inLanguage":"pt-BR","potentialAction":[{"@type":"ReadAction","target":["https:\/\/www.oarcanjo.net\/site\/dia-internacional-da-poesia\/"]}]},{"@type":"BreadcrumbList","@id":"https:\/\/www.oarcanjo.net\/site\/dia-internacional-da-poesia\/#breadcrumb","itemListElement":[{"@type":"ListItem","position":1,"name":"In\u00edcio","item":"https:\/\/www.oarcanjo.net\/site\/"},{"@type":"ListItem","position":2,"name":"Dia Internacional da Poesia"}]},{"@type":"WebSite","@id":"https:\/\/www.oarcanjo.net\/site\/#website","url":"https:\/\/www.oarcanjo.net\/site\/","name":"O Arcanjo no ar","description":"Site da Par\u00f3quia S\u00e3o Miguel Arcanjo (Arquidiocese de SP)","publisher":{"@id":"https:\/\/www.oarcanjo.net\/site\/#organization"},"potentialAction":[{"@type":"SearchAction","target":{"@type":"EntryPoint","urlTemplate":"https:\/\/www.oarcanjo.net\/site\/?s={search_term_string}"},"query-input":{"@type":"PropertyValueSpecification","valueRequired":true,"valueName":"search_term_string"}}],"inLanguage":"pt-BR"},{"@type":"Organization","@id":"https:\/\/www.oarcanjo.net\/site\/#organization","name":"Par\u00f3quia S\u00e3o Miguel Arcanjo","url":"https:\/\/www.oarcanjo.net\/site\/","logo":{"@type":"ImageObject","inLanguage":"pt-BR","@id":"https:\/\/www.oarcanjo.net\/site\/#\/schema\/logo\/image\/","url":"https:\/\/www.oarcanjo.net\/site\/wp-content\/uploads\/LogoOArcanjo.png","contentUrl":"https:\/\/www.oarcanjo.net\/site\/wp-content\/uploads\/LogoOArcanjo.png","width":319,"height":99,"caption":"Par\u00f3quia S\u00e3o Miguel Arcanjo"},"image":{"@id":"https:\/\/www.oarcanjo.net\/site\/#\/schema\/logo\/image\/"},"sameAs":["https:\/\/www.facebook.com\/OArcanjoNoAr\/"]},{"@type":"Person","@id":"https:\/\/www.oarcanjo.net\/site\/#\/schema\/person\/f7024d007863202483a31326673a0838","name":"editor","sameAs":["http:\/\/www.oarcanjo.net"]}]}},"publishpress_future_action":{"enabled":false,"date":"2026-05-09 00:28:04","action":"category","newStatus":"draft","terms":[],"taxonomy":"category"},"publishpress_future_workflow_manual_trigger":{"enabledWorkflows":[]},"_links":{"self":[{"href":"https:\/\/www.oarcanjo.net\/site\/wp-json\/wp\/v2\/posts\/2492"}],"collection":[{"href":"https:\/\/www.oarcanjo.net\/site\/wp-json\/wp\/v2\/posts"}],"about":[{"href":"https:\/\/www.oarcanjo.net\/site\/wp-json\/wp\/v2\/types\/post"}],"author":[{"embeddable":true,"href":"https:\/\/www.oarcanjo.net\/site\/wp-json\/wp\/v2\/users\/5"}],"replies":[{"embeddable":true,"href":"https:\/\/www.oarcanjo.net\/site\/wp-json\/wp\/v2\/comments?post=2492"}],"version-history":[{"count":0,"href":"https:\/\/www.oarcanjo.net\/site\/wp-json\/wp\/v2\/posts\/2492\/revisions"}],"wp:attachment":[{"href":"https:\/\/www.oarcanjo.net\/site\/wp-json\/wp\/v2\/media?parent=2492"}],"wp:term":[{"taxonomy":"category","embeddable":true,"href":"https:\/\/www.oarcanjo.net\/site\/wp-json\/wp\/v2\/categories?post=2492"},{"taxonomy":"post_tag","embeddable":true,"href":"https:\/\/www.oarcanjo.net\/site\/wp-json\/wp\/v2\/tags?post=2492"}],"curies":[{"name":"wp","href":"https:\/\/api.w.org\/{rel}","templated":true}]}}