
{"id":2499,"date":"2009-03-23T08:29:25","date_gmt":"2009-03-23T11:29:25","guid":{"rendered":"http:\/\/www.oarcanjo.net\/site\/?p=2499"},"modified":"2009-03-23T08:29:25","modified_gmt":"2009-03-23T11:29:25","slug":"dom-helder-o-mistico","status":"publish","type":"post","link":"https:\/\/www.oarcanjo.net\/site\/dom-helder-o-mistico\/","title":{"rendered":"Dom Helder, o m\u00edstico"},"content":{"rendered":"<p>Pe Geovane Saraiva <\/p>\n<p>O m\u00edstico \u00e9 profundamente marcado pela gra\u00e7a de Deus com dons e talentos colocados a servi\u00e7o do pr\u00f3ximo. \u00c9 algu\u00e9m totalmente voltado para Deus e para a realidade  com os p\u00e9s firmes no ch\u00e3o, com grande capacidade de  perceber, de modo l\u00facido, os desafios, as exig\u00eancias e as dificuldades de seu tempo, com  enorme vontade de super\u00e1-las.<\/p>\n<p>Karl Rahner, sacerdote jesu\u00edta, nascido na Alemanha, que viveu de 1904 a 1984 e foi um dos maiores e mais importantes te\u00f3logos do s\u00e9culo XX, marcou forte presen\u00e7a, nem sempre bem compreendido, com os seus dons e intelig\u00eancia privilegiada, como assessor do Conc\u00edlio Vaticano II. Desempenhou, tamb\u00e9m, papel de destaque, incentivando a Igreja Cat\u00f3lica para que se abrisse ao mundo e \u00e0s diversas tradi\u00e7\u00f5es e dizia, com a coragem prof\u00e9tica que lhe era peculiar, que o crist\u00e3o do futuro ser\u00e1 um m\u00edstico ou n\u00e3o ser\u00e1 nada.<\/p>\n<p>O m\u00edstico \u00e9 aquela pessoa que sabe conviver e dialogar com todas as pessoas do mundo inteiro. Numa palavra, m\u00edstico \u00e9 o cidad\u00e3o do Planeta, o cidad\u00e3o universal, consciente de que o di\u00e1logo \u00e9 uma arte que deve ser cultivada com sinceridade e paci\u00eancia atrav\u00e9s da palavra, da conversa, do col\u00f3quio e da comunica\u00e7\u00e3o.<\/p>\n<p>Dom Helder C\u00e2mara era, antes de tudo, um m\u00edstico. Assim o definiu o nosso grande te\u00f3logo, Padre Jos\u00e9 Comblin. Como m\u00edstico, tornou-se conhecido no Brasil e no mundo inteiro por sua luta em favor da humanidade, especialmente, dos desafortunados da vida, dos empobrecidos e dos &#8220;sem voz e sem vez&#8221;.<\/p>\n<p>Sua vida foi uma obra de arte, pela simplicidade de viver, conviver e dialogar, indo ao encontro de todos e amando-os indistintamente. Assim dizia Mahtma Gandhi: &#8220;A arte da vida consiste em fazer da vida uma obra de arte&#8221;. Certamente Dom Helder teve suas contradi\u00e7\u00f5es, suas limita\u00e7\u00f5es e seus erros, mas, segundo Roosevelt, &#8220;o \u00fanico homem que n\u00e3o erra \u00e9 aquele que nunca fez nada&#8221;. Deus foi mais forte e sua bondade sem limites fez dele um belo instrumento de seu amor e de sua paz. <\/p>\n<p>M\u00edstico \u00e9, pois, algu\u00e9m que sabe experimentar o amor de Deus Pai e Criador, que inicia bem suas atividades, que \u00e9 perseverante e que vai at\u00e9 o fim&#8230;  Dom Helder, profeta e m\u00edstico, foi assim e sintetiza a vida com o seguinte pensamento: \u00c9 gra\u00e7a divina come\u00e7ar bem, gra\u00e7a maior \u00e9 persistir na caminhada, mas a gra\u00e7a das gra\u00e7as \u00e9 n\u00e3o desistir nunca&#8230;<\/p>\n<div id=\"themify_builder_content-2499\" data-postid=\"2499\" class=\"themify_builder_content themify_builder_content-2499 themify_builder themify_builder_front\">\n\t<\/div>\n<!-- \/themify_builder_content -->","protected":false},"excerpt":{"rendered":"<p>Pe Geovane Saraiva O m\u00edstico \u00e9 profundamente marcado pela gra\u00e7a de Deus com dons e talentos colocados a servi\u00e7o do pr\u00f3ximo. \u00c9 algu\u00e9m totalmente voltado para Deus e para a realidade com os p\u00e9s firmes no ch\u00e3o, com grande capacidade de perceber, de modo l\u00facido, os desafios, as exig\u00eancias e as dificuldades de seu tempo, [&hellip;]<\/p>\n","protected":false},"author":5,"featured_media":0,"comment_status":"open","ping_status":"open","sticky":false,"template":"","format":"standard","meta":{"ngg_post_thumbnail":0,"footnotes":""},"categories":[192],"tags":[210,394,398],"yoast_head":"<!-- This site is optimized with the Yoast SEO plugin v23.5 - https:\/\/yoast.com\/wordpress\/plugins\/seo\/ -->\n<title>Dom Helder, o m\u00edstico - O Arcanjo no ar<\/title>\n<meta name=\"robots\" content=\"index, follow, max-snippet:-1, max-image-preview:large, max-video-preview:-1\" \/>\n<link rel=\"canonical\" href=\"https:\/\/www.oarcanjo.net\/site\/dom-helder-o-mistico\/\" \/>\n<meta property=\"og:locale\" content=\"pt_BR\" \/>\n<meta property=\"og:type\" content=\"article\" \/>\n<meta property=\"og:title\" content=\"Dom Helder, o m\u00edstico - O Arcanjo no ar\" \/>\n<meta property=\"og:description\" content=\"Pe Geovane Saraiva O m\u00edstico \u00e9 profundamente marcado pela gra\u00e7a de Deus com dons e talentos colocados a servi\u00e7o do pr\u00f3ximo. \u00c9 algu\u00e9m totalmente voltado para Deus e para a realidade com os p\u00e9s firmes no ch\u00e3o, com grande capacidade de perceber, de modo l\u00facido, os desafios, as exig\u00eancias e as dificuldades de seu tempo, [&hellip;]\" \/>\n<meta property=\"og:url\" content=\"https:\/\/www.oarcanjo.net\/site\/dom-helder-o-mistico\/\" \/>\n<meta property=\"og:site_name\" content=\"O Arcanjo no ar\" \/>\n<meta property=\"article:publisher\" content=\"https:\/\/www.facebook.com\/OArcanjoNoAr\/\" \/>\n<meta property=\"article:published_time\" content=\"2009-03-23T11:29:25+00:00\" \/>\n<meta property=\"og:image\" content=\"https:\/\/www.oarcanjo.net\/site\/wp-content\/uploads\/logo-o-arcanjo-no-ar-facebook.png\" \/>\n\t<meta property=\"og:image:width\" content=\"300\" \/>\n\t<meta property=\"og:image:height\" content=\"300\" \/>\n\t<meta property=\"og:image:type\" content=\"image\/png\" \/>\n<meta name=\"author\" content=\"editor\" \/>\n<meta name=\"twitter:card\" content=\"summary_large_image\" \/>\n<meta name=\"twitter:label1\" content=\"Escrito por\" \/>\n\t<meta name=\"twitter:data1\" content=\"editor\" \/>\n\t<meta name=\"twitter:label2\" content=\"Est. tempo de leitura\" \/>\n\t<meta name=\"twitter:data2\" content=\"2 minutos\" \/>\n<script type=\"application\/ld+json\" class=\"yoast-schema-graph\">{\"@context\":\"https:\/\/schema.org\",\"@graph\":[{\"@type\":\"Article\",\"@id\":\"https:\/\/www.oarcanjo.net\/site\/dom-helder-o-mistico\/#article\",\"isPartOf\":{\"@id\":\"https:\/\/www.oarcanjo.net\/site\/dom-helder-o-mistico\/\"},\"author\":{\"name\":\"editor\",\"@id\":\"https:\/\/www.oarcanjo.net\/site\/#\/schema\/person\/f7024d007863202483a31326673a0838\"},\"headline\":\"Dom Helder, o m\u00edstico\",\"datePublished\":\"2009-03-23T11:29:25+00:00\",\"dateModified\":\"2009-03-23T11:29:25+00:00\",\"mainEntityOfPage\":{\"@id\":\"https:\/\/www.oarcanjo.net\/site\/dom-helder-o-mistico\/\"},\"wordCount\":439,\"commentCount\":0,\"publisher\":{\"@id\":\"https:\/\/www.oarcanjo.net\/site\/#organization\"},\"keywords\":[\"Dom Helder Camara\",\"Jos\u00e9 Comblin\",\"m\u00edstica\"],\"articleSection\":[\"D. Helder C\u00e2mara\"],\"inLanguage\":\"pt-BR\",\"potentialAction\":[{\"@type\":\"CommentAction\",\"name\":\"Comment\",\"target\":[\"https:\/\/www.oarcanjo.net\/site\/dom-helder-o-mistico\/#respond\"]}]},{\"@type\":\"WebPage\",\"@id\":\"https:\/\/www.oarcanjo.net\/site\/dom-helder-o-mistico\/\",\"url\":\"https:\/\/www.oarcanjo.net\/site\/dom-helder-o-mistico\/\",\"name\":\"Dom Helder, o m\u00edstico - O Arcanjo no ar\",\"isPartOf\":{\"@id\":\"https:\/\/www.oarcanjo.net\/site\/#website\"},\"datePublished\":\"2009-03-23T11:29:25+00:00\",\"dateModified\":\"2009-03-23T11:29:25+00:00\",\"breadcrumb\":{\"@id\":\"https:\/\/www.oarcanjo.net\/site\/dom-helder-o-mistico\/#breadcrumb\"},\"inLanguage\":\"pt-BR\",\"potentialAction\":[{\"@type\":\"ReadAction\",\"target\":[\"https:\/\/www.oarcanjo.net\/site\/dom-helder-o-mistico\/\"]}]},{\"@type\":\"BreadcrumbList\",\"@id\":\"https:\/\/www.oarcanjo.net\/site\/dom-helder-o-mistico\/#breadcrumb\",\"itemListElement\":[{\"@type\":\"ListItem\",\"position\":1,\"name\":\"In\u00edcio\",\"item\":\"https:\/\/www.oarcanjo.net\/site\/\"},{\"@type\":\"ListItem\",\"position\":2,\"name\":\"Dom Helder, o m\u00edstico\"}]},{\"@type\":\"WebSite\",\"@id\":\"https:\/\/www.oarcanjo.net\/site\/#website\",\"url\":\"https:\/\/www.oarcanjo.net\/site\/\",\"name\":\"O Arcanjo no ar\",\"description\":\"Site da Par\u00f3quia S\u00e3o Miguel Arcanjo (Arquidiocese de SP)\",\"publisher\":{\"@id\":\"https:\/\/www.oarcanjo.net\/site\/#organization\"},\"potentialAction\":[{\"@type\":\"SearchAction\",\"target\":{\"@type\":\"EntryPoint\",\"urlTemplate\":\"https:\/\/www.oarcanjo.net\/site\/?s={search_term_string}\"},\"query-input\":{\"@type\":\"PropertyValueSpecification\",\"valueRequired\":true,\"valueName\":\"search_term_string\"}}],\"inLanguage\":\"pt-BR\"},{\"@type\":\"Organization\",\"@id\":\"https:\/\/www.oarcanjo.net\/site\/#organization\",\"name\":\"Par\u00f3quia S\u00e3o Miguel Arcanjo\",\"url\":\"https:\/\/www.oarcanjo.net\/site\/\",\"logo\":{\"@type\":\"ImageObject\",\"inLanguage\":\"pt-BR\",\"@id\":\"https:\/\/www.oarcanjo.net\/site\/#\/schema\/logo\/image\/\",\"url\":\"https:\/\/www.oarcanjo.net\/site\/wp-content\/uploads\/LogoOArcanjo.png\",\"contentUrl\":\"https:\/\/www.oarcanjo.net\/site\/wp-content\/uploads\/LogoOArcanjo.png\",\"width\":319,\"height\":99,\"caption\":\"Par\u00f3quia S\u00e3o Miguel Arcanjo\"},\"image\":{\"@id\":\"https:\/\/www.oarcanjo.net\/site\/#\/schema\/logo\/image\/\"},\"sameAs\":[\"https:\/\/www.facebook.com\/OArcanjoNoAr\/\"]},{\"@type\":\"Person\",\"@id\":\"https:\/\/www.oarcanjo.net\/site\/#\/schema\/person\/f7024d007863202483a31326673a0838\",\"name\":\"editor\",\"sameAs\":[\"http:\/\/www.oarcanjo.net\"]}]}<\/script>\n<!-- \/ Yoast SEO plugin. -->","yoast_head_json":{"title":"Dom Helder, o m\u00edstico - O Arcanjo no ar","robots":{"index":"index","follow":"follow","max-snippet":"max-snippet:-1","max-image-preview":"max-image-preview:large","max-video-preview":"max-video-preview:-1"},"canonical":"https:\/\/www.oarcanjo.net\/site\/dom-helder-o-mistico\/","og_locale":"pt_BR","og_type":"article","og_title":"Dom Helder, o m\u00edstico - O Arcanjo no ar","og_description":"Pe Geovane Saraiva O m\u00edstico \u00e9 profundamente marcado pela gra\u00e7a de Deus com dons e talentos colocados a servi\u00e7o do pr\u00f3ximo. \u00c9 algu\u00e9m totalmente voltado para Deus e para a realidade com os p\u00e9s firmes no ch\u00e3o, com grande capacidade de perceber, de modo l\u00facido, os desafios, as exig\u00eancias e as dificuldades de seu tempo, [&hellip;]","og_url":"https:\/\/www.oarcanjo.net\/site\/dom-helder-o-mistico\/","og_site_name":"O Arcanjo no ar","article_publisher":"https:\/\/www.facebook.com\/OArcanjoNoAr\/","article_published_time":"2009-03-23T11:29:25+00:00","og_image":[{"width":300,"height":300,"url":"https:\/\/www.oarcanjo.net\/site\/wp-content\/uploads\/logo-o-arcanjo-no-ar-facebook.png","type":"image\/png"}],"author":"editor","twitter_card":"summary_large_image","twitter_misc":{"Escrito por":"editor","Est. tempo de leitura":"2 minutos"},"schema":{"@context":"https:\/\/schema.org","@graph":[{"@type":"Article","@id":"https:\/\/www.oarcanjo.net\/site\/dom-helder-o-mistico\/#article","isPartOf":{"@id":"https:\/\/www.oarcanjo.net\/site\/dom-helder-o-mistico\/"},"author":{"name":"editor","@id":"https:\/\/www.oarcanjo.net\/site\/#\/schema\/person\/f7024d007863202483a31326673a0838"},"headline":"Dom Helder, o m\u00edstico","datePublished":"2009-03-23T11:29:25+00:00","dateModified":"2009-03-23T11:29:25+00:00","mainEntityOfPage":{"@id":"https:\/\/www.oarcanjo.net\/site\/dom-helder-o-mistico\/"},"wordCount":439,"commentCount":0,"publisher":{"@id":"https:\/\/www.oarcanjo.net\/site\/#organization"},"keywords":["Dom Helder Camara","Jos\u00e9 Comblin","m\u00edstica"],"articleSection":["D. Helder C\u00e2mara"],"inLanguage":"pt-BR","potentialAction":[{"@type":"CommentAction","name":"Comment","target":["https:\/\/www.oarcanjo.net\/site\/dom-helder-o-mistico\/#respond"]}]},{"@type":"WebPage","@id":"https:\/\/www.oarcanjo.net\/site\/dom-helder-o-mistico\/","url":"https:\/\/www.oarcanjo.net\/site\/dom-helder-o-mistico\/","name":"Dom Helder, o m\u00edstico - O Arcanjo no ar","isPartOf":{"@id":"https:\/\/www.oarcanjo.net\/site\/#website"},"datePublished":"2009-03-23T11:29:25+00:00","dateModified":"2009-03-23T11:29:25+00:00","breadcrumb":{"@id":"https:\/\/www.oarcanjo.net\/site\/dom-helder-o-mistico\/#breadcrumb"},"inLanguage":"pt-BR","potentialAction":[{"@type":"ReadAction","target":["https:\/\/www.oarcanjo.net\/site\/dom-helder-o-mistico\/"]}]},{"@type":"BreadcrumbList","@id":"https:\/\/www.oarcanjo.net\/site\/dom-helder-o-mistico\/#breadcrumb","itemListElement":[{"@type":"ListItem","position":1,"name":"In\u00edcio","item":"https:\/\/www.oarcanjo.net\/site\/"},{"@type":"ListItem","position":2,"name":"Dom Helder, o m\u00edstico"}]},{"@type":"WebSite","@id":"https:\/\/www.oarcanjo.net\/site\/#website","url":"https:\/\/www.oarcanjo.net\/site\/","name":"O Arcanjo no ar","description":"Site da Par\u00f3quia S\u00e3o Miguel Arcanjo (Arquidiocese de SP)","publisher":{"@id":"https:\/\/www.oarcanjo.net\/site\/#organization"},"potentialAction":[{"@type":"SearchAction","target":{"@type":"EntryPoint","urlTemplate":"https:\/\/www.oarcanjo.net\/site\/?s={search_term_string}"},"query-input":{"@type":"PropertyValueSpecification","valueRequired":true,"valueName":"search_term_string"}}],"inLanguage":"pt-BR"},{"@type":"Organization","@id":"https:\/\/www.oarcanjo.net\/site\/#organization","name":"Par\u00f3quia S\u00e3o Miguel Arcanjo","url":"https:\/\/www.oarcanjo.net\/site\/","logo":{"@type":"ImageObject","inLanguage":"pt-BR","@id":"https:\/\/www.oarcanjo.net\/site\/#\/schema\/logo\/image\/","url":"https:\/\/www.oarcanjo.net\/site\/wp-content\/uploads\/LogoOArcanjo.png","contentUrl":"https:\/\/www.oarcanjo.net\/site\/wp-content\/uploads\/LogoOArcanjo.png","width":319,"height":99,"caption":"Par\u00f3quia S\u00e3o Miguel Arcanjo"},"image":{"@id":"https:\/\/www.oarcanjo.net\/site\/#\/schema\/logo\/image\/"},"sameAs":["https:\/\/www.facebook.com\/OArcanjoNoAr\/"]},{"@type":"Person","@id":"https:\/\/www.oarcanjo.net\/site\/#\/schema\/person\/f7024d007863202483a31326673a0838","name":"editor","sameAs":["http:\/\/www.oarcanjo.net"]}]}},"publishpress_future_action":{"enabled":false,"date":"2026-05-07 06:54:02","action":"category","newStatus":"draft","terms":[],"taxonomy":"category"},"publishpress_future_workflow_manual_trigger":{"enabledWorkflows":[]},"_links":{"self":[{"href":"https:\/\/www.oarcanjo.net\/site\/wp-json\/wp\/v2\/posts\/2499"}],"collection":[{"href":"https:\/\/www.oarcanjo.net\/site\/wp-json\/wp\/v2\/posts"}],"about":[{"href":"https:\/\/www.oarcanjo.net\/site\/wp-json\/wp\/v2\/types\/post"}],"author":[{"embeddable":true,"href":"https:\/\/www.oarcanjo.net\/site\/wp-json\/wp\/v2\/users\/5"}],"replies":[{"embeddable":true,"href":"https:\/\/www.oarcanjo.net\/site\/wp-json\/wp\/v2\/comments?post=2499"}],"version-history":[{"count":0,"href":"https:\/\/www.oarcanjo.net\/site\/wp-json\/wp\/v2\/posts\/2499\/revisions"}],"wp:attachment":[{"href":"https:\/\/www.oarcanjo.net\/site\/wp-json\/wp\/v2\/media?parent=2499"}],"wp:term":[{"taxonomy":"category","embeddable":true,"href":"https:\/\/www.oarcanjo.net\/site\/wp-json\/wp\/v2\/categories?post=2499"},{"taxonomy":"post_tag","embeddable":true,"href":"https:\/\/www.oarcanjo.net\/site\/wp-json\/wp\/v2\/tags?post=2499"}],"curies":[{"name":"wp","href":"https:\/\/api.w.org\/{rel}","templated":true}]}}