
{"id":2501,"date":"2009-03-23T08:30:58","date_gmt":"2009-03-23T11:30:58","guid":{"rendered":"http:\/\/www.oarcanjo.net\/site\/?p=2501"},"modified":"2009-03-23T08:30:58","modified_gmt":"2009-03-23T11:30:58","slug":"dom-erwin-krautler-recebe-condecoracao-da-austria","status":"publish","type":"post","link":"https:\/\/www.oarcanjo.net\/site\/dom-erwin-krautler-recebe-condecoracao-da-austria\/","title":{"rendered":"Dom Erwin Kr\u00e4utler recebe condecora\u00e7\u00e3o da \u00c1ustria"},"content":{"rendered":"<p>\nO Embaixador da \u00c1ustria, Hans-Peter Glanzer, entregar\u00e1 a Grande Ins\u00edgnia de Ouro com a Estrela da Ordem do M\u00e9rito por servi\u00e7os prestados \u00e0 Rep\u00fablica da \u00c1ustria ao Senhor Bispo Dom Erwin Kr\u00e4utler, que tamb\u00e9m e Presidente do Conselho Indigenista Mission\u00e1rio (CIMI), dia 18 de Mar\u00e7o de 2009. <\/p>\n<p>Essa importante condecora\u00e7\u00e3o foi concedida ao Bispo Dom Erwin Kr\u00e4utler pelo Presidente da Rep\u00fablica da \u00c1ustria pelo trabalho de uma vida em defesa dos povos ind\u00edgenas e da preserva\u00e7\u00e3o de seu territ\u00f3rio. <\/p>\n<p>Na metade dos anos sessenta, quando ainda era um jovem sacerdote e mission\u00e1rio, o Bispo Dom Erwin Kr\u00e4utler foi enviado, por sua Congrega\u00e7\u00e3o na Austria, \u00e0 regi\u00e3o do Baixo Xingu. Em 1980, o Papa Jo\u00e3o Paulo II nomeou-o Bispo. Em 1983, ele foi eleito, pela primeira vez, presidente do Conselho Indigenista Mission\u00e1rio, fun\u00e7\u00e3o que exerce hoje novamente. <\/p>\n<p>Ele atuou, em v\u00e1rias ocasi\u00f5es, como delegado da Confer\u00eancia Nacional dos Bispos do Brasil, onde atualmente integra a Comiss\u00e3o Episcopal de Pastoral para a Amaz\u00f4nia. Em todas essas fun\u00e7\u00f5es, o Bispo Dom Erwin Kr\u00e4utler engajou-se pelos direitos dos povos ind\u00edgenas, combatendo a destrui\u00e7\u00e3o de seus territ\u00f3rios, e empenhando-se para a preserva\u00e7\u00e3o da sua identidade cultural.<\/p>\n<p><em>Fonte: Revista Miss\u00f5es<\/em><\/p>\n<div id=\"themify_builder_content-2501\" data-postid=\"2501\" class=\"themify_builder_content themify_builder_content-2501 themify_builder themify_builder_front\">\n\t<\/div>\n<!-- \/themify_builder_content -->","protected":false},"excerpt":{"rendered":"<p>O Embaixador da \u00c1ustria, Hans-Peter Glanzer, entregar\u00e1 a Grande Ins\u00edgnia de Ouro com a Estrela da Ordem do M\u00e9rito por servi\u00e7os prestados \u00e0 Rep\u00fablica da \u00c1ustria ao Senhor Bispo Dom Erwin Kr\u00e4utler, que tamb\u00e9m e Presidente do Conselho Indigenista Mission\u00e1rio (CIMI), dia 18 de Mar\u00e7o de 2009. Essa importante condecora\u00e7\u00e3o foi concedida ao Bispo Dom [&hellip;]<\/p>\n","protected":false},"author":5,"featured_media":0,"comment_status":"open","ping_status":"open","sticky":false,"template":"","format":"standard","meta":{"ngg_post_thumbnail":0,"footnotes":""},"categories":[8],"tags":[400,63,399],"yoast_head":"<!-- This site is optimized with the Yoast SEO plugin v23.5 - https:\/\/yoast.com\/wordpress\/plugins\/seo\/ -->\n<title>Dom Erwin Kr\u00e4utler recebe condecora\u00e7\u00e3o da \u00c1ustria - O Arcanjo no ar<\/title>\n<meta name=\"robots\" content=\"index, follow, max-snippet:-1, max-image-preview:large, max-video-preview:-1\" \/>\n<link rel=\"canonical\" href=\"https:\/\/www.oarcanjo.net\/site\/dom-erwin-krautler-recebe-condecoracao-da-austria\/\" \/>\n<meta property=\"og:locale\" content=\"pt_BR\" \/>\n<meta property=\"og:type\" content=\"article\" \/>\n<meta property=\"og:title\" content=\"Dom Erwin Kr\u00e4utler recebe condecora\u00e7\u00e3o da \u00c1ustria - O Arcanjo no ar\" \/>\n<meta property=\"og:description\" content=\"O Embaixador da \u00c1ustria, Hans-Peter Glanzer, entregar\u00e1 a Grande Ins\u00edgnia de Ouro com a Estrela da Ordem do M\u00e9rito por servi\u00e7os prestados \u00e0 Rep\u00fablica da \u00c1ustria ao Senhor Bispo Dom Erwin Kr\u00e4utler, que tamb\u00e9m e Presidente do Conselho Indigenista Mission\u00e1rio (CIMI), dia 18 de Mar\u00e7o de 2009. Essa importante condecora\u00e7\u00e3o foi concedida ao Bispo Dom [&hellip;]\" \/>\n<meta property=\"og:url\" content=\"https:\/\/www.oarcanjo.net\/site\/dom-erwin-krautler-recebe-condecoracao-da-austria\/\" \/>\n<meta property=\"og:site_name\" content=\"O Arcanjo no ar\" \/>\n<meta property=\"article:publisher\" content=\"https:\/\/www.facebook.com\/OArcanjoNoAr\/\" \/>\n<meta property=\"article:published_time\" content=\"2009-03-23T11:30:58+00:00\" \/>\n<meta property=\"og:image\" content=\"https:\/\/www.oarcanjo.net\/site\/wp-content\/uploads\/logo-o-arcanjo-no-ar-facebook.png\" \/>\n\t<meta property=\"og:image:width\" content=\"300\" \/>\n\t<meta property=\"og:image:height\" content=\"300\" \/>\n\t<meta property=\"og:image:type\" content=\"image\/png\" \/>\n<meta name=\"author\" content=\"editor\" \/>\n<meta name=\"twitter:card\" content=\"summary_large_image\" \/>\n<meta name=\"twitter:label1\" content=\"Escrito por\" \/>\n\t<meta name=\"twitter:data1\" content=\"editor\" \/>\n\t<meta name=\"twitter:label2\" content=\"Est. tempo de leitura\" \/>\n\t<meta name=\"twitter:data2\" content=\"1 minuto\" \/>\n<script type=\"application\/ld+json\" class=\"yoast-schema-graph\">{\"@context\":\"https:\/\/schema.org\",\"@graph\":[{\"@type\":\"Article\",\"@id\":\"https:\/\/www.oarcanjo.net\/site\/dom-erwin-krautler-recebe-condecoracao-da-austria\/#article\",\"isPartOf\":{\"@id\":\"https:\/\/www.oarcanjo.net\/site\/dom-erwin-krautler-recebe-condecoracao-da-austria\/\"},\"author\":{\"name\":\"editor\",\"@id\":\"https:\/\/www.oarcanjo.net\/site\/#\/schema\/person\/f7024d007863202483a31326673a0838\"},\"headline\":\"Dom Erwin Kr\u00e4utler recebe condecora\u00e7\u00e3o da \u00c1ustria\",\"datePublished\":\"2009-03-23T11:30:58+00:00\",\"dateModified\":\"2009-03-23T11:30:58+00:00\",\"mainEntityOfPage\":{\"@id\":\"https:\/\/www.oarcanjo.net\/site\/dom-erwin-krautler-recebe-condecoracao-da-austria\/\"},\"wordCount\":230,\"commentCount\":0,\"publisher\":{\"@id\":\"https:\/\/www.oarcanjo.net\/site\/#organization\"},\"keywords\":[\"CIMI\",\"CNBB\",\"Dom Erwin Krautler\"],\"articleSection\":[\"Not\u00edcias\"],\"inLanguage\":\"pt-BR\",\"potentialAction\":[{\"@type\":\"CommentAction\",\"name\":\"Comment\",\"target\":[\"https:\/\/www.oarcanjo.net\/site\/dom-erwin-krautler-recebe-condecoracao-da-austria\/#respond\"]}]},{\"@type\":\"WebPage\",\"@id\":\"https:\/\/www.oarcanjo.net\/site\/dom-erwin-krautler-recebe-condecoracao-da-austria\/\",\"url\":\"https:\/\/www.oarcanjo.net\/site\/dom-erwin-krautler-recebe-condecoracao-da-austria\/\",\"name\":\"Dom Erwin Kr\u00e4utler recebe condecora\u00e7\u00e3o da \u00c1ustria - O Arcanjo no ar\",\"isPartOf\":{\"@id\":\"https:\/\/www.oarcanjo.net\/site\/#website\"},\"datePublished\":\"2009-03-23T11:30:58+00:00\",\"dateModified\":\"2009-03-23T11:30:58+00:00\",\"breadcrumb\":{\"@id\":\"https:\/\/www.oarcanjo.net\/site\/dom-erwin-krautler-recebe-condecoracao-da-austria\/#breadcrumb\"},\"inLanguage\":\"pt-BR\",\"potentialAction\":[{\"@type\":\"ReadAction\",\"target\":[\"https:\/\/www.oarcanjo.net\/site\/dom-erwin-krautler-recebe-condecoracao-da-austria\/\"]}]},{\"@type\":\"BreadcrumbList\",\"@id\":\"https:\/\/www.oarcanjo.net\/site\/dom-erwin-krautler-recebe-condecoracao-da-austria\/#breadcrumb\",\"itemListElement\":[{\"@type\":\"ListItem\",\"position\":1,\"name\":\"In\u00edcio\",\"item\":\"https:\/\/www.oarcanjo.net\/site\/\"},{\"@type\":\"ListItem\",\"position\":2,\"name\":\"Dom Erwin Kr\u00e4utler recebe condecora\u00e7\u00e3o da \u00c1ustria\"}]},{\"@type\":\"WebSite\",\"@id\":\"https:\/\/www.oarcanjo.net\/site\/#website\",\"url\":\"https:\/\/www.oarcanjo.net\/site\/\",\"name\":\"O Arcanjo no ar\",\"description\":\"Site da Par\u00f3quia S\u00e3o Miguel Arcanjo (Arquidiocese de SP)\",\"publisher\":{\"@id\":\"https:\/\/www.oarcanjo.net\/site\/#organization\"},\"potentialAction\":[{\"@type\":\"SearchAction\",\"target\":{\"@type\":\"EntryPoint\",\"urlTemplate\":\"https:\/\/www.oarcanjo.net\/site\/?s={search_term_string}\"},\"query-input\":{\"@type\":\"PropertyValueSpecification\",\"valueRequired\":true,\"valueName\":\"search_term_string\"}}],\"inLanguage\":\"pt-BR\"},{\"@type\":\"Organization\",\"@id\":\"https:\/\/www.oarcanjo.net\/site\/#organization\",\"name\":\"Par\u00f3quia S\u00e3o Miguel Arcanjo\",\"url\":\"https:\/\/www.oarcanjo.net\/site\/\",\"logo\":{\"@type\":\"ImageObject\",\"inLanguage\":\"pt-BR\",\"@id\":\"https:\/\/www.oarcanjo.net\/site\/#\/schema\/logo\/image\/\",\"url\":\"https:\/\/www.oarcanjo.net\/site\/wp-content\/uploads\/LogoOArcanjo.png\",\"contentUrl\":\"https:\/\/www.oarcanjo.net\/site\/wp-content\/uploads\/LogoOArcanjo.png\",\"width\":319,\"height\":99,\"caption\":\"Par\u00f3quia S\u00e3o Miguel Arcanjo\"},\"image\":{\"@id\":\"https:\/\/www.oarcanjo.net\/site\/#\/schema\/logo\/image\/\"},\"sameAs\":[\"https:\/\/www.facebook.com\/OArcanjoNoAr\/\"]},{\"@type\":\"Person\",\"@id\":\"https:\/\/www.oarcanjo.net\/site\/#\/schema\/person\/f7024d007863202483a31326673a0838\",\"name\":\"editor\",\"sameAs\":[\"http:\/\/www.oarcanjo.net\"]}]}<\/script>\n<!-- \/ Yoast SEO plugin. -->","yoast_head_json":{"title":"Dom Erwin Kr\u00e4utler recebe condecora\u00e7\u00e3o da \u00c1ustria - O Arcanjo no ar","robots":{"index":"index","follow":"follow","max-snippet":"max-snippet:-1","max-image-preview":"max-image-preview:large","max-video-preview":"max-video-preview:-1"},"canonical":"https:\/\/www.oarcanjo.net\/site\/dom-erwin-krautler-recebe-condecoracao-da-austria\/","og_locale":"pt_BR","og_type":"article","og_title":"Dom Erwin Kr\u00e4utler recebe condecora\u00e7\u00e3o da \u00c1ustria - O Arcanjo no ar","og_description":"O Embaixador da \u00c1ustria, Hans-Peter Glanzer, entregar\u00e1 a Grande Ins\u00edgnia de Ouro com a Estrela da Ordem do M\u00e9rito por servi\u00e7os prestados \u00e0 Rep\u00fablica da \u00c1ustria ao Senhor Bispo Dom Erwin Kr\u00e4utler, que tamb\u00e9m e Presidente do Conselho Indigenista Mission\u00e1rio (CIMI), dia 18 de Mar\u00e7o de 2009. Essa importante condecora\u00e7\u00e3o foi concedida ao Bispo Dom [&hellip;]","og_url":"https:\/\/www.oarcanjo.net\/site\/dom-erwin-krautler-recebe-condecoracao-da-austria\/","og_site_name":"O Arcanjo no ar","article_publisher":"https:\/\/www.facebook.com\/OArcanjoNoAr\/","article_published_time":"2009-03-23T11:30:58+00:00","og_image":[{"width":300,"height":300,"url":"https:\/\/www.oarcanjo.net\/site\/wp-content\/uploads\/logo-o-arcanjo-no-ar-facebook.png","type":"image\/png"}],"author":"editor","twitter_card":"summary_large_image","twitter_misc":{"Escrito por":"editor","Est. tempo de leitura":"1 minuto"},"schema":{"@context":"https:\/\/schema.org","@graph":[{"@type":"Article","@id":"https:\/\/www.oarcanjo.net\/site\/dom-erwin-krautler-recebe-condecoracao-da-austria\/#article","isPartOf":{"@id":"https:\/\/www.oarcanjo.net\/site\/dom-erwin-krautler-recebe-condecoracao-da-austria\/"},"author":{"name":"editor","@id":"https:\/\/www.oarcanjo.net\/site\/#\/schema\/person\/f7024d007863202483a31326673a0838"},"headline":"Dom Erwin Kr\u00e4utler recebe condecora\u00e7\u00e3o da \u00c1ustria","datePublished":"2009-03-23T11:30:58+00:00","dateModified":"2009-03-23T11:30:58+00:00","mainEntityOfPage":{"@id":"https:\/\/www.oarcanjo.net\/site\/dom-erwin-krautler-recebe-condecoracao-da-austria\/"},"wordCount":230,"commentCount":0,"publisher":{"@id":"https:\/\/www.oarcanjo.net\/site\/#organization"},"keywords":["CIMI","CNBB","Dom Erwin Krautler"],"articleSection":["Not\u00edcias"],"inLanguage":"pt-BR","potentialAction":[{"@type":"CommentAction","name":"Comment","target":["https:\/\/www.oarcanjo.net\/site\/dom-erwin-krautler-recebe-condecoracao-da-austria\/#respond"]}]},{"@type":"WebPage","@id":"https:\/\/www.oarcanjo.net\/site\/dom-erwin-krautler-recebe-condecoracao-da-austria\/","url":"https:\/\/www.oarcanjo.net\/site\/dom-erwin-krautler-recebe-condecoracao-da-austria\/","name":"Dom Erwin Kr\u00e4utler recebe condecora\u00e7\u00e3o da \u00c1ustria - O Arcanjo no ar","isPartOf":{"@id":"https:\/\/www.oarcanjo.net\/site\/#website"},"datePublished":"2009-03-23T11:30:58+00:00","dateModified":"2009-03-23T11:30:58+00:00","breadcrumb":{"@id":"https:\/\/www.oarcanjo.net\/site\/dom-erwin-krautler-recebe-condecoracao-da-austria\/#breadcrumb"},"inLanguage":"pt-BR","potentialAction":[{"@type":"ReadAction","target":["https:\/\/www.oarcanjo.net\/site\/dom-erwin-krautler-recebe-condecoracao-da-austria\/"]}]},{"@type":"BreadcrumbList","@id":"https:\/\/www.oarcanjo.net\/site\/dom-erwin-krautler-recebe-condecoracao-da-austria\/#breadcrumb","itemListElement":[{"@type":"ListItem","position":1,"name":"In\u00edcio","item":"https:\/\/www.oarcanjo.net\/site\/"},{"@type":"ListItem","position":2,"name":"Dom Erwin Kr\u00e4utler recebe condecora\u00e7\u00e3o da \u00c1ustria"}]},{"@type":"WebSite","@id":"https:\/\/www.oarcanjo.net\/site\/#website","url":"https:\/\/www.oarcanjo.net\/site\/","name":"O Arcanjo no ar","description":"Site da Par\u00f3quia S\u00e3o Miguel Arcanjo (Arquidiocese de SP)","publisher":{"@id":"https:\/\/www.oarcanjo.net\/site\/#organization"},"potentialAction":[{"@type":"SearchAction","target":{"@type":"EntryPoint","urlTemplate":"https:\/\/www.oarcanjo.net\/site\/?s={search_term_string}"},"query-input":{"@type":"PropertyValueSpecification","valueRequired":true,"valueName":"search_term_string"}}],"inLanguage":"pt-BR"},{"@type":"Organization","@id":"https:\/\/www.oarcanjo.net\/site\/#organization","name":"Par\u00f3quia S\u00e3o Miguel Arcanjo","url":"https:\/\/www.oarcanjo.net\/site\/","logo":{"@type":"ImageObject","inLanguage":"pt-BR","@id":"https:\/\/www.oarcanjo.net\/site\/#\/schema\/logo\/image\/","url":"https:\/\/www.oarcanjo.net\/site\/wp-content\/uploads\/LogoOArcanjo.png","contentUrl":"https:\/\/www.oarcanjo.net\/site\/wp-content\/uploads\/LogoOArcanjo.png","width":319,"height":99,"caption":"Par\u00f3quia S\u00e3o Miguel Arcanjo"},"image":{"@id":"https:\/\/www.oarcanjo.net\/site\/#\/schema\/logo\/image\/"},"sameAs":["https:\/\/www.facebook.com\/OArcanjoNoAr\/"]},{"@type":"Person","@id":"https:\/\/www.oarcanjo.net\/site\/#\/schema\/person\/f7024d007863202483a31326673a0838","name":"editor","sameAs":["http:\/\/www.oarcanjo.net"]}]}},"publishpress_future_action":{"enabled":false,"date":"2026-05-08 21:08:53","action":"category","newStatus":"draft","terms":[],"taxonomy":"category"},"publishpress_future_workflow_manual_trigger":{"enabledWorkflows":[]},"_links":{"self":[{"href":"https:\/\/www.oarcanjo.net\/site\/wp-json\/wp\/v2\/posts\/2501"}],"collection":[{"href":"https:\/\/www.oarcanjo.net\/site\/wp-json\/wp\/v2\/posts"}],"about":[{"href":"https:\/\/www.oarcanjo.net\/site\/wp-json\/wp\/v2\/types\/post"}],"author":[{"embeddable":true,"href":"https:\/\/www.oarcanjo.net\/site\/wp-json\/wp\/v2\/users\/5"}],"replies":[{"embeddable":true,"href":"https:\/\/www.oarcanjo.net\/site\/wp-json\/wp\/v2\/comments?post=2501"}],"version-history":[{"count":0,"href":"https:\/\/www.oarcanjo.net\/site\/wp-json\/wp\/v2\/posts\/2501\/revisions"}],"wp:attachment":[{"href":"https:\/\/www.oarcanjo.net\/site\/wp-json\/wp\/v2\/media?parent=2501"}],"wp:term":[{"taxonomy":"category","embeddable":true,"href":"https:\/\/www.oarcanjo.net\/site\/wp-json\/wp\/v2\/categories?post=2501"},{"taxonomy":"post_tag","embeddable":true,"href":"https:\/\/www.oarcanjo.net\/site\/wp-json\/wp\/v2\/tags?post=2501"}],"curies":[{"name":"wp","href":"https:\/\/api.w.org\/{rel}","templated":true}]}}