
{"id":251,"date":"2008-10-02T06:49:05","date_gmt":"2008-10-02T09:49:05","guid":{"rendered":"http:\/\/www.oarcanjo.net\/site\/?p=251"},"modified":"2008-12-10T09:11:09","modified_gmt":"2008-12-10T12:11:09","slug":"imagens-da-festa-da-sao-miguel","status":"publish","type":"post","link":"https:\/\/www.oarcanjo.net\/site\/imagens-da-festa-da-sao-miguel\/","title":{"rendered":"Imagens da festa de S\u00e3o Miguel"},"content":{"rendered":"<p>Veja as fotos da festa de S\u00e3o Miguel, realizada no \u00faltimo dia 29 de setembro, na par\u00f3quia S\u00e3o Miguel Arcanjo, em S\u00e3o Paulo, com missas presididas pelo cardeal arcebispo d. Odilo Pedro Scherer e pelo bispo auxiliar d. Pedro Luiz Stringhini:<\/p>\nngg_shortcode_0_placeholder<br \/>\n<em>Fotos: J. Pedro e Wanderley Oliveira<\/em><\/p>\n<div id=\"themify_builder_content-251\" data-postid=\"251\" class=\"themify_builder_content themify_builder_content-251 themify_builder themify_builder_front\">\n\t<\/div>\n<!-- \/themify_builder_content -->","protected":false},"excerpt":{"rendered":"<p>Veja as fotos da festa de S\u00e3o Miguel, realizada no \u00faltimo dia 29 de setembro, na par\u00f3quia S\u00e3o Miguel Arcanjo, em S\u00e3o Paulo, com missas presididas pelo cardeal arcebispo d. Odilo Pedro Scherer e pelo bispo auxiliar d. Pedro Luiz Stringhini: Fotos: J. Pedro e Wanderley Oliveira<\/p>\n","protected":false},"author":5,"featured_media":0,"comment_status":"open","ping_status":"open","sticky":false,"template":"","format":"standard","meta":{"ngg_post_thumbnail":0,"footnotes":""},"categories":[8],"tags":[],"yoast_head":"<!-- This site is optimized with the Yoast SEO plugin v23.5 - https:\/\/yoast.com\/wordpress\/plugins\/seo\/ -->\n<title>Imagens da festa de S\u00e3o Miguel - O Arcanjo no ar<\/title>\n<meta name=\"robots\" content=\"index, follow, max-snippet:-1, max-image-preview:large, max-video-preview:-1\" \/>\n<link rel=\"canonical\" href=\"https:\/\/www.oarcanjo.net\/site\/imagens-da-festa-da-sao-miguel\/\" \/>\n<meta property=\"og:locale\" content=\"pt_BR\" \/>\n<meta property=\"og:type\" content=\"article\" \/>\n<meta property=\"og:title\" content=\"Imagens da festa de S\u00e3o Miguel - O Arcanjo no ar\" \/>\n<meta property=\"og:description\" content=\"Veja as fotos da festa de S\u00e3o Miguel, realizada no \u00faltimo dia 29 de setembro, na par\u00f3quia S\u00e3o Miguel Arcanjo, em S\u00e3o Paulo, com missas presididas pelo cardeal arcebispo d. Odilo Pedro Scherer e pelo bispo auxiliar d. Pedro Luiz Stringhini: Fotos: J. Pedro e Wanderley Oliveira\" \/>\n<meta property=\"og:url\" content=\"https:\/\/www.oarcanjo.net\/site\/imagens-da-festa-da-sao-miguel\/\" \/>\n<meta property=\"og:site_name\" content=\"O Arcanjo no ar\" \/>\n<meta property=\"article:publisher\" content=\"https:\/\/www.facebook.com\/OArcanjoNoAr\/\" \/>\n<meta property=\"article:published_time\" content=\"2008-10-02T09:49:05+00:00\" \/>\n<meta property=\"article:modified_time\" content=\"2008-12-10T12:11:09+00:00\" \/>\n<meta property=\"og:image\" content=\"https:\/\/www.oarcanjo.net\/site\/wp-content\/uploads\/festa-sjudas-destaque4-150x150.jpg\" \/>\n<meta name=\"author\" content=\"editor\" \/>\n<meta name=\"twitter:card\" content=\"summary_large_image\" \/>\n<meta name=\"twitter:label1\" content=\"Escrito por\" \/>\n\t<meta name=\"twitter:data1\" content=\"editor\" \/>\n<script type=\"application\/ld+json\" class=\"yoast-schema-graph\">{\"@context\":\"https:\/\/schema.org\",\"@graph\":[{\"@type\":\"Article\",\"@id\":\"https:\/\/www.oarcanjo.net\/site\/imagens-da-festa-da-sao-miguel\/#article\",\"isPartOf\":{\"@id\":\"https:\/\/www.oarcanjo.net\/site\/imagens-da-festa-da-sao-miguel\/\"},\"author\":{\"name\":\"editor\",\"@id\":\"https:\/\/www.oarcanjo.net\/site\/#\/schema\/person\/f7024d007863202483a31326673a0838\"},\"headline\":\"Imagens da festa de S\u00e3o Miguel\",\"datePublished\":\"2008-10-02T09:49:05+00:00\",\"dateModified\":\"2008-12-10T12:11:09+00:00\",\"mainEntityOfPage\":{\"@id\":\"https:\/\/www.oarcanjo.net\/site\/imagens-da-festa-da-sao-miguel\/\"},\"wordCount\":58,\"commentCount\":9,\"publisher\":{\"@id\":\"https:\/\/www.oarcanjo.net\/site\/#organization\"},\"articleSection\":[\"Not\u00edcias\"],\"inLanguage\":\"pt-BR\",\"potentialAction\":[{\"@type\":\"CommentAction\",\"name\":\"Comment\",\"target\":[\"https:\/\/www.oarcanjo.net\/site\/imagens-da-festa-da-sao-miguel\/#respond\"]}]},{\"@type\":\"WebPage\",\"@id\":\"https:\/\/www.oarcanjo.net\/site\/imagens-da-festa-da-sao-miguel\/\",\"url\":\"https:\/\/www.oarcanjo.net\/site\/imagens-da-festa-da-sao-miguel\/\",\"name\":\"Imagens da festa de S\u00e3o Miguel - O Arcanjo no ar\",\"isPartOf\":{\"@id\":\"https:\/\/www.oarcanjo.net\/site\/#website\"},\"datePublished\":\"2008-10-02T09:49:05+00:00\",\"dateModified\":\"2008-12-10T12:11:09+00:00\",\"breadcrumb\":{\"@id\":\"https:\/\/www.oarcanjo.net\/site\/imagens-da-festa-da-sao-miguel\/#breadcrumb\"},\"inLanguage\":\"pt-BR\",\"potentialAction\":[{\"@type\":\"ReadAction\",\"target\":[\"https:\/\/www.oarcanjo.net\/site\/imagens-da-festa-da-sao-miguel\/\"]}]},{\"@type\":\"BreadcrumbList\",\"@id\":\"https:\/\/www.oarcanjo.net\/site\/imagens-da-festa-da-sao-miguel\/#breadcrumb\",\"itemListElement\":[{\"@type\":\"ListItem\",\"position\":1,\"name\":\"In\u00edcio\",\"item\":\"https:\/\/www.oarcanjo.net\/site\/\"},{\"@type\":\"ListItem\",\"position\":2,\"name\":\"Imagens da festa de S\u00e3o Miguel\"}]},{\"@type\":\"WebSite\",\"@id\":\"https:\/\/www.oarcanjo.net\/site\/#website\",\"url\":\"https:\/\/www.oarcanjo.net\/site\/\",\"name\":\"O Arcanjo no ar\",\"description\":\"Site da Par\u00f3quia S\u00e3o Miguel Arcanjo (Arquidiocese de SP)\",\"publisher\":{\"@id\":\"https:\/\/www.oarcanjo.net\/site\/#organization\"},\"potentialAction\":[{\"@type\":\"SearchAction\",\"target\":{\"@type\":\"EntryPoint\",\"urlTemplate\":\"https:\/\/www.oarcanjo.net\/site\/?s={search_term_string}\"},\"query-input\":{\"@type\":\"PropertyValueSpecification\",\"valueRequired\":true,\"valueName\":\"search_term_string\"}}],\"inLanguage\":\"pt-BR\"},{\"@type\":\"Organization\",\"@id\":\"https:\/\/www.oarcanjo.net\/site\/#organization\",\"name\":\"Par\u00f3quia S\u00e3o Miguel Arcanjo\",\"url\":\"https:\/\/www.oarcanjo.net\/site\/\",\"logo\":{\"@type\":\"ImageObject\",\"inLanguage\":\"pt-BR\",\"@id\":\"https:\/\/www.oarcanjo.net\/site\/#\/schema\/logo\/image\/\",\"url\":\"https:\/\/www.oarcanjo.net\/site\/wp-content\/uploads\/LogoOArcanjo.png\",\"contentUrl\":\"https:\/\/www.oarcanjo.net\/site\/wp-content\/uploads\/LogoOArcanjo.png\",\"width\":319,\"height\":99,\"caption\":\"Par\u00f3quia S\u00e3o Miguel Arcanjo\"},\"image\":{\"@id\":\"https:\/\/www.oarcanjo.net\/site\/#\/schema\/logo\/image\/\"},\"sameAs\":[\"https:\/\/www.facebook.com\/OArcanjoNoAr\/\"]},{\"@type\":\"Person\",\"@id\":\"https:\/\/www.oarcanjo.net\/site\/#\/schema\/person\/f7024d007863202483a31326673a0838\",\"name\":\"editor\",\"sameAs\":[\"http:\/\/www.oarcanjo.net\"]}]}<\/script>\n<!-- \/ Yoast SEO plugin. -->","yoast_head_json":{"title":"Imagens da festa de S\u00e3o Miguel - O Arcanjo no ar","robots":{"index":"index","follow":"follow","max-snippet":"max-snippet:-1","max-image-preview":"max-image-preview:large","max-video-preview":"max-video-preview:-1"},"canonical":"https:\/\/www.oarcanjo.net\/site\/imagens-da-festa-da-sao-miguel\/","og_locale":"pt_BR","og_type":"article","og_title":"Imagens da festa de S\u00e3o Miguel - O Arcanjo no ar","og_description":"Veja as fotos da festa de S\u00e3o Miguel, realizada no \u00faltimo dia 29 de setembro, na par\u00f3quia S\u00e3o Miguel Arcanjo, em S\u00e3o Paulo, com missas presididas pelo cardeal arcebispo d. Odilo Pedro Scherer e pelo bispo auxiliar d. Pedro Luiz Stringhini: Fotos: J. Pedro e Wanderley Oliveira","og_url":"https:\/\/www.oarcanjo.net\/site\/imagens-da-festa-da-sao-miguel\/","og_site_name":"O Arcanjo no ar","article_publisher":"https:\/\/www.facebook.com\/OArcanjoNoAr\/","article_published_time":"2008-10-02T09:49:05+00:00","article_modified_time":"2008-12-10T12:11:09+00:00","og_image":[{"url":"https:\/\/www.oarcanjo.net\/site\/wp-content\/uploads\/festa-sjudas-destaque4-150x150.jpg"}],"author":"editor","twitter_card":"summary_large_image","twitter_misc":{"Escrito por":"editor"},"schema":{"@context":"https:\/\/schema.org","@graph":[{"@type":"Article","@id":"https:\/\/www.oarcanjo.net\/site\/imagens-da-festa-da-sao-miguel\/#article","isPartOf":{"@id":"https:\/\/www.oarcanjo.net\/site\/imagens-da-festa-da-sao-miguel\/"},"author":{"name":"editor","@id":"https:\/\/www.oarcanjo.net\/site\/#\/schema\/person\/f7024d007863202483a31326673a0838"},"headline":"Imagens da festa de S\u00e3o Miguel","datePublished":"2008-10-02T09:49:05+00:00","dateModified":"2008-12-10T12:11:09+00:00","mainEntityOfPage":{"@id":"https:\/\/www.oarcanjo.net\/site\/imagens-da-festa-da-sao-miguel\/"},"wordCount":58,"commentCount":9,"publisher":{"@id":"https:\/\/www.oarcanjo.net\/site\/#organization"},"articleSection":["Not\u00edcias"],"inLanguage":"pt-BR","potentialAction":[{"@type":"CommentAction","name":"Comment","target":["https:\/\/www.oarcanjo.net\/site\/imagens-da-festa-da-sao-miguel\/#respond"]}]},{"@type":"WebPage","@id":"https:\/\/www.oarcanjo.net\/site\/imagens-da-festa-da-sao-miguel\/","url":"https:\/\/www.oarcanjo.net\/site\/imagens-da-festa-da-sao-miguel\/","name":"Imagens da festa de S\u00e3o Miguel - O Arcanjo no ar","isPartOf":{"@id":"https:\/\/www.oarcanjo.net\/site\/#website"},"datePublished":"2008-10-02T09:49:05+00:00","dateModified":"2008-12-10T12:11:09+00:00","breadcrumb":{"@id":"https:\/\/www.oarcanjo.net\/site\/imagens-da-festa-da-sao-miguel\/#breadcrumb"},"inLanguage":"pt-BR","potentialAction":[{"@type":"ReadAction","target":["https:\/\/www.oarcanjo.net\/site\/imagens-da-festa-da-sao-miguel\/"]}]},{"@type":"BreadcrumbList","@id":"https:\/\/www.oarcanjo.net\/site\/imagens-da-festa-da-sao-miguel\/#breadcrumb","itemListElement":[{"@type":"ListItem","position":1,"name":"In\u00edcio","item":"https:\/\/www.oarcanjo.net\/site\/"},{"@type":"ListItem","position":2,"name":"Imagens da festa de S\u00e3o Miguel"}]},{"@type":"WebSite","@id":"https:\/\/www.oarcanjo.net\/site\/#website","url":"https:\/\/www.oarcanjo.net\/site\/","name":"O Arcanjo no ar","description":"Site da Par\u00f3quia S\u00e3o Miguel Arcanjo (Arquidiocese de SP)","publisher":{"@id":"https:\/\/www.oarcanjo.net\/site\/#organization"},"potentialAction":[{"@type":"SearchAction","target":{"@type":"EntryPoint","urlTemplate":"https:\/\/www.oarcanjo.net\/site\/?s={search_term_string}"},"query-input":{"@type":"PropertyValueSpecification","valueRequired":true,"valueName":"search_term_string"}}],"inLanguage":"pt-BR"},{"@type":"Organization","@id":"https:\/\/www.oarcanjo.net\/site\/#organization","name":"Par\u00f3quia S\u00e3o Miguel Arcanjo","url":"https:\/\/www.oarcanjo.net\/site\/","logo":{"@type":"ImageObject","inLanguage":"pt-BR","@id":"https:\/\/www.oarcanjo.net\/site\/#\/schema\/logo\/image\/","url":"https:\/\/www.oarcanjo.net\/site\/wp-content\/uploads\/LogoOArcanjo.png","contentUrl":"https:\/\/www.oarcanjo.net\/site\/wp-content\/uploads\/LogoOArcanjo.png","width":319,"height":99,"caption":"Par\u00f3quia S\u00e3o Miguel Arcanjo"},"image":{"@id":"https:\/\/www.oarcanjo.net\/site\/#\/schema\/logo\/image\/"},"sameAs":["https:\/\/www.facebook.com\/OArcanjoNoAr\/"]},{"@type":"Person","@id":"https:\/\/www.oarcanjo.net\/site\/#\/schema\/person\/f7024d007863202483a31326673a0838","name":"editor","sameAs":["http:\/\/www.oarcanjo.net"]}]}},"publishpress_future_action":{"enabled":false,"date":"2026-05-08 16:57:19","action":"category","newStatus":"draft","terms":[],"taxonomy":"category"},"publishpress_future_workflow_manual_trigger":{"enabledWorkflows":[]},"_links":{"self":[{"href":"https:\/\/www.oarcanjo.net\/site\/wp-json\/wp\/v2\/posts\/251"}],"collection":[{"href":"https:\/\/www.oarcanjo.net\/site\/wp-json\/wp\/v2\/posts"}],"about":[{"href":"https:\/\/www.oarcanjo.net\/site\/wp-json\/wp\/v2\/types\/post"}],"author":[{"embeddable":true,"href":"https:\/\/www.oarcanjo.net\/site\/wp-json\/wp\/v2\/users\/5"}],"replies":[{"embeddable":true,"href":"https:\/\/www.oarcanjo.net\/site\/wp-json\/wp\/v2\/comments?post=251"}],"version-history":[{"count":0,"href":"https:\/\/www.oarcanjo.net\/site\/wp-json\/wp\/v2\/posts\/251\/revisions"}],"wp:attachment":[{"href":"https:\/\/www.oarcanjo.net\/site\/wp-json\/wp\/v2\/media?parent=251"}],"wp:term":[{"taxonomy":"category","embeddable":true,"href":"https:\/\/www.oarcanjo.net\/site\/wp-json\/wp\/v2\/categories?post=251"},{"taxonomy":"post_tag","embeddable":true,"href":"https:\/\/www.oarcanjo.net\/site\/wp-json\/wp\/v2\/tags?post=251"}],"curies":[{"name":"wp","href":"https:\/\/api.w.org\/{rel}","templated":true}]}}