
{"id":2519,"date":"2009-03-24T09:13:08","date_gmt":"2009-03-24T12:13:08","guid":{"rendered":"http:\/\/www.oarcanjo.net\/site\/?p=2519"},"modified":"2009-04-10T13:40:58","modified_gmt":"2009-04-10T16:40:58","slug":"doscar-romero-bispo-e-martir","status":"publish","type":"post","link":"https:\/\/www.oarcanjo.net\/site\/doscar-romero-bispo-e-martir\/","title":{"rendered":"D. Oscar Romero, Bispo e M\u00e1rtir"},"content":{"rendered":"<p>24 de mar\u00e7o de 1980 \u00e9 a data da mart\u00edrio de D. Oscar Romero, arcebispo de San Salvador na Am\u00e9rica Central.<\/p>\n<p>Martirizado no altar enquanto celebrava a missa, por sua op\u00e7\u00e3o e defesa dos pobres declarou:<\/p>\n<p><em>Se me matarem ressuscitarei na luta do povo salvadorenho.<\/em><\/p>\n<p>D. Romero \u00e9 mem\u00f3ria preciosa na caminhada da Igreja Latino Americana comprometida com os empobrecidos e exclu\u00eddos.<\/p>\n<p>D. Romero declarou: Nos perseguem por nossa op\u00e7\u00e3o pelos pobres!<\/p>\n<p>A vida de D.Romero \u00e9 o exemplo mais forte de compromisso pastoral e da coragem de DAR A VIDA pelo seu rebanho e de levar at\u00e9 as \u00faltimas consequ\u00eancias as escolhas feitas por Amor.<\/p>\n<p>A minha gera\u00e7\u00e3o foi muito marcada pelo seu exemplo e fidelidade, D. Romero tornou-se para n\u00f3s um \u00edcone, um testemunho do seguimento de JESUS no meio dos conflitos que exigem tomada de posi\u00e7\u00e3o em defesa da VIDA dos enfraquecidos e explorados.<\/p>\n<p>Nossas comunidade jamais esquecer\u00e3o suas palavras e ensinamentos.<\/p>\n<p>A vida de D. Romero foi transformada pela vida de seu povo, como Bispo assumiu as dores de seu povo como suas dores, foi sinal de esperan\u00e7a e resist\u00eancia, foi chamado &#8220;A voz dos sem voz&#8221;!<\/p>\n<p>No dia da mem\u00f3ria do seu mart\u00edrio o seu nome continua a brilhar no continente Latino Americano e em toda a Igreja que insiste em reconhecer nos desvalidos o rosto do SENHOR JESUS.<\/p>\n<hr \/>\n<p>Assista abaixo a uma sele\u00e7\u00e3o de v\u00eddeos sobre D. Oscar Romero:<\/p>\n<p><object width=\"445\" height=\"364\"><param name=\"movie\" value=\"http:\/\/www.youtube.com\/v\/b4hiVfbx0ns&#038;hl=pt-br&#038;fs=1&#038;color1=0xe1600f&#038;color2=0xfebd01&#038;border=1&#038;rel=0\"><\/param><param name=\"allowFullScreen\" value=\"true\"><\/param><param name=\"allowscriptaccess\" value=\"always\"><\/param><embed src=\"http:\/\/www.youtube.com\/v\/b4hiVfbx0ns&#038;hl=pt-br&#038;fs=1&#038;color1=0xe1600f&#038;color2=0xfebd01&#038;border=1&#038;rel=0\" type=\"application\/x-shockwave-flash\" allowscriptaccess=\"always\" allowfullscreen=\"true\" width=\"445\" height=\"364\"><\/embed><\/object><\/p>\n<p><object width=\"445\" height=\"364\"><param name=\"movie\" value=\"http:\/\/www.youtube.com\/v\/bD_UWbq4i2E&#038;hl=pt-br&#038;fs=1&#038;color1=0xe1600f&#038;color2=0xfebd01&#038;border=1&#038;rel=0\"><\/param><param name=\"allowFullScreen\" value=\"true\"><\/param><param name=\"allowscriptaccess\" value=\"always\"><\/param><embed src=\"http:\/\/www.youtube.com\/v\/bD_UWbq4i2E&#038;hl=pt-br&#038;fs=1&#038;color1=0xe1600f&#038;color2=0xfebd01&#038;border=1&#038;rel=0\" type=\"application\/x-shockwave-flash\" allowscriptaccess=\"always\" allowfullscreen=\"true\" width=\"445\" height=\"364\"><\/embed><\/object><\/p>\n<p><object width=\"445\" height=\"364\"><param name=\"movie\" value=\"http:\/\/www.youtube.com\/v\/kjAOpV_UtKc&#038;hl=pt-br&#038;fs=1&#038;color1=0xe1600f&#038;color2=0xfebd01&#038;border=1&#038;rel=0\"><\/param><param name=\"allowFullScreen\" value=\"true\"><\/param><param name=\"allowscriptaccess\" value=\"always\"><\/param><embed src=\"http:\/\/www.youtube.com\/v\/kjAOpV_UtKc&#038;hl=pt-br&#038;fs=1&#038;color1=0xe1600f&#038;color2=0xfebd01&#038;border=1&#038;rel=0\" type=\"application\/x-shockwave-flash\" allowscriptaccess=\"always\" allowfullscreen=\"true\" width=\"445\" height=\"364\"><\/embed><\/object><\/p>\n<p><object width=\"445\" height=\"364\"><param name=\"movie\" value=\"http:\/\/www.youtube.com\/v\/HzolVOuD1j8&#038;hl=pt-br&#038;fs=1&#038;color1=0xe1600f&#038;color2=0xfebd01&#038;border=1&#038;rel=0\"><\/param><param name=\"allowFullScreen\" value=\"true\"><\/param><param name=\"allowscriptaccess\" value=\"always\"><\/param><embed src=\"http:\/\/www.youtube.com\/v\/HzolVOuD1j8&#038;hl=pt-br&#038;fs=1&#038;color1=0xe1600f&#038;color2=0xfebd01&#038;border=1&#038;rel=0\" type=\"application\/x-shockwave-flash\" allowscriptaccess=\"always\" allowfullscreen=\"true\" width=\"445\" height=\"364\"><\/embed><\/object><\/p>\n<p><object width=\"445\" height=\"364\"><param name=\"movie\" value=\"http:\/\/www.youtube.com\/v\/DsuIuEqKT9M&#038;hl=pt-br&#038;fs=1&#038;color1=0xe1600f&#038;color2=0xfebd01&#038;border=1&#038;rel=0\"><\/param><param name=\"allowFullScreen\" value=\"true\"><\/param><param name=\"allowscriptaccess\" value=\"always\"><\/param><embed src=\"http:\/\/www.youtube.com\/v\/DsuIuEqKT9M&#038;hl=pt-br&#038;fs=1&#038;color1=0xe1600f&#038;color2=0xfebd01&#038;border=1&#038;rel=0\" type=\"application\/x-shockwave-flash\" allowscriptaccess=\"always\" allowfullscreen=\"true\" width=\"445\" height=\"364\"><\/embed><\/object><\/p>\n<div id=\"themify_builder_content-2519\" data-postid=\"2519\" class=\"themify_builder_content themify_builder_content-2519 themify_builder themify_builder_front\">\n\t<\/div>\n<!-- \/themify_builder_content -->","protected":false},"excerpt":{"rendered":"<p>24 de mar\u00e7o de 1980 \u00e9 a data da mart\u00edrio de D. Oscar Romero, arcebispo de San Salvador na Am\u00e9rica Central. Martirizado no altar enquanto celebrava a missa, por sua op\u00e7\u00e3o e defesa dos pobres declarou: Se me matarem ressuscitarei na luta do povo salvadorenho. D. Romero \u00e9 mem\u00f3ria preciosa na caminhada da Igreja Latino [&hellip;]<\/p>\n","protected":false},"author":4,"featured_media":0,"comment_status":"open","ping_status":"open","sticky":false,"template":"","format":"standard","meta":{"ngg_post_thumbnail":0,"footnotes":""},"categories":[4,479,280],"tags":[388,381,252,187],"yoast_head":"<!-- This site is optimized with the Yoast SEO plugin v23.5 - https:\/\/yoast.com\/wordpress\/plugins\/seo\/ -->\n<title>D. Oscar Romero, Bispo e M\u00e1rtir - O Arcanjo no ar<\/title>\n<meta name=\"robots\" content=\"index, follow, max-snippet:-1, max-image-preview:large, max-video-preview:-1\" \/>\n<link rel=\"canonical\" href=\"https:\/\/www.oarcanjo.net\/site\/doscar-romero-bispo-e-martir\/\" \/>\n<meta property=\"og:locale\" content=\"pt_BR\" \/>\n<meta property=\"og:type\" content=\"article\" \/>\n<meta property=\"og:title\" content=\"D. Oscar Romero, Bispo e M\u00e1rtir - O Arcanjo no ar\" \/>\n<meta property=\"og:description\" content=\"24 de mar\u00e7o de 1980 \u00e9 a data da mart\u00edrio de D. Oscar Romero, arcebispo de San Salvador na Am\u00e9rica Central. Martirizado no altar enquanto celebrava a missa, por sua op\u00e7\u00e3o e defesa dos pobres declarou: Se me matarem ressuscitarei na luta do povo salvadorenho. D. Romero \u00e9 mem\u00f3ria preciosa na caminhada da Igreja Latino [&hellip;]\" \/>\n<meta property=\"og:url\" content=\"https:\/\/www.oarcanjo.net\/site\/doscar-romero-bispo-e-martir\/\" \/>\n<meta property=\"og:site_name\" content=\"O Arcanjo no ar\" \/>\n<meta property=\"article:publisher\" content=\"https:\/\/www.facebook.com\/OArcanjoNoAr\/\" \/>\n<meta property=\"article:published_time\" content=\"2009-03-24T12:13:08+00:00\" \/>\n<meta property=\"article:modified_time\" content=\"2009-04-10T16:40:58+00:00\" \/>\n<meta property=\"og:image\" content=\"https:\/\/www.oarcanjo.net\/site\/wp-content\/uploads\/logo-o-arcanjo-no-ar-facebook.png\" \/>\n\t<meta property=\"og:image:width\" content=\"300\" \/>\n\t<meta property=\"og:image:height\" content=\"300\" \/>\n\t<meta property=\"og:image:type\" content=\"image\/png\" \/>\n<meta name=\"author\" content=\"julio\" \/>\n<meta name=\"twitter:card\" content=\"summary_large_image\" \/>\n<meta name=\"twitter:label1\" content=\"Escrito por\" \/>\n\t<meta name=\"twitter:data1\" content=\"julio\" \/>\n\t<meta name=\"twitter:label2\" content=\"Est. tempo de leitura\" \/>\n\t<meta name=\"twitter:data2\" content=\"1 minuto\" \/>\n<script type=\"application\/ld+json\" class=\"yoast-schema-graph\">{\"@context\":\"https:\/\/schema.org\",\"@graph\":[{\"@type\":\"Article\",\"@id\":\"https:\/\/www.oarcanjo.net\/site\/doscar-romero-bispo-e-martir\/#article\",\"isPartOf\":{\"@id\":\"https:\/\/www.oarcanjo.net\/site\/doscar-romero-bispo-e-martir\/\"},\"author\":{\"name\":\"julio\",\"@id\":\"https:\/\/www.oarcanjo.net\/site\/#\/schema\/person\/d78ea01c648c91e29c364b516767079e\"},\"headline\":\"D. Oscar Romero, Bispo e M\u00e1rtir\",\"datePublished\":\"2009-03-24T12:13:08+00:00\",\"dateModified\":\"2009-04-10T16:40:58+00:00\",\"mainEntityOfPage\":{\"@id\":\"https:\/\/www.oarcanjo.net\/site\/doscar-romero-bispo-e-martir\/\"},\"wordCount\":256,\"commentCount\":11,\"publisher\":{\"@id\":\"https:\/\/www.oarcanjo.net\/site\/#organization\"},\"keywords\":[\"Am\u00e9rica Latina\",\"D. Oscar Romero\",\"m\u00e1rtir\",\"profeta\"],\"articleSection\":[\"Blog\",\"D. Oscar Romero\",\"V\u00eddeos\"],\"inLanguage\":\"pt-BR\",\"potentialAction\":[{\"@type\":\"CommentAction\",\"name\":\"Comment\",\"target\":[\"https:\/\/www.oarcanjo.net\/site\/doscar-romero-bispo-e-martir\/#respond\"]}]},{\"@type\":\"WebPage\",\"@id\":\"https:\/\/www.oarcanjo.net\/site\/doscar-romero-bispo-e-martir\/\",\"url\":\"https:\/\/www.oarcanjo.net\/site\/doscar-romero-bispo-e-martir\/\",\"name\":\"D. Oscar Romero, Bispo e M\u00e1rtir - O Arcanjo no ar\",\"isPartOf\":{\"@id\":\"https:\/\/www.oarcanjo.net\/site\/#website\"},\"datePublished\":\"2009-03-24T12:13:08+00:00\",\"dateModified\":\"2009-04-10T16:40:58+00:00\",\"breadcrumb\":{\"@id\":\"https:\/\/www.oarcanjo.net\/site\/doscar-romero-bispo-e-martir\/#breadcrumb\"},\"inLanguage\":\"pt-BR\",\"potentialAction\":[{\"@type\":\"ReadAction\",\"target\":[\"https:\/\/www.oarcanjo.net\/site\/doscar-romero-bispo-e-martir\/\"]}]},{\"@type\":\"BreadcrumbList\",\"@id\":\"https:\/\/www.oarcanjo.net\/site\/doscar-romero-bispo-e-martir\/#breadcrumb\",\"itemListElement\":[{\"@type\":\"ListItem\",\"position\":1,\"name\":\"In\u00edcio\",\"item\":\"https:\/\/www.oarcanjo.net\/site\/\"},{\"@type\":\"ListItem\",\"position\":2,\"name\":\"D. Oscar Romero, Bispo e M\u00e1rtir\"}]},{\"@type\":\"WebSite\",\"@id\":\"https:\/\/www.oarcanjo.net\/site\/#website\",\"url\":\"https:\/\/www.oarcanjo.net\/site\/\",\"name\":\"O Arcanjo no ar\",\"description\":\"Site da Par\u00f3quia S\u00e3o Miguel Arcanjo (Arquidiocese de SP)\",\"publisher\":{\"@id\":\"https:\/\/www.oarcanjo.net\/site\/#organization\"},\"potentialAction\":[{\"@type\":\"SearchAction\",\"target\":{\"@type\":\"EntryPoint\",\"urlTemplate\":\"https:\/\/www.oarcanjo.net\/site\/?s={search_term_string}\"},\"query-input\":{\"@type\":\"PropertyValueSpecification\",\"valueRequired\":true,\"valueName\":\"search_term_string\"}}],\"inLanguage\":\"pt-BR\"},{\"@type\":\"Organization\",\"@id\":\"https:\/\/www.oarcanjo.net\/site\/#organization\",\"name\":\"Par\u00f3quia S\u00e3o Miguel Arcanjo\",\"url\":\"https:\/\/www.oarcanjo.net\/site\/\",\"logo\":{\"@type\":\"ImageObject\",\"inLanguage\":\"pt-BR\",\"@id\":\"https:\/\/www.oarcanjo.net\/site\/#\/schema\/logo\/image\/\",\"url\":\"https:\/\/www.oarcanjo.net\/site\/wp-content\/uploads\/LogoOArcanjo.png\",\"contentUrl\":\"https:\/\/www.oarcanjo.net\/site\/wp-content\/uploads\/LogoOArcanjo.png\",\"width\":319,\"height\":99,\"caption\":\"Par\u00f3quia S\u00e3o Miguel Arcanjo\"},\"image\":{\"@id\":\"https:\/\/www.oarcanjo.net\/site\/#\/schema\/logo\/image\/\"},\"sameAs\":[\"https:\/\/www.facebook.com\/OArcanjoNoAr\/\"]},{\"@type\":\"Person\",\"@id\":\"https:\/\/www.oarcanjo.net\/site\/#\/schema\/person\/d78ea01c648c91e29c364b516767079e\",\"name\":\"julio\",\"sameAs\":[\"http:\/\/www.oarcanjo.net\"]}]}<\/script>\n<!-- \/ Yoast SEO plugin. -->","yoast_head_json":{"title":"D. Oscar Romero, Bispo e M\u00e1rtir - O Arcanjo no ar","robots":{"index":"index","follow":"follow","max-snippet":"max-snippet:-1","max-image-preview":"max-image-preview:large","max-video-preview":"max-video-preview:-1"},"canonical":"https:\/\/www.oarcanjo.net\/site\/doscar-romero-bispo-e-martir\/","og_locale":"pt_BR","og_type":"article","og_title":"D. Oscar Romero, Bispo e M\u00e1rtir - O Arcanjo no ar","og_description":"24 de mar\u00e7o de 1980 \u00e9 a data da mart\u00edrio de D. Oscar Romero, arcebispo de San Salvador na Am\u00e9rica Central. Martirizado no altar enquanto celebrava a missa, por sua op\u00e7\u00e3o e defesa dos pobres declarou: Se me matarem ressuscitarei na luta do povo salvadorenho. D. Romero \u00e9 mem\u00f3ria preciosa na caminhada da Igreja Latino [&hellip;]","og_url":"https:\/\/www.oarcanjo.net\/site\/doscar-romero-bispo-e-martir\/","og_site_name":"O Arcanjo no ar","article_publisher":"https:\/\/www.facebook.com\/OArcanjoNoAr\/","article_published_time":"2009-03-24T12:13:08+00:00","article_modified_time":"2009-04-10T16:40:58+00:00","og_image":[{"width":300,"height":300,"url":"https:\/\/www.oarcanjo.net\/site\/wp-content\/uploads\/logo-o-arcanjo-no-ar-facebook.png","type":"image\/png"}],"author":"julio","twitter_card":"summary_large_image","twitter_misc":{"Escrito por":"julio","Est. tempo de leitura":"1 minuto"},"schema":{"@context":"https:\/\/schema.org","@graph":[{"@type":"Article","@id":"https:\/\/www.oarcanjo.net\/site\/doscar-romero-bispo-e-martir\/#article","isPartOf":{"@id":"https:\/\/www.oarcanjo.net\/site\/doscar-romero-bispo-e-martir\/"},"author":{"name":"julio","@id":"https:\/\/www.oarcanjo.net\/site\/#\/schema\/person\/d78ea01c648c91e29c364b516767079e"},"headline":"D. Oscar Romero, Bispo e M\u00e1rtir","datePublished":"2009-03-24T12:13:08+00:00","dateModified":"2009-04-10T16:40:58+00:00","mainEntityOfPage":{"@id":"https:\/\/www.oarcanjo.net\/site\/doscar-romero-bispo-e-martir\/"},"wordCount":256,"commentCount":11,"publisher":{"@id":"https:\/\/www.oarcanjo.net\/site\/#organization"},"keywords":["Am\u00e9rica Latina","D. Oscar Romero","m\u00e1rtir","profeta"],"articleSection":["Blog","D. Oscar Romero","V\u00eddeos"],"inLanguage":"pt-BR","potentialAction":[{"@type":"CommentAction","name":"Comment","target":["https:\/\/www.oarcanjo.net\/site\/doscar-romero-bispo-e-martir\/#respond"]}]},{"@type":"WebPage","@id":"https:\/\/www.oarcanjo.net\/site\/doscar-romero-bispo-e-martir\/","url":"https:\/\/www.oarcanjo.net\/site\/doscar-romero-bispo-e-martir\/","name":"D. Oscar Romero, Bispo e M\u00e1rtir - O Arcanjo no ar","isPartOf":{"@id":"https:\/\/www.oarcanjo.net\/site\/#website"},"datePublished":"2009-03-24T12:13:08+00:00","dateModified":"2009-04-10T16:40:58+00:00","breadcrumb":{"@id":"https:\/\/www.oarcanjo.net\/site\/doscar-romero-bispo-e-martir\/#breadcrumb"},"inLanguage":"pt-BR","potentialAction":[{"@type":"ReadAction","target":["https:\/\/www.oarcanjo.net\/site\/doscar-romero-bispo-e-martir\/"]}]},{"@type":"BreadcrumbList","@id":"https:\/\/www.oarcanjo.net\/site\/doscar-romero-bispo-e-martir\/#breadcrumb","itemListElement":[{"@type":"ListItem","position":1,"name":"In\u00edcio","item":"https:\/\/www.oarcanjo.net\/site\/"},{"@type":"ListItem","position":2,"name":"D. Oscar Romero, Bispo e M\u00e1rtir"}]},{"@type":"WebSite","@id":"https:\/\/www.oarcanjo.net\/site\/#website","url":"https:\/\/www.oarcanjo.net\/site\/","name":"O Arcanjo no ar","description":"Site da Par\u00f3quia S\u00e3o Miguel Arcanjo (Arquidiocese de SP)","publisher":{"@id":"https:\/\/www.oarcanjo.net\/site\/#organization"},"potentialAction":[{"@type":"SearchAction","target":{"@type":"EntryPoint","urlTemplate":"https:\/\/www.oarcanjo.net\/site\/?s={search_term_string}"},"query-input":{"@type":"PropertyValueSpecification","valueRequired":true,"valueName":"search_term_string"}}],"inLanguage":"pt-BR"},{"@type":"Organization","@id":"https:\/\/www.oarcanjo.net\/site\/#organization","name":"Par\u00f3quia S\u00e3o Miguel Arcanjo","url":"https:\/\/www.oarcanjo.net\/site\/","logo":{"@type":"ImageObject","inLanguage":"pt-BR","@id":"https:\/\/www.oarcanjo.net\/site\/#\/schema\/logo\/image\/","url":"https:\/\/www.oarcanjo.net\/site\/wp-content\/uploads\/LogoOArcanjo.png","contentUrl":"https:\/\/www.oarcanjo.net\/site\/wp-content\/uploads\/LogoOArcanjo.png","width":319,"height":99,"caption":"Par\u00f3quia S\u00e3o Miguel Arcanjo"},"image":{"@id":"https:\/\/www.oarcanjo.net\/site\/#\/schema\/logo\/image\/"},"sameAs":["https:\/\/www.facebook.com\/OArcanjoNoAr\/"]},{"@type":"Person","@id":"https:\/\/www.oarcanjo.net\/site\/#\/schema\/person\/d78ea01c648c91e29c364b516767079e","name":"julio","sameAs":["http:\/\/www.oarcanjo.net"]}]}},"publishpress_future_action":{"enabled":false,"date":"2026-05-07 04:12:51","action":"category","newStatus":"draft","terms":[],"taxonomy":"category"},"publishpress_future_workflow_manual_trigger":{"enabledWorkflows":[]},"_links":{"self":[{"href":"https:\/\/www.oarcanjo.net\/site\/wp-json\/wp\/v2\/posts\/2519"}],"collection":[{"href":"https:\/\/www.oarcanjo.net\/site\/wp-json\/wp\/v2\/posts"}],"about":[{"href":"https:\/\/www.oarcanjo.net\/site\/wp-json\/wp\/v2\/types\/post"}],"author":[{"embeddable":true,"href":"https:\/\/www.oarcanjo.net\/site\/wp-json\/wp\/v2\/users\/4"}],"replies":[{"embeddable":true,"href":"https:\/\/www.oarcanjo.net\/site\/wp-json\/wp\/v2\/comments?post=2519"}],"version-history":[{"count":0,"href":"https:\/\/www.oarcanjo.net\/site\/wp-json\/wp\/v2\/posts\/2519\/revisions"}],"wp:attachment":[{"href":"https:\/\/www.oarcanjo.net\/site\/wp-json\/wp\/v2\/media?parent=2519"}],"wp:term":[{"taxonomy":"category","embeddable":true,"href":"https:\/\/www.oarcanjo.net\/site\/wp-json\/wp\/v2\/categories?post=2519"},{"taxonomy":"post_tag","embeddable":true,"href":"https:\/\/www.oarcanjo.net\/site\/wp-json\/wp\/v2\/tags?post=2519"}],"curies":[{"name":"wp","href":"https:\/\/api.w.org\/{rel}","templated":true}]}}