
{"id":25209,"date":"2014-04-14T15:35:23","date_gmt":"2014-04-14T18:35:23","guid":{"rendered":"http:\/\/www.oarcanjo.net\/site\/?p=25209"},"modified":"2014-04-14T15:35:23","modified_gmt":"2014-04-14T18:35:23","slug":"direito-canonico-servico-a-justica-a-verdade-e-a-caridade","status":"publish","type":"post","link":"https:\/\/www.oarcanjo.net\/site\/direito-canonico-servico-a-justica-a-verdade-e-a-caridade\/","title":{"rendered":"Direito Can\u00f4nico: servi\u00e7o \u00e0 justi\u00e7a, \u00e0 verdade e \u00e0 caridade"},"content":{"rendered":"<p><em>Cardeal Odilo Pedro Scherer<\/em><\/p>\n<p>No dia 26 de fevereiro passado, a S\u00e9 Apost\u00f3lica, por decreto do cardeal Zenon Grocholewski, Prefeito da Congrega\u00e7\u00e3o para a Educa\u00e7\u00e3o Cat\u00f3lica, aprovou e erigiu a Faculdade de Direito Can\u00f4nico \u201c<em>S\u00e3o Paulo Ap\u00f3stolo<\/em>\u201d, da arquidiocese de S\u00e3o Paulo. Na mesma ocasi\u00e3o, tamb\u00e9m aprovou \u201c<em>ad experimentum<\/em>, os seus Estatutos.<\/p>\n<p>Durante quase 15 anos, j\u00e1 existia em S\u00e3o Paulo o Instituto de Direito Can\u00f4nico \u201c<em>Padre Dr. Giuseppe Benito Pegoraro<\/em>\u201d, que chegou a ser agregado \u00e0 Pontif\u00edcia Universidade Lateranense de Roma e atrav\u00e9s dela conferia at\u00e9 mesmo t\u00edtulos de mestrado e doutorado em Direito Can\u00f4nico.<\/p>\n<p>Com esta decis\u00e3o, a Santa S\u00e9 elevou o Instituto \u00e0 condi\u00e7\u00e3o de Faculdade eclesi\u00e1stica aut\u00f4noma, dando-lhe compet\u00eancia para conferir esses altos graus e t\u00edtulos acad\u00eamicos em seu pr\u00f3prio nome. A nova Faculdade rege-se pelo seu estatuto e pela legisla\u00e7\u00e3o da Igreja, pertinente \u00e0s institui\u00e7\u00f5es acad\u00eamicas eclesi\u00e1sticas, como as Universidades Cat\u00f3licas e os Institutos e Faculdades de Teologia.<\/p>\n<p>A nova Faculdade foi instalada no dia 07 de abril passado, com solene Ato Acad\u00eamico, que contou com a presen\u00e7a do N\u00fancio Apost\u00f3lico no Brasil, Dom Giovanni d\u2019Aniello. Trata-se da primeira do g\u00eanero no Brasil e a segunda, na \u00e1rea de l\u00edngua portuguesa; em Portugal existe mais uma. Em toda a Am\u00e9rica Latina, existem apenas outras duas cong\u00eaneres.<\/p>\n<p>A Faculdade oferece novas possibilidades para a forma\u00e7\u00e3o qualificada no Direito eclesi\u00e1stico para todos os interessados, principalmente para quem presta seu servi\u00e7o \u00e0 Igreja. De fato, enquanto organiza\u00e7\u00e3o religiosa, a Igreja Cat\u00f3lica possui seu pr\u00f3prio C\u00f3digo de Direito, de origens bem remotas, que vem sendo reformado de tempos em tempos para adequar-se \u00e0s novas situa\u00e7\u00f5es da Igreja ao logo da hist\u00f3ria e aos diversos contextos culturais. A \u00faltima grande reforma aconteceu ap\u00f3s o Conc\u00edlio Vaticano II e o atual C\u00f3digo de Direito Can\u00f4nico foi promulgado pelo papa Jo\u00e3o Paulo II em 25 de janeiro de 1983.<\/p>\n<p>Este C\u00f3digo espelha bem a imagem da Igreja, presente no Conc\u00edlio Vaticano II, cujos elementos essenciais s\u00e3o: a compreens\u00e3o da pr\u00f3pria Igreja como \u201cpovo de Deus\u201d, cujos membros t\u00eam a mesma dignidade fundamental e participam, de modos diversos, da miss\u00e3o de Jesus Cristo ao longo da hist\u00f3ria; a autoridade hier\u00e1rquica, entendida como servi\u00e7o; o princ\u00edpio da \u201ccomunh\u00e3o\u201d, que rege as rela\u00e7\u00f5es entre os v\u00e1rios membros e os diversos graus de responsabilidade na organiza\u00e7\u00e3o interna e na vida eclesial.<\/p>\n<p>A finalidade do Direito Can\u00f4nico \u00e9 eminentemente pastoral e isto significa que ele traduz para a organiza\u00e7\u00e3o e a vida da Igreja, para as rela\u00e7\u00f5es entre as pessoas e institui\u00e7\u00f5es que a integram, aquilo que decorre da pr\u00f3pria natureza e da raz\u00e3o de ser da Igreja. Seria equivocado achar que se trata de burocracia in\u00fatil, ou de legalismo farisaico, contr\u00e1rio \u00e0 liberdade dos filhos de Deus. Como qualquer institui\u00e7\u00e3o humana, a Igreja tamb\u00e9m possui normas para assegurar o seu verdadeiro bem. Vale recordar que, onde n\u00e3o h\u00e1 Direito, acabam sendo negados os direitos.<\/p>\n<p>O exerc\u00edcio da atividade judici\u00e1ria, enquanto aplica\u00e7\u00e3o do Direito, visa assegurar a justi\u00e7a e o verdadeiro bem dos fieis e da pr\u00f3pria Igreja, enquanto Institui\u00e7\u00e3o. N\u00e3o \u00e9 sem motivo que o \u00faltimo c\u00e2none do C\u00f3digo recorda, justamente, a lei suprema (\u201c<em>suprema lex<\/em>\u201d) da Igreja: a salva\u00e7\u00e3o das almas (cf. c\u00e2n. 1752).<\/p>\n<p>A nova Faculdade de Direito Can\u00f4nico de S\u00e3o Paulo dever\u00e1 preparar servidores da justi\u00e7a eclesi\u00e1stica e do exerc\u00edcio competente da atividade judici\u00e1ria para assegurar ao povo de Deus a justi\u00e7a, na verdade e na caridade. Bento XVI referiu-se, de maneira primorosa, \u00e0 rela\u00e7\u00e3o necess\u00e1ria entre justi\u00e7a, verdade e caridade, no discurso feito aos membros do Tribunal da Rota Romana, na abertura do ano judici\u00e1rio da S\u00e9 Apost\u00f3lica, em 29.01.2010.<\/p>\n<p>O Direito, antes de tudo, est\u00e1 a servi\u00e7o da justi\u00e7a. Por isso, na pr\u00e1tica judici\u00e1ria esta rela\u00e7\u00e3o fundamental n\u00e3o pode ser deixada em segundo plano e, menos ainda, abafada; o processo e a senten\u00e7a precisam ser a express\u00e3o dessa rela\u00e7\u00e3o prim\u00e1ria do Direito com a justi\u00e7a, a cujo servi\u00e7o est\u00e3o orientados. O recurso a toda sorte de artif\u00edcios formais, para burlar a norma ou para a obstru\u00e7\u00e3o da justi\u00e7a, leva \u00e0 distor\u00e7\u00e3o do Direito.<\/p>\n<p>Mas a justi\u00e7a n\u00e3o seria aut\u00eantica, se n\u00e3o estivesse afinada com a verdade. Sem respeito \u00e0 verdade, n\u00e3o h\u00e1 justi\u00e7a verdadeira. A verdade, \u00e0s vezes, pode doer, mas ela liberta. O Direito ficaria desvirtuado se, reduzido a mero instrumento t\u00e9cnico, se prestasse \u00e0 afirma\u00e7\u00e3o de todo tipo de interesse subjetivo, mesmo sem fundamento na verdade. \u00c9 necess\u00e1rio que a aplica\u00e7\u00e3o do Direito ande sempre de m\u00e3os dadas com a verdade.<\/p>\n<p>Enfim, quem administra a justi\u00e7a n\u00e3o pode prescindir da caridade; esta n\u00e3o se contrap\u00f5e \u00e0 justi\u00e7a, nem \u00e0 verdade. Poderia parecer contradit\u00f3rio, mas a inspira\u00e7\u00e3o \u00faltima do Direito eclesi\u00e1stico n\u00e3o \u00e9 a justi\u00e7a fria e cega, mas a justi\u00e7a com o cora\u00e7\u00e3o. Deus \u00e9 justo e misericordioso. O amor a Deus e ao pr\u00f3ximo deve iluminar toda atividade judici\u00e1ria, mesmo aquela, aparentemente, apenas t\u00e9cnica e burocr\u00e1tica.<\/p>\n<p>A esse respeito, ensina ainda o papa Bento XVI na Enc\u00edclica\u00a0<em>Caritas in Veritate (n. 6)<\/em>: \u201da aten\u00e7\u00e3o \u00e0 caridade ajudar\u00e1 a lembrar sempre que estamos diante de pessoas marcadas por problemas e sofrimentos. Tamb\u00e9m no campo espec\u00edfico do servi\u00e7o judici\u00e1rio, vale o princ\u00edpio, segundo o qual \u2018a caridade vai al\u00e9m da justi\u00e7a\u2019\u201d.<\/p>\n<p>Contudo, n\u00e3o se pode deixar de afirmar que toda obra de caridade aut\u00eantica requer uma refer\u00eancia necess\u00e1ria \u00e0 justi\u00e7a. Quem ama com caridade os outros, \u00e9 justo para com eles, acima de tudo. A justi\u00e7a n\u00e3o \u00e9 contr\u00e1ria \u00e0 caridade, mas \u00e9 insepar\u00e1vel dela e intr\u00ednseca \u00e0 caridade.<\/p>\n<div id=\"themify_builder_content-25209\" data-postid=\"25209\" class=\"themify_builder_content themify_builder_content-25209 themify_builder themify_builder_front\">\n\t<\/div>\n<!-- \/themify_builder_content -->","protected":false},"excerpt":{"rendered":"<p>Cardeal Odilo Pedro Scherer No dia 26 de fevereiro passado, a S\u00e9 Apost\u00f3lica, por decreto do cardeal Zenon Grocholewski, Prefeito da Congrega\u00e7\u00e3o para a Educa\u00e7\u00e3o Cat\u00f3lica, aprovou e erigiu a Faculdade de Direito Can\u00f4nico \u201cS\u00e3o Paulo Ap\u00f3stolo\u201d, da arquidiocese de S\u00e3o Paulo. Na mesma ocasi\u00e3o, tamb\u00e9m aprovou \u201cad experimentum, os seus Estatutos. Durante quase 15 [&hellip;]<\/p>\n","protected":false},"author":5,"featured_media":0,"comment_status":"open","ping_status":"open","sticky":false,"template":"","format":"standard","meta":{"ngg_post_thumbnail":0,"footnotes":""},"categories":[9],"tags":[3047,3048,195,3049,126,155],"yoast_head":"<!-- This site is optimized with the Yoast SEO plugin v23.5 - https:\/\/yoast.com\/wordpress\/plugins\/seo\/ -->\n<title>Direito Can\u00f4nico: servi\u00e7o \u00e0 justi\u00e7a, \u00e0 verdade e \u00e0 caridade - O Arcanjo no ar<\/title>\n<meta name=\"robots\" content=\"index, follow, max-snippet:-1, max-image-preview:large, max-video-preview:-1\" \/>\n<link rel=\"canonical\" href=\"https:\/\/www.oarcanjo.net\/site\/direito-canonico-servico-a-justica-a-verdade-e-a-caridade\/\" \/>\n<meta property=\"og:locale\" content=\"pt_BR\" \/>\n<meta property=\"og:type\" content=\"article\" \/>\n<meta property=\"og:title\" content=\"Direito Can\u00f4nico: servi\u00e7o \u00e0 justi\u00e7a, \u00e0 verdade e \u00e0 caridade - O Arcanjo no ar\" \/>\n<meta property=\"og:description\" content=\"Cardeal Odilo Pedro Scherer No dia 26 de fevereiro passado, a S\u00e9 Apost\u00f3lica, por decreto do cardeal Zenon Grocholewski, Prefeito da Congrega\u00e7\u00e3o para a Educa\u00e7\u00e3o Cat\u00f3lica, aprovou e erigiu a Faculdade de Direito Can\u00f4nico \u201cS\u00e3o Paulo Ap\u00f3stolo\u201d, da arquidiocese de S\u00e3o Paulo. Na mesma ocasi\u00e3o, tamb\u00e9m aprovou \u201cad experimentum, os seus Estatutos. Durante quase 15 [&hellip;]\" \/>\n<meta property=\"og:url\" content=\"https:\/\/www.oarcanjo.net\/site\/direito-canonico-servico-a-justica-a-verdade-e-a-caridade\/\" \/>\n<meta property=\"og:site_name\" content=\"O Arcanjo no ar\" \/>\n<meta property=\"article:publisher\" content=\"https:\/\/www.facebook.com\/OArcanjoNoAr\/\" \/>\n<meta property=\"article:published_time\" content=\"2014-04-14T18:35:23+00:00\" \/>\n<meta property=\"og:image\" content=\"https:\/\/www.oarcanjo.net\/site\/wp-content\/uploads\/logo-o-arcanjo-no-ar-facebook.png\" \/>\n\t<meta property=\"og:image:width\" content=\"300\" \/>\n\t<meta property=\"og:image:height\" content=\"300\" \/>\n\t<meta property=\"og:image:type\" content=\"image\/png\" \/>\n<meta name=\"author\" content=\"editor\" \/>\n<meta name=\"twitter:card\" content=\"summary_large_image\" \/>\n<meta name=\"twitter:label1\" content=\"Escrito por\" \/>\n\t<meta name=\"twitter:data1\" content=\"editor\" \/>\n\t<meta name=\"twitter:label2\" content=\"Est. tempo de leitura\" \/>\n\t<meta name=\"twitter:data2\" content=\"5 minutos\" \/>\n<script type=\"application\/ld+json\" class=\"yoast-schema-graph\">{\"@context\":\"https:\/\/schema.org\",\"@graph\":[{\"@type\":\"Article\",\"@id\":\"https:\/\/www.oarcanjo.net\/site\/direito-canonico-servico-a-justica-a-verdade-e-a-caridade\/#article\",\"isPartOf\":{\"@id\":\"https:\/\/www.oarcanjo.net\/site\/direito-canonico-servico-a-justica-a-verdade-e-a-caridade\/\"},\"author\":{\"name\":\"editor\",\"@id\":\"https:\/\/www.oarcanjo.net\/site\/#\/schema\/person\/f7024d007863202483a31326673a0838\"},\"headline\":\"Direito Can\u00f4nico: servi\u00e7o \u00e0 justi\u00e7a, \u00e0 verdade e \u00e0 caridade\",\"datePublished\":\"2014-04-14T18:35:23+00:00\",\"dateModified\":\"2014-04-14T18:35:23+00:00\",\"mainEntityOfPage\":{\"@id\":\"https:\/\/www.oarcanjo.net\/site\/direito-canonico-servico-a-justica-a-verdade-e-a-caridade\/\"},\"wordCount\":1053,\"commentCount\":0,\"publisher\":{\"@id\":\"https:\/\/www.oarcanjo.net\/site\/#organization\"},\"keywords\":[\"Academia\",\"Direito Can\u00f4nico\",\"educa\u00e7\u00e3o\",\"Faculdade de Direito Can\u00f4nico\",\"forma\u00e7\u00e3o\",\"S\u00e3o Paulo Ap\u00f3stolo\"],\"articleSection\":[\"Reflex\u00f5es\"],\"inLanguage\":\"pt-BR\",\"potentialAction\":[{\"@type\":\"CommentAction\",\"name\":\"Comment\",\"target\":[\"https:\/\/www.oarcanjo.net\/site\/direito-canonico-servico-a-justica-a-verdade-e-a-caridade\/#respond\"]}]},{\"@type\":\"WebPage\",\"@id\":\"https:\/\/www.oarcanjo.net\/site\/direito-canonico-servico-a-justica-a-verdade-e-a-caridade\/\",\"url\":\"https:\/\/www.oarcanjo.net\/site\/direito-canonico-servico-a-justica-a-verdade-e-a-caridade\/\",\"name\":\"Direito Can\u00f4nico: servi\u00e7o \u00e0 justi\u00e7a, \u00e0 verdade e \u00e0 caridade - O Arcanjo no ar\",\"isPartOf\":{\"@id\":\"https:\/\/www.oarcanjo.net\/site\/#website\"},\"datePublished\":\"2014-04-14T18:35:23+00:00\",\"dateModified\":\"2014-04-14T18:35:23+00:00\",\"breadcrumb\":{\"@id\":\"https:\/\/www.oarcanjo.net\/site\/direito-canonico-servico-a-justica-a-verdade-e-a-caridade\/#breadcrumb\"},\"inLanguage\":\"pt-BR\",\"potentialAction\":[{\"@type\":\"ReadAction\",\"target\":[\"https:\/\/www.oarcanjo.net\/site\/direito-canonico-servico-a-justica-a-verdade-e-a-caridade\/\"]}]},{\"@type\":\"BreadcrumbList\",\"@id\":\"https:\/\/www.oarcanjo.net\/site\/direito-canonico-servico-a-justica-a-verdade-e-a-caridade\/#breadcrumb\",\"itemListElement\":[{\"@type\":\"ListItem\",\"position\":1,\"name\":\"In\u00edcio\",\"item\":\"https:\/\/www.oarcanjo.net\/site\/\"},{\"@type\":\"ListItem\",\"position\":2,\"name\":\"Direito Can\u00f4nico: servi\u00e7o \u00e0 justi\u00e7a, \u00e0 verdade e \u00e0 caridade\"}]},{\"@type\":\"WebSite\",\"@id\":\"https:\/\/www.oarcanjo.net\/site\/#website\",\"url\":\"https:\/\/www.oarcanjo.net\/site\/\",\"name\":\"O Arcanjo no ar\",\"description\":\"Site da Par\u00f3quia S\u00e3o Miguel Arcanjo (Arquidiocese de SP)\",\"publisher\":{\"@id\":\"https:\/\/www.oarcanjo.net\/site\/#organization\"},\"potentialAction\":[{\"@type\":\"SearchAction\",\"target\":{\"@type\":\"EntryPoint\",\"urlTemplate\":\"https:\/\/www.oarcanjo.net\/site\/?s={search_term_string}\"},\"query-input\":{\"@type\":\"PropertyValueSpecification\",\"valueRequired\":true,\"valueName\":\"search_term_string\"}}],\"inLanguage\":\"pt-BR\"},{\"@type\":\"Organization\",\"@id\":\"https:\/\/www.oarcanjo.net\/site\/#organization\",\"name\":\"Par\u00f3quia S\u00e3o Miguel Arcanjo\",\"url\":\"https:\/\/www.oarcanjo.net\/site\/\",\"logo\":{\"@type\":\"ImageObject\",\"inLanguage\":\"pt-BR\",\"@id\":\"https:\/\/www.oarcanjo.net\/site\/#\/schema\/logo\/image\/\",\"url\":\"https:\/\/www.oarcanjo.net\/site\/wp-content\/uploads\/LogoOArcanjo.png\",\"contentUrl\":\"https:\/\/www.oarcanjo.net\/site\/wp-content\/uploads\/LogoOArcanjo.png\",\"width\":319,\"height\":99,\"caption\":\"Par\u00f3quia S\u00e3o Miguel Arcanjo\"},\"image\":{\"@id\":\"https:\/\/www.oarcanjo.net\/site\/#\/schema\/logo\/image\/\"},\"sameAs\":[\"https:\/\/www.facebook.com\/OArcanjoNoAr\/\"]},{\"@type\":\"Person\",\"@id\":\"https:\/\/www.oarcanjo.net\/site\/#\/schema\/person\/f7024d007863202483a31326673a0838\",\"name\":\"editor\",\"sameAs\":[\"http:\/\/www.oarcanjo.net\"]}]}<\/script>\n<!-- \/ Yoast SEO plugin. -->","yoast_head_json":{"title":"Direito Can\u00f4nico: servi\u00e7o \u00e0 justi\u00e7a, \u00e0 verdade e \u00e0 caridade - O Arcanjo no ar","robots":{"index":"index","follow":"follow","max-snippet":"max-snippet:-1","max-image-preview":"max-image-preview:large","max-video-preview":"max-video-preview:-1"},"canonical":"https:\/\/www.oarcanjo.net\/site\/direito-canonico-servico-a-justica-a-verdade-e-a-caridade\/","og_locale":"pt_BR","og_type":"article","og_title":"Direito Can\u00f4nico: servi\u00e7o \u00e0 justi\u00e7a, \u00e0 verdade e \u00e0 caridade - O Arcanjo no ar","og_description":"Cardeal Odilo Pedro Scherer No dia 26 de fevereiro passado, a S\u00e9 Apost\u00f3lica, por decreto do cardeal Zenon Grocholewski, Prefeito da Congrega\u00e7\u00e3o para a Educa\u00e7\u00e3o Cat\u00f3lica, aprovou e erigiu a Faculdade de Direito Can\u00f4nico \u201cS\u00e3o Paulo Ap\u00f3stolo\u201d, da arquidiocese de S\u00e3o Paulo. Na mesma ocasi\u00e3o, tamb\u00e9m aprovou \u201cad experimentum, os seus Estatutos. Durante quase 15 [&hellip;]","og_url":"https:\/\/www.oarcanjo.net\/site\/direito-canonico-servico-a-justica-a-verdade-e-a-caridade\/","og_site_name":"O Arcanjo no ar","article_publisher":"https:\/\/www.facebook.com\/OArcanjoNoAr\/","article_published_time":"2014-04-14T18:35:23+00:00","og_image":[{"width":300,"height":300,"url":"https:\/\/www.oarcanjo.net\/site\/wp-content\/uploads\/logo-o-arcanjo-no-ar-facebook.png","type":"image\/png"}],"author":"editor","twitter_card":"summary_large_image","twitter_misc":{"Escrito por":"editor","Est. tempo de leitura":"5 minutos"},"schema":{"@context":"https:\/\/schema.org","@graph":[{"@type":"Article","@id":"https:\/\/www.oarcanjo.net\/site\/direito-canonico-servico-a-justica-a-verdade-e-a-caridade\/#article","isPartOf":{"@id":"https:\/\/www.oarcanjo.net\/site\/direito-canonico-servico-a-justica-a-verdade-e-a-caridade\/"},"author":{"name":"editor","@id":"https:\/\/www.oarcanjo.net\/site\/#\/schema\/person\/f7024d007863202483a31326673a0838"},"headline":"Direito Can\u00f4nico: servi\u00e7o \u00e0 justi\u00e7a, \u00e0 verdade e \u00e0 caridade","datePublished":"2014-04-14T18:35:23+00:00","dateModified":"2014-04-14T18:35:23+00:00","mainEntityOfPage":{"@id":"https:\/\/www.oarcanjo.net\/site\/direito-canonico-servico-a-justica-a-verdade-e-a-caridade\/"},"wordCount":1053,"commentCount":0,"publisher":{"@id":"https:\/\/www.oarcanjo.net\/site\/#organization"},"keywords":["Academia","Direito Can\u00f4nico","educa\u00e7\u00e3o","Faculdade de Direito Can\u00f4nico","forma\u00e7\u00e3o","S\u00e3o Paulo Ap\u00f3stolo"],"articleSection":["Reflex\u00f5es"],"inLanguage":"pt-BR","potentialAction":[{"@type":"CommentAction","name":"Comment","target":["https:\/\/www.oarcanjo.net\/site\/direito-canonico-servico-a-justica-a-verdade-e-a-caridade\/#respond"]}]},{"@type":"WebPage","@id":"https:\/\/www.oarcanjo.net\/site\/direito-canonico-servico-a-justica-a-verdade-e-a-caridade\/","url":"https:\/\/www.oarcanjo.net\/site\/direito-canonico-servico-a-justica-a-verdade-e-a-caridade\/","name":"Direito Can\u00f4nico: servi\u00e7o \u00e0 justi\u00e7a, \u00e0 verdade e \u00e0 caridade - O Arcanjo no ar","isPartOf":{"@id":"https:\/\/www.oarcanjo.net\/site\/#website"},"datePublished":"2014-04-14T18:35:23+00:00","dateModified":"2014-04-14T18:35:23+00:00","breadcrumb":{"@id":"https:\/\/www.oarcanjo.net\/site\/direito-canonico-servico-a-justica-a-verdade-e-a-caridade\/#breadcrumb"},"inLanguage":"pt-BR","potentialAction":[{"@type":"ReadAction","target":["https:\/\/www.oarcanjo.net\/site\/direito-canonico-servico-a-justica-a-verdade-e-a-caridade\/"]}]},{"@type":"BreadcrumbList","@id":"https:\/\/www.oarcanjo.net\/site\/direito-canonico-servico-a-justica-a-verdade-e-a-caridade\/#breadcrumb","itemListElement":[{"@type":"ListItem","position":1,"name":"In\u00edcio","item":"https:\/\/www.oarcanjo.net\/site\/"},{"@type":"ListItem","position":2,"name":"Direito Can\u00f4nico: servi\u00e7o \u00e0 justi\u00e7a, \u00e0 verdade e \u00e0 caridade"}]},{"@type":"WebSite","@id":"https:\/\/www.oarcanjo.net\/site\/#website","url":"https:\/\/www.oarcanjo.net\/site\/","name":"O Arcanjo no ar","description":"Site da Par\u00f3quia S\u00e3o Miguel Arcanjo (Arquidiocese de SP)","publisher":{"@id":"https:\/\/www.oarcanjo.net\/site\/#organization"},"potentialAction":[{"@type":"SearchAction","target":{"@type":"EntryPoint","urlTemplate":"https:\/\/www.oarcanjo.net\/site\/?s={search_term_string}"},"query-input":{"@type":"PropertyValueSpecification","valueRequired":true,"valueName":"search_term_string"}}],"inLanguage":"pt-BR"},{"@type":"Organization","@id":"https:\/\/www.oarcanjo.net\/site\/#organization","name":"Par\u00f3quia S\u00e3o Miguel Arcanjo","url":"https:\/\/www.oarcanjo.net\/site\/","logo":{"@type":"ImageObject","inLanguage":"pt-BR","@id":"https:\/\/www.oarcanjo.net\/site\/#\/schema\/logo\/image\/","url":"https:\/\/www.oarcanjo.net\/site\/wp-content\/uploads\/LogoOArcanjo.png","contentUrl":"https:\/\/www.oarcanjo.net\/site\/wp-content\/uploads\/LogoOArcanjo.png","width":319,"height":99,"caption":"Par\u00f3quia S\u00e3o Miguel Arcanjo"},"image":{"@id":"https:\/\/www.oarcanjo.net\/site\/#\/schema\/logo\/image\/"},"sameAs":["https:\/\/www.facebook.com\/OArcanjoNoAr\/"]},{"@type":"Person","@id":"https:\/\/www.oarcanjo.net\/site\/#\/schema\/person\/f7024d007863202483a31326673a0838","name":"editor","sameAs":["http:\/\/www.oarcanjo.net"]}]}},"publishpress_future_action":{"enabled":false,"date":"2026-05-08 22:08:12","action":"category","newStatus":"draft","terms":[],"taxonomy":"category"},"publishpress_future_workflow_manual_trigger":{"enabledWorkflows":[]},"_links":{"self":[{"href":"https:\/\/www.oarcanjo.net\/site\/wp-json\/wp\/v2\/posts\/25209"}],"collection":[{"href":"https:\/\/www.oarcanjo.net\/site\/wp-json\/wp\/v2\/posts"}],"about":[{"href":"https:\/\/www.oarcanjo.net\/site\/wp-json\/wp\/v2\/types\/post"}],"author":[{"embeddable":true,"href":"https:\/\/www.oarcanjo.net\/site\/wp-json\/wp\/v2\/users\/5"}],"replies":[{"embeddable":true,"href":"https:\/\/www.oarcanjo.net\/site\/wp-json\/wp\/v2\/comments?post=25209"}],"version-history":[{"count":0,"href":"https:\/\/www.oarcanjo.net\/site\/wp-json\/wp\/v2\/posts\/25209\/revisions"}],"wp:attachment":[{"href":"https:\/\/www.oarcanjo.net\/site\/wp-json\/wp\/v2\/media?parent=25209"}],"wp:term":[{"taxonomy":"category","embeddable":true,"href":"https:\/\/www.oarcanjo.net\/site\/wp-json\/wp\/v2\/categories?post=25209"},{"taxonomy":"post_tag","embeddable":true,"href":"https:\/\/www.oarcanjo.net\/site\/wp-json\/wp\/v2\/tags?post=25209"}],"curies":[{"name":"wp","href":"https:\/\/api.w.org\/{rel}","templated":true}]}}