
{"id":25213,"date":"2014-04-16T20:58:55","date_gmt":"2014-04-16T23:58:55","guid":{"rendered":"http:\/\/www.oarcanjo.net\/site\/?p=25213"},"modified":"2014-04-16T20:58:55","modified_gmt":"2014-04-16T23:58:55","slug":"o-triduo-pascal-do-senhor-crucificado-sepultado-e-ressuscitado","status":"publish","type":"post","link":"https:\/\/www.oarcanjo.net\/site\/o-triduo-pascal-do-senhor-crucificado-sepultado-e-ressuscitado\/","title":{"rendered":"O Tr\u00edduo Pascal do Senhor crucificado, sepultado e ressuscitado"},"content":{"rendered":"<p><em>Dom\u00a0Edmar Peron<\/em><\/p>\n<p>Aproximam-se os dias sagrados do <strong>Tr\u00edduo Pascal<\/strong>, chamado por Santo Agostinho de \u201ctr\u00edduo do crucificado, do sepultado e do ressuscitado\u201d; com a sua celebra\u00e7\u00e3o se torna presente e se cumpre o mist\u00e9rio da P\u00e1scoa do Senhor. Celebrando esse Tr\u00edduo, a Igreja se associa em \u00edntima comunh\u00e3o com Cristo, seu Esposo, por meio dos sinais lit\u00fargicos e sacramentais. Procuremos compreender um pouco mais o sentido de tal Tr\u00edduo.<\/p>\n<p>Com a <em>Missa vespertina da Ceia do Senhor<\/em> a Igreja inicia o \u00abtr\u00edduo pascal\u00bb, fazendo mem\u00f3ria da entrega total do Senhor e anunciando j\u00e1 a sua ressurrei\u00e7\u00e3o, como bem nos diz o refr\u00e3o do canto de abertura dessa missa: \u201cA cruz de nosso Senhor Jesus Cristo deve ser a nossa gl\u00f3ria: nele est\u00e1 nossa vida e ressurrei\u00e7\u00e3o: foi ele que nos salvou e libertou\u201d (cf. Gl 6,4).<\/p>\n<p>O mist\u00e9rio do Crucificado: \u201cpadeceu sob P\u00f4ncio Pilatos, foi crucificado, morto\u201d. A Sexta-feira Santa, dia em que \u201cCristo, nosso cordeiro pascal, foi imolado\u201d (1Cor 5,7), a Igreja, na <em>Celebra\u00e7\u00e3o da Paix\u00e3o do Senhor<\/em>, meditando a \u00abpaix\u00e3o\u00bb \u2013 pelas leituras da Liturgia da Palavra \u2013 e adorando a cruz, comemora o seu nascimento do lado de Cristo que repousa na cruz, e intercede pela salva\u00e7\u00e3o do mundo todo, elevando ao Pai a tradicional Ora\u00e7\u00e3o Universal.<\/p>\n<p>O mist\u00e9rio do Sepultado: \u201csepultado, desceu \u00e0 mans\u00e3o dos mortos\u201d. Durante o S\u00e1bado Santo a Igreja permanece junto do sepulcro do Senhor, meditando a sua paix\u00e3o e morte, a sua descida \u00e0 mans\u00e3o dos mortos, e esperando na ora\u00e7\u00e3o e no jejum a sua ressurrei\u00e7\u00e3o. \u00c9 o dia sem Eucaristia. Dia que expressa simbolicamente a situa\u00e7\u00e3o da pessoa humana nesta terra, esperando a vinda gloriosa do Senhor, o Domingo sem fim.<\/p>\n<p>O mist\u00e9rio do Ressuscitado: \u201cressuscitou ao terceiro dia\u201d. Ao anoitecer do segundo dia, o s\u00e1bado, tem in\u00edcio o grande <em>Domingo da P\u00e1scoa na Ressurrei\u00e7\u00e3o do Senhor<\/em>. Ele possui duas solenes celebra\u00e7\u00f5es: a <em>Vig\u00edlia Pascal, <\/em>durante a noite, e a <em>Missa do Dia<\/em>. <strong>(a) <\/strong>A Vig\u00edlia comemora a noite santa em que o Senhor ressuscitou da morte vencedor; noite da verdadeira liberta\u00e7\u00e3o; noite que recapitula toda a obra pascal do Senhor. <strong>(b) <\/strong>E o Domingo \u00e9 o primeiro de todos os Domingos do ano: \u00e9 o \u201cDia que o Senhor fez para n\u00f3s, dia de festa e de alegria\u201d! Dia da ressurrei\u00e7\u00e3o do Senhor, come\u00e7o da nossa ressurrei\u00e7\u00e3o. Reunidos na alegria deste Dia, celebramos a vit\u00f3ria do Cristo e valorizamos, como sinais desta vit\u00f3ria, as conquistas e vit\u00f3rias da comunidade e os passos de liberta\u00e7\u00e3o que cada um de n\u00f3s, pela for\u00e7a do Esp\u00edrito, deu em sua vida pessoal; em meio \u00e0s nossas lutas e sofrimentos podemos e devemos cantar com Jesus Cristo, nesse dia: <em>Ressuscitei, Senhor; contigo estou, Senhor; teu grande amor, Senhor, de mim se recordou; tua m\u00e3o se levantou, me libertou!<\/em><\/p>\n<p>Por isso a Igreja, fundada em uma tradi\u00e7\u00e3o apost\u00f3lica, cuja origem encontra-se no pr\u00f3prio dia da Ressurrei\u00e7\u00e3o de Cristo, celebra a cada oito dias, no Domingo, o <strong>mist\u00e9rio pascal de Cristo. <\/strong><\/p>\n<p>Sugiro aos leitores o estudo do documento sobre a prepara\u00e7\u00e3o e celebra\u00e7\u00e3o das festas pascais, intitulado <em>Paschalis Sollemnitatis, <\/em>que lhes foi apresentado nesse texto.<\/p>\n<p>Feliz P\u00e1scoa!<\/p>\n<div id=\"themify_builder_content-25213\" data-postid=\"25213\" class=\"themify_builder_content themify_builder_content-25213 themify_builder themify_builder_front\">\n\t<\/div>\n<!-- \/themify_builder_content -->","protected":false},"excerpt":{"rendered":"<p>Dom\u00a0Edmar Peron Aproximam-se os dias sagrados do Tr\u00edduo Pascal, chamado por Santo Agostinho de \u201ctr\u00edduo do crucificado, do sepultado e do ressuscitado\u201d; com a sua celebra\u00e7\u00e3o se torna presente e se cumpre o mist\u00e9rio da P\u00e1scoa do Senhor. Celebrando esse Tr\u00edduo, a Igreja se associa em \u00edntima comunh\u00e3o com Cristo, seu Esposo, por meio dos [&hellip;]<\/p>\n","protected":false},"author":5,"featured_media":0,"comment_status":"open","ping_status":"open","sticky":false,"template":"","format":"standard","meta":{"ngg_post_thumbnail":0,"footnotes":""},"categories":[9],"tags":[3050,3051,3044,3052,3053,2201,422,1541,446],"yoast_head":"<!-- This site is optimized with the Yoast SEO plugin v23.5 - https:\/\/yoast.com\/wordpress\/plugins\/seo\/ -->\n<title>O Tr\u00edduo Pascal do Senhor crucificado, sepultado e ressuscitado - O Arcanjo no ar<\/title>\n<meta name=\"robots\" content=\"index, follow, max-snippet:-1, max-image-preview:large, max-video-preview:-1\" \/>\n<link rel=\"canonical\" href=\"https:\/\/www.oarcanjo.net\/site\/o-triduo-pascal-do-senhor-crucificado-sepultado-e-ressuscitado\/\" \/>\n<meta property=\"og:locale\" content=\"pt_BR\" \/>\n<meta property=\"og:type\" content=\"article\" \/>\n<meta property=\"og:title\" content=\"O Tr\u00edduo Pascal do Senhor crucificado, sepultado e ressuscitado - O Arcanjo no ar\" \/>\n<meta property=\"og:description\" content=\"Dom\u00a0Edmar Peron Aproximam-se os dias sagrados do Tr\u00edduo Pascal, chamado por Santo Agostinho de \u201ctr\u00edduo do crucificado, do sepultado e do ressuscitado\u201d; com a sua celebra\u00e7\u00e3o se torna presente e se cumpre o mist\u00e9rio da P\u00e1scoa do Senhor. Celebrando esse Tr\u00edduo, a Igreja se associa em \u00edntima comunh\u00e3o com Cristo, seu Esposo, por meio dos [&hellip;]\" \/>\n<meta property=\"og:url\" content=\"https:\/\/www.oarcanjo.net\/site\/o-triduo-pascal-do-senhor-crucificado-sepultado-e-ressuscitado\/\" \/>\n<meta property=\"og:site_name\" content=\"O Arcanjo no ar\" \/>\n<meta property=\"article:publisher\" content=\"https:\/\/www.facebook.com\/OArcanjoNoAr\/\" \/>\n<meta property=\"article:published_time\" content=\"2014-04-16T23:58:55+00:00\" \/>\n<meta property=\"og:image\" content=\"https:\/\/www.oarcanjo.net\/site\/wp-content\/uploads\/logo-o-arcanjo-no-ar-facebook.png\" \/>\n\t<meta property=\"og:image:width\" content=\"300\" \/>\n\t<meta property=\"og:image:height\" content=\"300\" \/>\n\t<meta property=\"og:image:type\" content=\"image\/png\" \/>\n<meta name=\"author\" content=\"editor\" \/>\n<meta name=\"twitter:card\" content=\"summary_large_image\" \/>\n<meta name=\"twitter:label1\" content=\"Escrito por\" \/>\n\t<meta name=\"twitter:data1\" content=\"editor\" \/>\n\t<meta name=\"twitter:label2\" content=\"Est. tempo de leitura\" \/>\n\t<meta name=\"twitter:data2\" content=\"3 minutos\" \/>\n<script type=\"application\/ld+json\" class=\"yoast-schema-graph\">{\"@context\":\"https:\/\/schema.org\",\"@graph\":[{\"@type\":\"Article\",\"@id\":\"https:\/\/www.oarcanjo.net\/site\/o-triduo-pascal-do-senhor-crucificado-sepultado-e-ressuscitado\/#article\",\"isPartOf\":{\"@id\":\"https:\/\/www.oarcanjo.net\/site\/o-triduo-pascal-do-senhor-crucificado-sepultado-e-ressuscitado\/\"},\"author\":{\"name\":\"editor\",\"@id\":\"https:\/\/www.oarcanjo.net\/site\/#\/schema\/person\/f7024d007863202483a31326673a0838\"},\"headline\":\"O Tr\u00edduo Pascal do Senhor crucificado, sepultado e ressuscitado\",\"datePublished\":\"2014-04-16T23:58:55+00:00\",\"dateModified\":\"2014-04-16T23:58:55+00:00\",\"mainEntityOfPage\":{\"@id\":\"https:\/\/www.oarcanjo.net\/site\/o-triduo-pascal-do-senhor-crucificado-sepultado-e-ressuscitado\/\"},\"wordCount\":582,\"commentCount\":0,\"publisher\":{\"@id\":\"https:\/\/www.oarcanjo.net\/site\/#organization\"},\"keywords\":[\"Domingo da P\u00e1scoa na Ressurrei\u00e7\u00e3o do Senhor\",\"Missa do Dia\",\"Paix\u00e3o do Senhor\",\"Paschalis Sollemnitatis\",\"Ressurrei\u00e7\u00e3o de Cristo\",\"S\u00e1bado Santo\",\"Sexta-feira Santa\",\"Tr\u00edduo Pascal\",\"Vig\u00edlia Pascal\"],\"articleSection\":[\"Reflex\u00f5es\"],\"inLanguage\":\"pt-BR\",\"potentialAction\":[{\"@type\":\"CommentAction\",\"name\":\"Comment\",\"target\":[\"https:\/\/www.oarcanjo.net\/site\/o-triduo-pascal-do-senhor-crucificado-sepultado-e-ressuscitado\/#respond\"]}]},{\"@type\":\"WebPage\",\"@id\":\"https:\/\/www.oarcanjo.net\/site\/o-triduo-pascal-do-senhor-crucificado-sepultado-e-ressuscitado\/\",\"url\":\"https:\/\/www.oarcanjo.net\/site\/o-triduo-pascal-do-senhor-crucificado-sepultado-e-ressuscitado\/\",\"name\":\"O Tr\u00edduo Pascal do Senhor crucificado, sepultado e ressuscitado - O Arcanjo no ar\",\"isPartOf\":{\"@id\":\"https:\/\/www.oarcanjo.net\/site\/#website\"},\"datePublished\":\"2014-04-16T23:58:55+00:00\",\"dateModified\":\"2014-04-16T23:58:55+00:00\",\"breadcrumb\":{\"@id\":\"https:\/\/www.oarcanjo.net\/site\/o-triduo-pascal-do-senhor-crucificado-sepultado-e-ressuscitado\/#breadcrumb\"},\"inLanguage\":\"pt-BR\",\"potentialAction\":[{\"@type\":\"ReadAction\",\"target\":[\"https:\/\/www.oarcanjo.net\/site\/o-triduo-pascal-do-senhor-crucificado-sepultado-e-ressuscitado\/\"]}]},{\"@type\":\"BreadcrumbList\",\"@id\":\"https:\/\/www.oarcanjo.net\/site\/o-triduo-pascal-do-senhor-crucificado-sepultado-e-ressuscitado\/#breadcrumb\",\"itemListElement\":[{\"@type\":\"ListItem\",\"position\":1,\"name\":\"In\u00edcio\",\"item\":\"https:\/\/www.oarcanjo.net\/site\/\"},{\"@type\":\"ListItem\",\"position\":2,\"name\":\"O Tr\u00edduo Pascal do Senhor crucificado, sepultado e ressuscitado\"}]},{\"@type\":\"WebSite\",\"@id\":\"https:\/\/www.oarcanjo.net\/site\/#website\",\"url\":\"https:\/\/www.oarcanjo.net\/site\/\",\"name\":\"O Arcanjo no ar\",\"description\":\"Site da Par\u00f3quia S\u00e3o Miguel Arcanjo (Arquidiocese de SP)\",\"publisher\":{\"@id\":\"https:\/\/www.oarcanjo.net\/site\/#organization\"},\"potentialAction\":[{\"@type\":\"SearchAction\",\"target\":{\"@type\":\"EntryPoint\",\"urlTemplate\":\"https:\/\/www.oarcanjo.net\/site\/?s={search_term_string}\"},\"query-input\":{\"@type\":\"PropertyValueSpecification\",\"valueRequired\":true,\"valueName\":\"search_term_string\"}}],\"inLanguage\":\"pt-BR\"},{\"@type\":\"Organization\",\"@id\":\"https:\/\/www.oarcanjo.net\/site\/#organization\",\"name\":\"Par\u00f3quia S\u00e3o Miguel Arcanjo\",\"url\":\"https:\/\/www.oarcanjo.net\/site\/\",\"logo\":{\"@type\":\"ImageObject\",\"inLanguage\":\"pt-BR\",\"@id\":\"https:\/\/www.oarcanjo.net\/site\/#\/schema\/logo\/image\/\",\"url\":\"https:\/\/www.oarcanjo.net\/site\/wp-content\/uploads\/LogoOArcanjo.png\",\"contentUrl\":\"https:\/\/www.oarcanjo.net\/site\/wp-content\/uploads\/LogoOArcanjo.png\",\"width\":319,\"height\":99,\"caption\":\"Par\u00f3quia S\u00e3o Miguel Arcanjo\"},\"image\":{\"@id\":\"https:\/\/www.oarcanjo.net\/site\/#\/schema\/logo\/image\/\"},\"sameAs\":[\"https:\/\/www.facebook.com\/OArcanjoNoAr\/\"]},{\"@type\":\"Person\",\"@id\":\"https:\/\/www.oarcanjo.net\/site\/#\/schema\/person\/f7024d007863202483a31326673a0838\",\"name\":\"editor\",\"sameAs\":[\"http:\/\/www.oarcanjo.net\"]}]}<\/script>\n<!-- \/ Yoast SEO plugin. -->","yoast_head_json":{"title":"O Tr\u00edduo Pascal do Senhor crucificado, sepultado e ressuscitado - O Arcanjo no ar","robots":{"index":"index","follow":"follow","max-snippet":"max-snippet:-1","max-image-preview":"max-image-preview:large","max-video-preview":"max-video-preview:-1"},"canonical":"https:\/\/www.oarcanjo.net\/site\/o-triduo-pascal-do-senhor-crucificado-sepultado-e-ressuscitado\/","og_locale":"pt_BR","og_type":"article","og_title":"O Tr\u00edduo Pascal do Senhor crucificado, sepultado e ressuscitado - O Arcanjo no ar","og_description":"Dom\u00a0Edmar Peron Aproximam-se os dias sagrados do Tr\u00edduo Pascal, chamado por Santo Agostinho de \u201ctr\u00edduo do crucificado, do sepultado e do ressuscitado\u201d; com a sua celebra\u00e7\u00e3o se torna presente e se cumpre o mist\u00e9rio da P\u00e1scoa do Senhor. Celebrando esse Tr\u00edduo, a Igreja se associa em \u00edntima comunh\u00e3o com Cristo, seu Esposo, por meio dos [&hellip;]","og_url":"https:\/\/www.oarcanjo.net\/site\/o-triduo-pascal-do-senhor-crucificado-sepultado-e-ressuscitado\/","og_site_name":"O Arcanjo no ar","article_publisher":"https:\/\/www.facebook.com\/OArcanjoNoAr\/","article_published_time":"2014-04-16T23:58:55+00:00","og_image":[{"width":300,"height":300,"url":"https:\/\/www.oarcanjo.net\/site\/wp-content\/uploads\/logo-o-arcanjo-no-ar-facebook.png","type":"image\/png"}],"author":"editor","twitter_card":"summary_large_image","twitter_misc":{"Escrito por":"editor","Est. tempo de leitura":"3 minutos"},"schema":{"@context":"https:\/\/schema.org","@graph":[{"@type":"Article","@id":"https:\/\/www.oarcanjo.net\/site\/o-triduo-pascal-do-senhor-crucificado-sepultado-e-ressuscitado\/#article","isPartOf":{"@id":"https:\/\/www.oarcanjo.net\/site\/o-triduo-pascal-do-senhor-crucificado-sepultado-e-ressuscitado\/"},"author":{"name":"editor","@id":"https:\/\/www.oarcanjo.net\/site\/#\/schema\/person\/f7024d007863202483a31326673a0838"},"headline":"O Tr\u00edduo Pascal do Senhor crucificado, sepultado e ressuscitado","datePublished":"2014-04-16T23:58:55+00:00","dateModified":"2014-04-16T23:58:55+00:00","mainEntityOfPage":{"@id":"https:\/\/www.oarcanjo.net\/site\/o-triduo-pascal-do-senhor-crucificado-sepultado-e-ressuscitado\/"},"wordCount":582,"commentCount":0,"publisher":{"@id":"https:\/\/www.oarcanjo.net\/site\/#organization"},"keywords":["Domingo da P\u00e1scoa na Ressurrei\u00e7\u00e3o do Senhor","Missa do Dia","Paix\u00e3o do Senhor","Paschalis Sollemnitatis","Ressurrei\u00e7\u00e3o de Cristo","S\u00e1bado Santo","Sexta-feira Santa","Tr\u00edduo Pascal","Vig\u00edlia Pascal"],"articleSection":["Reflex\u00f5es"],"inLanguage":"pt-BR","potentialAction":[{"@type":"CommentAction","name":"Comment","target":["https:\/\/www.oarcanjo.net\/site\/o-triduo-pascal-do-senhor-crucificado-sepultado-e-ressuscitado\/#respond"]}]},{"@type":"WebPage","@id":"https:\/\/www.oarcanjo.net\/site\/o-triduo-pascal-do-senhor-crucificado-sepultado-e-ressuscitado\/","url":"https:\/\/www.oarcanjo.net\/site\/o-triduo-pascal-do-senhor-crucificado-sepultado-e-ressuscitado\/","name":"O Tr\u00edduo Pascal do Senhor crucificado, sepultado e ressuscitado - O Arcanjo no ar","isPartOf":{"@id":"https:\/\/www.oarcanjo.net\/site\/#website"},"datePublished":"2014-04-16T23:58:55+00:00","dateModified":"2014-04-16T23:58:55+00:00","breadcrumb":{"@id":"https:\/\/www.oarcanjo.net\/site\/o-triduo-pascal-do-senhor-crucificado-sepultado-e-ressuscitado\/#breadcrumb"},"inLanguage":"pt-BR","potentialAction":[{"@type":"ReadAction","target":["https:\/\/www.oarcanjo.net\/site\/o-triduo-pascal-do-senhor-crucificado-sepultado-e-ressuscitado\/"]}]},{"@type":"BreadcrumbList","@id":"https:\/\/www.oarcanjo.net\/site\/o-triduo-pascal-do-senhor-crucificado-sepultado-e-ressuscitado\/#breadcrumb","itemListElement":[{"@type":"ListItem","position":1,"name":"In\u00edcio","item":"https:\/\/www.oarcanjo.net\/site\/"},{"@type":"ListItem","position":2,"name":"O Tr\u00edduo Pascal do Senhor crucificado, sepultado e ressuscitado"}]},{"@type":"WebSite","@id":"https:\/\/www.oarcanjo.net\/site\/#website","url":"https:\/\/www.oarcanjo.net\/site\/","name":"O Arcanjo no ar","description":"Site da Par\u00f3quia S\u00e3o Miguel Arcanjo (Arquidiocese de SP)","publisher":{"@id":"https:\/\/www.oarcanjo.net\/site\/#organization"},"potentialAction":[{"@type":"SearchAction","target":{"@type":"EntryPoint","urlTemplate":"https:\/\/www.oarcanjo.net\/site\/?s={search_term_string}"},"query-input":{"@type":"PropertyValueSpecification","valueRequired":true,"valueName":"search_term_string"}}],"inLanguage":"pt-BR"},{"@type":"Organization","@id":"https:\/\/www.oarcanjo.net\/site\/#organization","name":"Par\u00f3quia S\u00e3o Miguel Arcanjo","url":"https:\/\/www.oarcanjo.net\/site\/","logo":{"@type":"ImageObject","inLanguage":"pt-BR","@id":"https:\/\/www.oarcanjo.net\/site\/#\/schema\/logo\/image\/","url":"https:\/\/www.oarcanjo.net\/site\/wp-content\/uploads\/LogoOArcanjo.png","contentUrl":"https:\/\/www.oarcanjo.net\/site\/wp-content\/uploads\/LogoOArcanjo.png","width":319,"height":99,"caption":"Par\u00f3quia S\u00e3o Miguel Arcanjo"},"image":{"@id":"https:\/\/www.oarcanjo.net\/site\/#\/schema\/logo\/image\/"},"sameAs":["https:\/\/www.facebook.com\/OArcanjoNoAr\/"]},{"@type":"Person","@id":"https:\/\/www.oarcanjo.net\/site\/#\/schema\/person\/f7024d007863202483a31326673a0838","name":"editor","sameAs":["http:\/\/www.oarcanjo.net"]}]}},"publishpress_future_action":{"enabled":false,"date":"2026-05-08 20:33:19","action":"category","newStatus":"draft","terms":[],"taxonomy":"category"},"publishpress_future_workflow_manual_trigger":{"enabledWorkflows":[]},"_links":{"self":[{"href":"https:\/\/www.oarcanjo.net\/site\/wp-json\/wp\/v2\/posts\/25213"}],"collection":[{"href":"https:\/\/www.oarcanjo.net\/site\/wp-json\/wp\/v2\/posts"}],"about":[{"href":"https:\/\/www.oarcanjo.net\/site\/wp-json\/wp\/v2\/types\/post"}],"author":[{"embeddable":true,"href":"https:\/\/www.oarcanjo.net\/site\/wp-json\/wp\/v2\/users\/5"}],"replies":[{"embeddable":true,"href":"https:\/\/www.oarcanjo.net\/site\/wp-json\/wp\/v2\/comments?post=25213"}],"version-history":[{"count":0,"href":"https:\/\/www.oarcanjo.net\/site\/wp-json\/wp\/v2\/posts\/25213\/revisions"}],"wp:attachment":[{"href":"https:\/\/www.oarcanjo.net\/site\/wp-json\/wp\/v2\/media?parent=25213"}],"wp:term":[{"taxonomy":"category","embeddable":true,"href":"https:\/\/www.oarcanjo.net\/site\/wp-json\/wp\/v2\/categories?post=25213"},{"taxonomy":"post_tag","embeddable":true,"href":"https:\/\/www.oarcanjo.net\/site\/wp-json\/wp\/v2\/tags?post=25213"}],"curies":[{"name":"wp","href":"https:\/\/api.w.org\/{rel}","templated":true}]}}