
{"id":25217,"date":"2014-04-16T21:14:30","date_gmt":"2014-04-17T00:14:30","guid":{"rendered":"http:\/\/www.oarcanjo.net\/site\/?p=25217"},"modified":"2014-04-16T21:18:47","modified_gmt":"2014-04-17T00:18:47","slug":"feliz-pascoa-disto-todos-nos-somos-testemunhas","status":"publish","type":"post","link":"https:\/\/www.oarcanjo.net\/site\/feliz-pascoa-disto-todos-nos-somos-testemunhas\/","title":{"rendered":"Feliz P\u00e1scoa! \u201cDisto todos n\u00f3s somos testemunhas\u201d"},"content":{"rendered":"<p><em>Cardeal Odilo Pedro Scherer<\/em><\/p>\n<p>Jesus ressuscitado deu este encargo aos ap\u00f3stolos: \u201cv\u00f3s sereis as minhas testemunhas em Jerusal\u00e9m, na Galileia&#8230; at\u00e9 os extremos da terra\u201d (Lc 24,48). E S\u00e3o Pedro, pregando \u00e0 multid\u00e3o ap\u00f3s a vinda do Esp\u00edrito Santo, afirma: \u201ccom efeito, Deus o ressuscitou dos mortos e disto todos n\u00f3s somos testemunhas\u201d (At 2,32). Havia gente negando que Jesus tivesse ressuscitado j\u00e1 naqueles dias&#8230; A afirma\u00e7\u00e3o da ressurrei\u00e7\u00e3o de Jesus enfrentou resist\u00eancia e contesta\u00e7\u00e3o desde o in\u00edcio; e isso dep\u00f5e em favor de sua veracidade. Os ap\u00f3stolos a testemunharam at\u00e9 o mart\u00edrio.<\/p>\n<p>\u201cJesus Cristo ressuscitou dos mortos\u201d &#8211; esse \u00e9 um fato extremamente importante para a f\u00e9 crist\u00e3; nisso, nossa f\u00e9 n\u00e3o pode vacilar. Para muitos, a ressurrei\u00e7\u00e3o de Jesus n\u00e3o seria poss\u00edvel, humanamente falando. Mas \u00e9 bem a\u00ed que est\u00e1 o ponto: n\u00e3o \u00e9 realiza\u00e7\u00e3o do homem. Desde o in\u00edcio, os ap\u00f3stolos afirmam que Jesus ressuscitou \u201cpelo poder de Deus\u201d, e n\u00e3o pela l\u00f3gica das leis da natureza. E se Deus ressuscitou Jesus dentre os mortos, significa que Jesus \u00e9 de Deus.<\/p>\n<p>Os ap\u00f3stolos afirmam com vigor essa verdade, que faz toda diferen\u00e7a para a f\u00e9 da Igreja. S\u00e3o Paulo, respondendo a algu\u00e9m que negava a ressurrei\u00e7\u00e3o, chega a dizer: \u201cse Cristo n\u00e3o ressuscitou, nossa prega\u00e7\u00e3o \u00e9 vazia e a vossa f\u00e9 n\u00e3o tem fundamento!\u201d (cf 1Cor 15, 12-18), tal \u00e9 a import\u00e2ncia da ressurrei\u00e7\u00e3o de Jesus para a f\u00e9 da Igreja!<\/p>\n<p>Por isso, tamb\u00e9m n\u00f3s cremos e afirmamos, com toda a Igreja: Jesus Cristo ressuscitou dos mortos! Deus confirmou que ele \u00e9 seu Filho e que tudo o que ensinou \u00e9 verdadeiro; que Jesus, por isso, \u00e9 o mediador entre Deus e os homens, o \u201csalvador\u201d, que nos introduz diante de Deus e nos transmite sua vida, mediante o Esp\u00edrito Santo; que, finalmente, Jesus Cristo \u00e9 o \u201cSenhor\u201d, o Juiz dos vivos e dos mortos. E disso tamb\u00e9m n\u00f3s continuamos sendo testemunhas!<\/p>\n<p>A P\u00e1scoa \u00e9 a ocasi\u00e3o para uma profunda renova\u00e7\u00e3o da nossa f\u00e9 e de nossa ades\u00e3o a Jesus Cristo Salvador, \u201cnossa vida e ressurrei\u00e7\u00e3o\u201d. \u00c9 tamb\u00e9m a ocasi\u00e3o para renovar nossa disposi\u00e7\u00e3o de sermos testemunhas de Jesus Cristo no mundo, como seus disc\u00edpulos mission\u00e1rios!<\/p>\n<p>Querido povo de Deus em S\u00e3o Paulo, com a Igreja, tamb\u00e9m n\u00f3s cantamos: \u201ceste \u00e9 o Dia que o Senhor fez para n\u00f3s! Alegremo-nos e exultemos de alegria!\u201d Desejo que todos sintam aquela alegria e paz que o Ressuscitado transmitiu aos disc\u00edpulos nos encontros com eles ap\u00f3s a sua ressurrei\u00e7\u00e3o. Feliz e santa P\u00e1scoa! Deus aben\u00e7oe a todos!<\/p>\n<p><iframe loading=\"lazy\" frameborder=\"0\" height=\"450\" src=\"\/\/www.youtube.com\/embed\/XsQUZknlCIk?rel=0\" width=\"600\"><\/iframe><\/p>\n<div id=\"themify_builder_content-25217\" data-postid=\"25217\" class=\"themify_builder_content themify_builder_content-25217 themify_builder themify_builder_front\">\n\t<\/div>\n<!-- \/themify_builder_content -->","protected":false},"excerpt":{"rendered":"<p>Cardeal Odilo Pedro Scherer Jesus ressuscitado deu este encargo aos ap\u00f3stolos: \u201cv\u00f3s sereis as minhas testemunhas em Jerusal\u00e9m, na Galileia&#8230; at\u00e9 os extremos da terra\u201d (Lc 24,48). E S\u00e3o Pedro, pregando \u00e0 multid\u00e3o ap\u00f3s a vinda do Esp\u00edrito Santo, afirma: \u201ccom efeito, Deus o ressuscitou dos mortos e disto todos n\u00f3s somos testemunhas\u201d (At 2,32). [&hellip;]<\/p>\n","protected":false},"author":5,"featured_media":0,"comment_status":"open","ping_status":"open","sticky":false,"template":"","format":"standard","meta":{"ngg_post_thumbnail":0,"footnotes":""},"categories":[9],"tags":[2283,2962,242],"yoast_head":"<!-- This site is optimized with the Yoast SEO plugin v23.5 - https:\/\/yoast.com\/wordpress\/plugins\/seo\/ -->\n<title>Feliz P\u00e1scoa! \u201cDisto todos n\u00f3s somos testemunhas\u201d - O Arcanjo no ar<\/title>\n<meta name=\"robots\" content=\"index, follow, max-snippet:-1, max-image-preview:large, max-video-preview:-1\" \/>\n<link rel=\"canonical\" href=\"https:\/\/www.oarcanjo.net\/site\/feliz-pascoa-disto-todos-nos-somos-testemunhas\/\" \/>\n<meta property=\"og:locale\" content=\"pt_BR\" \/>\n<meta property=\"og:type\" content=\"article\" \/>\n<meta property=\"og:title\" content=\"Feliz P\u00e1scoa! \u201cDisto todos n\u00f3s somos testemunhas\u201d - O Arcanjo no ar\" \/>\n<meta property=\"og:description\" content=\"Cardeal Odilo Pedro Scherer Jesus ressuscitado deu este encargo aos ap\u00f3stolos: \u201cv\u00f3s sereis as minhas testemunhas em Jerusal\u00e9m, na Galileia&#8230; at\u00e9 os extremos da terra\u201d (Lc 24,48). E S\u00e3o Pedro, pregando \u00e0 multid\u00e3o ap\u00f3s a vinda do Esp\u00edrito Santo, afirma: \u201ccom efeito, Deus o ressuscitou dos mortos e disto todos n\u00f3s somos testemunhas\u201d (At 2,32). [&hellip;]\" \/>\n<meta property=\"og:url\" content=\"https:\/\/www.oarcanjo.net\/site\/feliz-pascoa-disto-todos-nos-somos-testemunhas\/\" \/>\n<meta property=\"og:site_name\" content=\"O Arcanjo no ar\" \/>\n<meta property=\"article:publisher\" content=\"https:\/\/www.facebook.com\/OArcanjoNoAr\/\" \/>\n<meta property=\"article:published_time\" content=\"2014-04-17T00:14:30+00:00\" \/>\n<meta property=\"article:modified_time\" content=\"2014-04-17T00:18:47+00:00\" \/>\n<meta property=\"og:image\" content=\"https:\/\/www.oarcanjo.net\/site\/wp-content\/uploads\/logo-o-arcanjo-no-ar-facebook.png\" \/>\n\t<meta property=\"og:image:width\" content=\"300\" \/>\n\t<meta property=\"og:image:height\" content=\"300\" \/>\n\t<meta property=\"og:image:type\" content=\"image\/png\" \/>\n<meta name=\"author\" content=\"editor\" \/>\n<meta name=\"twitter:card\" content=\"summary_large_image\" \/>\n<meta name=\"twitter:label1\" content=\"Escrito por\" \/>\n\t<meta name=\"twitter:data1\" content=\"editor\" \/>\n\t<meta name=\"twitter:label2\" content=\"Est. tempo de leitura\" \/>\n\t<meta name=\"twitter:data2\" content=\"2 minutos\" \/>\n<script type=\"application\/ld+json\" class=\"yoast-schema-graph\">{\"@context\":\"https:\/\/schema.org\",\"@graph\":[{\"@type\":\"Article\",\"@id\":\"https:\/\/www.oarcanjo.net\/site\/feliz-pascoa-disto-todos-nos-somos-testemunhas\/#article\",\"isPartOf\":{\"@id\":\"https:\/\/www.oarcanjo.net\/site\/feliz-pascoa-disto-todos-nos-somos-testemunhas\/\"},\"author\":{\"name\":\"editor\",\"@id\":\"https:\/\/www.oarcanjo.net\/site\/#\/schema\/person\/f7024d007863202483a31326673a0838\"},\"headline\":\"Feliz P\u00e1scoa! \u201cDisto todos n\u00f3s somos testemunhas\u201d\",\"datePublished\":\"2014-04-17T00:14:30+00:00\",\"dateModified\":\"2014-04-17T00:18:47+00:00\",\"mainEntityOfPage\":{\"@id\":\"https:\/\/www.oarcanjo.net\/site\/feliz-pascoa-disto-todos-nos-somos-testemunhas\/\"},\"wordCount\":469,\"commentCount\":0,\"publisher\":{\"@id\":\"https:\/\/www.oarcanjo.net\/site\/#organization\"},\"keywords\":[\"Cardeal Odilo Pedro Scherer\",\"Mensagem\",\"P\u00e1scoa\"],\"articleSection\":[\"Reflex\u00f5es\"],\"inLanguage\":\"pt-BR\",\"potentialAction\":[{\"@type\":\"CommentAction\",\"name\":\"Comment\",\"target\":[\"https:\/\/www.oarcanjo.net\/site\/feliz-pascoa-disto-todos-nos-somos-testemunhas\/#respond\"]}]},{\"@type\":\"WebPage\",\"@id\":\"https:\/\/www.oarcanjo.net\/site\/feliz-pascoa-disto-todos-nos-somos-testemunhas\/\",\"url\":\"https:\/\/www.oarcanjo.net\/site\/feliz-pascoa-disto-todos-nos-somos-testemunhas\/\",\"name\":\"Feliz P\u00e1scoa! \u201cDisto todos n\u00f3s somos testemunhas\u201d - O Arcanjo no ar\",\"isPartOf\":{\"@id\":\"https:\/\/www.oarcanjo.net\/site\/#website\"},\"datePublished\":\"2014-04-17T00:14:30+00:00\",\"dateModified\":\"2014-04-17T00:18:47+00:00\",\"breadcrumb\":{\"@id\":\"https:\/\/www.oarcanjo.net\/site\/feliz-pascoa-disto-todos-nos-somos-testemunhas\/#breadcrumb\"},\"inLanguage\":\"pt-BR\",\"potentialAction\":[{\"@type\":\"ReadAction\",\"target\":[\"https:\/\/www.oarcanjo.net\/site\/feliz-pascoa-disto-todos-nos-somos-testemunhas\/\"]}]},{\"@type\":\"BreadcrumbList\",\"@id\":\"https:\/\/www.oarcanjo.net\/site\/feliz-pascoa-disto-todos-nos-somos-testemunhas\/#breadcrumb\",\"itemListElement\":[{\"@type\":\"ListItem\",\"position\":1,\"name\":\"In\u00edcio\",\"item\":\"https:\/\/www.oarcanjo.net\/site\/\"},{\"@type\":\"ListItem\",\"position\":2,\"name\":\"Feliz P\u00e1scoa! \u201cDisto todos n\u00f3s somos testemunhas\u201d\"}]},{\"@type\":\"WebSite\",\"@id\":\"https:\/\/www.oarcanjo.net\/site\/#website\",\"url\":\"https:\/\/www.oarcanjo.net\/site\/\",\"name\":\"O Arcanjo no ar\",\"description\":\"Site da Par\u00f3quia S\u00e3o Miguel Arcanjo (Arquidiocese de SP)\",\"publisher\":{\"@id\":\"https:\/\/www.oarcanjo.net\/site\/#organization\"},\"potentialAction\":[{\"@type\":\"SearchAction\",\"target\":{\"@type\":\"EntryPoint\",\"urlTemplate\":\"https:\/\/www.oarcanjo.net\/site\/?s={search_term_string}\"},\"query-input\":{\"@type\":\"PropertyValueSpecification\",\"valueRequired\":true,\"valueName\":\"search_term_string\"}}],\"inLanguage\":\"pt-BR\"},{\"@type\":\"Organization\",\"@id\":\"https:\/\/www.oarcanjo.net\/site\/#organization\",\"name\":\"Par\u00f3quia S\u00e3o Miguel Arcanjo\",\"url\":\"https:\/\/www.oarcanjo.net\/site\/\",\"logo\":{\"@type\":\"ImageObject\",\"inLanguage\":\"pt-BR\",\"@id\":\"https:\/\/www.oarcanjo.net\/site\/#\/schema\/logo\/image\/\",\"url\":\"https:\/\/www.oarcanjo.net\/site\/wp-content\/uploads\/LogoOArcanjo.png\",\"contentUrl\":\"https:\/\/www.oarcanjo.net\/site\/wp-content\/uploads\/LogoOArcanjo.png\",\"width\":319,\"height\":99,\"caption\":\"Par\u00f3quia S\u00e3o Miguel Arcanjo\"},\"image\":{\"@id\":\"https:\/\/www.oarcanjo.net\/site\/#\/schema\/logo\/image\/\"},\"sameAs\":[\"https:\/\/www.facebook.com\/OArcanjoNoAr\/\"]},{\"@type\":\"Person\",\"@id\":\"https:\/\/www.oarcanjo.net\/site\/#\/schema\/person\/f7024d007863202483a31326673a0838\",\"name\":\"editor\",\"sameAs\":[\"http:\/\/www.oarcanjo.net\"]}]}<\/script>\n<!-- \/ Yoast SEO plugin. -->","yoast_head_json":{"title":"Feliz P\u00e1scoa! \u201cDisto todos n\u00f3s somos testemunhas\u201d - O Arcanjo no ar","robots":{"index":"index","follow":"follow","max-snippet":"max-snippet:-1","max-image-preview":"max-image-preview:large","max-video-preview":"max-video-preview:-1"},"canonical":"https:\/\/www.oarcanjo.net\/site\/feliz-pascoa-disto-todos-nos-somos-testemunhas\/","og_locale":"pt_BR","og_type":"article","og_title":"Feliz P\u00e1scoa! \u201cDisto todos n\u00f3s somos testemunhas\u201d - O Arcanjo no ar","og_description":"Cardeal Odilo Pedro Scherer Jesus ressuscitado deu este encargo aos ap\u00f3stolos: \u201cv\u00f3s sereis as minhas testemunhas em Jerusal\u00e9m, na Galileia&#8230; at\u00e9 os extremos da terra\u201d (Lc 24,48). E S\u00e3o Pedro, pregando \u00e0 multid\u00e3o ap\u00f3s a vinda do Esp\u00edrito Santo, afirma: \u201ccom efeito, Deus o ressuscitou dos mortos e disto todos n\u00f3s somos testemunhas\u201d (At 2,32). [&hellip;]","og_url":"https:\/\/www.oarcanjo.net\/site\/feliz-pascoa-disto-todos-nos-somos-testemunhas\/","og_site_name":"O Arcanjo no ar","article_publisher":"https:\/\/www.facebook.com\/OArcanjoNoAr\/","article_published_time":"2014-04-17T00:14:30+00:00","article_modified_time":"2014-04-17T00:18:47+00:00","og_image":[{"width":300,"height":300,"url":"https:\/\/www.oarcanjo.net\/site\/wp-content\/uploads\/logo-o-arcanjo-no-ar-facebook.png","type":"image\/png"}],"author":"editor","twitter_card":"summary_large_image","twitter_misc":{"Escrito por":"editor","Est. tempo de leitura":"2 minutos"},"schema":{"@context":"https:\/\/schema.org","@graph":[{"@type":"Article","@id":"https:\/\/www.oarcanjo.net\/site\/feliz-pascoa-disto-todos-nos-somos-testemunhas\/#article","isPartOf":{"@id":"https:\/\/www.oarcanjo.net\/site\/feliz-pascoa-disto-todos-nos-somos-testemunhas\/"},"author":{"name":"editor","@id":"https:\/\/www.oarcanjo.net\/site\/#\/schema\/person\/f7024d007863202483a31326673a0838"},"headline":"Feliz P\u00e1scoa! \u201cDisto todos n\u00f3s somos testemunhas\u201d","datePublished":"2014-04-17T00:14:30+00:00","dateModified":"2014-04-17T00:18:47+00:00","mainEntityOfPage":{"@id":"https:\/\/www.oarcanjo.net\/site\/feliz-pascoa-disto-todos-nos-somos-testemunhas\/"},"wordCount":469,"commentCount":0,"publisher":{"@id":"https:\/\/www.oarcanjo.net\/site\/#organization"},"keywords":["Cardeal Odilo Pedro Scherer","Mensagem","P\u00e1scoa"],"articleSection":["Reflex\u00f5es"],"inLanguage":"pt-BR","potentialAction":[{"@type":"CommentAction","name":"Comment","target":["https:\/\/www.oarcanjo.net\/site\/feliz-pascoa-disto-todos-nos-somos-testemunhas\/#respond"]}]},{"@type":"WebPage","@id":"https:\/\/www.oarcanjo.net\/site\/feliz-pascoa-disto-todos-nos-somos-testemunhas\/","url":"https:\/\/www.oarcanjo.net\/site\/feliz-pascoa-disto-todos-nos-somos-testemunhas\/","name":"Feliz P\u00e1scoa! \u201cDisto todos n\u00f3s somos testemunhas\u201d - O Arcanjo no ar","isPartOf":{"@id":"https:\/\/www.oarcanjo.net\/site\/#website"},"datePublished":"2014-04-17T00:14:30+00:00","dateModified":"2014-04-17T00:18:47+00:00","breadcrumb":{"@id":"https:\/\/www.oarcanjo.net\/site\/feliz-pascoa-disto-todos-nos-somos-testemunhas\/#breadcrumb"},"inLanguage":"pt-BR","potentialAction":[{"@type":"ReadAction","target":["https:\/\/www.oarcanjo.net\/site\/feliz-pascoa-disto-todos-nos-somos-testemunhas\/"]}]},{"@type":"BreadcrumbList","@id":"https:\/\/www.oarcanjo.net\/site\/feliz-pascoa-disto-todos-nos-somos-testemunhas\/#breadcrumb","itemListElement":[{"@type":"ListItem","position":1,"name":"In\u00edcio","item":"https:\/\/www.oarcanjo.net\/site\/"},{"@type":"ListItem","position":2,"name":"Feliz P\u00e1scoa! \u201cDisto todos n\u00f3s somos testemunhas\u201d"}]},{"@type":"WebSite","@id":"https:\/\/www.oarcanjo.net\/site\/#website","url":"https:\/\/www.oarcanjo.net\/site\/","name":"O Arcanjo no ar","description":"Site da Par\u00f3quia S\u00e3o Miguel Arcanjo (Arquidiocese de SP)","publisher":{"@id":"https:\/\/www.oarcanjo.net\/site\/#organization"},"potentialAction":[{"@type":"SearchAction","target":{"@type":"EntryPoint","urlTemplate":"https:\/\/www.oarcanjo.net\/site\/?s={search_term_string}"},"query-input":{"@type":"PropertyValueSpecification","valueRequired":true,"valueName":"search_term_string"}}],"inLanguage":"pt-BR"},{"@type":"Organization","@id":"https:\/\/www.oarcanjo.net\/site\/#organization","name":"Par\u00f3quia S\u00e3o Miguel Arcanjo","url":"https:\/\/www.oarcanjo.net\/site\/","logo":{"@type":"ImageObject","inLanguage":"pt-BR","@id":"https:\/\/www.oarcanjo.net\/site\/#\/schema\/logo\/image\/","url":"https:\/\/www.oarcanjo.net\/site\/wp-content\/uploads\/LogoOArcanjo.png","contentUrl":"https:\/\/www.oarcanjo.net\/site\/wp-content\/uploads\/LogoOArcanjo.png","width":319,"height":99,"caption":"Par\u00f3quia S\u00e3o Miguel Arcanjo"},"image":{"@id":"https:\/\/www.oarcanjo.net\/site\/#\/schema\/logo\/image\/"},"sameAs":["https:\/\/www.facebook.com\/OArcanjoNoAr\/"]},{"@type":"Person","@id":"https:\/\/www.oarcanjo.net\/site\/#\/schema\/person\/f7024d007863202483a31326673a0838","name":"editor","sameAs":["http:\/\/www.oarcanjo.net"]}]}},"publishpress_future_action":{"enabled":false,"date":"2026-05-08 20:33:19","action":"category","newStatus":"draft","terms":[],"taxonomy":"category"},"publishpress_future_workflow_manual_trigger":{"enabledWorkflows":[]},"_links":{"self":[{"href":"https:\/\/www.oarcanjo.net\/site\/wp-json\/wp\/v2\/posts\/25217"}],"collection":[{"href":"https:\/\/www.oarcanjo.net\/site\/wp-json\/wp\/v2\/posts"}],"about":[{"href":"https:\/\/www.oarcanjo.net\/site\/wp-json\/wp\/v2\/types\/post"}],"author":[{"embeddable":true,"href":"https:\/\/www.oarcanjo.net\/site\/wp-json\/wp\/v2\/users\/5"}],"replies":[{"embeddable":true,"href":"https:\/\/www.oarcanjo.net\/site\/wp-json\/wp\/v2\/comments?post=25217"}],"version-history":[{"count":0,"href":"https:\/\/www.oarcanjo.net\/site\/wp-json\/wp\/v2\/posts\/25217\/revisions"}],"wp:attachment":[{"href":"https:\/\/www.oarcanjo.net\/site\/wp-json\/wp\/v2\/media?parent=25217"}],"wp:term":[{"taxonomy":"category","embeddable":true,"href":"https:\/\/www.oarcanjo.net\/site\/wp-json\/wp\/v2\/categories?post=25217"},{"taxonomy":"post_tag","embeddable":true,"href":"https:\/\/www.oarcanjo.net\/site\/wp-json\/wp\/v2\/tags?post=25217"}],"curies":[{"name":"wp","href":"https:\/\/api.w.org\/{rel}","templated":true}]}}