
{"id":25227,"date":"2014-04-19T23:58:35","date_gmt":"2014-04-20T02:58:35","guid":{"rendered":"http:\/\/www.oarcanjo.net\/site\/?p=25227"},"modified":"2014-04-27T22:28:27","modified_gmt":"2014-04-28T01:28:27","slug":"lava-pes-e-instiuicao-da-eucaristia","status":"publish","type":"post","link":"https:\/\/www.oarcanjo.net\/site\/lava-pes-e-instiuicao-da-eucaristia\/","title":{"rendered":"Lava-p\u00e9s e institui\u00e7\u00e3o da Eucaristia"},"content":{"rendered":"<p style=\"text-align: justify;\">Aqui as\u00a0fotos da celebra\u00e7\u00e3o na\u00a0Quinta-feira Santa, com o Pe Julio lavando os p\u00e9s das colaboradoras da Pastoral das Crian\u00e7as, que acolhem muitas crian\u00e7as de fam\u00edlias imigrantes, sendo que h\u00e1 not\u00edcias de outras fam\u00edlias em situa\u00e7\u00e3o de explora\u00e7\u00e3o, que se assemelham \u00e0 da escravid\u00e3o,\u00a0tendo a Campanha da Fraternidade vindo abordar esse tema\u00a0neste ano. Relembramos e celebramos a institui\u00e7\u00e3o da eucaristia e, na sequ\u00eancia, a prociss\u00e3o do Sant\u00edssimo at\u00e9 o altar da reposi\u00e7\u00e3o. A comunidade ficou em vig\u00edlia, passando do final da noite de quinta-feira santa, a sexta-feira com a Igreja aberta e com cont\u00ednua devo\u00e7\u00e3o.<\/p>\n<p style=\"text-align: justify;\">Vejam\u00a0as fotos<\/p>\nngg_shortcode_0_placeholder\n<div id=\"themify_builder_content-25227\" data-postid=\"25227\" class=\"themify_builder_content themify_builder_content-25227 themify_builder themify_builder_front\">\n\t<\/div>\n<!-- \/themify_builder_content -->","protected":false},"excerpt":{"rendered":"<p>Aqui as\u00a0fotos da celebra\u00e7\u00e3o na\u00a0Quinta-feira Santa, com o Pe Julio lavando os p\u00e9s das colaboradoras da Pastoral das Crian\u00e7as, que acolhem muitas crian\u00e7as de fam\u00edlias imigrantes, sendo que h\u00e1 not\u00edcias de outras fam\u00edlias em situa\u00e7\u00e3o de explora\u00e7\u00e3o, que se assemelham \u00e0 da escravid\u00e3o,\u00a0tendo a Campanha da Fraternidade vindo abordar esse tema\u00a0neste ano. Relembramos e celebramos [&hellip;]<\/p>\n","protected":false},"author":10,"featured_media":0,"comment_status":"open","ping_status":"open","sticky":false,"template":"","format":"standard","meta":{"ngg_post_thumbnail":0,"footnotes":""},"categories":[8,7],"tags":[],"yoast_head":"<!-- This site is optimized with the Yoast SEO plugin v23.5 - https:\/\/yoast.com\/wordpress\/plugins\/seo\/ -->\n<title>Lava-p\u00e9s e institui\u00e7\u00e3o da Eucaristia - O Arcanjo no ar<\/title>\n<meta name=\"robots\" content=\"index, follow, max-snippet:-1, max-image-preview:large, max-video-preview:-1\" \/>\n<link rel=\"canonical\" href=\"https:\/\/www.oarcanjo.net\/site\/lava-pes-e-instiuicao-da-eucaristia\/\" \/>\n<meta property=\"og:locale\" content=\"pt_BR\" \/>\n<meta property=\"og:type\" content=\"article\" \/>\n<meta property=\"og:title\" content=\"Lava-p\u00e9s e institui\u00e7\u00e3o da Eucaristia - O Arcanjo no ar\" \/>\n<meta property=\"og:description\" content=\"Aqui as\u00a0fotos da celebra\u00e7\u00e3o na\u00a0Quinta-feira Santa, com o Pe Julio lavando os p\u00e9s das colaboradoras da Pastoral das Crian\u00e7as, que acolhem muitas crian\u00e7as de fam\u00edlias imigrantes, sendo que h\u00e1 not\u00edcias de outras fam\u00edlias em situa\u00e7\u00e3o de explora\u00e7\u00e3o, que se assemelham \u00e0 da escravid\u00e3o,\u00a0tendo a Campanha da Fraternidade vindo abordar esse tema\u00a0neste ano. Relembramos e celebramos [&hellip;]\" \/>\n<meta property=\"og:url\" content=\"https:\/\/www.oarcanjo.net\/site\/lava-pes-e-instiuicao-da-eucaristia\/\" \/>\n<meta property=\"og:site_name\" content=\"O Arcanjo no ar\" \/>\n<meta property=\"article:publisher\" content=\"https:\/\/www.facebook.com\/OArcanjoNoAr\/\" \/>\n<meta property=\"article:published_time\" content=\"2014-04-20T02:58:35+00:00\" \/>\n<meta property=\"article:modified_time\" content=\"2014-04-28T01:28:27+00:00\" \/>\n<meta property=\"og:image\" content=\"https:\/\/www.oarcanjo.net\/site\/wp-content\/uploads\/logo-o-arcanjo-no-ar-facebook.png\" \/>\n\t<meta property=\"og:image:width\" content=\"300\" \/>\n\t<meta property=\"og:image:height\" content=\"300\" \/>\n\t<meta property=\"og:image:type\" content=\"image\/png\" \/>\n<meta name=\"author\" content=\"carlos\" \/>\n<meta name=\"twitter:card\" content=\"summary_large_image\" \/>\n<meta name=\"twitter:label1\" content=\"Escrito por\" \/>\n\t<meta name=\"twitter:data1\" content=\"carlos\" \/>\n\t<meta name=\"twitter:label2\" content=\"Est. tempo de leitura\" \/>\n\t<meta name=\"twitter:data2\" content=\"1 minuto\" \/>\n<script type=\"application\/ld+json\" class=\"yoast-schema-graph\">{\"@context\":\"https:\/\/schema.org\",\"@graph\":[{\"@type\":\"Article\",\"@id\":\"https:\/\/www.oarcanjo.net\/site\/lava-pes-e-instiuicao-da-eucaristia\/#article\",\"isPartOf\":{\"@id\":\"https:\/\/www.oarcanjo.net\/site\/lava-pes-e-instiuicao-da-eucaristia\/\"},\"author\":{\"name\":\"carlos\",\"@id\":\"https:\/\/www.oarcanjo.net\/site\/#\/schema\/person\/f7870e710d8c8c30673de3a0ac2e451d\"},\"headline\":\"Lava-p\u00e9s e institui\u00e7\u00e3o da Eucaristia\",\"datePublished\":\"2014-04-20T02:58:35+00:00\",\"dateModified\":\"2014-04-28T01:28:27+00:00\",\"mainEntityOfPage\":{\"@id\":\"https:\/\/www.oarcanjo.net\/site\/lava-pes-e-instiuicao-da-eucaristia\/\"},\"wordCount\":127,\"commentCount\":1,\"publisher\":{\"@id\":\"https:\/\/www.oarcanjo.net\/site\/#organization\"},\"articleSection\":[\"Not\u00edcias\",\"Rosto da comunidade\"],\"inLanguage\":\"pt-BR\",\"potentialAction\":[{\"@type\":\"CommentAction\",\"name\":\"Comment\",\"target\":[\"https:\/\/www.oarcanjo.net\/site\/lava-pes-e-instiuicao-da-eucaristia\/#respond\"]}]},{\"@type\":\"WebPage\",\"@id\":\"https:\/\/www.oarcanjo.net\/site\/lava-pes-e-instiuicao-da-eucaristia\/\",\"url\":\"https:\/\/www.oarcanjo.net\/site\/lava-pes-e-instiuicao-da-eucaristia\/\",\"name\":\"Lava-p\u00e9s e institui\u00e7\u00e3o da Eucaristia - O Arcanjo no ar\",\"isPartOf\":{\"@id\":\"https:\/\/www.oarcanjo.net\/site\/#website\"},\"datePublished\":\"2014-04-20T02:58:35+00:00\",\"dateModified\":\"2014-04-28T01:28:27+00:00\",\"breadcrumb\":{\"@id\":\"https:\/\/www.oarcanjo.net\/site\/lava-pes-e-instiuicao-da-eucaristia\/#breadcrumb\"},\"inLanguage\":\"pt-BR\",\"potentialAction\":[{\"@type\":\"ReadAction\",\"target\":[\"https:\/\/www.oarcanjo.net\/site\/lava-pes-e-instiuicao-da-eucaristia\/\"]}]},{\"@type\":\"BreadcrumbList\",\"@id\":\"https:\/\/www.oarcanjo.net\/site\/lava-pes-e-instiuicao-da-eucaristia\/#breadcrumb\",\"itemListElement\":[{\"@type\":\"ListItem\",\"position\":1,\"name\":\"In\u00edcio\",\"item\":\"https:\/\/www.oarcanjo.net\/site\/\"},{\"@type\":\"ListItem\",\"position\":2,\"name\":\"Lava-p\u00e9s e institui\u00e7\u00e3o da Eucaristia\"}]},{\"@type\":\"WebSite\",\"@id\":\"https:\/\/www.oarcanjo.net\/site\/#website\",\"url\":\"https:\/\/www.oarcanjo.net\/site\/\",\"name\":\"O Arcanjo no ar\",\"description\":\"Site da Par\u00f3quia S\u00e3o Miguel Arcanjo (Arquidiocese de SP)\",\"publisher\":{\"@id\":\"https:\/\/www.oarcanjo.net\/site\/#organization\"},\"potentialAction\":[{\"@type\":\"SearchAction\",\"target\":{\"@type\":\"EntryPoint\",\"urlTemplate\":\"https:\/\/www.oarcanjo.net\/site\/?s={search_term_string}\"},\"query-input\":{\"@type\":\"PropertyValueSpecification\",\"valueRequired\":true,\"valueName\":\"search_term_string\"}}],\"inLanguage\":\"pt-BR\"},{\"@type\":\"Organization\",\"@id\":\"https:\/\/www.oarcanjo.net\/site\/#organization\",\"name\":\"Par\u00f3quia S\u00e3o Miguel Arcanjo\",\"url\":\"https:\/\/www.oarcanjo.net\/site\/\",\"logo\":{\"@type\":\"ImageObject\",\"inLanguage\":\"pt-BR\",\"@id\":\"https:\/\/www.oarcanjo.net\/site\/#\/schema\/logo\/image\/\",\"url\":\"https:\/\/www.oarcanjo.net\/site\/wp-content\/uploads\/LogoOArcanjo.png\",\"contentUrl\":\"https:\/\/www.oarcanjo.net\/site\/wp-content\/uploads\/LogoOArcanjo.png\",\"width\":319,\"height\":99,\"caption\":\"Par\u00f3quia S\u00e3o Miguel Arcanjo\"},\"image\":{\"@id\":\"https:\/\/www.oarcanjo.net\/site\/#\/schema\/logo\/image\/\"},\"sameAs\":[\"https:\/\/www.facebook.com\/OArcanjoNoAr\/\"]},{\"@type\":\"Person\",\"@id\":\"https:\/\/www.oarcanjo.net\/site\/#\/schema\/person\/f7870e710d8c8c30673de3a0ac2e451d\",\"name\":\"carlos\"}]}<\/script>\n<!-- \/ Yoast SEO plugin. -->","yoast_head_json":{"title":"Lava-p\u00e9s e institui\u00e7\u00e3o da Eucaristia - O Arcanjo no ar","robots":{"index":"index","follow":"follow","max-snippet":"max-snippet:-1","max-image-preview":"max-image-preview:large","max-video-preview":"max-video-preview:-1"},"canonical":"https:\/\/www.oarcanjo.net\/site\/lava-pes-e-instiuicao-da-eucaristia\/","og_locale":"pt_BR","og_type":"article","og_title":"Lava-p\u00e9s e institui\u00e7\u00e3o da Eucaristia - O Arcanjo no ar","og_description":"Aqui as\u00a0fotos da celebra\u00e7\u00e3o na\u00a0Quinta-feira Santa, com o Pe Julio lavando os p\u00e9s das colaboradoras da Pastoral das Crian\u00e7as, que acolhem muitas crian\u00e7as de fam\u00edlias imigrantes, sendo que h\u00e1 not\u00edcias de outras fam\u00edlias em situa\u00e7\u00e3o de explora\u00e7\u00e3o, que se assemelham \u00e0 da escravid\u00e3o,\u00a0tendo a Campanha da Fraternidade vindo abordar esse tema\u00a0neste ano. Relembramos e celebramos [&hellip;]","og_url":"https:\/\/www.oarcanjo.net\/site\/lava-pes-e-instiuicao-da-eucaristia\/","og_site_name":"O Arcanjo no ar","article_publisher":"https:\/\/www.facebook.com\/OArcanjoNoAr\/","article_published_time":"2014-04-20T02:58:35+00:00","article_modified_time":"2014-04-28T01:28:27+00:00","og_image":[{"width":300,"height":300,"url":"https:\/\/www.oarcanjo.net\/site\/wp-content\/uploads\/logo-o-arcanjo-no-ar-facebook.png","type":"image\/png"}],"author":"carlos","twitter_card":"summary_large_image","twitter_misc":{"Escrito por":"carlos","Est. tempo de leitura":"1 minuto"},"schema":{"@context":"https:\/\/schema.org","@graph":[{"@type":"Article","@id":"https:\/\/www.oarcanjo.net\/site\/lava-pes-e-instiuicao-da-eucaristia\/#article","isPartOf":{"@id":"https:\/\/www.oarcanjo.net\/site\/lava-pes-e-instiuicao-da-eucaristia\/"},"author":{"name":"carlos","@id":"https:\/\/www.oarcanjo.net\/site\/#\/schema\/person\/f7870e710d8c8c30673de3a0ac2e451d"},"headline":"Lava-p\u00e9s e institui\u00e7\u00e3o da Eucaristia","datePublished":"2014-04-20T02:58:35+00:00","dateModified":"2014-04-28T01:28:27+00:00","mainEntityOfPage":{"@id":"https:\/\/www.oarcanjo.net\/site\/lava-pes-e-instiuicao-da-eucaristia\/"},"wordCount":127,"commentCount":1,"publisher":{"@id":"https:\/\/www.oarcanjo.net\/site\/#organization"},"articleSection":["Not\u00edcias","Rosto da comunidade"],"inLanguage":"pt-BR","potentialAction":[{"@type":"CommentAction","name":"Comment","target":["https:\/\/www.oarcanjo.net\/site\/lava-pes-e-instiuicao-da-eucaristia\/#respond"]}]},{"@type":"WebPage","@id":"https:\/\/www.oarcanjo.net\/site\/lava-pes-e-instiuicao-da-eucaristia\/","url":"https:\/\/www.oarcanjo.net\/site\/lava-pes-e-instiuicao-da-eucaristia\/","name":"Lava-p\u00e9s e institui\u00e7\u00e3o da Eucaristia - O Arcanjo no ar","isPartOf":{"@id":"https:\/\/www.oarcanjo.net\/site\/#website"},"datePublished":"2014-04-20T02:58:35+00:00","dateModified":"2014-04-28T01:28:27+00:00","breadcrumb":{"@id":"https:\/\/www.oarcanjo.net\/site\/lava-pes-e-instiuicao-da-eucaristia\/#breadcrumb"},"inLanguage":"pt-BR","potentialAction":[{"@type":"ReadAction","target":["https:\/\/www.oarcanjo.net\/site\/lava-pes-e-instiuicao-da-eucaristia\/"]}]},{"@type":"BreadcrumbList","@id":"https:\/\/www.oarcanjo.net\/site\/lava-pes-e-instiuicao-da-eucaristia\/#breadcrumb","itemListElement":[{"@type":"ListItem","position":1,"name":"In\u00edcio","item":"https:\/\/www.oarcanjo.net\/site\/"},{"@type":"ListItem","position":2,"name":"Lava-p\u00e9s e institui\u00e7\u00e3o da Eucaristia"}]},{"@type":"WebSite","@id":"https:\/\/www.oarcanjo.net\/site\/#website","url":"https:\/\/www.oarcanjo.net\/site\/","name":"O Arcanjo no ar","description":"Site da Par\u00f3quia S\u00e3o Miguel Arcanjo (Arquidiocese de SP)","publisher":{"@id":"https:\/\/www.oarcanjo.net\/site\/#organization"},"potentialAction":[{"@type":"SearchAction","target":{"@type":"EntryPoint","urlTemplate":"https:\/\/www.oarcanjo.net\/site\/?s={search_term_string}"},"query-input":{"@type":"PropertyValueSpecification","valueRequired":true,"valueName":"search_term_string"}}],"inLanguage":"pt-BR"},{"@type":"Organization","@id":"https:\/\/www.oarcanjo.net\/site\/#organization","name":"Par\u00f3quia S\u00e3o Miguel Arcanjo","url":"https:\/\/www.oarcanjo.net\/site\/","logo":{"@type":"ImageObject","inLanguage":"pt-BR","@id":"https:\/\/www.oarcanjo.net\/site\/#\/schema\/logo\/image\/","url":"https:\/\/www.oarcanjo.net\/site\/wp-content\/uploads\/LogoOArcanjo.png","contentUrl":"https:\/\/www.oarcanjo.net\/site\/wp-content\/uploads\/LogoOArcanjo.png","width":319,"height":99,"caption":"Par\u00f3quia S\u00e3o Miguel Arcanjo"},"image":{"@id":"https:\/\/www.oarcanjo.net\/site\/#\/schema\/logo\/image\/"},"sameAs":["https:\/\/www.facebook.com\/OArcanjoNoAr\/"]},{"@type":"Person","@id":"https:\/\/www.oarcanjo.net\/site\/#\/schema\/person\/f7870e710d8c8c30673de3a0ac2e451d","name":"carlos"}]}},"publishpress_future_action":{"enabled":false,"date":"2026-05-09 10:23:56","action":"category","newStatus":"draft","terms":[],"taxonomy":"category"},"publishpress_future_workflow_manual_trigger":{"enabledWorkflows":[]},"_links":{"self":[{"href":"https:\/\/www.oarcanjo.net\/site\/wp-json\/wp\/v2\/posts\/25227"}],"collection":[{"href":"https:\/\/www.oarcanjo.net\/site\/wp-json\/wp\/v2\/posts"}],"about":[{"href":"https:\/\/www.oarcanjo.net\/site\/wp-json\/wp\/v2\/types\/post"}],"author":[{"embeddable":true,"href":"https:\/\/www.oarcanjo.net\/site\/wp-json\/wp\/v2\/users\/10"}],"replies":[{"embeddable":true,"href":"https:\/\/www.oarcanjo.net\/site\/wp-json\/wp\/v2\/comments?post=25227"}],"version-history":[{"count":0,"href":"https:\/\/www.oarcanjo.net\/site\/wp-json\/wp\/v2\/posts\/25227\/revisions"}],"wp:attachment":[{"href":"https:\/\/www.oarcanjo.net\/site\/wp-json\/wp\/v2\/media?parent=25227"}],"wp:term":[{"taxonomy":"category","embeddable":true,"href":"https:\/\/www.oarcanjo.net\/site\/wp-json\/wp\/v2\/categories?post=25227"},{"taxonomy":"post_tag","embeddable":true,"href":"https:\/\/www.oarcanjo.net\/site\/wp-json\/wp\/v2\/tags?post=25227"}],"curies":[{"name":"wp","href":"https:\/\/api.w.org\/{rel}","templated":true}]}}