
{"id":2543,"date":"2009-03-24T22:27:22","date_gmt":"2009-03-25T01:27:22","guid":{"rendered":"http:\/\/www.oarcanjo.net\/site\/?p=2543"},"modified":"2009-03-24T22:27:22","modified_gmt":"2009-03-25T01:27:22","slug":"fazer-a-paz-com-agua","status":"publish","type":"post","link":"https:\/\/www.oarcanjo.net\/site\/fazer-a-paz-com-agua\/","title":{"rendered":"Fazer a paz com \u00e1gua"},"content":{"rendered":"<p>Marcelo Barros<\/p>\n<p>O fato da ONU consagrar o dia 22 de mar\u00e7o como &#8220;Dia internacional da \u00c1gua&#8221; n\u00e3o pode deixar de nos recordar que estamos vivendo uma profunda crise da civiliza\u00e7\u00e3o. Este modo de organizar o mundo, baseado na sistem\u00e1tica explora\u00e7\u00e3o de seres humanos por outros seres humanos e na intensa destrui\u00e7\u00e3o da natureza por uma restrita elite mundial, j\u00e1 n\u00e3o tem mais sustenta\u00e7\u00e3o. Dos seis bilh\u00f5es de pessoas que habitam a face do planeta, apenas 1,7 bilh\u00f5es pertence a esta sociedade consumista e predadora da civiliza\u00e7\u00e3o contempor\u00e2nea. Para sustentar os caprichos dessa elite mundial s\u00e3o necess\u00e1rias 1,5 Terras para alguns, ou at\u00e9 seis Terras para outros. Essa elite n\u00e3o est\u00e1 apenas no primeiro mundo, mas tamb\u00e9m tem seus nichos no segundo, terceiro e quarto mundo. <\/p>\n<p>A consci\u00eancia dos limites do planeta come\u00e7ou surgir a partir da d\u00e9cada de 60, mas aprofundou-se na d\u00e9cada de 70 e generalizou-se a partir da d\u00e9cada de 80. <\/p>\n<p>Entre todos os bens da Terra e da Vida, o mais amea\u00e7ado \u00e9 a \u00c1gua. \u00c9 o maior problema ecol\u00f3gico de nossos tempos e est\u00e1 come\u00e7ando a ser motivo de conflitos e guerras entre v\u00e1rios povos em quase todos os continentes. Se um bilh\u00e3o e duzentos milh\u00f5es de seres humanos n\u00e3o t\u00eam acesso \u00e0 \u00e1gua pot\u00e1vel e milh\u00f5es de crian\u00e7as, em muitos pa\u00edses pobres, morrem em conseq\u00fc\u00eancia do uso de \u00e1guas impr\u00f3prias para a sa\u00fade, n\u00e3o podemos mais n\u00e3o cuidar com prioridade desta quest\u00e3o. O uso que a sociedade faz da \u00e1gua aumenta sempre, enquanto, por causa da polui\u00e7\u00e3o e do aquecimento global, agora evidente, os rios de todos os continentes diminuem de volume normal, muitos est\u00e3o agonizantes, como o S\u00e3o Francisco e o nosso Araguaia (quem o viu em fins de novembro, \u00e9poca que ele sempre estaria cheio e exuberante, sabe disso). As fontes de \u00e1gua diminuem a cada dia e o uso continua predat\u00f3rio. <\/p>\n<p>Por outro lado, a rea\u00e7\u00e3o a isso da sociedade capitalista \u00e9 fazer da \u00e1gua uma mercadoria, em alguns lugares, mais cara do que o leite ou a Coca Cola. Vender a \u00e1gua, que \u00e9 um bem indispens\u00e1vel \u00e0 vida humana e a todas as formas de vida, como privatizar, ou seja, entreg\u00e1-las nas m\u00e3os de grandes conglomerados econ\u00f4micos, como a Coca-Cola, a Danoni e outras. Atualmente, por exemplo, todas as fontes minerais da cidade de S\u00e3o Louren\u00e7o, MG e a pr\u00f3pria \u00e1gua que serve \u00e0 cidade s\u00e3o propriedade particular da Coca-cola e s\u00e3o vendidas como mercadoria.  <\/p>\n<p>A privatiza\u00e7\u00e3o da \u00e1gua n\u00e3o se d\u00e1 ao acaso, ou de forma dispersa. Ela passa pela elabora\u00e7\u00e3o de grandes estrat\u00e9gias, de acordo com a abund\u00e2ncia da \u00e1gua nas regi\u00f5es do planeta e atrav\u00e9s de planos que, ao longo prazo, permitam a apropria\u00e7\u00e3o privada desse bem em escala mundial.  <\/p>\n<p>Muitos grupos da sociedade civil t\u00eam se mobilizado contra este crime. O Uruguai conseguiu passar uma lei na sua nova Constitui\u00e7\u00e3o Federal que proclama claramente: &#8220;A \u00c1gua \u00e9 uma necessidade e um direito de todos os seres vivos. Por isso, n\u00e3o poder\u00e1 ser privatizada nem mercantilizada&#8221;. A resist\u00eancia contra continua dif\u00edcil e violenta. Mas, a organiza\u00e7\u00e3o da sociedade civil mais consciente e os grupos ecol\u00f3gicos n\u00e3o descansam. &#8220;Na It\u00e1lia, em 2004, as comunidades se organizaram e conseguiram obter uma grande vit\u00f3ria: obrigaram 136 prefeituras a retirar a delibera\u00e7\u00e3o &#8211; j\u00e1 muitas vezes, implementada &#8211; de privatizar a \u00e1gua. De l\u00e1 para c\u00e1, a luta se ampliou e espalhou-se por outras regi\u00f5es e pa\u00edses&#8221; (Cf. Alex Zanotelli no livro: Marcelo Barros e Frei Betto, O amor fecunda o universo, Ed. Agir 2009). <\/p>\n<p>Certamente, as pessoas podem se perguntar: &#8220;O que n\u00f3s, pobres mortais particulares, podemos fazer em prol de uma causa como esta? Sem d\u00favida, a primeira coisa \u00e9 tomar consci\u00eancia do problema, educar-se e educar os seus a tomar todo o cuidado de poupar \u00e1gua, de proteger os rios e fontes pr\u00f3ximos \u00e0 sua casa ou que voc\u00ea encontra nos caminhos da vida. Quem tem possibilidades, pode formar espontaneamente e civilmente &#8211; \u00e9 previsto por lei federal &#8211; comiss\u00f5es de defesa das bacias hidrogr\u00e1ficas. Existe uma funcionando sobre o rio Vermelho. Existir\u00e1 alguma que proteja o Meia Ponte e, principalmente, o nosso Araguaia?<\/p>\n<p>Fazer-se respons\u00e1vel, dentro de suas possibilidades, deste problema da \u00c1gua \u00e9 fazer com que a Paz e a Justi\u00e7a possam ocorrer no mundo. <\/p>\n<div id=\"themify_builder_content-2543\" data-postid=\"2543\" class=\"themify_builder_content themify_builder_content-2543 themify_builder themify_builder_front\">\n\t<\/div>\n<!-- \/themify_builder_content -->","protected":false},"excerpt":{"rendered":"<p>Marcelo Barros O fato da ONU consagrar o dia 22 de mar\u00e7o como &#8220;Dia internacional da \u00c1gua&#8221; n\u00e3o pode deixar de nos recordar que estamos vivendo uma profunda crise da civiliza\u00e7\u00e3o. Este modo de organizar o mundo, baseado na sistem\u00e1tica explora\u00e7\u00e3o de seres humanos por outros seres humanos e na intensa destrui\u00e7\u00e3o da natureza por [&hellip;]<\/p>\n","protected":false},"author":5,"featured_media":0,"comment_status":"open","ping_status":"open","sticky":false,"template":"","format":"standard","meta":{"ngg_post_thumbnail":0,"footnotes":""},"categories":[9],"tags":[232,105,405,104,171,404,406,172,62],"yoast_head":"<!-- This site is optimized with the Yoast SEO plugin v23.5 - https:\/\/yoast.com\/wordpress\/plugins\/seo\/ -->\n<title>Fazer a paz com \u00e1gua - O Arcanjo no ar<\/title>\n<meta name=\"robots\" content=\"index, follow, max-snippet:-1, max-image-preview:large, max-video-preview:-1\" \/>\n<link rel=\"canonical\" href=\"https:\/\/www.oarcanjo.net\/site\/fazer-a-paz-com-agua\/\" \/>\n<meta property=\"og:locale\" content=\"pt_BR\" \/>\n<meta property=\"og:type\" content=\"article\" \/>\n<meta property=\"og:title\" content=\"Fazer a paz com \u00e1gua - O Arcanjo no ar\" \/>\n<meta property=\"og:description\" content=\"Marcelo Barros O fato da ONU consagrar o dia 22 de mar\u00e7o como &#8220;Dia internacional da \u00c1gua&#8221; n\u00e3o pode deixar de nos recordar que estamos vivendo uma profunda crise da civiliza\u00e7\u00e3o. Este modo de organizar o mundo, baseado na sistem\u00e1tica explora\u00e7\u00e3o de seres humanos por outros seres humanos e na intensa destrui\u00e7\u00e3o da natureza por [&hellip;]\" \/>\n<meta property=\"og:url\" content=\"https:\/\/www.oarcanjo.net\/site\/fazer-a-paz-com-agua\/\" \/>\n<meta property=\"og:site_name\" content=\"O Arcanjo no ar\" \/>\n<meta property=\"article:publisher\" content=\"https:\/\/www.facebook.com\/OArcanjoNoAr\/\" \/>\n<meta property=\"article:published_time\" content=\"2009-03-25T01:27:22+00:00\" \/>\n<meta property=\"og:image\" content=\"https:\/\/www.oarcanjo.net\/site\/wp-content\/uploads\/logo-o-arcanjo-no-ar-facebook.png\" \/>\n\t<meta property=\"og:image:width\" content=\"300\" \/>\n\t<meta property=\"og:image:height\" content=\"300\" \/>\n\t<meta property=\"og:image:type\" content=\"image\/png\" \/>\n<meta name=\"author\" content=\"editor\" \/>\n<meta name=\"twitter:card\" content=\"summary_large_image\" \/>\n<meta name=\"twitter:label1\" content=\"Escrito por\" \/>\n\t<meta name=\"twitter:data1\" content=\"editor\" \/>\n\t<meta name=\"twitter:label2\" content=\"Est. tempo de leitura\" \/>\n\t<meta name=\"twitter:data2\" content=\"4 minutos\" \/>\n<script type=\"application\/ld+json\" class=\"yoast-schema-graph\">{\"@context\":\"https:\/\/schema.org\",\"@graph\":[{\"@type\":\"Article\",\"@id\":\"https:\/\/www.oarcanjo.net\/site\/fazer-a-paz-com-agua\/#article\",\"isPartOf\":{\"@id\":\"https:\/\/www.oarcanjo.net\/site\/fazer-a-paz-com-agua\/\"},\"author\":{\"name\":\"editor\",\"@id\":\"https:\/\/www.oarcanjo.net\/site\/#\/schema\/person\/f7024d007863202483a31326673a0838\"},\"headline\":\"Fazer a paz com \u00e1gua\",\"datePublished\":\"2009-03-25T01:27:22+00:00\",\"dateModified\":\"2009-03-25T01:27:22+00:00\",\"mainEntityOfPage\":{\"@id\":\"https:\/\/www.oarcanjo.net\/site\/fazer-a-paz-com-agua\/\"},\"wordCount\":776,\"commentCount\":0,\"publisher\":{\"@id\":\"https:\/\/www.oarcanjo.net\/site\/#organization\"},\"keywords\":[\"\u00e1gua\",\"ambiente\",\"aquecimento global\",\"ecologia\",\"natureza\",\"planeta\",\"polui\u00e7\u00e3o\",\"Terra\",\"vida\"],\"articleSection\":[\"Reflex\u00f5es\"],\"inLanguage\":\"pt-BR\",\"potentialAction\":[{\"@type\":\"CommentAction\",\"name\":\"Comment\",\"target\":[\"https:\/\/www.oarcanjo.net\/site\/fazer-a-paz-com-agua\/#respond\"]}]},{\"@type\":\"WebPage\",\"@id\":\"https:\/\/www.oarcanjo.net\/site\/fazer-a-paz-com-agua\/\",\"url\":\"https:\/\/www.oarcanjo.net\/site\/fazer-a-paz-com-agua\/\",\"name\":\"Fazer a paz com \u00e1gua - O Arcanjo no ar\",\"isPartOf\":{\"@id\":\"https:\/\/www.oarcanjo.net\/site\/#website\"},\"datePublished\":\"2009-03-25T01:27:22+00:00\",\"dateModified\":\"2009-03-25T01:27:22+00:00\",\"breadcrumb\":{\"@id\":\"https:\/\/www.oarcanjo.net\/site\/fazer-a-paz-com-agua\/#breadcrumb\"},\"inLanguage\":\"pt-BR\",\"potentialAction\":[{\"@type\":\"ReadAction\",\"target\":[\"https:\/\/www.oarcanjo.net\/site\/fazer-a-paz-com-agua\/\"]}]},{\"@type\":\"BreadcrumbList\",\"@id\":\"https:\/\/www.oarcanjo.net\/site\/fazer-a-paz-com-agua\/#breadcrumb\",\"itemListElement\":[{\"@type\":\"ListItem\",\"position\":1,\"name\":\"In\u00edcio\",\"item\":\"https:\/\/www.oarcanjo.net\/site\/\"},{\"@type\":\"ListItem\",\"position\":2,\"name\":\"Fazer a paz com \u00e1gua\"}]},{\"@type\":\"WebSite\",\"@id\":\"https:\/\/www.oarcanjo.net\/site\/#website\",\"url\":\"https:\/\/www.oarcanjo.net\/site\/\",\"name\":\"O Arcanjo no ar\",\"description\":\"Site da Par\u00f3quia S\u00e3o Miguel Arcanjo (Arquidiocese de SP)\",\"publisher\":{\"@id\":\"https:\/\/www.oarcanjo.net\/site\/#organization\"},\"potentialAction\":[{\"@type\":\"SearchAction\",\"target\":{\"@type\":\"EntryPoint\",\"urlTemplate\":\"https:\/\/www.oarcanjo.net\/site\/?s={search_term_string}\"},\"query-input\":{\"@type\":\"PropertyValueSpecification\",\"valueRequired\":true,\"valueName\":\"search_term_string\"}}],\"inLanguage\":\"pt-BR\"},{\"@type\":\"Organization\",\"@id\":\"https:\/\/www.oarcanjo.net\/site\/#organization\",\"name\":\"Par\u00f3quia S\u00e3o Miguel Arcanjo\",\"url\":\"https:\/\/www.oarcanjo.net\/site\/\",\"logo\":{\"@type\":\"ImageObject\",\"inLanguage\":\"pt-BR\",\"@id\":\"https:\/\/www.oarcanjo.net\/site\/#\/schema\/logo\/image\/\",\"url\":\"https:\/\/www.oarcanjo.net\/site\/wp-content\/uploads\/LogoOArcanjo.png\",\"contentUrl\":\"https:\/\/www.oarcanjo.net\/site\/wp-content\/uploads\/LogoOArcanjo.png\",\"width\":319,\"height\":99,\"caption\":\"Par\u00f3quia S\u00e3o Miguel Arcanjo\"},\"image\":{\"@id\":\"https:\/\/www.oarcanjo.net\/site\/#\/schema\/logo\/image\/\"},\"sameAs\":[\"https:\/\/www.facebook.com\/OArcanjoNoAr\/\"]},{\"@type\":\"Person\",\"@id\":\"https:\/\/www.oarcanjo.net\/site\/#\/schema\/person\/f7024d007863202483a31326673a0838\",\"name\":\"editor\",\"sameAs\":[\"http:\/\/www.oarcanjo.net\"]}]}<\/script>\n<!-- \/ Yoast SEO plugin. -->","yoast_head_json":{"title":"Fazer a paz com \u00e1gua - O Arcanjo no ar","robots":{"index":"index","follow":"follow","max-snippet":"max-snippet:-1","max-image-preview":"max-image-preview:large","max-video-preview":"max-video-preview:-1"},"canonical":"https:\/\/www.oarcanjo.net\/site\/fazer-a-paz-com-agua\/","og_locale":"pt_BR","og_type":"article","og_title":"Fazer a paz com \u00e1gua - O Arcanjo no ar","og_description":"Marcelo Barros O fato da ONU consagrar o dia 22 de mar\u00e7o como &#8220;Dia internacional da \u00c1gua&#8221; n\u00e3o pode deixar de nos recordar que estamos vivendo uma profunda crise da civiliza\u00e7\u00e3o. Este modo de organizar o mundo, baseado na sistem\u00e1tica explora\u00e7\u00e3o de seres humanos por outros seres humanos e na intensa destrui\u00e7\u00e3o da natureza por [&hellip;]","og_url":"https:\/\/www.oarcanjo.net\/site\/fazer-a-paz-com-agua\/","og_site_name":"O Arcanjo no ar","article_publisher":"https:\/\/www.facebook.com\/OArcanjoNoAr\/","article_published_time":"2009-03-25T01:27:22+00:00","og_image":[{"width":300,"height":300,"url":"https:\/\/www.oarcanjo.net\/site\/wp-content\/uploads\/logo-o-arcanjo-no-ar-facebook.png","type":"image\/png"}],"author":"editor","twitter_card":"summary_large_image","twitter_misc":{"Escrito por":"editor","Est. tempo de leitura":"4 minutos"},"schema":{"@context":"https:\/\/schema.org","@graph":[{"@type":"Article","@id":"https:\/\/www.oarcanjo.net\/site\/fazer-a-paz-com-agua\/#article","isPartOf":{"@id":"https:\/\/www.oarcanjo.net\/site\/fazer-a-paz-com-agua\/"},"author":{"name":"editor","@id":"https:\/\/www.oarcanjo.net\/site\/#\/schema\/person\/f7024d007863202483a31326673a0838"},"headline":"Fazer a paz com \u00e1gua","datePublished":"2009-03-25T01:27:22+00:00","dateModified":"2009-03-25T01:27:22+00:00","mainEntityOfPage":{"@id":"https:\/\/www.oarcanjo.net\/site\/fazer-a-paz-com-agua\/"},"wordCount":776,"commentCount":0,"publisher":{"@id":"https:\/\/www.oarcanjo.net\/site\/#organization"},"keywords":["\u00e1gua","ambiente","aquecimento global","ecologia","natureza","planeta","polui\u00e7\u00e3o","Terra","vida"],"articleSection":["Reflex\u00f5es"],"inLanguage":"pt-BR","potentialAction":[{"@type":"CommentAction","name":"Comment","target":["https:\/\/www.oarcanjo.net\/site\/fazer-a-paz-com-agua\/#respond"]}]},{"@type":"WebPage","@id":"https:\/\/www.oarcanjo.net\/site\/fazer-a-paz-com-agua\/","url":"https:\/\/www.oarcanjo.net\/site\/fazer-a-paz-com-agua\/","name":"Fazer a paz com \u00e1gua - O Arcanjo no ar","isPartOf":{"@id":"https:\/\/www.oarcanjo.net\/site\/#website"},"datePublished":"2009-03-25T01:27:22+00:00","dateModified":"2009-03-25T01:27:22+00:00","breadcrumb":{"@id":"https:\/\/www.oarcanjo.net\/site\/fazer-a-paz-com-agua\/#breadcrumb"},"inLanguage":"pt-BR","potentialAction":[{"@type":"ReadAction","target":["https:\/\/www.oarcanjo.net\/site\/fazer-a-paz-com-agua\/"]}]},{"@type":"BreadcrumbList","@id":"https:\/\/www.oarcanjo.net\/site\/fazer-a-paz-com-agua\/#breadcrumb","itemListElement":[{"@type":"ListItem","position":1,"name":"In\u00edcio","item":"https:\/\/www.oarcanjo.net\/site\/"},{"@type":"ListItem","position":2,"name":"Fazer a paz com \u00e1gua"}]},{"@type":"WebSite","@id":"https:\/\/www.oarcanjo.net\/site\/#website","url":"https:\/\/www.oarcanjo.net\/site\/","name":"O Arcanjo no ar","description":"Site da Par\u00f3quia S\u00e3o Miguel Arcanjo (Arquidiocese de SP)","publisher":{"@id":"https:\/\/www.oarcanjo.net\/site\/#organization"},"potentialAction":[{"@type":"SearchAction","target":{"@type":"EntryPoint","urlTemplate":"https:\/\/www.oarcanjo.net\/site\/?s={search_term_string}"},"query-input":{"@type":"PropertyValueSpecification","valueRequired":true,"valueName":"search_term_string"}}],"inLanguage":"pt-BR"},{"@type":"Organization","@id":"https:\/\/www.oarcanjo.net\/site\/#organization","name":"Par\u00f3quia S\u00e3o Miguel Arcanjo","url":"https:\/\/www.oarcanjo.net\/site\/","logo":{"@type":"ImageObject","inLanguage":"pt-BR","@id":"https:\/\/www.oarcanjo.net\/site\/#\/schema\/logo\/image\/","url":"https:\/\/www.oarcanjo.net\/site\/wp-content\/uploads\/LogoOArcanjo.png","contentUrl":"https:\/\/www.oarcanjo.net\/site\/wp-content\/uploads\/LogoOArcanjo.png","width":319,"height":99,"caption":"Par\u00f3quia S\u00e3o Miguel Arcanjo"},"image":{"@id":"https:\/\/www.oarcanjo.net\/site\/#\/schema\/logo\/image\/"},"sameAs":["https:\/\/www.facebook.com\/OArcanjoNoAr\/"]},{"@type":"Person","@id":"https:\/\/www.oarcanjo.net\/site\/#\/schema\/person\/f7024d007863202483a31326673a0838","name":"editor","sameAs":["http:\/\/www.oarcanjo.net"]}]}},"publishpress_future_action":{"enabled":false,"date":"2026-05-07 08:06:27","action":"category","newStatus":"draft","terms":[],"taxonomy":"category"},"publishpress_future_workflow_manual_trigger":{"enabledWorkflows":[]},"_links":{"self":[{"href":"https:\/\/www.oarcanjo.net\/site\/wp-json\/wp\/v2\/posts\/2543"}],"collection":[{"href":"https:\/\/www.oarcanjo.net\/site\/wp-json\/wp\/v2\/posts"}],"about":[{"href":"https:\/\/www.oarcanjo.net\/site\/wp-json\/wp\/v2\/types\/post"}],"author":[{"embeddable":true,"href":"https:\/\/www.oarcanjo.net\/site\/wp-json\/wp\/v2\/users\/5"}],"replies":[{"embeddable":true,"href":"https:\/\/www.oarcanjo.net\/site\/wp-json\/wp\/v2\/comments?post=2543"}],"version-history":[{"count":0,"href":"https:\/\/www.oarcanjo.net\/site\/wp-json\/wp\/v2\/posts\/2543\/revisions"}],"wp:attachment":[{"href":"https:\/\/www.oarcanjo.net\/site\/wp-json\/wp\/v2\/media?parent=2543"}],"wp:term":[{"taxonomy":"category","embeddable":true,"href":"https:\/\/www.oarcanjo.net\/site\/wp-json\/wp\/v2\/categories?post=2543"},{"taxonomy":"post_tag","embeddable":true,"href":"https:\/\/www.oarcanjo.net\/site\/wp-json\/wp\/v2\/tags?post=2543"}],"curies":[{"name":"wp","href":"https:\/\/api.w.org\/{rel}","templated":true}]}}