
{"id":2545,"date":"2009-03-25T08:00:22","date_gmt":"2009-03-25T11:00:22","guid":{"rendered":"http:\/\/www.oarcanjo.net\/site\/?p=2545"},"modified":"2009-03-24T22:31:49","modified_gmt":"2009-03-25T01:31:49","slug":"o-viver-melhor-ou-o-bem-viver","status":"publish","type":"post","link":"https:\/\/www.oarcanjo.net\/site\/o-viver-melhor-ou-o-bem-viver\/","title":{"rendered":"O viver melhor ou o bem viver?"},"content":{"rendered":"<p>Leonardo Boff<\/p>\n<p>Na ideologia dominante, todo mundo quer viver melhor e desfrutar de uma melhor qualidade de vida. Comumente associa esta qualidade de vida ao Produto Interno Bruto (PIB) de cada pais. O PIB representa todas as riquezas materiais que um pa\u00eds produz. Se este \u00e9 o crit\u00e9rio, ent\u00e3o os pa\u00edses melhor colocados s\u00e3o os Estados Unidos, seguidos do Jap\u00e3o, Alemanha, Su\u00e9cia e outros. Este PIB \u00e9 uma medida inventada pelo capitalismo para estimular a produ\u00e7\u00e3o crescente de bens materiais a serem consumidos.<\/p>\n<p>Nos \u00faltimos anos, dado o crescimento da pobreza e da urbaniza\u00e7\u00e3o favelizada do mundo e at\u00e9 por um senso de dec\u00eancia, a ONU introduziu a categoria IDH, o &#8220;\u00cdndice de Desenvolvimento Humano&#8221;. Nele se elencam valores intang\u00edveis como sa\u00fade, educa\u00e7\u00e3o, igualdade social, cuidado para com a natureza, equidade de g\u00eanero e outros. Enriqueceu o sentido de &#8220;qualidade de vida&#8221; que era entendido de forma muito materialista: goza de boa qualidade de vida quem mais e melhor consome. <\/p>\n<p>Consoante o IDH a pequena Cuba apresenta-se melhor situada que os EUA, embora com um PIB comparativamente \u00ednfimo.<\/p>\n<p>Acima de todos os pa\u00edses est\u00e1 o But\u00e3o, espremido entre a China e \u00cdndia aos p\u00e9s do Himalaia, muito pobre materialmente mas que estatuiu oficialmente o &#8220;\u00cdndice de Felicidade Interna Bruta&#8221;. Este n\u00e3o \u00e9 medido por crit\u00e9rios quantitativos mas qualitativos, como boa governan\u00e7a das autoridades, eq\u00fcitativa distribui\u00e7\u00e3o dos excedentes da agricultura de subsist\u00eancia, da extra\u00e7\u00e3o vegetal e da venda de energia para a \u00cdndia, boa sa\u00fade e educa\u00e7\u00e3o e especialmente bom n\u00edvel de coopera\u00e7\u00e3o de todos para garantir a paz social.<\/p>\n<p>Nas tradi\u00e7\u00f5es ind\u00edgenas de Abya Yala, nome para o nosso Continente indioamericano ao inv\u00e9s de &#8220;viver melhor&#8221; se fala em &#8220;bem viver&#8221;. Esta categoria entrou nas constitui\u00e7\u00f5es da Bol\u00edvia e do Equador como o objetivo social a ser perseguido pelo Estado e por toda a sociedade.<\/p>\n<p>O &#8220;viver melhor&#8221; sup\u00f5e uma \u00e9tica do progresso ilimitado e nos incita a uma competi\u00e7\u00e3o com os outros para criar mais e mais condi\u00e7\u00f5es para &#8220;viver melhor&#8221;. Entretanto para que alguns pudessem &#8220;viver melhor&#8221; milh\u00f5es e milh\u00f5es t\u00eam e tiveram que &#8220;viver mal&#8221;. \u00c9 a contradi\u00e7\u00e3o capitalista.<\/p>\n<p>Contrariamente, o &#8220;bem viver&#8221; visa a uma \u00e9tica da sufici\u00eancia para toda a comunidade e n\u00e3o apenas para o indiv\u00edduo. O &#8220;bem viver&#8221; sup\u00f5e uma vis\u00e3o hol\u00edstica e integradora do ser humano inserido na grande comunidade terrenal que inclui al\u00e9m do ser humano, o ar, a \u00e1gua, os solos, as montanhas, as \u00e1rvores e os animais; \u00e9 estar em profunda comunh\u00e3o com a Pacha Mama (Terra), com as energias do universo e com Deus.<\/p>\n<p>A preocupa\u00e7\u00e3o central n\u00e3o \u00e9 acumular. De mais a mais, a M\u00e3e Terra nos fornece tudo que precisamos. Nosso trabalho supre o que ele n\u00e3o nos pode dar ou a ajudamos a produzir o suficiente e decente para todos, tamb\u00e9m para os animais e as plantas. &#8220;Bem viver&#8221; \u00e9 estar em permanente harmonia com o todo, celebrando os ritos sagrados que continuamente renovam a conex\u00e3o c\u00f3smica e com Deus.<\/p>\n<p>O &#8220;bem viver&#8221; nos convida a n\u00e3o consumir mais do que o ecossistema pode suportar, a evitar a produ\u00e7\u00e3o de res\u00edduos que n\u00e3o podemos absorver com seguran\u00e7a e nos incita a reutilizar e reciclar tudo o que tivermos usado. Ser\u00e1 um consumo recicl\u00e1vel e frugal. Ent\u00e3o n\u00e3o haver\u00e1 escassez.<\/p>\n<p>Nesta \u00e9poca de busca de novos caminhos para a humanidade a id\u00e9ia do &#8220;bem viver&#8221; tem muito a nos ensinar.<\/p>\n<div id=\"themify_builder_content-2545\" data-postid=\"2545\" class=\"themify_builder_content themify_builder_content-2545 themify_builder themify_builder_front\">\n\t<\/div>\n<!-- \/themify_builder_content -->","protected":false},"excerpt":{"rendered":"<p>Leonardo Boff Na ideologia dominante, todo mundo quer viver melhor e desfrutar de uma melhor qualidade de vida. Comumente associa esta qualidade de vida ao Produto Interno Bruto (PIB) de cada pais. O PIB representa todas as riquezas materiais que um pa\u00eds produz. Se este \u00e9 o crit\u00e9rio, ent\u00e3o os pa\u00edses melhor colocados s\u00e3o os [&hellip;]<\/p>\n","protected":false},"author":5,"featured_media":0,"comment_status":"open","ping_status":"open","sticky":false,"template":"","format":"standard","meta":{"ngg_post_thumbnail":0,"footnotes":""},"categories":[9],"tags":[409,408,407,62],"yoast_head":"<!-- This site is optimized with the Yoast SEO plugin v23.5 - https:\/\/yoast.com\/wordpress\/plugins\/seo\/ -->\n<title>O viver melhor ou o bem viver? - O Arcanjo no ar<\/title>\n<meta name=\"robots\" content=\"index, follow, max-snippet:-1, max-image-preview:large, max-video-preview:-1\" \/>\n<link rel=\"canonical\" href=\"https:\/\/www.oarcanjo.net\/site\/o-viver-melhor-ou-o-bem-viver\/\" \/>\n<meta property=\"og:locale\" content=\"pt_BR\" \/>\n<meta property=\"og:type\" content=\"article\" \/>\n<meta property=\"og:title\" content=\"O viver melhor ou o bem viver? - O Arcanjo no ar\" \/>\n<meta property=\"og:description\" content=\"Leonardo Boff Na ideologia dominante, todo mundo quer viver melhor e desfrutar de uma melhor qualidade de vida. Comumente associa esta qualidade de vida ao Produto Interno Bruto (PIB) de cada pais. O PIB representa todas as riquezas materiais que um pa\u00eds produz. Se este \u00e9 o crit\u00e9rio, ent\u00e3o os pa\u00edses melhor colocados s\u00e3o os [&hellip;]\" \/>\n<meta property=\"og:url\" content=\"https:\/\/www.oarcanjo.net\/site\/o-viver-melhor-ou-o-bem-viver\/\" \/>\n<meta property=\"og:site_name\" content=\"O Arcanjo no ar\" \/>\n<meta property=\"article:publisher\" content=\"https:\/\/www.facebook.com\/OArcanjoNoAr\/\" \/>\n<meta property=\"article:published_time\" content=\"2009-03-25T11:00:22+00:00\" \/>\n<meta property=\"article:modified_time\" content=\"2009-03-25T01:31:49+00:00\" \/>\n<meta property=\"og:image\" content=\"https:\/\/www.oarcanjo.net\/site\/wp-content\/uploads\/logo-o-arcanjo-no-ar-facebook.png\" \/>\n\t<meta property=\"og:image:width\" content=\"300\" \/>\n\t<meta property=\"og:image:height\" content=\"300\" \/>\n\t<meta property=\"og:image:type\" content=\"image\/png\" \/>\n<meta name=\"author\" content=\"editor\" \/>\n<meta name=\"twitter:card\" content=\"summary_large_image\" \/>\n<meta name=\"twitter:label1\" content=\"Escrito por\" \/>\n\t<meta name=\"twitter:data1\" content=\"editor\" \/>\n\t<meta name=\"twitter:label2\" content=\"Est. tempo de leitura\" \/>\n\t<meta name=\"twitter:data2\" content=\"3 minutos\" \/>\n<script type=\"application\/ld+json\" class=\"yoast-schema-graph\">{\"@context\":\"https:\/\/schema.org\",\"@graph\":[{\"@type\":\"Article\",\"@id\":\"https:\/\/www.oarcanjo.net\/site\/o-viver-melhor-ou-o-bem-viver\/#article\",\"isPartOf\":{\"@id\":\"https:\/\/www.oarcanjo.net\/site\/o-viver-melhor-ou-o-bem-viver\/\"},\"author\":{\"name\":\"editor\",\"@id\":\"https:\/\/www.oarcanjo.net\/site\/#\/schema\/person\/f7024d007863202483a31326673a0838\"},\"headline\":\"O viver melhor ou o bem viver?\",\"datePublished\":\"2009-03-25T11:00:22+00:00\",\"dateModified\":\"2009-03-25T01:31:49+00:00\",\"mainEntityOfPage\":{\"@id\":\"https:\/\/www.oarcanjo.net\/site\/o-viver-melhor-ou-o-bem-viver\/\"},\"wordCount\":628,\"commentCount\":1,\"publisher\":{\"@id\":\"https:\/\/www.oarcanjo.net\/site\/#organization\"},\"keywords\":[\"bem viver\",\"IDH\",\"PIB\",\"vida\"],\"articleSection\":[\"Reflex\u00f5es\"],\"inLanguage\":\"pt-BR\",\"potentialAction\":[{\"@type\":\"CommentAction\",\"name\":\"Comment\",\"target\":[\"https:\/\/www.oarcanjo.net\/site\/o-viver-melhor-ou-o-bem-viver\/#respond\"]}]},{\"@type\":\"WebPage\",\"@id\":\"https:\/\/www.oarcanjo.net\/site\/o-viver-melhor-ou-o-bem-viver\/\",\"url\":\"https:\/\/www.oarcanjo.net\/site\/o-viver-melhor-ou-o-bem-viver\/\",\"name\":\"O viver melhor ou o bem viver? - O Arcanjo no ar\",\"isPartOf\":{\"@id\":\"https:\/\/www.oarcanjo.net\/site\/#website\"},\"datePublished\":\"2009-03-25T11:00:22+00:00\",\"dateModified\":\"2009-03-25T01:31:49+00:00\",\"breadcrumb\":{\"@id\":\"https:\/\/www.oarcanjo.net\/site\/o-viver-melhor-ou-o-bem-viver\/#breadcrumb\"},\"inLanguage\":\"pt-BR\",\"potentialAction\":[{\"@type\":\"ReadAction\",\"target\":[\"https:\/\/www.oarcanjo.net\/site\/o-viver-melhor-ou-o-bem-viver\/\"]}]},{\"@type\":\"BreadcrumbList\",\"@id\":\"https:\/\/www.oarcanjo.net\/site\/o-viver-melhor-ou-o-bem-viver\/#breadcrumb\",\"itemListElement\":[{\"@type\":\"ListItem\",\"position\":1,\"name\":\"In\u00edcio\",\"item\":\"https:\/\/www.oarcanjo.net\/site\/\"},{\"@type\":\"ListItem\",\"position\":2,\"name\":\"O viver melhor ou o bem viver?\"}]},{\"@type\":\"WebSite\",\"@id\":\"https:\/\/www.oarcanjo.net\/site\/#website\",\"url\":\"https:\/\/www.oarcanjo.net\/site\/\",\"name\":\"O Arcanjo no ar\",\"description\":\"Site da Par\u00f3quia S\u00e3o Miguel Arcanjo (Arquidiocese de SP)\",\"publisher\":{\"@id\":\"https:\/\/www.oarcanjo.net\/site\/#organization\"},\"potentialAction\":[{\"@type\":\"SearchAction\",\"target\":{\"@type\":\"EntryPoint\",\"urlTemplate\":\"https:\/\/www.oarcanjo.net\/site\/?s={search_term_string}\"},\"query-input\":{\"@type\":\"PropertyValueSpecification\",\"valueRequired\":true,\"valueName\":\"search_term_string\"}}],\"inLanguage\":\"pt-BR\"},{\"@type\":\"Organization\",\"@id\":\"https:\/\/www.oarcanjo.net\/site\/#organization\",\"name\":\"Par\u00f3quia S\u00e3o Miguel Arcanjo\",\"url\":\"https:\/\/www.oarcanjo.net\/site\/\",\"logo\":{\"@type\":\"ImageObject\",\"inLanguage\":\"pt-BR\",\"@id\":\"https:\/\/www.oarcanjo.net\/site\/#\/schema\/logo\/image\/\",\"url\":\"https:\/\/www.oarcanjo.net\/site\/wp-content\/uploads\/LogoOArcanjo.png\",\"contentUrl\":\"https:\/\/www.oarcanjo.net\/site\/wp-content\/uploads\/LogoOArcanjo.png\",\"width\":319,\"height\":99,\"caption\":\"Par\u00f3quia S\u00e3o Miguel Arcanjo\"},\"image\":{\"@id\":\"https:\/\/www.oarcanjo.net\/site\/#\/schema\/logo\/image\/\"},\"sameAs\":[\"https:\/\/www.facebook.com\/OArcanjoNoAr\/\"]},{\"@type\":\"Person\",\"@id\":\"https:\/\/www.oarcanjo.net\/site\/#\/schema\/person\/f7024d007863202483a31326673a0838\",\"name\":\"editor\",\"sameAs\":[\"http:\/\/www.oarcanjo.net\"]}]}<\/script>\n<!-- \/ Yoast SEO plugin. -->","yoast_head_json":{"title":"O viver melhor ou o bem viver? - O Arcanjo no ar","robots":{"index":"index","follow":"follow","max-snippet":"max-snippet:-1","max-image-preview":"max-image-preview:large","max-video-preview":"max-video-preview:-1"},"canonical":"https:\/\/www.oarcanjo.net\/site\/o-viver-melhor-ou-o-bem-viver\/","og_locale":"pt_BR","og_type":"article","og_title":"O viver melhor ou o bem viver? - O Arcanjo no ar","og_description":"Leonardo Boff Na ideologia dominante, todo mundo quer viver melhor e desfrutar de uma melhor qualidade de vida. Comumente associa esta qualidade de vida ao Produto Interno Bruto (PIB) de cada pais. O PIB representa todas as riquezas materiais que um pa\u00eds produz. Se este \u00e9 o crit\u00e9rio, ent\u00e3o os pa\u00edses melhor colocados s\u00e3o os [&hellip;]","og_url":"https:\/\/www.oarcanjo.net\/site\/o-viver-melhor-ou-o-bem-viver\/","og_site_name":"O Arcanjo no ar","article_publisher":"https:\/\/www.facebook.com\/OArcanjoNoAr\/","article_published_time":"2009-03-25T11:00:22+00:00","article_modified_time":"2009-03-25T01:31:49+00:00","og_image":[{"width":300,"height":300,"url":"https:\/\/www.oarcanjo.net\/site\/wp-content\/uploads\/logo-o-arcanjo-no-ar-facebook.png","type":"image\/png"}],"author":"editor","twitter_card":"summary_large_image","twitter_misc":{"Escrito por":"editor","Est. tempo de leitura":"3 minutos"},"schema":{"@context":"https:\/\/schema.org","@graph":[{"@type":"Article","@id":"https:\/\/www.oarcanjo.net\/site\/o-viver-melhor-ou-o-bem-viver\/#article","isPartOf":{"@id":"https:\/\/www.oarcanjo.net\/site\/o-viver-melhor-ou-o-bem-viver\/"},"author":{"name":"editor","@id":"https:\/\/www.oarcanjo.net\/site\/#\/schema\/person\/f7024d007863202483a31326673a0838"},"headline":"O viver melhor ou o bem viver?","datePublished":"2009-03-25T11:00:22+00:00","dateModified":"2009-03-25T01:31:49+00:00","mainEntityOfPage":{"@id":"https:\/\/www.oarcanjo.net\/site\/o-viver-melhor-ou-o-bem-viver\/"},"wordCount":628,"commentCount":1,"publisher":{"@id":"https:\/\/www.oarcanjo.net\/site\/#organization"},"keywords":["bem viver","IDH","PIB","vida"],"articleSection":["Reflex\u00f5es"],"inLanguage":"pt-BR","potentialAction":[{"@type":"CommentAction","name":"Comment","target":["https:\/\/www.oarcanjo.net\/site\/o-viver-melhor-ou-o-bem-viver\/#respond"]}]},{"@type":"WebPage","@id":"https:\/\/www.oarcanjo.net\/site\/o-viver-melhor-ou-o-bem-viver\/","url":"https:\/\/www.oarcanjo.net\/site\/o-viver-melhor-ou-o-bem-viver\/","name":"O viver melhor ou o bem viver? - O Arcanjo no ar","isPartOf":{"@id":"https:\/\/www.oarcanjo.net\/site\/#website"},"datePublished":"2009-03-25T11:00:22+00:00","dateModified":"2009-03-25T01:31:49+00:00","breadcrumb":{"@id":"https:\/\/www.oarcanjo.net\/site\/o-viver-melhor-ou-o-bem-viver\/#breadcrumb"},"inLanguage":"pt-BR","potentialAction":[{"@type":"ReadAction","target":["https:\/\/www.oarcanjo.net\/site\/o-viver-melhor-ou-o-bem-viver\/"]}]},{"@type":"BreadcrumbList","@id":"https:\/\/www.oarcanjo.net\/site\/o-viver-melhor-ou-o-bem-viver\/#breadcrumb","itemListElement":[{"@type":"ListItem","position":1,"name":"In\u00edcio","item":"https:\/\/www.oarcanjo.net\/site\/"},{"@type":"ListItem","position":2,"name":"O viver melhor ou o bem viver?"}]},{"@type":"WebSite","@id":"https:\/\/www.oarcanjo.net\/site\/#website","url":"https:\/\/www.oarcanjo.net\/site\/","name":"O Arcanjo no ar","description":"Site da Par\u00f3quia S\u00e3o Miguel Arcanjo (Arquidiocese de SP)","publisher":{"@id":"https:\/\/www.oarcanjo.net\/site\/#organization"},"potentialAction":[{"@type":"SearchAction","target":{"@type":"EntryPoint","urlTemplate":"https:\/\/www.oarcanjo.net\/site\/?s={search_term_string}"},"query-input":{"@type":"PropertyValueSpecification","valueRequired":true,"valueName":"search_term_string"}}],"inLanguage":"pt-BR"},{"@type":"Organization","@id":"https:\/\/www.oarcanjo.net\/site\/#organization","name":"Par\u00f3quia S\u00e3o Miguel Arcanjo","url":"https:\/\/www.oarcanjo.net\/site\/","logo":{"@type":"ImageObject","inLanguage":"pt-BR","@id":"https:\/\/www.oarcanjo.net\/site\/#\/schema\/logo\/image\/","url":"https:\/\/www.oarcanjo.net\/site\/wp-content\/uploads\/LogoOArcanjo.png","contentUrl":"https:\/\/www.oarcanjo.net\/site\/wp-content\/uploads\/LogoOArcanjo.png","width":319,"height":99,"caption":"Par\u00f3quia S\u00e3o Miguel Arcanjo"},"image":{"@id":"https:\/\/www.oarcanjo.net\/site\/#\/schema\/logo\/image\/"},"sameAs":["https:\/\/www.facebook.com\/OArcanjoNoAr\/"]},{"@type":"Person","@id":"https:\/\/www.oarcanjo.net\/site\/#\/schema\/person\/f7024d007863202483a31326673a0838","name":"editor","sameAs":["http:\/\/www.oarcanjo.net"]}]}},"publishpress_future_action":{"enabled":false,"date":"2026-05-07 06:12:54","action":"category","newStatus":"draft","terms":[],"taxonomy":"category"},"publishpress_future_workflow_manual_trigger":{"enabledWorkflows":[]},"_links":{"self":[{"href":"https:\/\/www.oarcanjo.net\/site\/wp-json\/wp\/v2\/posts\/2545"}],"collection":[{"href":"https:\/\/www.oarcanjo.net\/site\/wp-json\/wp\/v2\/posts"}],"about":[{"href":"https:\/\/www.oarcanjo.net\/site\/wp-json\/wp\/v2\/types\/post"}],"author":[{"embeddable":true,"href":"https:\/\/www.oarcanjo.net\/site\/wp-json\/wp\/v2\/users\/5"}],"replies":[{"embeddable":true,"href":"https:\/\/www.oarcanjo.net\/site\/wp-json\/wp\/v2\/comments?post=2545"}],"version-history":[{"count":0,"href":"https:\/\/www.oarcanjo.net\/site\/wp-json\/wp\/v2\/posts\/2545\/revisions"}],"wp:attachment":[{"href":"https:\/\/www.oarcanjo.net\/site\/wp-json\/wp\/v2\/media?parent=2545"}],"wp:term":[{"taxonomy":"category","embeddable":true,"href":"https:\/\/www.oarcanjo.net\/site\/wp-json\/wp\/v2\/categories?post=2545"},{"taxonomy":"post_tag","embeddable":true,"href":"https:\/\/www.oarcanjo.net\/site\/wp-json\/wp\/v2\/tags?post=2545"}],"curies":[{"name":"wp","href":"https:\/\/api.w.org\/{rel}","templated":true}]}}