
{"id":2548,"date":"2009-03-24T22:37:07","date_gmt":"2009-03-25T01:37:07","guid":{"rendered":"http:\/\/www.oarcanjo.net\/site\/?p=2548"},"modified":"2009-04-10T13:43:38","modified_gmt":"2009-04-10T16:43:38","slug":"mons-romero-impossivel-nao-recorda-lo","status":"publish","type":"post","link":"https:\/\/www.oarcanjo.net\/site\/mons-romero-impossivel-nao-recorda-lo\/","title":{"rendered":"Mons. Romero: Imposs\u00edvel n\u00e3o record\u00e1-lo"},"content":{"rendered":"<p>Ricardo Z\u00faniga Garc\u00eda<\/p>\n<p>Tradu\u00e7\u00e3o: <a href=\"http:\/\/www.adital.com.br\" target=\"_blank\">Adital<\/a><\/p>\n<p>Simplesmente \u00e9 imposs\u00edvel n\u00e3o record\u00e1-lo. Para os que tent\u00e1vamos viver nossa f\u00e9 crist\u00e3 construindo o processo hist\u00f3rico da revolu\u00e7\u00e3o nicaraguense, e para outros irm\u00e3os que faziam o mesmo na Guatemala ou em grupos de solidariedade com os processos de transforma\u00e7\u00e3o centroamericanos, a figura de Mons. Romero significa vida, esperan\u00e7a, compromisso.<\/p>\n<p>Recordo como se fosse hoje, na Plaza de la Revoluci\u00f3n, em frente da antiga Catedral de Man\u00e1gua, lotada de povo crist\u00e3o e revolucion\u00e1rio, comovido, consternado ante o assassinato de Mons. Romero. Ao concluir a missa campal que o Arcebispo Mons. Obando havia celebrado como uma missa de defuntos, o padre Miguel D\u2019Escoto tomou o microfone para dizer: \u2018esta n\u00e3o \u00e9 uma simples missa de defuntos; estamos celebrando o mart\u00edrio do Bispo Oscar Romero, exemplo de compromisso crist\u00e3o com a vida de seu povo. Exemplo e inspira\u00e7\u00e3o para o povo de Nicar\u00e1gua, para os povos da Am\u00e9rica Central\u2019. Com essas palavras e outras semelhantes, a multid\u00e3o que ali nos hav\u00edamos convocado sentiu que seus sentimentos tinham sido expressados; iniciamos um caminho, que ainda continua, de aprendizagem do Evangelho de Jesus, relido por Romero com uma grande concretude.<\/p>\n<p>Ningu\u00e9m como ele, mesmo sendo um bispo formado nos esquemas anteriores ao Conc\u00edlio Vaticano II, falou com tanta clareza sobre o que significa ser crist\u00e3o, seguir a Jesus, ser solid\u00e1rio com os irm\u00e3os, empenhar-se pelo Reinado de Deus e por sua justi\u00e7a. Romero falou com extraordin\u00e1ria clareza sobre a miss\u00e3o da Igreja, sobre a op\u00e7\u00e3o pelos pobres, sobre a autonomia das lutas pol\u00edticas e sobre a necessidade de que os povos se organizem social e politicamente em torno de suas necessidades e interesses dos pobres, iluminados pelo testemunho de Jesus.<\/p>\n<p>O m\u00eas e a data de seu mart\u00edrio e ressurrei\u00e7\u00e3o s\u00e3o muito significativos para outros povos da Am\u00e9rica Latina. No dia 2 de mar\u00e7o de 1980 foi assassinado na Bol\u00edvia pelo regime militar o Padre Luiz Espinal Camp, sacerdote e jornalista, com clara op\u00e7\u00e3o pelos pobres. Na mesma data do mart\u00edrio de Romero, por\u00e9m quatro anos antes (1976), o povo argentino sofreu um golpe de Estado que instaurou um regime sangrento que produziu o desaparecimento de mais de 30 mil pessoas e o assassinato de l\u00edderes sociais e religiosos, entre eles o de Mons. Enrique Angelelli e a comunidade dos padres palotinos.<\/p>\n<p>Hoje, gra\u00e7as a Deus, a milhares de profetas como Mons. Romero e de l\u00edderes populares, a repress\u00e3o, a morte e o assassinato dos militantes pobres deixou de ser a pr\u00e1tica cotidiana na maioria dos pa\u00edses da Am\u00e9rica Latina. Em muitos pa\u00edses os povos vivem com esperan\u00e7as. Na Nicar\u00e1gua, por exemplo, com a ajuda dos pa\u00edses da Alba, v\u00e1rios Departamentos est\u00e3o sendo declarados \u2018livres do analfabetismo\u2019, para culminar declarando a Nicar\u00e1gua inteira livre do analfabetismo no pr\u00f3ximo 19 de julho, quando se celebra o 30\u00ba Anivers\u00e1rio do triunfo da Revolu\u00e7\u00e3o. Tamb\u00e9m funciona o Programa Fome Zero e h\u00e1 cr\u00e9ditos access\u00edveis para os pequenos produtores. Em El Salvador, por outro lado, inaugura-se uma nova etapa, e o presidente eleito declarou que esta se inspirar\u00e1 nos ensinamentos de Romero; \u00e9 uma etapa que desperta entusiasmo e solidariedade em muitos pa\u00edses da Am\u00e9rica Latina.<\/p>\n<p>Nos alegramos que a semente semeada na terra -o testemunho de Romero- hoje esteja colhendo frutos que devem continuar a melhorar a Am\u00e9rica Central e toda a Am\u00e9rica Latina e Caribe.<\/p>\n<hr \/>\n<div id=\"themify_builder_content-2548\" data-postid=\"2548\" class=\"themify_builder_content themify_builder_content-2548 themify_builder themify_builder_front\">\n\t<\/div>\n<!-- \/themify_builder_content -->","protected":false},"excerpt":{"rendered":"<p>Ricardo Z\u00faniga Garc\u00eda Tradu\u00e7\u00e3o: Adital Simplesmente \u00e9 imposs\u00edvel n\u00e3o record\u00e1-lo. Para os que tent\u00e1vamos viver nossa f\u00e9 crist\u00e3 construindo o processo hist\u00f3rico da revolu\u00e7\u00e3o nicaraguense, e para outros irm\u00e3os que faziam o mesmo na Guatemala ou em grupos de solidariedade com os processos de transforma\u00e7\u00e3o centroamericanos, a figura de Mons. Romero significa vida, esperan\u00e7a, compromisso. [&hellip;]<\/p>\n","protected":false},"author":5,"featured_media":0,"comment_status":"open","ping_status":"open","sticky":false,"template":"","format":"standard","meta":{"ngg_post_thumbnail":0,"footnotes":""},"categories":[479,9],"tags":[388,381,252,187],"yoast_head":"<!-- This site is optimized with the Yoast SEO plugin v23.5 - https:\/\/yoast.com\/wordpress\/plugins\/seo\/ -->\n<title>Mons. Romero: Imposs\u00edvel n\u00e3o record\u00e1-lo - O Arcanjo no ar<\/title>\n<meta name=\"robots\" content=\"index, follow, max-snippet:-1, max-image-preview:large, max-video-preview:-1\" \/>\n<link rel=\"canonical\" href=\"https:\/\/www.oarcanjo.net\/site\/mons-romero-impossivel-nao-recorda-lo\/\" \/>\n<meta property=\"og:locale\" content=\"pt_BR\" \/>\n<meta property=\"og:type\" content=\"article\" \/>\n<meta property=\"og:title\" content=\"Mons. Romero: Imposs\u00edvel n\u00e3o record\u00e1-lo - O Arcanjo no ar\" \/>\n<meta property=\"og:description\" content=\"Ricardo Z\u00faniga Garc\u00eda Tradu\u00e7\u00e3o: Adital Simplesmente \u00e9 imposs\u00edvel n\u00e3o record\u00e1-lo. Para os que tent\u00e1vamos viver nossa f\u00e9 crist\u00e3 construindo o processo hist\u00f3rico da revolu\u00e7\u00e3o nicaraguense, e para outros irm\u00e3os que faziam o mesmo na Guatemala ou em grupos de solidariedade com os processos de transforma\u00e7\u00e3o centroamericanos, a figura de Mons. Romero significa vida, esperan\u00e7a, compromisso. [&hellip;]\" \/>\n<meta property=\"og:url\" content=\"https:\/\/www.oarcanjo.net\/site\/mons-romero-impossivel-nao-recorda-lo\/\" \/>\n<meta property=\"og:site_name\" content=\"O Arcanjo no ar\" \/>\n<meta property=\"article:publisher\" content=\"https:\/\/www.facebook.com\/OArcanjoNoAr\/\" \/>\n<meta property=\"article:published_time\" content=\"2009-03-25T01:37:07+00:00\" \/>\n<meta property=\"article:modified_time\" content=\"2009-04-10T16:43:38+00:00\" \/>\n<meta property=\"og:image\" content=\"https:\/\/www.oarcanjo.net\/site\/wp-content\/uploads\/logo-o-arcanjo-no-ar-facebook.png\" \/>\n\t<meta property=\"og:image:width\" content=\"300\" \/>\n\t<meta property=\"og:image:height\" content=\"300\" \/>\n\t<meta property=\"og:image:type\" content=\"image\/png\" \/>\n<meta name=\"author\" content=\"editor\" \/>\n<meta name=\"twitter:card\" content=\"summary_large_image\" \/>\n<meta name=\"twitter:label1\" content=\"Escrito por\" \/>\n\t<meta name=\"twitter:data1\" content=\"editor\" \/>\n\t<meta name=\"twitter:label2\" content=\"Est. tempo de leitura\" \/>\n\t<meta name=\"twitter:data2\" content=\"3 minutos\" \/>\n<script type=\"application\/ld+json\" class=\"yoast-schema-graph\">{\"@context\":\"https:\/\/schema.org\",\"@graph\":[{\"@type\":\"Article\",\"@id\":\"https:\/\/www.oarcanjo.net\/site\/mons-romero-impossivel-nao-recorda-lo\/#article\",\"isPartOf\":{\"@id\":\"https:\/\/www.oarcanjo.net\/site\/mons-romero-impossivel-nao-recorda-lo\/\"},\"author\":{\"name\":\"editor\",\"@id\":\"https:\/\/www.oarcanjo.net\/site\/#\/schema\/person\/f7024d007863202483a31326673a0838\"},\"headline\":\"Mons. Romero: Imposs\u00edvel n\u00e3o record\u00e1-lo\",\"datePublished\":\"2009-03-25T01:37:07+00:00\",\"dateModified\":\"2009-04-10T16:43:38+00:00\",\"mainEntityOfPage\":{\"@id\":\"https:\/\/www.oarcanjo.net\/site\/mons-romero-impossivel-nao-recorda-lo\/\"},\"wordCount\":622,\"commentCount\":0,\"publisher\":{\"@id\":\"https:\/\/www.oarcanjo.net\/site\/#organization\"},\"keywords\":[\"Am\u00e9rica Latina\",\"D. Oscar Romero\",\"m\u00e1rtir\",\"profeta\"],\"articleSection\":[\"D. Oscar Romero\",\"Reflex\u00f5es\"],\"inLanguage\":\"pt-BR\",\"potentialAction\":[{\"@type\":\"CommentAction\",\"name\":\"Comment\",\"target\":[\"https:\/\/www.oarcanjo.net\/site\/mons-romero-impossivel-nao-recorda-lo\/#respond\"]}]},{\"@type\":\"WebPage\",\"@id\":\"https:\/\/www.oarcanjo.net\/site\/mons-romero-impossivel-nao-recorda-lo\/\",\"url\":\"https:\/\/www.oarcanjo.net\/site\/mons-romero-impossivel-nao-recorda-lo\/\",\"name\":\"Mons. Romero: Imposs\u00edvel n\u00e3o record\u00e1-lo - O Arcanjo no ar\",\"isPartOf\":{\"@id\":\"https:\/\/www.oarcanjo.net\/site\/#website\"},\"datePublished\":\"2009-03-25T01:37:07+00:00\",\"dateModified\":\"2009-04-10T16:43:38+00:00\",\"breadcrumb\":{\"@id\":\"https:\/\/www.oarcanjo.net\/site\/mons-romero-impossivel-nao-recorda-lo\/#breadcrumb\"},\"inLanguage\":\"pt-BR\",\"potentialAction\":[{\"@type\":\"ReadAction\",\"target\":[\"https:\/\/www.oarcanjo.net\/site\/mons-romero-impossivel-nao-recorda-lo\/\"]}]},{\"@type\":\"BreadcrumbList\",\"@id\":\"https:\/\/www.oarcanjo.net\/site\/mons-romero-impossivel-nao-recorda-lo\/#breadcrumb\",\"itemListElement\":[{\"@type\":\"ListItem\",\"position\":1,\"name\":\"In\u00edcio\",\"item\":\"https:\/\/www.oarcanjo.net\/site\/\"},{\"@type\":\"ListItem\",\"position\":2,\"name\":\"Mons. Romero: Imposs\u00edvel n\u00e3o record\u00e1-lo\"}]},{\"@type\":\"WebSite\",\"@id\":\"https:\/\/www.oarcanjo.net\/site\/#website\",\"url\":\"https:\/\/www.oarcanjo.net\/site\/\",\"name\":\"O Arcanjo no ar\",\"description\":\"Site da Par\u00f3quia S\u00e3o Miguel Arcanjo (Arquidiocese de SP)\",\"publisher\":{\"@id\":\"https:\/\/www.oarcanjo.net\/site\/#organization\"},\"potentialAction\":[{\"@type\":\"SearchAction\",\"target\":{\"@type\":\"EntryPoint\",\"urlTemplate\":\"https:\/\/www.oarcanjo.net\/site\/?s={search_term_string}\"},\"query-input\":{\"@type\":\"PropertyValueSpecification\",\"valueRequired\":true,\"valueName\":\"search_term_string\"}}],\"inLanguage\":\"pt-BR\"},{\"@type\":\"Organization\",\"@id\":\"https:\/\/www.oarcanjo.net\/site\/#organization\",\"name\":\"Par\u00f3quia S\u00e3o Miguel Arcanjo\",\"url\":\"https:\/\/www.oarcanjo.net\/site\/\",\"logo\":{\"@type\":\"ImageObject\",\"inLanguage\":\"pt-BR\",\"@id\":\"https:\/\/www.oarcanjo.net\/site\/#\/schema\/logo\/image\/\",\"url\":\"https:\/\/www.oarcanjo.net\/site\/wp-content\/uploads\/LogoOArcanjo.png\",\"contentUrl\":\"https:\/\/www.oarcanjo.net\/site\/wp-content\/uploads\/LogoOArcanjo.png\",\"width\":319,\"height\":99,\"caption\":\"Par\u00f3quia S\u00e3o Miguel Arcanjo\"},\"image\":{\"@id\":\"https:\/\/www.oarcanjo.net\/site\/#\/schema\/logo\/image\/\"},\"sameAs\":[\"https:\/\/www.facebook.com\/OArcanjoNoAr\/\"]},{\"@type\":\"Person\",\"@id\":\"https:\/\/www.oarcanjo.net\/site\/#\/schema\/person\/f7024d007863202483a31326673a0838\",\"name\":\"editor\",\"sameAs\":[\"http:\/\/www.oarcanjo.net\"]}]}<\/script>\n<!-- \/ Yoast SEO plugin. -->","yoast_head_json":{"title":"Mons. Romero: Imposs\u00edvel n\u00e3o record\u00e1-lo - O Arcanjo no ar","robots":{"index":"index","follow":"follow","max-snippet":"max-snippet:-1","max-image-preview":"max-image-preview:large","max-video-preview":"max-video-preview:-1"},"canonical":"https:\/\/www.oarcanjo.net\/site\/mons-romero-impossivel-nao-recorda-lo\/","og_locale":"pt_BR","og_type":"article","og_title":"Mons. Romero: Imposs\u00edvel n\u00e3o record\u00e1-lo - O Arcanjo no ar","og_description":"Ricardo Z\u00faniga Garc\u00eda Tradu\u00e7\u00e3o: Adital Simplesmente \u00e9 imposs\u00edvel n\u00e3o record\u00e1-lo. Para os que tent\u00e1vamos viver nossa f\u00e9 crist\u00e3 construindo o processo hist\u00f3rico da revolu\u00e7\u00e3o nicaraguense, e para outros irm\u00e3os que faziam o mesmo na Guatemala ou em grupos de solidariedade com os processos de transforma\u00e7\u00e3o centroamericanos, a figura de Mons. Romero significa vida, esperan\u00e7a, compromisso. [&hellip;]","og_url":"https:\/\/www.oarcanjo.net\/site\/mons-romero-impossivel-nao-recorda-lo\/","og_site_name":"O Arcanjo no ar","article_publisher":"https:\/\/www.facebook.com\/OArcanjoNoAr\/","article_published_time":"2009-03-25T01:37:07+00:00","article_modified_time":"2009-04-10T16:43:38+00:00","og_image":[{"width":300,"height":300,"url":"https:\/\/www.oarcanjo.net\/site\/wp-content\/uploads\/logo-o-arcanjo-no-ar-facebook.png","type":"image\/png"}],"author":"editor","twitter_card":"summary_large_image","twitter_misc":{"Escrito por":"editor","Est. tempo de leitura":"3 minutos"},"schema":{"@context":"https:\/\/schema.org","@graph":[{"@type":"Article","@id":"https:\/\/www.oarcanjo.net\/site\/mons-romero-impossivel-nao-recorda-lo\/#article","isPartOf":{"@id":"https:\/\/www.oarcanjo.net\/site\/mons-romero-impossivel-nao-recorda-lo\/"},"author":{"name":"editor","@id":"https:\/\/www.oarcanjo.net\/site\/#\/schema\/person\/f7024d007863202483a31326673a0838"},"headline":"Mons. Romero: Imposs\u00edvel n\u00e3o record\u00e1-lo","datePublished":"2009-03-25T01:37:07+00:00","dateModified":"2009-04-10T16:43:38+00:00","mainEntityOfPage":{"@id":"https:\/\/www.oarcanjo.net\/site\/mons-romero-impossivel-nao-recorda-lo\/"},"wordCount":622,"commentCount":0,"publisher":{"@id":"https:\/\/www.oarcanjo.net\/site\/#organization"},"keywords":["Am\u00e9rica Latina","D. Oscar Romero","m\u00e1rtir","profeta"],"articleSection":["D. Oscar Romero","Reflex\u00f5es"],"inLanguage":"pt-BR","potentialAction":[{"@type":"CommentAction","name":"Comment","target":["https:\/\/www.oarcanjo.net\/site\/mons-romero-impossivel-nao-recorda-lo\/#respond"]}]},{"@type":"WebPage","@id":"https:\/\/www.oarcanjo.net\/site\/mons-romero-impossivel-nao-recorda-lo\/","url":"https:\/\/www.oarcanjo.net\/site\/mons-romero-impossivel-nao-recorda-lo\/","name":"Mons. Romero: Imposs\u00edvel n\u00e3o record\u00e1-lo - O Arcanjo no ar","isPartOf":{"@id":"https:\/\/www.oarcanjo.net\/site\/#website"},"datePublished":"2009-03-25T01:37:07+00:00","dateModified":"2009-04-10T16:43:38+00:00","breadcrumb":{"@id":"https:\/\/www.oarcanjo.net\/site\/mons-romero-impossivel-nao-recorda-lo\/#breadcrumb"},"inLanguage":"pt-BR","potentialAction":[{"@type":"ReadAction","target":["https:\/\/www.oarcanjo.net\/site\/mons-romero-impossivel-nao-recorda-lo\/"]}]},{"@type":"BreadcrumbList","@id":"https:\/\/www.oarcanjo.net\/site\/mons-romero-impossivel-nao-recorda-lo\/#breadcrumb","itemListElement":[{"@type":"ListItem","position":1,"name":"In\u00edcio","item":"https:\/\/www.oarcanjo.net\/site\/"},{"@type":"ListItem","position":2,"name":"Mons. Romero: Imposs\u00edvel n\u00e3o record\u00e1-lo"}]},{"@type":"WebSite","@id":"https:\/\/www.oarcanjo.net\/site\/#website","url":"https:\/\/www.oarcanjo.net\/site\/","name":"O Arcanjo no ar","description":"Site da Par\u00f3quia S\u00e3o Miguel Arcanjo (Arquidiocese de SP)","publisher":{"@id":"https:\/\/www.oarcanjo.net\/site\/#organization"},"potentialAction":[{"@type":"SearchAction","target":{"@type":"EntryPoint","urlTemplate":"https:\/\/www.oarcanjo.net\/site\/?s={search_term_string}"},"query-input":{"@type":"PropertyValueSpecification","valueRequired":true,"valueName":"search_term_string"}}],"inLanguage":"pt-BR"},{"@type":"Organization","@id":"https:\/\/www.oarcanjo.net\/site\/#organization","name":"Par\u00f3quia S\u00e3o Miguel Arcanjo","url":"https:\/\/www.oarcanjo.net\/site\/","logo":{"@type":"ImageObject","inLanguage":"pt-BR","@id":"https:\/\/www.oarcanjo.net\/site\/#\/schema\/logo\/image\/","url":"https:\/\/www.oarcanjo.net\/site\/wp-content\/uploads\/LogoOArcanjo.png","contentUrl":"https:\/\/www.oarcanjo.net\/site\/wp-content\/uploads\/LogoOArcanjo.png","width":319,"height":99,"caption":"Par\u00f3quia S\u00e3o Miguel Arcanjo"},"image":{"@id":"https:\/\/www.oarcanjo.net\/site\/#\/schema\/logo\/image\/"},"sameAs":["https:\/\/www.facebook.com\/OArcanjoNoAr\/"]},{"@type":"Person","@id":"https:\/\/www.oarcanjo.net\/site\/#\/schema\/person\/f7024d007863202483a31326673a0838","name":"editor","sameAs":["http:\/\/www.oarcanjo.net"]}]}},"publishpress_future_action":{"enabled":false,"date":"2026-05-07 04:22:20","action":"category","newStatus":"draft","terms":[],"taxonomy":"category"},"publishpress_future_workflow_manual_trigger":{"enabledWorkflows":[]},"_links":{"self":[{"href":"https:\/\/www.oarcanjo.net\/site\/wp-json\/wp\/v2\/posts\/2548"}],"collection":[{"href":"https:\/\/www.oarcanjo.net\/site\/wp-json\/wp\/v2\/posts"}],"about":[{"href":"https:\/\/www.oarcanjo.net\/site\/wp-json\/wp\/v2\/types\/post"}],"author":[{"embeddable":true,"href":"https:\/\/www.oarcanjo.net\/site\/wp-json\/wp\/v2\/users\/5"}],"replies":[{"embeddable":true,"href":"https:\/\/www.oarcanjo.net\/site\/wp-json\/wp\/v2\/comments?post=2548"}],"version-history":[{"count":0,"href":"https:\/\/www.oarcanjo.net\/site\/wp-json\/wp\/v2\/posts\/2548\/revisions"}],"wp:attachment":[{"href":"https:\/\/www.oarcanjo.net\/site\/wp-json\/wp\/v2\/media?parent=2548"}],"wp:term":[{"taxonomy":"category","embeddable":true,"href":"https:\/\/www.oarcanjo.net\/site\/wp-json\/wp\/v2\/categories?post=2548"},{"taxonomy":"post_tag","embeddable":true,"href":"https:\/\/www.oarcanjo.net\/site\/wp-json\/wp\/v2\/tags?post=2548"}],"curies":[{"name":"wp","href":"https:\/\/api.w.org\/{rel}","templated":true}]}}