
{"id":2551,"date":"2009-03-24T22:45:03","date_gmt":"2009-03-25T01:45:03","guid":{"rendered":"http:\/\/www.oarcanjo.net\/site\/?p=2551"},"modified":"2009-04-10T13:43:20","modified_gmt":"2009-04-10T16:43:20","slug":"testemunho-e-palavras-chaves-de-mons-romero-para-nicaragua","status":"publish","type":"post","link":"https:\/\/www.oarcanjo.net\/site\/testemunho-e-palavras-chaves-de-mons-romero-para-nicaragua\/","title":{"rendered":"Testemunho e palavras chaves de Mons. Romero para Nicar\u00e1gua"},"content":{"rendered":"<p>Arnaldo Zenteno S.J.<\/p>\n<p>Tradu\u00e7\u00e3o: <a href=\"http:\/\/www.adital.com.br\" target=\"_blank\">Adital<\/a><\/p>\n<p>Nos causa alegria recordar seu testemunho; por\u00e9m, o que ele significa hoje para n\u00f3s?<\/p>\n<p>Monsenhor Romero foi assassinado no dia 24 de mar\u00e7o, h\u00e1 29 anos, em El Salvador. No dia 25 de mar\u00e7o, enquanto eram celebrados seus funerais na Catedral de l\u00e1, aqui na Nicar\u00e1gua era promovida uma celebra\u00e7\u00e3o massiva pela Frente Sandinista de Liberta\u00e7\u00e3o Nacional (FSLN); celebramos uma eucaristia na Plaza de la Revoluci\u00f3n, junto \u00e0 antiga Catedral de Man\u00e1gua. Mons. Obando, na \u00e9poca Arcebispo de Man\u00e1gua, presidiu a eucaristia e concelebramos mais de 40 sacerdotes, entre eles o Pe. Astor, salvadorenho, que havia colaborado estreitamente com Mons. Romero. No final da missa, foi lida uma breve mensagem do FSLN na qual Mons. Romero era reconhecido como testemunha fiel, como exemplo claro de bispo e sacerdote comprometido com o povo. A pra\u00e7a lotada e a concelebra\u00e7\u00e3o de tantos sacerdotes eram um testemunho claro de como sua vida e sua entrega estavam presentes e vivas tamb\u00e9m aqui na Nicar\u00e1gua. E hoje, como ele est\u00e1 presente?<\/p>\n<p>Dois ou tr\u00eas anos antes de seu mart\u00edrio, a vida e as palavras de Mons. Romero eram luz, interpela\u00e7\u00e3o e fortaleza n\u00e3o somente em El Salvador, mas tamb\u00e9m em toda Am\u00e9rica Central e M\u00e9xico. Suas valentes e prof\u00e9ticas homilias eram retransmitidas e escutadas em todos os pa\u00edses da regi\u00e3o. Na Confer\u00eancia Episcopal Latinoamericana em Puebla (1979) ele deu um tremendo testemunho-den\u00fancia sobre os massacres sofridos pelo povo e sobre seu compromisso com o processo de liberta\u00e7\u00e3o e contra toda injusti\u00e7a. Juntamente com a alegria de seu testemunho, sent\u00edamos forte preocupa\u00e7\u00e3o diante das amea\u00e7as de morte por ele recebidas. Ele respondia: &#8220;N\u00e3o creio na morte sem ressurrei\u00e7\u00e3o. N\u00e3o creio merecer a gra\u00e7a do Mart\u00edrio; por\u00e9m, se me matam, ressuscitarei no povo salvadorenho&#8221;.<\/p>\n<p>Isso aconteceu em 1980. Por\u00e9m, que vig\u00eancia t\u00eam sua mensagem e suas palavras para n\u00f3s hoje, na Nicar\u00e1gua. Por isso, quero recordar que em 1979, pouco depois do triunfo da revolu\u00e7\u00e3o, Mons. Romero, em sua homilia dominical, deu uma mensagem clara e partilhou conosco seus sonhos por essa nova Nicar\u00e1gua que ia nascendo. Essas s\u00e3o suas palavras: &#8220;E nossa primeira sauda\u00e7\u00e3o nessa manh\u00e3 \u00e9 para nossa querida irm\u00e3 Rep\u00fablica de Nicar\u00e1gua; nossa sauda\u00e7\u00e3o com sentido de ora\u00e7\u00e3o fraterna e de solidariedade porque hoje mais do que nunca necessita esse apoio espiritual. O in\u00edcio dessa liberta\u00e7\u00e3o nos d\u00e1 muita alegria, mas tamb\u00e9m nos preocupa que esse alvorecer de liberta\u00e7\u00e3o n\u00e3o v\u00e1 ser uma frustra\u00e7\u00e3o. O senhor foi bondoso e que Ele possa continuar sendo a inspira\u00e7\u00e3o desse querido povo nicaraguense.<\/p>\n<p>Necessita tamb\u00e9m nessa inspira\u00e7\u00e3o crist\u00e3 levar em considera\u00e7\u00e3o o quanto custou esse momento: mais de 25.000 mortos&#8230;; n\u00e3o se pode desconsiderar isso. Apesar de que a guerra j\u00e1 terminou, as consequ\u00eancias ser\u00e3o profundas e de longo alcance. Essa mesma figura (de ovelhas sem pastor) a trasladamos tamb\u00e9m para n\u00f3s: nosso povo d\u00e1 essa impress\u00e3o; por\u00e9m, est\u00e1 como um rebanho que busca a solu\u00e7\u00e3o de seus problemas e encontra na mensagem evang\u00e9lica de hoje uma resposta para suas esperan\u00e7as&#8221;.<\/p>\n<p>Mons. Romero tinha frases muito fortes que continuam nos sacudindo. Vejamos algumas de suas chamadas \u00e0 nossa consci\u00eancia:<\/p>\n<p><em>&#8220;Quem n\u00e3o ama, n\u00e3o deve chamar-se crist\u00e3o&#8221;.<br \/>\n&#8220;Um crist\u00e3o que se solidariza com a parte opressora n\u00e3o \u00e9 verdadeiro crist\u00e3o&#8221;.<br \/>\n&#8220;\u00c9 inconceb\u00edvel que algu\u00e9m se considere crist\u00e3o e n\u00e3o tome, como Cristo, a op\u00e7\u00e3o preferencial pelos pobres&#8221;.<br \/>\n&#8220;Nenhum crist\u00e3o deve dizer: \u2018n\u00e3o me meto; n\u00e3o me comprometo\u2019, porque seria mal crist\u00e3o e mal cidad\u00e3o&#8221;.<br \/>\n&#8220;Igreja que n\u00e3o se une aos pobres n\u00e3o \u00e9 verdadeira igreja de Cristo&#8221;.<br \/>\n&#8220;Quanta gente melhor n\u00e3o se identifica como crist\u00e3os, porque n\u00e3o tem f\u00e9, tem mais f\u00e9 em seu dinheiro. O rico que est\u00e1 de joelhos frente ao seu dinheiro, mesmo que v\u00e1 \u00e0 Missa, \u00e9 um id\u00f3latra e n\u00e3o um crist\u00e3o&#8221;.<\/em><\/p>\n<p>Devemos perguntar-nos: qual o significado dessas frases hoje para n\u00f3s? Diz\u00ea-las e repeti-las \u00e9 f\u00e1cil, e podemos at\u00e9 admir\u00e1-las. Por\u00e9m, o importante \u00e9 viv\u00ea-las como fez Mons. Romero, que as assinou com seu pr\u00f3prio sangue.<\/p>\n<p>Quero terminar essa recorda\u00e7\u00e3o viva de Mons. Romero com dois par\u00e1grafos de suas homilias que, creio, t\u00eam valor para n\u00f3s hoje em dia:<\/p>\n<p><em>&#8220;N\u00e3o estar \u00e0 margem dos acontecimentos pol\u00edticos. Fa\u00e7o um chamado ao setor n\u00e3o organizado que at\u00e9 agora tem se mantido \u00e0 margem dos acontecimentos pol\u00edticos, por\u00e9m est\u00e1 padecendo suas consequ\u00eancias, para que atuem em favor da Justi\u00e7a e n\u00e3o continuem passivos por temer os riscos pessoais que toda a\u00e7\u00e3o audaz e verdadeiramente eficaz implica. Do contr\u00e1rio, ser\u00e3o tamb\u00e9m respons\u00e1veis pela injusti\u00e7a e por suas consequ\u00eancias&#8221; <\/em>(20 de janeiro de 1980).<\/p>\n<p>&#8220;A Igreja -repetimos- n\u00e3o est\u00e1 identificada com nenhuma op\u00e7\u00e3o concreta pol\u00edtica (partid\u00e1ria), mas ap\u00f3ia o que nela existe de justo, e est\u00e1 sempre disposta a denunciar o que exista de injusto. N\u00e3o deixar\u00e1 de ser voz dos que n\u00e3o t\u00eam voz, enquanto existam oprimidos e marginalizados&#8221; (20 de maio de 1979).<\/p>\n<p>&#8220;N\u00e3o existe pecado mais diab\u00f3lico do que tirar o p\u00e3o de quem tem fome&#8221; (24 de fevereiro de 1980).<\/p>\n<p>&#8220;Ora\u00e7\u00e3o verdadeira. Por isso insisto: muita ora\u00e7\u00e3o. Oremos; por\u00e9m, n\u00e3o com uma ora\u00e7\u00e3o que nos aliene; n\u00e3o com uma ora\u00e7\u00e3o que nos leva a fugir da realidade. Jamais devemos ir \u00e0 Igreja fugindo de nossos deveres na terra. Vamos \u00e0 Igreja para ganhar for\u00e7as e clareza para cumprir melhor nossos deveres em casa, na pol\u00edtica, na organiza\u00e7\u00e3o. Esses s\u00e3o os verdadeiros libertadores&#8221; (11 de novembro de 1979).<\/p>\n<p>E as seguintes palavras podem servir como um chamado a uma aut\u00eantica celebra\u00e7\u00e3o de Mons. Romero: &#8220;O crist\u00e3o que n\u00e3o queira viver esse compromisso de Solidariedade com o Pobre, n\u00e3o \u00e9 digno de chamar-se crist\u00e3o&#8221; (17 de fevereiro de 1980).<\/p>\n<div id=\"themify_builder_content-2551\" data-postid=\"2551\" class=\"themify_builder_content themify_builder_content-2551 themify_builder themify_builder_front\">\n\t<\/div>\n<!-- \/themify_builder_content -->","protected":false},"excerpt":{"rendered":"<p>Arnaldo Zenteno S.J. Tradu\u00e7\u00e3o: Adital Nos causa alegria recordar seu testemunho; por\u00e9m, o que ele significa hoje para n\u00f3s? Monsenhor Romero foi assassinado no dia 24 de mar\u00e7o, h\u00e1 29 anos, em El Salvador. No dia 25 de mar\u00e7o, enquanto eram celebrados seus funerais na Catedral de l\u00e1, aqui na Nicar\u00e1gua era promovida uma celebra\u00e7\u00e3o [&hellip;]<\/p>\n","protected":false},"author":5,"featured_media":0,"comment_status":"open","ping_status":"open","sticky":false,"template":"","format":"standard","meta":{"ngg_post_thumbnail":0,"footnotes":""},"categories":[479,9],"tags":[388,381,382,252,384,187],"yoast_head":"<!-- This site is optimized with the Yoast SEO plugin v23.5 - https:\/\/yoast.com\/wordpress\/plugins\/seo\/ -->\n<title>Testemunho e palavras chaves de Mons. Romero para Nicar\u00e1gua - O Arcanjo no ar<\/title>\n<meta name=\"robots\" content=\"index, follow, max-snippet:-1, max-image-preview:large, max-video-preview:-1\" \/>\n<link rel=\"canonical\" href=\"https:\/\/www.oarcanjo.net\/site\/testemunho-e-palavras-chaves-de-mons-romero-para-nicaragua\/\" \/>\n<meta property=\"og:locale\" content=\"pt_BR\" \/>\n<meta property=\"og:type\" content=\"article\" \/>\n<meta property=\"og:title\" content=\"Testemunho e palavras chaves de Mons. Romero para Nicar\u00e1gua - O Arcanjo no ar\" \/>\n<meta property=\"og:description\" content=\"Arnaldo Zenteno S.J. Tradu\u00e7\u00e3o: Adital Nos causa alegria recordar seu testemunho; por\u00e9m, o que ele significa hoje para n\u00f3s? Monsenhor Romero foi assassinado no dia 24 de mar\u00e7o, h\u00e1 29 anos, em El Salvador. No dia 25 de mar\u00e7o, enquanto eram celebrados seus funerais na Catedral de l\u00e1, aqui na Nicar\u00e1gua era promovida uma celebra\u00e7\u00e3o [&hellip;]\" \/>\n<meta property=\"og:url\" content=\"https:\/\/www.oarcanjo.net\/site\/testemunho-e-palavras-chaves-de-mons-romero-para-nicaragua\/\" \/>\n<meta property=\"og:site_name\" content=\"O Arcanjo no ar\" \/>\n<meta property=\"article:publisher\" content=\"https:\/\/www.facebook.com\/OArcanjoNoAr\/\" \/>\n<meta property=\"article:published_time\" content=\"2009-03-25T01:45:03+00:00\" \/>\n<meta property=\"article:modified_time\" content=\"2009-04-10T16:43:20+00:00\" \/>\n<meta property=\"og:image\" content=\"https:\/\/www.oarcanjo.net\/site\/wp-content\/uploads\/logo-o-arcanjo-no-ar-facebook.png\" \/>\n\t<meta property=\"og:image:width\" content=\"300\" \/>\n\t<meta property=\"og:image:height\" content=\"300\" \/>\n\t<meta property=\"og:image:type\" content=\"image\/png\" \/>\n<meta name=\"author\" content=\"editor\" \/>\n<meta name=\"twitter:card\" content=\"summary_large_image\" \/>\n<meta name=\"twitter:label1\" content=\"Escrito por\" \/>\n\t<meta name=\"twitter:data1\" content=\"editor\" \/>\n\t<meta name=\"twitter:label2\" content=\"Est. tempo de leitura\" \/>\n\t<meta name=\"twitter:data2\" content=\"5 minutos\" \/>\n<script type=\"application\/ld+json\" class=\"yoast-schema-graph\">{\"@context\":\"https:\/\/schema.org\",\"@graph\":[{\"@type\":\"Article\",\"@id\":\"https:\/\/www.oarcanjo.net\/site\/testemunho-e-palavras-chaves-de-mons-romero-para-nicaragua\/#article\",\"isPartOf\":{\"@id\":\"https:\/\/www.oarcanjo.net\/site\/testemunho-e-palavras-chaves-de-mons-romero-para-nicaragua\/\"},\"author\":{\"name\":\"editor\",\"@id\":\"https:\/\/www.oarcanjo.net\/site\/#\/schema\/person\/f7024d007863202483a31326673a0838\"},\"headline\":\"Testemunho e palavras chaves de Mons. Romero para Nicar\u00e1gua\",\"datePublished\":\"2009-03-25T01:45:03+00:00\",\"dateModified\":\"2009-04-10T16:43:20+00:00\",\"mainEntityOfPage\":{\"@id\":\"https:\/\/www.oarcanjo.net\/site\/testemunho-e-palavras-chaves-de-mons-romero-para-nicaragua\/\"},\"wordCount\":1058,\"commentCount\":1,\"publisher\":{\"@id\":\"https:\/\/www.oarcanjo.net\/site\/#organization\"},\"keywords\":[\"Am\u00e9rica Latina\",\"D. Oscar Romero\",\"El Salvador\",\"m\u00e1rtir\",\"Nicar\u00e1gua\",\"profeta\"],\"articleSection\":[\"D. Oscar Romero\",\"Reflex\u00f5es\"],\"inLanguage\":\"pt-BR\",\"potentialAction\":[{\"@type\":\"CommentAction\",\"name\":\"Comment\",\"target\":[\"https:\/\/www.oarcanjo.net\/site\/testemunho-e-palavras-chaves-de-mons-romero-para-nicaragua\/#respond\"]}]},{\"@type\":\"WebPage\",\"@id\":\"https:\/\/www.oarcanjo.net\/site\/testemunho-e-palavras-chaves-de-mons-romero-para-nicaragua\/\",\"url\":\"https:\/\/www.oarcanjo.net\/site\/testemunho-e-palavras-chaves-de-mons-romero-para-nicaragua\/\",\"name\":\"Testemunho e palavras chaves de Mons. Romero para Nicar\u00e1gua - O Arcanjo no ar\",\"isPartOf\":{\"@id\":\"https:\/\/www.oarcanjo.net\/site\/#website\"},\"datePublished\":\"2009-03-25T01:45:03+00:00\",\"dateModified\":\"2009-04-10T16:43:20+00:00\",\"breadcrumb\":{\"@id\":\"https:\/\/www.oarcanjo.net\/site\/testemunho-e-palavras-chaves-de-mons-romero-para-nicaragua\/#breadcrumb\"},\"inLanguage\":\"pt-BR\",\"potentialAction\":[{\"@type\":\"ReadAction\",\"target\":[\"https:\/\/www.oarcanjo.net\/site\/testemunho-e-palavras-chaves-de-mons-romero-para-nicaragua\/\"]}]},{\"@type\":\"BreadcrumbList\",\"@id\":\"https:\/\/www.oarcanjo.net\/site\/testemunho-e-palavras-chaves-de-mons-romero-para-nicaragua\/#breadcrumb\",\"itemListElement\":[{\"@type\":\"ListItem\",\"position\":1,\"name\":\"In\u00edcio\",\"item\":\"https:\/\/www.oarcanjo.net\/site\/\"},{\"@type\":\"ListItem\",\"position\":2,\"name\":\"Testemunho e palavras chaves de Mons. Romero para Nicar\u00e1gua\"}]},{\"@type\":\"WebSite\",\"@id\":\"https:\/\/www.oarcanjo.net\/site\/#website\",\"url\":\"https:\/\/www.oarcanjo.net\/site\/\",\"name\":\"O Arcanjo no ar\",\"description\":\"Site da Par\u00f3quia S\u00e3o Miguel Arcanjo (Arquidiocese de SP)\",\"publisher\":{\"@id\":\"https:\/\/www.oarcanjo.net\/site\/#organization\"},\"potentialAction\":[{\"@type\":\"SearchAction\",\"target\":{\"@type\":\"EntryPoint\",\"urlTemplate\":\"https:\/\/www.oarcanjo.net\/site\/?s={search_term_string}\"},\"query-input\":{\"@type\":\"PropertyValueSpecification\",\"valueRequired\":true,\"valueName\":\"search_term_string\"}}],\"inLanguage\":\"pt-BR\"},{\"@type\":\"Organization\",\"@id\":\"https:\/\/www.oarcanjo.net\/site\/#organization\",\"name\":\"Par\u00f3quia S\u00e3o Miguel Arcanjo\",\"url\":\"https:\/\/www.oarcanjo.net\/site\/\",\"logo\":{\"@type\":\"ImageObject\",\"inLanguage\":\"pt-BR\",\"@id\":\"https:\/\/www.oarcanjo.net\/site\/#\/schema\/logo\/image\/\",\"url\":\"https:\/\/www.oarcanjo.net\/site\/wp-content\/uploads\/LogoOArcanjo.png\",\"contentUrl\":\"https:\/\/www.oarcanjo.net\/site\/wp-content\/uploads\/LogoOArcanjo.png\",\"width\":319,\"height\":99,\"caption\":\"Par\u00f3quia S\u00e3o Miguel Arcanjo\"},\"image\":{\"@id\":\"https:\/\/www.oarcanjo.net\/site\/#\/schema\/logo\/image\/\"},\"sameAs\":[\"https:\/\/www.facebook.com\/OArcanjoNoAr\/\"]},{\"@type\":\"Person\",\"@id\":\"https:\/\/www.oarcanjo.net\/site\/#\/schema\/person\/f7024d007863202483a31326673a0838\",\"name\":\"editor\",\"sameAs\":[\"http:\/\/www.oarcanjo.net\"]}]}<\/script>\n<!-- \/ Yoast SEO plugin. -->","yoast_head_json":{"title":"Testemunho e palavras chaves de Mons. Romero para Nicar\u00e1gua - O Arcanjo no ar","robots":{"index":"index","follow":"follow","max-snippet":"max-snippet:-1","max-image-preview":"max-image-preview:large","max-video-preview":"max-video-preview:-1"},"canonical":"https:\/\/www.oarcanjo.net\/site\/testemunho-e-palavras-chaves-de-mons-romero-para-nicaragua\/","og_locale":"pt_BR","og_type":"article","og_title":"Testemunho e palavras chaves de Mons. Romero para Nicar\u00e1gua - O Arcanjo no ar","og_description":"Arnaldo Zenteno S.J. Tradu\u00e7\u00e3o: Adital Nos causa alegria recordar seu testemunho; por\u00e9m, o que ele significa hoje para n\u00f3s? Monsenhor Romero foi assassinado no dia 24 de mar\u00e7o, h\u00e1 29 anos, em El Salvador. No dia 25 de mar\u00e7o, enquanto eram celebrados seus funerais na Catedral de l\u00e1, aqui na Nicar\u00e1gua era promovida uma celebra\u00e7\u00e3o [&hellip;]","og_url":"https:\/\/www.oarcanjo.net\/site\/testemunho-e-palavras-chaves-de-mons-romero-para-nicaragua\/","og_site_name":"O Arcanjo no ar","article_publisher":"https:\/\/www.facebook.com\/OArcanjoNoAr\/","article_published_time":"2009-03-25T01:45:03+00:00","article_modified_time":"2009-04-10T16:43:20+00:00","og_image":[{"width":300,"height":300,"url":"https:\/\/www.oarcanjo.net\/site\/wp-content\/uploads\/logo-o-arcanjo-no-ar-facebook.png","type":"image\/png"}],"author":"editor","twitter_card":"summary_large_image","twitter_misc":{"Escrito por":"editor","Est. tempo de leitura":"5 minutos"},"schema":{"@context":"https:\/\/schema.org","@graph":[{"@type":"Article","@id":"https:\/\/www.oarcanjo.net\/site\/testemunho-e-palavras-chaves-de-mons-romero-para-nicaragua\/#article","isPartOf":{"@id":"https:\/\/www.oarcanjo.net\/site\/testemunho-e-palavras-chaves-de-mons-romero-para-nicaragua\/"},"author":{"name":"editor","@id":"https:\/\/www.oarcanjo.net\/site\/#\/schema\/person\/f7024d007863202483a31326673a0838"},"headline":"Testemunho e palavras chaves de Mons. Romero para Nicar\u00e1gua","datePublished":"2009-03-25T01:45:03+00:00","dateModified":"2009-04-10T16:43:20+00:00","mainEntityOfPage":{"@id":"https:\/\/www.oarcanjo.net\/site\/testemunho-e-palavras-chaves-de-mons-romero-para-nicaragua\/"},"wordCount":1058,"commentCount":1,"publisher":{"@id":"https:\/\/www.oarcanjo.net\/site\/#organization"},"keywords":["Am\u00e9rica Latina","D. Oscar Romero","El Salvador","m\u00e1rtir","Nicar\u00e1gua","profeta"],"articleSection":["D. Oscar Romero","Reflex\u00f5es"],"inLanguage":"pt-BR","potentialAction":[{"@type":"CommentAction","name":"Comment","target":["https:\/\/www.oarcanjo.net\/site\/testemunho-e-palavras-chaves-de-mons-romero-para-nicaragua\/#respond"]}]},{"@type":"WebPage","@id":"https:\/\/www.oarcanjo.net\/site\/testemunho-e-palavras-chaves-de-mons-romero-para-nicaragua\/","url":"https:\/\/www.oarcanjo.net\/site\/testemunho-e-palavras-chaves-de-mons-romero-para-nicaragua\/","name":"Testemunho e palavras chaves de Mons. Romero para Nicar\u00e1gua - O Arcanjo no ar","isPartOf":{"@id":"https:\/\/www.oarcanjo.net\/site\/#website"},"datePublished":"2009-03-25T01:45:03+00:00","dateModified":"2009-04-10T16:43:20+00:00","breadcrumb":{"@id":"https:\/\/www.oarcanjo.net\/site\/testemunho-e-palavras-chaves-de-mons-romero-para-nicaragua\/#breadcrumb"},"inLanguage":"pt-BR","potentialAction":[{"@type":"ReadAction","target":["https:\/\/www.oarcanjo.net\/site\/testemunho-e-palavras-chaves-de-mons-romero-para-nicaragua\/"]}]},{"@type":"BreadcrumbList","@id":"https:\/\/www.oarcanjo.net\/site\/testemunho-e-palavras-chaves-de-mons-romero-para-nicaragua\/#breadcrumb","itemListElement":[{"@type":"ListItem","position":1,"name":"In\u00edcio","item":"https:\/\/www.oarcanjo.net\/site\/"},{"@type":"ListItem","position":2,"name":"Testemunho e palavras chaves de Mons. Romero para Nicar\u00e1gua"}]},{"@type":"WebSite","@id":"https:\/\/www.oarcanjo.net\/site\/#website","url":"https:\/\/www.oarcanjo.net\/site\/","name":"O Arcanjo no ar","description":"Site da Par\u00f3quia S\u00e3o Miguel Arcanjo (Arquidiocese de SP)","publisher":{"@id":"https:\/\/www.oarcanjo.net\/site\/#organization"},"potentialAction":[{"@type":"SearchAction","target":{"@type":"EntryPoint","urlTemplate":"https:\/\/www.oarcanjo.net\/site\/?s={search_term_string}"},"query-input":{"@type":"PropertyValueSpecification","valueRequired":true,"valueName":"search_term_string"}}],"inLanguage":"pt-BR"},{"@type":"Organization","@id":"https:\/\/www.oarcanjo.net\/site\/#organization","name":"Par\u00f3quia S\u00e3o Miguel Arcanjo","url":"https:\/\/www.oarcanjo.net\/site\/","logo":{"@type":"ImageObject","inLanguage":"pt-BR","@id":"https:\/\/www.oarcanjo.net\/site\/#\/schema\/logo\/image\/","url":"https:\/\/www.oarcanjo.net\/site\/wp-content\/uploads\/LogoOArcanjo.png","contentUrl":"https:\/\/www.oarcanjo.net\/site\/wp-content\/uploads\/LogoOArcanjo.png","width":319,"height":99,"caption":"Par\u00f3quia S\u00e3o Miguel Arcanjo"},"image":{"@id":"https:\/\/www.oarcanjo.net\/site\/#\/schema\/logo\/image\/"},"sameAs":["https:\/\/www.facebook.com\/OArcanjoNoAr\/"]},{"@type":"Person","@id":"https:\/\/www.oarcanjo.net\/site\/#\/schema\/person\/f7024d007863202483a31326673a0838","name":"editor","sameAs":["http:\/\/www.oarcanjo.net"]}]}},"publishpress_future_action":{"enabled":false,"date":"2026-05-07 04:23:00","action":"category","newStatus":"draft","terms":[],"taxonomy":"category"},"publishpress_future_workflow_manual_trigger":{"enabledWorkflows":[]},"_links":{"self":[{"href":"https:\/\/www.oarcanjo.net\/site\/wp-json\/wp\/v2\/posts\/2551"}],"collection":[{"href":"https:\/\/www.oarcanjo.net\/site\/wp-json\/wp\/v2\/posts"}],"about":[{"href":"https:\/\/www.oarcanjo.net\/site\/wp-json\/wp\/v2\/types\/post"}],"author":[{"embeddable":true,"href":"https:\/\/www.oarcanjo.net\/site\/wp-json\/wp\/v2\/users\/5"}],"replies":[{"embeddable":true,"href":"https:\/\/www.oarcanjo.net\/site\/wp-json\/wp\/v2\/comments?post=2551"}],"version-history":[{"count":0,"href":"https:\/\/www.oarcanjo.net\/site\/wp-json\/wp\/v2\/posts\/2551\/revisions"}],"wp:attachment":[{"href":"https:\/\/www.oarcanjo.net\/site\/wp-json\/wp\/v2\/media?parent=2551"}],"wp:term":[{"taxonomy":"category","embeddable":true,"href":"https:\/\/www.oarcanjo.net\/site\/wp-json\/wp\/v2\/categories?post=2551"},{"taxonomy":"post_tag","embeddable":true,"href":"https:\/\/www.oarcanjo.net\/site\/wp-json\/wp\/v2\/tags?post=2551"}],"curies":[{"name":"wp","href":"https:\/\/api.w.org\/{rel}","templated":true}]}}