
{"id":2557,"date":"2009-03-25T19:01:32","date_gmt":"2009-03-25T22:01:32","guid":{"rendered":"http:\/\/www.oarcanjo.net\/site\/?p=2557"},"modified":"2009-04-10T13:43:00","modified_gmt":"2009-04-10T16:43:00","slug":"monsenhor-romero-e-a-esperanca-crista","status":"publish","type":"post","link":"https:\/\/www.oarcanjo.net\/site\/monsenhor-romero-e-a-esperanca-crista\/","title":{"rendered":"Monsenhor Romero e a esperan\u00e7a crist\u00e3"},"content":{"rendered":"<p>Carlos Ayala Ram\u00edrez<\/p>\n<p>Tradu\u00e7\u00e3o: <a href=\"http:\/\/www.adital.com.br\" target=\"_blank\">Adital<\/a><\/p>\n<p>1. A necessidade da esperan\u00e7a<\/p>\n<p>Os signos de desesperan\u00e7a est\u00e3o em todas as partes: crises econ\u00f4mica, alimentar, ecol\u00f3gica, energ\u00e9tica, de valores, na fam\u00edlia; inclusive, crise da esperan\u00e7a (recordemos aos \u2018profeta\u2019 do fim das utopias). Cada uma dessas crises t\u00eam algo em comum: amea\u00e7am, empobrecem ou truncam a vida.<\/p>\n<p>Erich Fromm, em seu livro \u2018A Revolu\u00e7\u00e3o da Esperan\u00e7a\u2019 nos diz que a esperan\u00e7a \u00e9 paradoxal: &#8220;n\u00e3o \u00e9 nem uma espera passiva e nem uma viol\u00eancia alheia \u00e0 realidade de circunst\u00e2ncias que n\u00e3o se apresentar\u00e3o. Nem o reformismo fatigado nem o aventureirismo falsamente radical s\u00e3o express\u00f5es da esperan\u00e7a. Ter esperan\u00e7a significa, ao contr\u00e1rio, estar presto em todo momento para o que todavia n\u00e3o \u00e9; por\u00e9m, sem chegar a desesperar-se se o nascimento n\u00e3o acontece no lapso de nossa vida&#8221;.<\/p>\n<p>Segundo Fromm, as pessoas cuja esperan\u00e7a \u00e9 forte, veem e fomentam todos os signos da nova vida e est\u00e3o preparados em todo momento para ajudar ao advento do que se acha em condi\u00e7\u00f5es de nascer. Segundo o autor, isso \u00e9 pr\u00f3prio da vis\u00e3o messi\u00e2nica dos verdadeiros profetas. Eles n\u00e3o predizem o futuro, mas veem a realidade presente isenta das miopias da opini\u00e3o p\u00fablica e da autoridade. N\u00e3o desejam ser profetas, mas sentem-se for\u00e7ados a expressar a voz de sua consci\u00eancia, que possibilidades contemplam e a mostrar \u00e0s pessoas as alternativas existentes. Monsenhor Romero, sem d\u00favida, foi uma dessas pessoas: cultivadora dos signos da nova vida.<\/p>\n<p>Uma caracter\u00edstica essencial da espiritualidade de Monsenhor Romero (Cf. Martin Maier, \u2018Monse\u00f1or Romero, maestro de espiritualidad\u2019, p\u00e1gs. 148-149), \u00e9 que nunca perdeu a esperan\u00e7a nem sequer em situa\u00e7\u00f5es aparentemente sem solu\u00e7\u00e3o. Sua atitude n\u00e3o foi a de apaziguamento, segundo o lema: \u2018logo, tudo se resolver\u00e1 bem\u2019. Como Paulo, praticou a &#8220;esperan\u00e7a contra toda esperan\u00e7a&#8221;. Apresentou sua esperan\u00e7a dentro da tradi\u00e7\u00e3o dos profetas de Israel. Eles n\u00e3o haviam anunciado uma esperan\u00e7a barata. A esperan\u00e7a dos profetas se sustentava na confian\u00e7a de que Deus conduziria a hist\u00f3ria de seu povo \u00e0 salva\u00e7\u00e3o, atrav\u00e9s de todas as ru\u00ednas, de todas as deslealdades e cat\u00e1strofes.<\/p>\n<p>2. A esperan\u00e7a a partir da vis\u00e3o prof\u00e9tica de Monsenhor Romero<\/p>\n<p>Para Mons. Romero, a esperan\u00e7a crist\u00e3 \u00e9, ao mesmo tempo, promessa, pr\u00e1tica (pr\u00e1xis) e espera (Cf. Homilia 18 de novembro de 1979).<\/p>\n<p>Promessa: &#8220;O povo crist\u00e3o caminha animado por uma esperan\u00e7a para o reino de Deus&#8221; (utopia).<\/p>\n<p>Pr\u00e1tica: &#8220;A esperan\u00e7a desperta o desejo de colaborar com Deus, com a seguran\u00e7a de que se fa\u00e7o minha parte, Deus far\u00e1 sua parte e salvaremos o pa\u00eds&#8221; (pr\u00e1xis)<\/p>\n<p>Espera: &#8220;As horas de Deus tamb\u00e9m temos que observ\u00e1-las, temos que esperar quando o Senhor passa, para colaborar com ele&#8221; (confian\u00e7a na for\u00e7a de Deus).<\/p>\n<p>Duas realidades de car\u00e1ter estrutural configuravam a situa\u00e7\u00e3o salvadorenha durante o minist\u00e9rio de Mons. Romero: a injusti\u00e7a social (abordada em sua 4\u00aa. Carta Pastoral, 1979) e a viol\u00eancia repressiva de Estado (abordada em sua 3\u00aa. Carta Pastoral, 1978). As principais v\u00edtimas de ambas realidades eram os pobres.<\/p>\n<p>Ante essa situa\u00e7\u00e3o que qualificou de \u2018desordem espantoso\u2019, Mons. Romero defendeu as v\u00edtimas e o fez gerando esperan\u00e7a.<\/p>\n<p>Gerou esperan\u00e7a denunciando o pecado hist\u00f3rico: &#8220;Quando a Igreja ouve o clamor dos oprimidos n\u00e3o pode menos do que denunciar as forma\u00e7\u00f5es sociais que causam e perpetuam a mis\u00e9ria da qual surge esse clamor&#8221; (2\u00aa. Carta Pastoral, agosto 1977).<\/p>\n<p>Gerou esperan\u00e7a reagindo com miseric\u00f3rdia diante do sofrimento: &#8220;N\u00e3o me interessa a pol\u00edtica. O que me importa \u00e9 que o Pastor tem que estar onde est\u00e1 o sofrimento, e eu tenho ido a todos os lugares onde existe dor e morte para levar a palavra de consolo para os que sofrem&#8221; (Homilia 30\/10\/1977).<\/p>\n<p>Gerou esperan\u00e7a defendendo os pobres e iluminando os processos de liberta\u00e7\u00e3o: &#8220;A Igreja trairia seu pr\u00f3prio amor a Deus e sua fidelidade ao Evangelho se deixasse de ser voz dos que n\u00e3o t\u00eam voz, defensora dos direitos dos pobres, animadora de todo desejo justo de liberta\u00e7\u00e3o, orientadora, potenciadora e humanizadora de toda luta leg\u00edtima para conseguir uma sociedade mais justa&#8221; (4\u00aa. Carta Pastoral, agosto 1979, No. 56).<\/p>\n<p>3. Uma vida inspirada pela esperan\u00e7a<\/p>\n<p>O conte\u00fado da esperan\u00e7a tamb\u00e9m est\u00e1 referido a um modo de viver. Uma vida animado pelo amor e pela justi\u00e7a \u00e9 fonte de esperan\u00e7a.<\/p>\n<p>Cada ato de amor, de consci\u00eancia e de compaix\u00e3o \u00e9 fonte de esperan\u00e7a. Cada ato de indol\u00eancia, de mentira e de ego\u00edsmo gera desesperan\u00e7a: &#8220;N\u00e3o busquemos solu\u00e7\u00f5es imediatas, n\u00e3o queiramos organizar de um s\u00f3 golpe uma sociedade t\u00e3o injustamente organizada durante tanto tempo; organizemos a convers\u00e3o dos cora\u00e7\u00f5es. Que saibam uns e outros viver a austeridade do deserto; que saibam saborear a reden\u00e7\u00e3o forte da cruz; que n\u00e3o existe alegria maior do que ganhar o p\u00e3o com o suor do rosto e que n\u00e3o existe tampouco pecado mais diab\u00f3lico do que tirar o p\u00e3o do que tem fome&#8221; (Homilia 24\/2\/1980).<\/p>\n<p>Um exemplo de vida animada pelo amor e pela justi\u00e7a \u00e9 a dos m\u00e1rtires salvadorenhos. Por isso, Mons. Romero os considerou sementes de esperan\u00e7a: &#8220;\u00c9 sangue e dor que regar\u00e1 e fecundar\u00e1 novas e cada vez mais numerosas sementes de salvadorenhos que tomar\u00e3o consci\u00eancia da responsabilidade que t\u00eam de construir uma sociedade mais justa e humana e que frutificar\u00e1 na realiza\u00e7\u00e3o das reformas estruturais audazes, urgentes e radicais que nossa p\u00e1tria necessita&#8221; (Homilia 27\/1\/1980).<\/p>\n<div id=\"themify_builder_content-2557\" data-postid=\"2557\" class=\"themify_builder_content themify_builder_content-2557 themify_builder themify_builder_front\">\n\t<\/div>\n<!-- \/themify_builder_content -->","protected":false},"excerpt":{"rendered":"<p>Carlos Ayala Ram\u00edrez Tradu\u00e7\u00e3o: Adital 1. A necessidade da esperan\u00e7a Os signos de desesperan\u00e7a est\u00e3o em todas as partes: crises econ\u00f4mica, alimentar, ecol\u00f3gica, energ\u00e9tica, de valores, na fam\u00edlia; inclusive, crise da esperan\u00e7a (recordemos aos \u2018profeta\u2019 do fim das utopias). Cada uma dessas crises t\u00eam algo em comum: amea\u00e7am, empobrecem ou truncam a vida. Erich Fromm, [&hellip;]<\/p>\n","protected":false},"author":5,"featured_media":0,"comment_status":"open","ping_status":"open","sticky":false,"template":"","format":"standard","meta":{"ngg_post_thumbnail":0,"footnotes":""},"categories":[479,9],"tags":[381,164,252,187],"yoast_head":"<!-- This site is optimized with the Yoast SEO plugin v23.5 - https:\/\/yoast.com\/wordpress\/plugins\/seo\/ -->\n<title>Monsenhor Romero e a esperan\u00e7a crist\u00e3 - O Arcanjo no ar<\/title>\n<meta name=\"robots\" content=\"index, follow, max-snippet:-1, max-image-preview:large, max-video-preview:-1\" \/>\n<link rel=\"canonical\" href=\"https:\/\/www.oarcanjo.net\/site\/monsenhor-romero-e-a-esperanca-crista\/\" \/>\n<meta property=\"og:locale\" content=\"pt_BR\" \/>\n<meta property=\"og:type\" content=\"article\" \/>\n<meta property=\"og:title\" content=\"Monsenhor Romero e a esperan\u00e7a crist\u00e3 - O Arcanjo no ar\" \/>\n<meta property=\"og:description\" content=\"Carlos Ayala Ram\u00edrez Tradu\u00e7\u00e3o: Adital 1. A necessidade da esperan\u00e7a Os signos de desesperan\u00e7a est\u00e3o em todas as partes: crises econ\u00f4mica, alimentar, ecol\u00f3gica, energ\u00e9tica, de valores, na fam\u00edlia; inclusive, crise da esperan\u00e7a (recordemos aos \u2018profeta\u2019 do fim das utopias). Cada uma dessas crises t\u00eam algo em comum: amea\u00e7am, empobrecem ou truncam a vida. Erich Fromm, [&hellip;]\" \/>\n<meta property=\"og:url\" content=\"https:\/\/www.oarcanjo.net\/site\/monsenhor-romero-e-a-esperanca-crista\/\" \/>\n<meta property=\"og:site_name\" content=\"O Arcanjo no ar\" \/>\n<meta property=\"article:publisher\" content=\"https:\/\/www.facebook.com\/OArcanjoNoAr\/\" \/>\n<meta property=\"article:published_time\" content=\"2009-03-25T22:01:32+00:00\" \/>\n<meta property=\"article:modified_time\" content=\"2009-04-10T16:43:00+00:00\" \/>\n<meta property=\"og:image\" content=\"https:\/\/www.oarcanjo.net\/site\/wp-content\/uploads\/logo-o-arcanjo-no-ar-facebook.png\" \/>\n\t<meta property=\"og:image:width\" content=\"300\" \/>\n\t<meta property=\"og:image:height\" content=\"300\" \/>\n\t<meta property=\"og:image:type\" content=\"image\/png\" \/>\n<meta name=\"author\" content=\"editor\" \/>\n<meta name=\"twitter:card\" content=\"summary_large_image\" \/>\n<meta name=\"twitter:label1\" content=\"Escrito por\" \/>\n\t<meta name=\"twitter:data1\" content=\"editor\" \/>\n\t<meta name=\"twitter:label2\" content=\"Est. tempo de leitura\" \/>\n\t<meta name=\"twitter:data2\" content=\"5 minutos\" \/>\n<script type=\"application\/ld+json\" class=\"yoast-schema-graph\">{\"@context\":\"https:\/\/schema.org\",\"@graph\":[{\"@type\":\"Article\",\"@id\":\"https:\/\/www.oarcanjo.net\/site\/monsenhor-romero-e-a-esperanca-crista\/#article\",\"isPartOf\":{\"@id\":\"https:\/\/www.oarcanjo.net\/site\/monsenhor-romero-e-a-esperanca-crista\/\"},\"author\":{\"name\":\"editor\",\"@id\":\"https:\/\/www.oarcanjo.net\/site\/#\/schema\/person\/f7024d007863202483a31326673a0838\"},\"headline\":\"Monsenhor Romero e a esperan\u00e7a crist\u00e3\",\"datePublished\":\"2009-03-25T22:01:32+00:00\",\"dateModified\":\"2009-04-10T16:43:00+00:00\",\"mainEntityOfPage\":{\"@id\":\"https:\/\/www.oarcanjo.net\/site\/monsenhor-romero-e-a-esperanca-crista\/\"},\"wordCount\":979,\"commentCount\":0,\"publisher\":{\"@id\":\"https:\/\/www.oarcanjo.net\/site\/#organization\"},\"keywords\":[\"D. Oscar Romero\",\"esperan\u00e7a\",\"m\u00e1rtir\",\"profeta\"],\"articleSection\":[\"D. Oscar Romero\",\"Reflex\u00f5es\"],\"inLanguage\":\"pt-BR\",\"potentialAction\":[{\"@type\":\"CommentAction\",\"name\":\"Comment\",\"target\":[\"https:\/\/www.oarcanjo.net\/site\/monsenhor-romero-e-a-esperanca-crista\/#respond\"]}]},{\"@type\":\"WebPage\",\"@id\":\"https:\/\/www.oarcanjo.net\/site\/monsenhor-romero-e-a-esperanca-crista\/\",\"url\":\"https:\/\/www.oarcanjo.net\/site\/monsenhor-romero-e-a-esperanca-crista\/\",\"name\":\"Monsenhor Romero e a esperan\u00e7a crist\u00e3 - O Arcanjo no ar\",\"isPartOf\":{\"@id\":\"https:\/\/www.oarcanjo.net\/site\/#website\"},\"datePublished\":\"2009-03-25T22:01:32+00:00\",\"dateModified\":\"2009-04-10T16:43:00+00:00\",\"breadcrumb\":{\"@id\":\"https:\/\/www.oarcanjo.net\/site\/monsenhor-romero-e-a-esperanca-crista\/#breadcrumb\"},\"inLanguage\":\"pt-BR\",\"potentialAction\":[{\"@type\":\"ReadAction\",\"target\":[\"https:\/\/www.oarcanjo.net\/site\/monsenhor-romero-e-a-esperanca-crista\/\"]}]},{\"@type\":\"BreadcrumbList\",\"@id\":\"https:\/\/www.oarcanjo.net\/site\/monsenhor-romero-e-a-esperanca-crista\/#breadcrumb\",\"itemListElement\":[{\"@type\":\"ListItem\",\"position\":1,\"name\":\"In\u00edcio\",\"item\":\"https:\/\/www.oarcanjo.net\/site\/\"},{\"@type\":\"ListItem\",\"position\":2,\"name\":\"Monsenhor Romero e a esperan\u00e7a crist\u00e3\"}]},{\"@type\":\"WebSite\",\"@id\":\"https:\/\/www.oarcanjo.net\/site\/#website\",\"url\":\"https:\/\/www.oarcanjo.net\/site\/\",\"name\":\"O Arcanjo no ar\",\"description\":\"Site da Par\u00f3quia S\u00e3o Miguel Arcanjo (Arquidiocese de SP)\",\"publisher\":{\"@id\":\"https:\/\/www.oarcanjo.net\/site\/#organization\"},\"potentialAction\":[{\"@type\":\"SearchAction\",\"target\":{\"@type\":\"EntryPoint\",\"urlTemplate\":\"https:\/\/www.oarcanjo.net\/site\/?s={search_term_string}\"},\"query-input\":{\"@type\":\"PropertyValueSpecification\",\"valueRequired\":true,\"valueName\":\"search_term_string\"}}],\"inLanguage\":\"pt-BR\"},{\"@type\":\"Organization\",\"@id\":\"https:\/\/www.oarcanjo.net\/site\/#organization\",\"name\":\"Par\u00f3quia S\u00e3o Miguel Arcanjo\",\"url\":\"https:\/\/www.oarcanjo.net\/site\/\",\"logo\":{\"@type\":\"ImageObject\",\"inLanguage\":\"pt-BR\",\"@id\":\"https:\/\/www.oarcanjo.net\/site\/#\/schema\/logo\/image\/\",\"url\":\"https:\/\/www.oarcanjo.net\/site\/wp-content\/uploads\/LogoOArcanjo.png\",\"contentUrl\":\"https:\/\/www.oarcanjo.net\/site\/wp-content\/uploads\/LogoOArcanjo.png\",\"width\":319,\"height\":99,\"caption\":\"Par\u00f3quia S\u00e3o Miguel Arcanjo\"},\"image\":{\"@id\":\"https:\/\/www.oarcanjo.net\/site\/#\/schema\/logo\/image\/\"},\"sameAs\":[\"https:\/\/www.facebook.com\/OArcanjoNoAr\/\"]},{\"@type\":\"Person\",\"@id\":\"https:\/\/www.oarcanjo.net\/site\/#\/schema\/person\/f7024d007863202483a31326673a0838\",\"name\":\"editor\",\"sameAs\":[\"http:\/\/www.oarcanjo.net\"]}]}<\/script>\n<!-- \/ Yoast SEO plugin. -->","yoast_head_json":{"title":"Monsenhor Romero e a esperan\u00e7a crist\u00e3 - O Arcanjo no ar","robots":{"index":"index","follow":"follow","max-snippet":"max-snippet:-1","max-image-preview":"max-image-preview:large","max-video-preview":"max-video-preview:-1"},"canonical":"https:\/\/www.oarcanjo.net\/site\/monsenhor-romero-e-a-esperanca-crista\/","og_locale":"pt_BR","og_type":"article","og_title":"Monsenhor Romero e a esperan\u00e7a crist\u00e3 - O Arcanjo no ar","og_description":"Carlos Ayala Ram\u00edrez Tradu\u00e7\u00e3o: Adital 1. A necessidade da esperan\u00e7a Os signos de desesperan\u00e7a est\u00e3o em todas as partes: crises econ\u00f4mica, alimentar, ecol\u00f3gica, energ\u00e9tica, de valores, na fam\u00edlia; inclusive, crise da esperan\u00e7a (recordemos aos \u2018profeta\u2019 do fim das utopias). Cada uma dessas crises t\u00eam algo em comum: amea\u00e7am, empobrecem ou truncam a vida. Erich Fromm, [&hellip;]","og_url":"https:\/\/www.oarcanjo.net\/site\/monsenhor-romero-e-a-esperanca-crista\/","og_site_name":"O Arcanjo no ar","article_publisher":"https:\/\/www.facebook.com\/OArcanjoNoAr\/","article_published_time":"2009-03-25T22:01:32+00:00","article_modified_time":"2009-04-10T16:43:00+00:00","og_image":[{"width":300,"height":300,"url":"https:\/\/www.oarcanjo.net\/site\/wp-content\/uploads\/logo-o-arcanjo-no-ar-facebook.png","type":"image\/png"}],"author":"editor","twitter_card":"summary_large_image","twitter_misc":{"Escrito por":"editor","Est. tempo de leitura":"5 minutos"},"schema":{"@context":"https:\/\/schema.org","@graph":[{"@type":"Article","@id":"https:\/\/www.oarcanjo.net\/site\/monsenhor-romero-e-a-esperanca-crista\/#article","isPartOf":{"@id":"https:\/\/www.oarcanjo.net\/site\/monsenhor-romero-e-a-esperanca-crista\/"},"author":{"name":"editor","@id":"https:\/\/www.oarcanjo.net\/site\/#\/schema\/person\/f7024d007863202483a31326673a0838"},"headline":"Monsenhor Romero e a esperan\u00e7a crist\u00e3","datePublished":"2009-03-25T22:01:32+00:00","dateModified":"2009-04-10T16:43:00+00:00","mainEntityOfPage":{"@id":"https:\/\/www.oarcanjo.net\/site\/monsenhor-romero-e-a-esperanca-crista\/"},"wordCount":979,"commentCount":0,"publisher":{"@id":"https:\/\/www.oarcanjo.net\/site\/#organization"},"keywords":["D. Oscar Romero","esperan\u00e7a","m\u00e1rtir","profeta"],"articleSection":["D. Oscar Romero","Reflex\u00f5es"],"inLanguage":"pt-BR","potentialAction":[{"@type":"CommentAction","name":"Comment","target":["https:\/\/www.oarcanjo.net\/site\/monsenhor-romero-e-a-esperanca-crista\/#respond"]}]},{"@type":"WebPage","@id":"https:\/\/www.oarcanjo.net\/site\/monsenhor-romero-e-a-esperanca-crista\/","url":"https:\/\/www.oarcanjo.net\/site\/monsenhor-romero-e-a-esperanca-crista\/","name":"Monsenhor Romero e a esperan\u00e7a crist\u00e3 - O Arcanjo no ar","isPartOf":{"@id":"https:\/\/www.oarcanjo.net\/site\/#website"},"datePublished":"2009-03-25T22:01:32+00:00","dateModified":"2009-04-10T16:43:00+00:00","breadcrumb":{"@id":"https:\/\/www.oarcanjo.net\/site\/monsenhor-romero-e-a-esperanca-crista\/#breadcrumb"},"inLanguage":"pt-BR","potentialAction":[{"@type":"ReadAction","target":["https:\/\/www.oarcanjo.net\/site\/monsenhor-romero-e-a-esperanca-crista\/"]}]},{"@type":"BreadcrumbList","@id":"https:\/\/www.oarcanjo.net\/site\/monsenhor-romero-e-a-esperanca-crista\/#breadcrumb","itemListElement":[{"@type":"ListItem","position":1,"name":"In\u00edcio","item":"https:\/\/www.oarcanjo.net\/site\/"},{"@type":"ListItem","position":2,"name":"Monsenhor Romero e a esperan\u00e7a crist\u00e3"}]},{"@type":"WebSite","@id":"https:\/\/www.oarcanjo.net\/site\/#website","url":"https:\/\/www.oarcanjo.net\/site\/","name":"O Arcanjo no ar","description":"Site da Par\u00f3quia S\u00e3o Miguel Arcanjo (Arquidiocese de SP)","publisher":{"@id":"https:\/\/www.oarcanjo.net\/site\/#organization"},"potentialAction":[{"@type":"SearchAction","target":{"@type":"EntryPoint","urlTemplate":"https:\/\/www.oarcanjo.net\/site\/?s={search_term_string}"},"query-input":{"@type":"PropertyValueSpecification","valueRequired":true,"valueName":"search_term_string"}}],"inLanguage":"pt-BR"},{"@type":"Organization","@id":"https:\/\/www.oarcanjo.net\/site\/#organization","name":"Par\u00f3quia S\u00e3o Miguel Arcanjo","url":"https:\/\/www.oarcanjo.net\/site\/","logo":{"@type":"ImageObject","inLanguage":"pt-BR","@id":"https:\/\/www.oarcanjo.net\/site\/#\/schema\/logo\/image\/","url":"https:\/\/www.oarcanjo.net\/site\/wp-content\/uploads\/LogoOArcanjo.png","contentUrl":"https:\/\/www.oarcanjo.net\/site\/wp-content\/uploads\/LogoOArcanjo.png","width":319,"height":99,"caption":"Par\u00f3quia S\u00e3o Miguel Arcanjo"},"image":{"@id":"https:\/\/www.oarcanjo.net\/site\/#\/schema\/logo\/image\/"},"sameAs":["https:\/\/www.facebook.com\/OArcanjoNoAr\/"]},{"@type":"Person","@id":"https:\/\/www.oarcanjo.net\/site\/#\/schema\/person\/f7024d007863202483a31326673a0838","name":"editor","sameAs":["http:\/\/www.oarcanjo.net"]}]}},"publishpress_future_action":{"enabled":false,"date":"2026-05-07 10:44:26","action":"category","newStatus":"draft","terms":[],"taxonomy":"category"},"publishpress_future_workflow_manual_trigger":{"enabledWorkflows":[]},"_links":{"self":[{"href":"https:\/\/www.oarcanjo.net\/site\/wp-json\/wp\/v2\/posts\/2557"}],"collection":[{"href":"https:\/\/www.oarcanjo.net\/site\/wp-json\/wp\/v2\/posts"}],"about":[{"href":"https:\/\/www.oarcanjo.net\/site\/wp-json\/wp\/v2\/types\/post"}],"author":[{"embeddable":true,"href":"https:\/\/www.oarcanjo.net\/site\/wp-json\/wp\/v2\/users\/5"}],"replies":[{"embeddable":true,"href":"https:\/\/www.oarcanjo.net\/site\/wp-json\/wp\/v2\/comments?post=2557"}],"version-history":[{"count":0,"href":"https:\/\/www.oarcanjo.net\/site\/wp-json\/wp\/v2\/posts\/2557\/revisions"}],"wp:attachment":[{"href":"https:\/\/www.oarcanjo.net\/site\/wp-json\/wp\/v2\/media?parent=2557"}],"wp:term":[{"taxonomy":"category","embeddable":true,"href":"https:\/\/www.oarcanjo.net\/site\/wp-json\/wp\/v2\/categories?post=2557"},{"taxonomy":"post_tag","embeddable":true,"href":"https:\/\/www.oarcanjo.net\/site\/wp-json\/wp\/v2\/tags?post=2557"}],"curies":[{"name":"wp","href":"https:\/\/api.w.org\/{rel}","templated":true}]}}