
{"id":2565,"date":"2009-03-28T16:00:39","date_gmt":"2009-03-28T19:00:39","guid":{"rendered":"http:\/\/www.oarcanjo.net\/site\/?p=2565"},"modified":"2009-03-27T22:26:05","modified_gmt":"2009-03-28T01:26:05","slug":"dorothy-stang","status":"publish","type":"post","link":"https:\/\/www.oarcanjo.net\/site\/dorothy-stang\/","title":{"rendered":"Dorothy Stang"},"content":{"rendered":"<p>Frei Betto<\/p>\n<p>Em fevereiro fez quatro anos que a irm\u00e3 Dorothy Stang, 73, mission\u00e1ria da congrega\u00e7\u00e3o de Notre Dame, foi assassinada com seis tiros \u00e0 queima-roupa, em Anapu (PA). Conheci-a em meados dos anos 1970, quando preguei retiro espiritual no Maranh\u00e3o, do qual ela participou. <\/p>\n<p>A inser\u00e7\u00e3o de Dorothy no conflito fundi\u00e1rio na Amaz\u00f4nia teve in\u00edcio em 1982, quando o bispo Dom Erwin Krautler (tamb\u00e9m amea\u00e7ado de morte), da prelazia do Xingu, a indicou para trabalhar na pequena localidade de Anapu, cortada pela rodovia Transamaz\u00f4nica, na qual o fracasso dos projetos mirabolantes da ditadura militar deixaram um rastro de mis\u00e9ria e conflitos. &#8220;Ela queria dedicar a vida \u00e0s fam\u00edlias isoladas que est\u00e3o na mis\u00e9ria. Da\u00ed eu indiquei a Transamaz\u00f4nica leste, o trecho entre Altamira e Marab\u00e1. E para l\u00e1 ela foi&#8221;, conta o bispo. Com \u00e1rea de 11.895 km2 e cerca de 8 mil habitantes, Anapu \u00e9 marcada por conflitos decorrentes de disputas de terras.<\/p>\n<p>Desde os anos 80 intensificaram-se, naquela regi\u00e3o, o desmatamento da floresta, sobretudo na \u00e1rea conhecida como Terra do Meio, agravando a disputa entre grileiros, madeireiros, posseiros e pequenos agricultores. Inspirada em Chico Mendes, Dorothy empenhou-se na cria\u00e7\u00e3o de reservas extrativistas. &#8220;Os moradores que estavam nesses lugares sempre eram retirados porque chegava algu\u00e9m e dizia que j\u00e1 era dono daquela terra&#8221;, lembra Toinha (Ant\u00f4nia Melo), do Grupo de Trabalho Amaz\u00f4nico em Altamira (PA), amiga da religiosa assassinada. Dorothy lutava por projetos de desenvolvimento sustent\u00e1vel e pelo direito de os pequenos produtores terem acesso \u00e0 posse da terra.<\/p>\n<p>Em junho de 2004, em Bras\u00edlia, Dorothy dep\u00f4s na Comiss\u00e3o Parlamentar Mista de Inqu\u00e9rito sobre a Viol\u00eancia no Campo, quando denunciou a impunidade como fator de agravamento dos conflitos. Toinha afirma que Dorothy era &#8220;uma mulher comprometida com a justi\u00e7a, com as causas sociais, com o meio ambiente e o desenvolvimento respons\u00e1vel&#8221;.<\/p>\n<p>Dorothy nasceu a 7 de junho de 1931, em Dayton (Ohio), nos EUA. Veio para o Brasil em 1966. Em Coroat\u00e1 (MA), trabalhou com as Comunidades Eclesiais de Base integradas por pequenos agricultores. Devido ao avan\u00e7o do latif\u00fandio, muitas fam\u00edlias abandonaram suas terras e migraram para o Par\u00e1. Dorothy as acompanhou.<\/p>\n<p>Seu apoio aos assentamentos baseados na agricultura familiar, voltados \u00e0s atividades extrativistas de subsist\u00eancia e reduzido impacto ambiental, provocou a ira de grileiros e latifundi\u00e1rios da regi\u00e3o. Quando uma \u00e1rea de Anapu foi destinada ao projeto conhecido como PDS (P\u00f3los de Desenvolvimento Sustent\u00e1vel), os grileiros a invadiram e amea\u00e7aram as fam\u00edlias, obrigando-as a se retirar.  <\/p>\n<p>O promotor do Minist\u00e9rio P\u00fablico do Par\u00e1, Lauro Freitas J\u00fanior, declarou n\u00e3o ter d\u00favidas de que o fazendeiro Vitalmiro Bastos de Moura, o Bida, e o pecuarista Regivaldo Pereira Galv\u00e3o, o Tarad\u00e3o, fizeram um cons\u00f3rcio para financiar o assassinato da mission\u00e1ria Dorothy Stang. &#8220;\u00c9 necess\u00e1rio ir al\u00e9m da morte. O que est\u00e1 por tr\u00e1s n\u00e3o \u00e9 s\u00f3 o mandante, mas toda uma estrutura que n\u00e3o envolve s\u00f3 o estado do Par\u00e1, mas todo o Brasil&#8221;, disse dom Tom\u00e1s Baldu\u00edno, um dos fundadores da Comiss\u00e3o Pastoral da Terra (CPT) e seu presidente at\u00e9 1999. As duas principais causas de crimes na zona rural, como o assassinato da irm\u00e3 Dorothy Stang, s\u00e3o a tradicional impunidade dos latifundi\u00e1rios e a falta de regulariza\u00e7\u00e3o da posse da terra. Uma das grandes d\u00edvidas do governo Lula \u00e9 a t\u00e3o esperada e prometida reforma agr\u00e1ria!<\/p>\n<p>Em maio de 2008, o fazendeiro Vitalmiro Moura, o Bida, levado a j\u00fari pela segunda vez, foi absolvido. A senten\u00e7a n\u00e3o \u00e9 definitiva, permite recursos. No primeiro julgamento, ele havia sido condenado a 30 anos de pris\u00e3o. O pistoleiro Rayfran das Neves Sales, r\u00e9u confesso, foi condenado a 28 anos de reclus\u00e3o. Confirmou-se, mais uma vez, uma caracter\u00edstica perversa do sistema judici\u00e1rio brasileiro: neste pa\u00eds quem n\u00e3o \u00e9 pobre goza de plena imunidade e impunidade.<\/p>\n<p>Rayfran das Neves mudou seu depoimento 14 vezes! A demora em processar os respons\u00e1veis foi fundamental na constru\u00e7\u00e3o da impunidade. O resultado do j\u00fari demonstra a import\u00e2ncia de se federalizar casos emblem\u00e1ticos de viola\u00e7\u00e3o dos direitos humanos, como quer a Secretaria Especial de Direitos Humanos da Presid\u00eancia da Rep\u00fablica. Assim, seria poss\u00edvel evitar que autoridades judici\u00e1rias e o j\u00fari fiquem vulner\u00e1veis \u00e0s press\u00f5es locais. O STJ (Superior Tribunal de Justi\u00e7a) negou o pedido de federaliza\u00e7\u00e3o do caso Dorothy Stang.<\/p>\n<p>O pecuarista Regivaldo Pereira Galv\u00e3o, o Tarad\u00e3o, passou um ano e tr\u00eas meses na pris\u00e3o e fugiu ap\u00f3s ser beneficiado com habeas corpus concedido pela STF (Supremo Tribunal Federal). Felizmente foi preso no dia 29 de dezembro de 2008, quando, de novo, tentava se apropriar ilegalmente de terras em Anapu.<\/p>\n<p>Segundo a CPT, 819 pessoas, entre 1971 e 2007, morreram v\u00edtimas de conflitos agr\u00e1rios no Par\u00e1. Desses crimes, apenas 92 resultaram em processos. Desses processos, 22 foram ao Tribunal do J\u00fari: s\u00f3 seis mandantes foram condenados. Apenas Tarad\u00e3o est\u00e1 preso.<\/p>\n<div id=\"themify_builder_content-2565\" data-postid=\"2565\" class=\"themify_builder_content themify_builder_content-2565 themify_builder themify_builder_front\">\n\t<\/div>\n<!-- \/themify_builder_content -->","protected":false},"excerpt":{"rendered":"<p>Frei Betto Em fevereiro fez quatro anos que a irm\u00e3 Dorothy Stang, 73, mission\u00e1ria da congrega\u00e7\u00e3o de Notre Dame, foi assassinada com seis tiros \u00e0 queima-roupa, em Anapu (PA). Conheci-a em meados dos anos 1970, quando preguei retiro espiritual no Maranh\u00e3o, do qual ela participou. A inser\u00e7\u00e3o de Dorothy no conflito fundi\u00e1rio na Amaz\u00f4nia teve [&hellip;]<\/p>\n","protected":false},"author":5,"featured_media":0,"comment_status":"open","ping_status":"open","sticky":false,"template":"","format":"standard","meta":{"ngg_post_thumbnail":0,"footnotes":""},"categories":[9],"tags":[315,264,412,293,413],"yoast_head":"<!-- This site is optimized with the Yoast SEO plugin v23.5 - https:\/\/yoast.com\/wordpress\/plugins\/seo\/ -->\n<title>Dorothy Stang - O Arcanjo no ar<\/title>\n<meta name=\"robots\" content=\"index, follow, max-snippet:-1, max-image-preview:large, max-video-preview:-1\" \/>\n<link rel=\"canonical\" href=\"https:\/\/www.oarcanjo.net\/site\/dorothy-stang\/\" \/>\n<meta property=\"og:locale\" content=\"pt_BR\" \/>\n<meta property=\"og:type\" content=\"article\" \/>\n<meta property=\"og:title\" content=\"Dorothy Stang - O Arcanjo no ar\" \/>\n<meta property=\"og:description\" content=\"Frei Betto Em fevereiro fez quatro anos que a irm\u00e3 Dorothy Stang, 73, mission\u00e1ria da congrega\u00e7\u00e3o de Notre Dame, foi assassinada com seis tiros \u00e0 queima-roupa, em Anapu (PA). Conheci-a em meados dos anos 1970, quando preguei retiro espiritual no Maranh\u00e3o, do qual ela participou. A inser\u00e7\u00e3o de Dorothy no conflito fundi\u00e1rio na Amaz\u00f4nia teve [&hellip;]\" \/>\n<meta property=\"og:url\" content=\"https:\/\/www.oarcanjo.net\/site\/dorothy-stang\/\" \/>\n<meta property=\"og:site_name\" content=\"O Arcanjo no ar\" \/>\n<meta property=\"article:publisher\" content=\"https:\/\/www.facebook.com\/OArcanjoNoAr\/\" \/>\n<meta property=\"article:published_time\" content=\"2009-03-28T19:00:39+00:00\" \/>\n<meta property=\"article:modified_time\" content=\"2009-03-28T01:26:05+00:00\" \/>\n<meta property=\"og:image\" content=\"https:\/\/www.oarcanjo.net\/site\/wp-content\/uploads\/logo-o-arcanjo-no-ar-facebook.png\" \/>\n\t<meta property=\"og:image:width\" content=\"300\" \/>\n\t<meta property=\"og:image:height\" content=\"300\" \/>\n\t<meta property=\"og:image:type\" content=\"image\/png\" \/>\n<meta name=\"author\" content=\"editor\" \/>\n<meta name=\"twitter:card\" content=\"summary_large_image\" \/>\n<meta name=\"twitter:label1\" content=\"Escrito por\" \/>\n\t<meta name=\"twitter:data1\" content=\"editor\" \/>\n\t<meta name=\"twitter:label2\" content=\"Est. tempo de leitura\" \/>\n\t<meta name=\"twitter:data2\" content=\"4 minutos\" \/>\n<script type=\"application\/ld+json\" class=\"yoast-schema-graph\">{\"@context\":\"https:\/\/schema.org\",\"@graph\":[{\"@type\":\"Article\",\"@id\":\"https:\/\/www.oarcanjo.net\/site\/dorothy-stang\/#article\",\"isPartOf\":{\"@id\":\"https:\/\/www.oarcanjo.net\/site\/dorothy-stang\/\"},\"author\":{\"name\":\"editor\",\"@id\":\"https:\/\/www.oarcanjo.net\/site\/#\/schema\/person\/f7024d007863202483a31326673a0838\"},\"headline\":\"Dorothy Stang\",\"datePublished\":\"2009-03-28T19:00:39+00:00\",\"dateModified\":\"2009-03-28T01:26:05+00:00\",\"mainEntityOfPage\":{\"@id\":\"https:\/\/www.oarcanjo.net\/site\/dorothy-stang\/\"},\"wordCount\":859,\"commentCount\":0,\"publisher\":{\"@id\":\"https:\/\/www.oarcanjo.net\/site\/#organization\"},\"keywords\":[\"Amaz\u00f4nia\",\"CPT\",\"Dorothy Stang\",\"Reforma agr\u00e1ria\",\"viol\u00eancia no campo\"],\"articleSection\":[\"Reflex\u00f5es\"],\"inLanguage\":\"pt-BR\",\"potentialAction\":[{\"@type\":\"CommentAction\",\"name\":\"Comment\",\"target\":[\"https:\/\/www.oarcanjo.net\/site\/dorothy-stang\/#respond\"]}]},{\"@type\":\"WebPage\",\"@id\":\"https:\/\/www.oarcanjo.net\/site\/dorothy-stang\/\",\"url\":\"https:\/\/www.oarcanjo.net\/site\/dorothy-stang\/\",\"name\":\"Dorothy Stang - O Arcanjo no ar\",\"isPartOf\":{\"@id\":\"https:\/\/www.oarcanjo.net\/site\/#website\"},\"datePublished\":\"2009-03-28T19:00:39+00:00\",\"dateModified\":\"2009-03-28T01:26:05+00:00\",\"breadcrumb\":{\"@id\":\"https:\/\/www.oarcanjo.net\/site\/dorothy-stang\/#breadcrumb\"},\"inLanguage\":\"pt-BR\",\"potentialAction\":[{\"@type\":\"ReadAction\",\"target\":[\"https:\/\/www.oarcanjo.net\/site\/dorothy-stang\/\"]}]},{\"@type\":\"BreadcrumbList\",\"@id\":\"https:\/\/www.oarcanjo.net\/site\/dorothy-stang\/#breadcrumb\",\"itemListElement\":[{\"@type\":\"ListItem\",\"position\":1,\"name\":\"In\u00edcio\",\"item\":\"https:\/\/www.oarcanjo.net\/site\/\"},{\"@type\":\"ListItem\",\"position\":2,\"name\":\"Dorothy Stang\"}]},{\"@type\":\"WebSite\",\"@id\":\"https:\/\/www.oarcanjo.net\/site\/#website\",\"url\":\"https:\/\/www.oarcanjo.net\/site\/\",\"name\":\"O Arcanjo no ar\",\"description\":\"Site da Par\u00f3quia S\u00e3o Miguel Arcanjo (Arquidiocese de SP)\",\"publisher\":{\"@id\":\"https:\/\/www.oarcanjo.net\/site\/#organization\"},\"potentialAction\":[{\"@type\":\"SearchAction\",\"target\":{\"@type\":\"EntryPoint\",\"urlTemplate\":\"https:\/\/www.oarcanjo.net\/site\/?s={search_term_string}\"},\"query-input\":{\"@type\":\"PropertyValueSpecification\",\"valueRequired\":true,\"valueName\":\"search_term_string\"}}],\"inLanguage\":\"pt-BR\"},{\"@type\":\"Organization\",\"@id\":\"https:\/\/www.oarcanjo.net\/site\/#organization\",\"name\":\"Par\u00f3quia S\u00e3o Miguel Arcanjo\",\"url\":\"https:\/\/www.oarcanjo.net\/site\/\",\"logo\":{\"@type\":\"ImageObject\",\"inLanguage\":\"pt-BR\",\"@id\":\"https:\/\/www.oarcanjo.net\/site\/#\/schema\/logo\/image\/\",\"url\":\"https:\/\/www.oarcanjo.net\/site\/wp-content\/uploads\/LogoOArcanjo.png\",\"contentUrl\":\"https:\/\/www.oarcanjo.net\/site\/wp-content\/uploads\/LogoOArcanjo.png\",\"width\":319,\"height\":99,\"caption\":\"Par\u00f3quia S\u00e3o Miguel Arcanjo\"},\"image\":{\"@id\":\"https:\/\/www.oarcanjo.net\/site\/#\/schema\/logo\/image\/\"},\"sameAs\":[\"https:\/\/www.facebook.com\/OArcanjoNoAr\/\"]},{\"@type\":\"Person\",\"@id\":\"https:\/\/www.oarcanjo.net\/site\/#\/schema\/person\/f7024d007863202483a31326673a0838\",\"name\":\"editor\",\"sameAs\":[\"http:\/\/www.oarcanjo.net\"]}]}<\/script>\n<!-- \/ Yoast SEO plugin. -->","yoast_head_json":{"title":"Dorothy Stang - O Arcanjo no ar","robots":{"index":"index","follow":"follow","max-snippet":"max-snippet:-1","max-image-preview":"max-image-preview:large","max-video-preview":"max-video-preview:-1"},"canonical":"https:\/\/www.oarcanjo.net\/site\/dorothy-stang\/","og_locale":"pt_BR","og_type":"article","og_title":"Dorothy Stang - O Arcanjo no ar","og_description":"Frei Betto Em fevereiro fez quatro anos que a irm\u00e3 Dorothy Stang, 73, mission\u00e1ria da congrega\u00e7\u00e3o de Notre Dame, foi assassinada com seis tiros \u00e0 queima-roupa, em Anapu (PA). Conheci-a em meados dos anos 1970, quando preguei retiro espiritual no Maranh\u00e3o, do qual ela participou. A inser\u00e7\u00e3o de Dorothy no conflito fundi\u00e1rio na Amaz\u00f4nia teve [&hellip;]","og_url":"https:\/\/www.oarcanjo.net\/site\/dorothy-stang\/","og_site_name":"O Arcanjo no ar","article_publisher":"https:\/\/www.facebook.com\/OArcanjoNoAr\/","article_published_time":"2009-03-28T19:00:39+00:00","article_modified_time":"2009-03-28T01:26:05+00:00","og_image":[{"width":300,"height":300,"url":"https:\/\/www.oarcanjo.net\/site\/wp-content\/uploads\/logo-o-arcanjo-no-ar-facebook.png","type":"image\/png"}],"author":"editor","twitter_card":"summary_large_image","twitter_misc":{"Escrito por":"editor","Est. tempo de leitura":"4 minutos"},"schema":{"@context":"https:\/\/schema.org","@graph":[{"@type":"Article","@id":"https:\/\/www.oarcanjo.net\/site\/dorothy-stang\/#article","isPartOf":{"@id":"https:\/\/www.oarcanjo.net\/site\/dorothy-stang\/"},"author":{"name":"editor","@id":"https:\/\/www.oarcanjo.net\/site\/#\/schema\/person\/f7024d007863202483a31326673a0838"},"headline":"Dorothy Stang","datePublished":"2009-03-28T19:00:39+00:00","dateModified":"2009-03-28T01:26:05+00:00","mainEntityOfPage":{"@id":"https:\/\/www.oarcanjo.net\/site\/dorothy-stang\/"},"wordCount":859,"commentCount":0,"publisher":{"@id":"https:\/\/www.oarcanjo.net\/site\/#organization"},"keywords":["Amaz\u00f4nia","CPT","Dorothy Stang","Reforma agr\u00e1ria","viol\u00eancia no campo"],"articleSection":["Reflex\u00f5es"],"inLanguage":"pt-BR","potentialAction":[{"@type":"CommentAction","name":"Comment","target":["https:\/\/www.oarcanjo.net\/site\/dorothy-stang\/#respond"]}]},{"@type":"WebPage","@id":"https:\/\/www.oarcanjo.net\/site\/dorothy-stang\/","url":"https:\/\/www.oarcanjo.net\/site\/dorothy-stang\/","name":"Dorothy Stang - O Arcanjo no ar","isPartOf":{"@id":"https:\/\/www.oarcanjo.net\/site\/#website"},"datePublished":"2009-03-28T19:00:39+00:00","dateModified":"2009-03-28T01:26:05+00:00","breadcrumb":{"@id":"https:\/\/www.oarcanjo.net\/site\/dorothy-stang\/#breadcrumb"},"inLanguage":"pt-BR","potentialAction":[{"@type":"ReadAction","target":["https:\/\/www.oarcanjo.net\/site\/dorothy-stang\/"]}]},{"@type":"BreadcrumbList","@id":"https:\/\/www.oarcanjo.net\/site\/dorothy-stang\/#breadcrumb","itemListElement":[{"@type":"ListItem","position":1,"name":"In\u00edcio","item":"https:\/\/www.oarcanjo.net\/site\/"},{"@type":"ListItem","position":2,"name":"Dorothy Stang"}]},{"@type":"WebSite","@id":"https:\/\/www.oarcanjo.net\/site\/#website","url":"https:\/\/www.oarcanjo.net\/site\/","name":"O Arcanjo no ar","description":"Site da Par\u00f3quia S\u00e3o Miguel Arcanjo (Arquidiocese de SP)","publisher":{"@id":"https:\/\/www.oarcanjo.net\/site\/#organization"},"potentialAction":[{"@type":"SearchAction","target":{"@type":"EntryPoint","urlTemplate":"https:\/\/www.oarcanjo.net\/site\/?s={search_term_string}"},"query-input":{"@type":"PropertyValueSpecification","valueRequired":true,"valueName":"search_term_string"}}],"inLanguage":"pt-BR"},{"@type":"Organization","@id":"https:\/\/www.oarcanjo.net\/site\/#organization","name":"Par\u00f3quia S\u00e3o Miguel Arcanjo","url":"https:\/\/www.oarcanjo.net\/site\/","logo":{"@type":"ImageObject","inLanguage":"pt-BR","@id":"https:\/\/www.oarcanjo.net\/site\/#\/schema\/logo\/image\/","url":"https:\/\/www.oarcanjo.net\/site\/wp-content\/uploads\/LogoOArcanjo.png","contentUrl":"https:\/\/www.oarcanjo.net\/site\/wp-content\/uploads\/LogoOArcanjo.png","width":319,"height":99,"caption":"Par\u00f3quia S\u00e3o Miguel Arcanjo"},"image":{"@id":"https:\/\/www.oarcanjo.net\/site\/#\/schema\/logo\/image\/"},"sameAs":["https:\/\/www.facebook.com\/OArcanjoNoAr\/"]},{"@type":"Person","@id":"https:\/\/www.oarcanjo.net\/site\/#\/schema\/person\/f7024d007863202483a31326673a0838","name":"editor","sameAs":["http:\/\/www.oarcanjo.net"]}]}},"publishpress_future_action":{"enabled":false,"date":"2026-05-07 13:48:29","action":"category","newStatus":"draft","terms":[],"taxonomy":"category"},"publishpress_future_workflow_manual_trigger":{"enabledWorkflows":[]},"_links":{"self":[{"href":"https:\/\/www.oarcanjo.net\/site\/wp-json\/wp\/v2\/posts\/2565"}],"collection":[{"href":"https:\/\/www.oarcanjo.net\/site\/wp-json\/wp\/v2\/posts"}],"about":[{"href":"https:\/\/www.oarcanjo.net\/site\/wp-json\/wp\/v2\/types\/post"}],"author":[{"embeddable":true,"href":"https:\/\/www.oarcanjo.net\/site\/wp-json\/wp\/v2\/users\/5"}],"replies":[{"embeddable":true,"href":"https:\/\/www.oarcanjo.net\/site\/wp-json\/wp\/v2\/comments?post=2565"}],"version-history":[{"count":0,"href":"https:\/\/www.oarcanjo.net\/site\/wp-json\/wp\/v2\/posts\/2565\/revisions"}],"wp:attachment":[{"href":"https:\/\/www.oarcanjo.net\/site\/wp-json\/wp\/v2\/media?parent=2565"}],"wp:term":[{"taxonomy":"category","embeddable":true,"href":"https:\/\/www.oarcanjo.net\/site\/wp-json\/wp\/v2\/categories?post=2565"},{"taxonomy":"post_tag","embeddable":true,"href":"https:\/\/www.oarcanjo.net\/site\/wp-json\/wp\/v2\/tags?post=2565"}],"curies":[{"name":"wp","href":"https:\/\/api.w.org\/{rel}","templated":true}]}}