
{"id":2567,"date":"2009-03-28T08:26:06","date_gmt":"2009-03-28T11:26:06","guid":{"rendered":"http:\/\/www.oarcanjo.net\/site\/?p=2567"},"modified":"2009-03-27T22:41:19","modified_gmt":"2009-03-28T01:41:19","slug":"moradores-de-rua-e-catadores-de-materiais-reciclaveis-recebem-apoio-de-pastoral","status":"publish","type":"post","link":"https:\/\/www.oarcanjo.net\/site\/moradores-de-rua-e-catadores-de-materiais-reciclaveis-recebem-apoio-de-pastoral\/","title":{"rendered":"Moradores de rua e catadores de materiais recicl\u00e1veis recebem apoio de Pastoral"},"content":{"rendered":"<p>Segundo pesquisas, o Brasil possui 31.922 pessoas acima de 18 anos morando nas ruas, isto sem contar com centros como S\u00e3o Paulo, Recife e Belo Horizonte e Porto Alegre. O n\u00famero chama a aten\u00e7\u00e3o para um problema cada vez mais crescente nas grandes cidades. Tendo seu trabalho volta para esta parcela da sociedade, a Pastoral do Povo de Rua tem se mostrado atuante na luta para mudar essa realidade, ajudando a diminuir a situa\u00e7\u00e3o de exclus\u00e3o e o preconceito que cerca as pessoas em situa\u00e7\u00e3o de rua. <\/p>\n<p>Os trabalhos de articula\u00e7\u00e3o da Pastoral surgiram a partir de experi\u00eancias realizadas com o povo de rua, em 1993. Em 2001, com a realiza\u00e7\u00e3o do 1\u00b0 Congresso Nacional dos Catadores de Materiais Recicl\u00e1veis e da 1\u00aa Marcha do Povo da Rua, a Pastoral tornou-se Pastoral Nacional do Povo da Rua.<\/p>\n<p>Com sede em Belo Horizonte (Minas Gerais), a Pastoral tem abrang\u00eancia nacional, estando efetivamente presente em algumas cidades das regi\u00f5es Sul, Sudeste e Nordeste. Atualmente ela integra a Comiss\u00e3o Episcopal para o Servi\u00e7o da Caridade, da Justi\u00e7a e da Paz, da Confer\u00eancia Nacional dos Bispos do Brasil (CNBB).<\/p>\n<p>De acordo com irm\u00e3 Maria Cristina Bove, membro da articula\u00e7\u00e3o nacional, a Pastoral realiza a\u00e7\u00f5es de est\u00edmulo ao protagonismo social, buscando alternativas para a supera\u00e7\u00e3o de todos. Ela comenta que a Pastoral orienta as pessoas para que elas observem a realidade de uma forma diferente. <\/p>\n<p>Para a irm\u00e3, os trabalhos visam, principalmente, ao crescimento da popula\u00e7\u00e3o na luta pelos seus direitos. Ela explica que as atividades iniciam a partir da abordagem de equipes da Pastoral nas ruas, onde s\u00e3o estabelecidas rela\u00e7\u00f5es de amizade e de confian\u00e7a. <\/p>\n<p>Ap\u00f3s o contato inicial, as equipes iniciam trabalhos que ser\u00e3o desenvolvidos de acordo com a realidade de cada local. Segundo Cristina, as atividades podem ser desde a cria\u00e7\u00e3o de f\u00f3runs de discuss\u00e3o em busca de a\u00e7\u00f5es priorit\u00e1rias e emergenciais para o segmento, at\u00e9 a realiza\u00e7\u00e3o de projetos de capacita\u00e7\u00e3o.<\/p>\n<p>Al\u00e9m dos moradores de rua, essas a\u00e7\u00f5es tamb\u00e9m s\u00e3o destinadas aos catadores de materiais recicl\u00e1veis. Irm\u00e3 Cristina destaca que a Pastoral est\u00e1 tentando estimular a sociedade a se solidarizar com esses trabalhadores, pois eles est\u00e3o enfrentando situa\u00e7\u00f5es dif\u00edceis. Com a crise financeira internacional, o pre\u00e7o de produtos como papel\u00e3o, pl\u00e1stico e ferro ca\u00edram, gerando, assim, preju\u00edzo n\u00e3o s\u00f3 aos grandes empres\u00e1rios, mas tamb\u00e9m aos catadores de materiais.<\/p>\n<p>Dentre as atividades para o povo da rua, destaca-se, a Pol\u00edtica Nacional para a Inclus\u00e3o Social da Popula\u00e7\u00e3o em Situa\u00e7\u00e3o de Rua, que ainda est\u00e1 sendo discutida pelo Grupo de Trabalho Interministerial (GTI). <\/p>\n<p>A Pastoral do Povo da Rua, juntamente com representantes do Movimento Nacional de Popula\u00e7\u00e3o de Rua (MNPR) e do Colegiado Nacional dos Gestores Municipais da Assist\u00eancia Social (Congemas), representam a sociedade civil organizada no GTI, que \u00e9 formado ainda pelo Minist\u00e9rio do Desenvolvimento Social e Combate \u00e0 Fome, Minist\u00e9rio das Cidades, Minist\u00e9rio da Educa\u00e7\u00e3o, Minist\u00e9rio da Cultura, Minist\u00e9rio da Sa\u00fade, Minist\u00e9rio do Trabalho e Emprego, Minist\u00e9rio da Justi\u00e7a, Secretaria Especial de Direitos Humanos e Defensoria P\u00fablica da Uni\u00e3o.<\/p>\n<p>A pol\u00edtica tem o objetivo de dar visibilidade e orientar a\u00e7\u00f5es para a constru\u00e7\u00e3o de pol\u00edticas p\u00fablicas voltadas para esse segmento da sociedade. Irm\u00e3 Cristina comenta que nos dias 7 e 8 de maio acontecer\u00e1 um semin\u00e1rio em Bras\u00edlia com a presen\u00e7a de 100 moradores de rua. Na ocasi\u00e3o, ser\u00e1 apresentada a proposta da Pol\u00edtica Nacional e ser\u00e3o discutidas as principais demandas da popula\u00e7\u00e3o de rua. <\/p>\n<div id=\"themify_builder_content-2567\" data-postid=\"2567\" class=\"themify_builder_content themify_builder_content-2567 themify_builder themify_builder_front\">\n\t<\/div>\n<!-- \/themify_builder_content -->","protected":false},"excerpt":{"rendered":"<p>Segundo pesquisas, o Brasil possui 31.922 pessoas acima de 18 anos morando nas ruas, isto sem contar com centros como S\u00e3o Paulo, Recife e Belo Horizonte e Porto Alegre. O n\u00famero chama a aten\u00e7\u00e3o para um problema cada vez mais crescente nas grandes cidades. Tendo seu trabalho volta para esta parcela da sociedade, a Pastoral [&hellip;]<\/p>\n","protected":false},"author":5,"featured_media":0,"comment_status":"open","ping_status":"open","sticky":false,"template":"","format":"standard","meta":{"ngg_post_thumbnail":0,"footnotes":""},"categories":[8],"tags":[414,91],"yoast_head":"<!-- This site is optimized with the Yoast SEO plugin v23.5 - https:\/\/yoast.com\/wordpress\/plugins\/seo\/ -->\n<title>Moradores de rua e catadores de materiais recicl\u00e1veis recebem apoio de Pastoral - O Arcanjo no ar<\/title>\n<meta name=\"robots\" content=\"index, follow, max-snippet:-1, max-image-preview:large, max-video-preview:-1\" \/>\n<link rel=\"canonical\" href=\"https:\/\/www.oarcanjo.net\/site\/moradores-de-rua-e-catadores-de-materiais-reciclaveis-recebem-apoio-de-pastoral\/\" \/>\n<meta property=\"og:locale\" content=\"pt_BR\" \/>\n<meta property=\"og:type\" content=\"article\" \/>\n<meta property=\"og:title\" content=\"Moradores de rua e catadores de materiais recicl\u00e1veis recebem apoio de Pastoral - O Arcanjo no ar\" \/>\n<meta property=\"og:description\" content=\"Segundo pesquisas, o Brasil possui 31.922 pessoas acima de 18 anos morando nas ruas, isto sem contar com centros como S\u00e3o Paulo, Recife e Belo Horizonte e Porto Alegre. O n\u00famero chama a aten\u00e7\u00e3o para um problema cada vez mais crescente nas grandes cidades. Tendo seu trabalho volta para esta parcela da sociedade, a Pastoral [&hellip;]\" \/>\n<meta property=\"og:url\" content=\"https:\/\/www.oarcanjo.net\/site\/moradores-de-rua-e-catadores-de-materiais-reciclaveis-recebem-apoio-de-pastoral\/\" \/>\n<meta property=\"og:site_name\" content=\"O Arcanjo no ar\" \/>\n<meta property=\"article:publisher\" content=\"https:\/\/www.facebook.com\/OArcanjoNoAr\/\" \/>\n<meta property=\"article:published_time\" content=\"2009-03-28T11:26:06+00:00\" \/>\n<meta property=\"article:modified_time\" content=\"2009-03-28T01:41:19+00:00\" \/>\n<meta property=\"og:image\" content=\"https:\/\/www.oarcanjo.net\/site\/wp-content\/uploads\/logo-o-arcanjo-no-ar-facebook.png\" \/>\n\t<meta property=\"og:image:width\" content=\"300\" \/>\n\t<meta property=\"og:image:height\" content=\"300\" \/>\n\t<meta property=\"og:image:type\" content=\"image\/png\" \/>\n<meta name=\"author\" content=\"editor\" \/>\n<meta name=\"twitter:card\" content=\"summary_large_image\" \/>\n<meta name=\"twitter:label1\" content=\"Escrito por\" \/>\n\t<meta name=\"twitter:data1\" content=\"editor\" \/>\n\t<meta name=\"twitter:label2\" content=\"Est. tempo de leitura\" \/>\n\t<meta name=\"twitter:data2\" content=\"3 minutos\" \/>\n<script type=\"application\/ld+json\" class=\"yoast-schema-graph\">{\"@context\":\"https:\/\/schema.org\",\"@graph\":[{\"@type\":\"Article\",\"@id\":\"https:\/\/www.oarcanjo.net\/site\/moradores-de-rua-e-catadores-de-materiais-reciclaveis-recebem-apoio-de-pastoral\/#article\",\"isPartOf\":{\"@id\":\"https:\/\/www.oarcanjo.net\/site\/moradores-de-rua-e-catadores-de-materiais-reciclaveis-recebem-apoio-de-pastoral\/\"},\"author\":{\"name\":\"editor\",\"@id\":\"https:\/\/www.oarcanjo.net\/site\/#\/schema\/person\/f7024d007863202483a31326673a0838\"},\"headline\":\"Moradores de rua e catadores de materiais recicl\u00e1veis recebem apoio de Pastoral\",\"datePublished\":\"2009-03-28T11:26:06+00:00\",\"dateModified\":\"2009-03-28T01:41:19+00:00\",\"mainEntityOfPage\":{\"@id\":\"https:\/\/www.oarcanjo.net\/site\/moradores-de-rua-e-catadores-de-materiais-reciclaveis-recebem-apoio-de-pastoral\/\"},\"wordCount\":645,\"commentCount\":4,\"publisher\":{\"@id\":\"https:\/\/www.oarcanjo.net\/site\/#organization\"},\"keywords\":[\"catadores\",\"povo da rua\"],\"articleSection\":[\"Not\u00edcias\"],\"inLanguage\":\"pt-BR\",\"potentialAction\":[{\"@type\":\"CommentAction\",\"name\":\"Comment\",\"target\":[\"https:\/\/www.oarcanjo.net\/site\/moradores-de-rua-e-catadores-de-materiais-reciclaveis-recebem-apoio-de-pastoral\/#respond\"]}]},{\"@type\":\"WebPage\",\"@id\":\"https:\/\/www.oarcanjo.net\/site\/moradores-de-rua-e-catadores-de-materiais-reciclaveis-recebem-apoio-de-pastoral\/\",\"url\":\"https:\/\/www.oarcanjo.net\/site\/moradores-de-rua-e-catadores-de-materiais-reciclaveis-recebem-apoio-de-pastoral\/\",\"name\":\"Moradores de rua e catadores de materiais recicl\u00e1veis recebem apoio de Pastoral - O Arcanjo no ar\",\"isPartOf\":{\"@id\":\"https:\/\/www.oarcanjo.net\/site\/#website\"},\"datePublished\":\"2009-03-28T11:26:06+00:00\",\"dateModified\":\"2009-03-28T01:41:19+00:00\",\"breadcrumb\":{\"@id\":\"https:\/\/www.oarcanjo.net\/site\/moradores-de-rua-e-catadores-de-materiais-reciclaveis-recebem-apoio-de-pastoral\/#breadcrumb\"},\"inLanguage\":\"pt-BR\",\"potentialAction\":[{\"@type\":\"ReadAction\",\"target\":[\"https:\/\/www.oarcanjo.net\/site\/moradores-de-rua-e-catadores-de-materiais-reciclaveis-recebem-apoio-de-pastoral\/\"]}]},{\"@type\":\"BreadcrumbList\",\"@id\":\"https:\/\/www.oarcanjo.net\/site\/moradores-de-rua-e-catadores-de-materiais-reciclaveis-recebem-apoio-de-pastoral\/#breadcrumb\",\"itemListElement\":[{\"@type\":\"ListItem\",\"position\":1,\"name\":\"In\u00edcio\",\"item\":\"https:\/\/www.oarcanjo.net\/site\/\"},{\"@type\":\"ListItem\",\"position\":2,\"name\":\"Moradores de rua e catadores de materiais recicl\u00e1veis recebem apoio de Pastoral\"}]},{\"@type\":\"WebSite\",\"@id\":\"https:\/\/www.oarcanjo.net\/site\/#website\",\"url\":\"https:\/\/www.oarcanjo.net\/site\/\",\"name\":\"O Arcanjo no ar\",\"description\":\"Site da Par\u00f3quia S\u00e3o Miguel Arcanjo (Arquidiocese de SP)\",\"publisher\":{\"@id\":\"https:\/\/www.oarcanjo.net\/site\/#organization\"},\"potentialAction\":[{\"@type\":\"SearchAction\",\"target\":{\"@type\":\"EntryPoint\",\"urlTemplate\":\"https:\/\/www.oarcanjo.net\/site\/?s={search_term_string}\"},\"query-input\":{\"@type\":\"PropertyValueSpecification\",\"valueRequired\":true,\"valueName\":\"search_term_string\"}}],\"inLanguage\":\"pt-BR\"},{\"@type\":\"Organization\",\"@id\":\"https:\/\/www.oarcanjo.net\/site\/#organization\",\"name\":\"Par\u00f3quia S\u00e3o Miguel Arcanjo\",\"url\":\"https:\/\/www.oarcanjo.net\/site\/\",\"logo\":{\"@type\":\"ImageObject\",\"inLanguage\":\"pt-BR\",\"@id\":\"https:\/\/www.oarcanjo.net\/site\/#\/schema\/logo\/image\/\",\"url\":\"https:\/\/www.oarcanjo.net\/site\/wp-content\/uploads\/LogoOArcanjo.png\",\"contentUrl\":\"https:\/\/www.oarcanjo.net\/site\/wp-content\/uploads\/LogoOArcanjo.png\",\"width\":319,\"height\":99,\"caption\":\"Par\u00f3quia S\u00e3o Miguel Arcanjo\"},\"image\":{\"@id\":\"https:\/\/www.oarcanjo.net\/site\/#\/schema\/logo\/image\/\"},\"sameAs\":[\"https:\/\/www.facebook.com\/OArcanjoNoAr\/\"]},{\"@type\":\"Person\",\"@id\":\"https:\/\/www.oarcanjo.net\/site\/#\/schema\/person\/f7024d007863202483a31326673a0838\",\"name\":\"editor\",\"sameAs\":[\"http:\/\/www.oarcanjo.net\"]}]}<\/script>\n<!-- \/ Yoast SEO plugin. -->","yoast_head_json":{"title":"Moradores de rua e catadores de materiais recicl\u00e1veis recebem apoio de Pastoral - O Arcanjo no ar","robots":{"index":"index","follow":"follow","max-snippet":"max-snippet:-1","max-image-preview":"max-image-preview:large","max-video-preview":"max-video-preview:-1"},"canonical":"https:\/\/www.oarcanjo.net\/site\/moradores-de-rua-e-catadores-de-materiais-reciclaveis-recebem-apoio-de-pastoral\/","og_locale":"pt_BR","og_type":"article","og_title":"Moradores de rua e catadores de materiais recicl\u00e1veis recebem apoio de Pastoral - O Arcanjo no ar","og_description":"Segundo pesquisas, o Brasil possui 31.922 pessoas acima de 18 anos morando nas ruas, isto sem contar com centros como S\u00e3o Paulo, Recife e Belo Horizonte e Porto Alegre. O n\u00famero chama a aten\u00e7\u00e3o para um problema cada vez mais crescente nas grandes cidades. Tendo seu trabalho volta para esta parcela da sociedade, a Pastoral [&hellip;]","og_url":"https:\/\/www.oarcanjo.net\/site\/moradores-de-rua-e-catadores-de-materiais-reciclaveis-recebem-apoio-de-pastoral\/","og_site_name":"O Arcanjo no ar","article_publisher":"https:\/\/www.facebook.com\/OArcanjoNoAr\/","article_published_time":"2009-03-28T11:26:06+00:00","article_modified_time":"2009-03-28T01:41:19+00:00","og_image":[{"width":300,"height":300,"url":"https:\/\/www.oarcanjo.net\/site\/wp-content\/uploads\/logo-o-arcanjo-no-ar-facebook.png","type":"image\/png"}],"author":"editor","twitter_card":"summary_large_image","twitter_misc":{"Escrito por":"editor","Est. tempo de leitura":"3 minutos"},"schema":{"@context":"https:\/\/schema.org","@graph":[{"@type":"Article","@id":"https:\/\/www.oarcanjo.net\/site\/moradores-de-rua-e-catadores-de-materiais-reciclaveis-recebem-apoio-de-pastoral\/#article","isPartOf":{"@id":"https:\/\/www.oarcanjo.net\/site\/moradores-de-rua-e-catadores-de-materiais-reciclaveis-recebem-apoio-de-pastoral\/"},"author":{"name":"editor","@id":"https:\/\/www.oarcanjo.net\/site\/#\/schema\/person\/f7024d007863202483a31326673a0838"},"headline":"Moradores de rua e catadores de materiais recicl\u00e1veis recebem apoio de Pastoral","datePublished":"2009-03-28T11:26:06+00:00","dateModified":"2009-03-28T01:41:19+00:00","mainEntityOfPage":{"@id":"https:\/\/www.oarcanjo.net\/site\/moradores-de-rua-e-catadores-de-materiais-reciclaveis-recebem-apoio-de-pastoral\/"},"wordCount":645,"commentCount":4,"publisher":{"@id":"https:\/\/www.oarcanjo.net\/site\/#organization"},"keywords":["catadores","povo da rua"],"articleSection":["Not\u00edcias"],"inLanguage":"pt-BR","potentialAction":[{"@type":"CommentAction","name":"Comment","target":["https:\/\/www.oarcanjo.net\/site\/moradores-de-rua-e-catadores-de-materiais-reciclaveis-recebem-apoio-de-pastoral\/#respond"]}]},{"@type":"WebPage","@id":"https:\/\/www.oarcanjo.net\/site\/moradores-de-rua-e-catadores-de-materiais-reciclaveis-recebem-apoio-de-pastoral\/","url":"https:\/\/www.oarcanjo.net\/site\/moradores-de-rua-e-catadores-de-materiais-reciclaveis-recebem-apoio-de-pastoral\/","name":"Moradores de rua e catadores de materiais recicl\u00e1veis recebem apoio de Pastoral - O Arcanjo no ar","isPartOf":{"@id":"https:\/\/www.oarcanjo.net\/site\/#website"},"datePublished":"2009-03-28T11:26:06+00:00","dateModified":"2009-03-28T01:41:19+00:00","breadcrumb":{"@id":"https:\/\/www.oarcanjo.net\/site\/moradores-de-rua-e-catadores-de-materiais-reciclaveis-recebem-apoio-de-pastoral\/#breadcrumb"},"inLanguage":"pt-BR","potentialAction":[{"@type":"ReadAction","target":["https:\/\/www.oarcanjo.net\/site\/moradores-de-rua-e-catadores-de-materiais-reciclaveis-recebem-apoio-de-pastoral\/"]}]},{"@type":"BreadcrumbList","@id":"https:\/\/www.oarcanjo.net\/site\/moradores-de-rua-e-catadores-de-materiais-reciclaveis-recebem-apoio-de-pastoral\/#breadcrumb","itemListElement":[{"@type":"ListItem","position":1,"name":"In\u00edcio","item":"https:\/\/www.oarcanjo.net\/site\/"},{"@type":"ListItem","position":2,"name":"Moradores de rua e catadores de materiais recicl\u00e1veis recebem apoio de Pastoral"}]},{"@type":"WebSite","@id":"https:\/\/www.oarcanjo.net\/site\/#website","url":"https:\/\/www.oarcanjo.net\/site\/","name":"O Arcanjo no ar","description":"Site da Par\u00f3quia S\u00e3o Miguel Arcanjo (Arquidiocese de SP)","publisher":{"@id":"https:\/\/www.oarcanjo.net\/site\/#organization"},"potentialAction":[{"@type":"SearchAction","target":{"@type":"EntryPoint","urlTemplate":"https:\/\/www.oarcanjo.net\/site\/?s={search_term_string}"},"query-input":{"@type":"PropertyValueSpecification","valueRequired":true,"valueName":"search_term_string"}}],"inLanguage":"pt-BR"},{"@type":"Organization","@id":"https:\/\/www.oarcanjo.net\/site\/#organization","name":"Par\u00f3quia S\u00e3o Miguel Arcanjo","url":"https:\/\/www.oarcanjo.net\/site\/","logo":{"@type":"ImageObject","inLanguage":"pt-BR","@id":"https:\/\/www.oarcanjo.net\/site\/#\/schema\/logo\/image\/","url":"https:\/\/www.oarcanjo.net\/site\/wp-content\/uploads\/LogoOArcanjo.png","contentUrl":"https:\/\/www.oarcanjo.net\/site\/wp-content\/uploads\/LogoOArcanjo.png","width":319,"height":99,"caption":"Par\u00f3quia S\u00e3o Miguel Arcanjo"},"image":{"@id":"https:\/\/www.oarcanjo.net\/site\/#\/schema\/logo\/image\/"},"sameAs":["https:\/\/www.facebook.com\/OArcanjoNoAr\/"]},{"@type":"Person","@id":"https:\/\/www.oarcanjo.net\/site\/#\/schema\/person\/f7024d007863202483a31326673a0838","name":"editor","sameAs":["http:\/\/www.oarcanjo.net"]}]}},"publishpress_future_action":{"enabled":false,"date":"2026-05-08 22:28:56","action":"category","newStatus":"draft","terms":[],"taxonomy":"category"},"publishpress_future_workflow_manual_trigger":{"enabledWorkflows":[]},"_links":{"self":[{"href":"https:\/\/www.oarcanjo.net\/site\/wp-json\/wp\/v2\/posts\/2567"}],"collection":[{"href":"https:\/\/www.oarcanjo.net\/site\/wp-json\/wp\/v2\/posts"}],"about":[{"href":"https:\/\/www.oarcanjo.net\/site\/wp-json\/wp\/v2\/types\/post"}],"author":[{"embeddable":true,"href":"https:\/\/www.oarcanjo.net\/site\/wp-json\/wp\/v2\/users\/5"}],"replies":[{"embeddable":true,"href":"https:\/\/www.oarcanjo.net\/site\/wp-json\/wp\/v2\/comments?post=2567"}],"version-history":[{"count":0,"href":"https:\/\/www.oarcanjo.net\/site\/wp-json\/wp\/v2\/posts\/2567\/revisions"}],"wp:attachment":[{"href":"https:\/\/www.oarcanjo.net\/site\/wp-json\/wp\/v2\/media?parent=2567"}],"wp:term":[{"taxonomy":"category","embeddable":true,"href":"https:\/\/www.oarcanjo.net\/site\/wp-json\/wp\/v2\/categories?post=2567"},{"taxonomy":"post_tag","embeddable":true,"href":"https:\/\/www.oarcanjo.net\/site\/wp-json\/wp\/v2\/tags?post=2567"}],"curies":[{"name":"wp","href":"https:\/\/api.w.org\/{rel}","templated":true}]}}