
{"id":2569,"date":"2009-03-27T18:02:26","date_gmt":"2009-03-27T21:02:26","guid":{"rendered":"http:\/\/www.oarcanjo.net\/site\/?p=2569"},"modified":"2009-03-27T23:04:23","modified_gmt":"2009-03-28T02:04:23","slug":"atraidos-pelo-crucificado","status":"publish","type":"post","link":"https:\/\/www.oarcanjo.net\/site\/atraidos-pelo-crucificado\/","title":{"rendered":"Atra\u00eddos pelo crucificado"},"content":{"rendered":"<p>Eclesalia<br \/>\nPor Jos\u00e9 Antonio Pagola <\/p>\n<p>Um grupo de &#8220;gregos&#8221;, provavelmente pag\u00e3os, aproximou-se dos disc\u00edpulos com uma peti\u00e7\u00e3o admir\u00e1vel: &#8220;Queremos ver Jesus&#8221;. Quando lhe comunicam, Jesus responde com um discurso vibrante em que resume o sentido profundo da Sua vida. Chegou a hora. Todos, judeus e gregos, poder\u00e3o captar em breve o mist\u00e9rio que se encerra na Sua vida e na Sua morte: &#8220;Quando for elevado sobre a terra, atrairei todos para mim&#8221;.<\/p>\n<p>Quando Jesus for erguido numa cruz e apare\u00e7a crucificado sobre o G\u00f3lgota, todos poder\u00e3o conhecer o amor insond\u00e1vel de Deus, dar\u00e3o conta de que Deus \u00e9 amor e s\u00f3 amor para todo o ser humano. Sentir-se-\u00e3o atra\u00eddos pelo Crucificado. Nele descobrir\u00e3o a manifesta\u00e7\u00e3o suprema do Mist\u00e9rio de Deus.<\/p>\n<p>Para isso necessita-se, desde logo, algo mais que ter ouvido falar da doutrina da reden\u00e7\u00e3o. Algo mais que assistir a algum ato religioso da semana santa. Temos de centrar o nosso olhar interior em Jesus e deixar-nos comover, ao descobrir nessa crucifica\u00e7\u00e3o o gesto final de uma vida entregue dia a dia por um mundo mais humano para todos. Um mundo que encontra a sua salva\u00e7\u00e3o em Deus.<\/p>\n<p>Mas, provavelmente a Jesus, come\u00e7amos a conhec\u00ea-lo verdadeiramente quando, atra\u00eddos pela Sua entrega total ao Pai e \u00e0 Sua paix\u00e3o por uma vida mais feliz para todos os Seus filhos, escutamos mesmo que debilmente a Sua chamada: &#8220;O que queira servir-me que me siga, e onde esteja Eu, ali estar\u00e1 tamb\u00e9m o Meu servidor&#8221;.<\/p>\n<p>Tudo se inicia num desejo de &#8220;servir&#8221; Jesus, de colaborar na Sua tarefa, de viver s\u00f3 para o Seu projeto, de seguir os Seus passos para manifestar, de m\u00faltiplas formas e com gestos quase sempre pobres, como nos ama Deus a todos. Ent\u00e3o come\u00e7amos a converter-nos em Seus seguidores.<\/p>\n<p>Isto significa partilhar a Sua vida e o Seu destino: &#8220;onde esteja Eu, ali estar\u00e1 o Meu servidor&#8221;. Isto \u00e9 ser crist\u00e3o: estar onde estava Jesus, ocupar-nos do que se ocupava Ele, ter as metas que Ele tinha, estar na cruz como esteve Ele, estar um dia \u00e0 direita do Pai onde est\u00e1 Ele.<\/p>\n<p>Como seria uma Igreja &#8220;atra\u00edda&#8221; pelo Crucificado, impulsionada pelo desejo de &#8220;servi-lo&#8221; s\u00f3 a Ele e ocupada com as coisas em que se ocupava Ele? Como seria uma Igreja que atra\u00edsse as pessoas para Jesus?<\/p>\n<p>[Publicado em Eclesalia. Tradu\u00e7\u00e3o: Antonio Manuel \u00c1lvarez P\u00e9rez]<\/p>\n<div id=\"themify_builder_content-2569\" data-postid=\"2569\" class=\"themify_builder_content themify_builder_content-2569 themify_builder themify_builder_front\">\n\t<\/div>\n<!-- \/themify_builder_content -->","protected":false},"excerpt":{"rendered":"<p>Eclesalia Por Jos\u00e9 Antonio Pagola Um grupo de &#8220;gregos&#8221;, provavelmente pag\u00e3os, aproximou-se dos disc\u00edpulos com uma peti\u00e7\u00e3o admir\u00e1vel: &#8220;Queremos ver Jesus&#8221;. Quando lhe comunicam, Jesus responde com um discurso vibrante em que resume o sentido profundo da Sua vida. Chegou a hora. Todos, judeus e gregos, poder\u00e3o captar em breve o mist\u00e9rio que se encerra [&hellip;]<\/p>\n","protected":false},"author":5,"featured_media":0,"comment_status":"open","ping_status":"open","sticky":false,"template":"","format":"standard","meta":{"ngg_post_thumbnail":0,"footnotes":""},"categories":[9],"tags":[243,401],"yoast_head":"<!-- This site is optimized with the Yoast SEO plugin v23.5 - https:\/\/yoast.com\/wordpress\/plugins\/seo\/ -->\n<title>Atra\u00eddos pelo crucificado - O Arcanjo no ar<\/title>\n<meta name=\"robots\" content=\"index, follow, max-snippet:-1, max-image-preview:large, max-video-preview:-1\" \/>\n<link rel=\"canonical\" href=\"https:\/\/www.oarcanjo.net\/site\/atraidos-pelo-crucificado\/\" \/>\n<meta property=\"og:locale\" content=\"pt_BR\" \/>\n<meta property=\"og:type\" content=\"article\" \/>\n<meta property=\"og:title\" content=\"Atra\u00eddos pelo crucificado - O Arcanjo no ar\" \/>\n<meta property=\"og:description\" content=\"Eclesalia Por Jos\u00e9 Antonio Pagola Um grupo de &#8220;gregos&#8221;, provavelmente pag\u00e3os, aproximou-se dos disc\u00edpulos com uma peti\u00e7\u00e3o admir\u00e1vel: &#8220;Queremos ver Jesus&#8221;. Quando lhe comunicam, Jesus responde com um discurso vibrante em que resume o sentido profundo da Sua vida. Chegou a hora. Todos, judeus e gregos, poder\u00e3o captar em breve o mist\u00e9rio que se encerra [&hellip;]\" \/>\n<meta property=\"og:url\" content=\"https:\/\/www.oarcanjo.net\/site\/atraidos-pelo-crucificado\/\" \/>\n<meta property=\"og:site_name\" content=\"O Arcanjo no ar\" \/>\n<meta property=\"article:publisher\" content=\"https:\/\/www.facebook.com\/OArcanjoNoAr\/\" \/>\n<meta property=\"article:published_time\" content=\"2009-03-27T21:02:26+00:00\" \/>\n<meta property=\"article:modified_time\" content=\"2009-03-28T02:04:23+00:00\" \/>\n<meta property=\"og:image\" content=\"https:\/\/www.oarcanjo.net\/site\/wp-content\/uploads\/logo-o-arcanjo-no-ar-facebook.png\" \/>\n\t<meta property=\"og:image:width\" content=\"300\" \/>\n\t<meta property=\"og:image:height\" content=\"300\" \/>\n\t<meta property=\"og:image:type\" content=\"image\/png\" \/>\n<meta name=\"author\" content=\"editor\" \/>\n<meta name=\"twitter:card\" content=\"summary_large_image\" \/>\n<meta name=\"twitter:label1\" content=\"Escrito por\" \/>\n\t<meta name=\"twitter:data1\" content=\"editor\" \/>\n\t<meta name=\"twitter:label2\" content=\"Est. tempo de leitura\" \/>\n\t<meta name=\"twitter:data2\" content=\"2 minutos\" \/>\n<script type=\"application\/ld+json\" class=\"yoast-schema-graph\">{\"@context\":\"https:\/\/schema.org\",\"@graph\":[{\"@type\":\"Article\",\"@id\":\"https:\/\/www.oarcanjo.net\/site\/atraidos-pelo-crucificado\/#article\",\"isPartOf\":{\"@id\":\"https:\/\/www.oarcanjo.net\/site\/atraidos-pelo-crucificado\/\"},\"author\":{\"name\":\"editor\",\"@id\":\"https:\/\/www.oarcanjo.net\/site\/#\/schema\/person\/f7024d007863202483a31326673a0838\"},\"headline\":\"Atra\u00eddos pelo crucificado\",\"datePublished\":\"2009-03-27T21:02:26+00:00\",\"dateModified\":\"2009-03-28T02:04:23+00:00\",\"mainEntityOfPage\":{\"@id\":\"https:\/\/www.oarcanjo.net\/site\/atraidos-pelo-crucificado\/\"},\"wordCount\":420,\"commentCount\":0,\"publisher\":{\"@id\":\"https:\/\/www.oarcanjo.net\/site\/#organization\"},\"keywords\":[\"convers\u00e3o\",\"Jesus crucificado\"],\"articleSection\":[\"Reflex\u00f5es\"],\"inLanguage\":\"pt-BR\",\"potentialAction\":[{\"@type\":\"CommentAction\",\"name\":\"Comment\",\"target\":[\"https:\/\/www.oarcanjo.net\/site\/atraidos-pelo-crucificado\/#respond\"]}]},{\"@type\":\"WebPage\",\"@id\":\"https:\/\/www.oarcanjo.net\/site\/atraidos-pelo-crucificado\/\",\"url\":\"https:\/\/www.oarcanjo.net\/site\/atraidos-pelo-crucificado\/\",\"name\":\"Atra\u00eddos pelo crucificado - O Arcanjo no ar\",\"isPartOf\":{\"@id\":\"https:\/\/www.oarcanjo.net\/site\/#website\"},\"datePublished\":\"2009-03-27T21:02:26+00:00\",\"dateModified\":\"2009-03-28T02:04:23+00:00\",\"breadcrumb\":{\"@id\":\"https:\/\/www.oarcanjo.net\/site\/atraidos-pelo-crucificado\/#breadcrumb\"},\"inLanguage\":\"pt-BR\",\"potentialAction\":[{\"@type\":\"ReadAction\",\"target\":[\"https:\/\/www.oarcanjo.net\/site\/atraidos-pelo-crucificado\/\"]}]},{\"@type\":\"BreadcrumbList\",\"@id\":\"https:\/\/www.oarcanjo.net\/site\/atraidos-pelo-crucificado\/#breadcrumb\",\"itemListElement\":[{\"@type\":\"ListItem\",\"position\":1,\"name\":\"In\u00edcio\",\"item\":\"https:\/\/www.oarcanjo.net\/site\/\"},{\"@type\":\"ListItem\",\"position\":2,\"name\":\"Atra\u00eddos pelo crucificado\"}]},{\"@type\":\"WebSite\",\"@id\":\"https:\/\/www.oarcanjo.net\/site\/#website\",\"url\":\"https:\/\/www.oarcanjo.net\/site\/\",\"name\":\"O Arcanjo no ar\",\"description\":\"Site da Par\u00f3quia S\u00e3o Miguel Arcanjo (Arquidiocese de SP)\",\"publisher\":{\"@id\":\"https:\/\/www.oarcanjo.net\/site\/#organization\"},\"potentialAction\":[{\"@type\":\"SearchAction\",\"target\":{\"@type\":\"EntryPoint\",\"urlTemplate\":\"https:\/\/www.oarcanjo.net\/site\/?s={search_term_string}\"},\"query-input\":{\"@type\":\"PropertyValueSpecification\",\"valueRequired\":true,\"valueName\":\"search_term_string\"}}],\"inLanguage\":\"pt-BR\"},{\"@type\":\"Organization\",\"@id\":\"https:\/\/www.oarcanjo.net\/site\/#organization\",\"name\":\"Par\u00f3quia S\u00e3o Miguel Arcanjo\",\"url\":\"https:\/\/www.oarcanjo.net\/site\/\",\"logo\":{\"@type\":\"ImageObject\",\"inLanguage\":\"pt-BR\",\"@id\":\"https:\/\/www.oarcanjo.net\/site\/#\/schema\/logo\/image\/\",\"url\":\"https:\/\/www.oarcanjo.net\/site\/wp-content\/uploads\/LogoOArcanjo.png\",\"contentUrl\":\"https:\/\/www.oarcanjo.net\/site\/wp-content\/uploads\/LogoOArcanjo.png\",\"width\":319,\"height\":99,\"caption\":\"Par\u00f3quia S\u00e3o Miguel Arcanjo\"},\"image\":{\"@id\":\"https:\/\/www.oarcanjo.net\/site\/#\/schema\/logo\/image\/\"},\"sameAs\":[\"https:\/\/www.facebook.com\/OArcanjoNoAr\/\"]},{\"@type\":\"Person\",\"@id\":\"https:\/\/www.oarcanjo.net\/site\/#\/schema\/person\/f7024d007863202483a31326673a0838\",\"name\":\"editor\",\"sameAs\":[\"http:\/\/www.oarcanjo.net\"]}]}<\/script>\n<!-- \/ Yoast SEO plugin. -->","yoast_head_json":{"title":"Atra\u00eddos pelo crucificado - O Arcanjo no ar","robots":{"index":"index","follow":"follow","max-snippet":"max-snippet:-1","max-image-preview":"max-image-preview:large","max-video-preview":"max-video-preview:-1"},"canonical":"https:\/\/www.oarcanjo.net\/site\/atraidos-pelo-crucificado\/","og_locale":"pt_BR","og_type":"article","og_title":"Atra\u00eddos pelo crucificado - O Arcanjo no ar","og_description":"Eclesalia Por Jos\u00e9 Antonio Pagola Um grupo de &#8220;gregos&#8221;, provavelmente pag\u00e3os, aproximou-se dos disc\u00edpulos com uma peti\u00e7\u00e3o admir\u00e1vel: &#8220;Queremos ver Jesus&#8221;. Quando lhe comunicam, Jesus responde com um discurso vibrante em que resume o sentido profundo da Sua vida. Chegou a hora. Todos, judeus e gregos, poder\u00e3o captar em breve o mist\u00e9rio que se encerra [&hellip;]","og_url":"https:\/\/www.oarcanjo.net\/site\/atraidos-pelo-crucificado\/","og_site_name":"O Arcanjo no ar","article_publisher":"https:\/\/www.facebook.com\/OArcanjoNoAr\/","article_published_time":"2009-03-27T21:02:26+00:00","article_modified_time":"2009-03-28T02:04:23+00:00","og_image":[{"width":300,"height":300,"url":"https:\/\/www.oarcanjo.net\/site\/wp-content\/uploads\/logo-o-arcanjo-no-ar-facebook.png","type":"image\/png"}],"author":"editor","twitter_card":"summary_large_image","twitter_misc":{"Escrito por":"editor","Est. tempo de leitura":"2 minutos"},"schema":{"@context":"https:\/\/schema.org","@graph":[{"@type":"Article","@id":"https:\/\/www.oarcanjo.net\/site\/atraidos-pelo-crucificado\/#article","isPartOf":{"@id":"https:\/\/www.oarcanjo.net\/site\/atraidos-pelo-crucificado\/"},"author":{"name":"editor","@id":"https:\/\/www.oarcanjo.net\/site\/#\/schema\/person\/f7024d007863202483a31326673a0838"},"headline":"Atra\u00eddos pelo crucificado","datePublished":"2009-03-27T21:02:26+00:00","dateModified":"2009-03-28T02:04:23+00:00","mainEntityOfPage":{"@id":"https:\/\/www.oarcanjo.net\/site\/atraidos-pelo-crucificado\/"},"wordCount":420,"commentCount":0,"publisher":{"@id":"https:\/\/www.oarcanjo.net\/site\/#organization"},"keywords":["convers\u00e3o","Jesus crucificado"],"articleSection":["Reflex\u00f5es"],"inLanguage":"pt-BR","potentialAction":[{"@type":"CommentAction","name":"Comment","target":["https:\/\/www.oarcanjo.net\/site\/atraidos-pelo-crucificado\/#respond"]}]},{"@type":"WebPage","@id":"https:\/\/www.oarcanjo.net\/site\/atraidos-pelo-crucificado\/","url":"https:\/\/www.oarcanjo.net\/site\/atraidos-pelo-crucificado\/","name":"Atra\u00eddos pelo crucificado - O Arcanjo no ar","isPartOf":{"@id":"https:\/\/www.oarcanjo.net\/site\/#website"},"datePublished":"2009-03-27T21:02:26+00:00","dateModified":"2009-03-28T02:04:23+00:00","breadcrumb":{"@id":"https:\/\/www.oarcanjo.net\/site\/atraidos-pelo-crucificado\/#breadcrumb"},"inLanguage":"pt-BR","potentialAction":[{"@type":"ReadAction","target":["https:\/\/www.oarcanjo.net\/site\/atraidos-pelo-crucificado\/"]}]},{"@type":"BreadcrumbList","@id":"https:\/\/www.oarcanjo.net\/site\/atraidos-pelo-crucificado\/#breadcrumb","itemListElement":[{"@type":"ListItem","position":1,"name":"In\u00edcio","item":"https:\/\/www.oarcanjo.net\/site\/"},{"@type":"ListItem","position":2,"name":"Atra\u00eddos pelo crucificado"}]},{"@type":"WebSite","@id":"https:\/\/www.oarcanjo.net\/site\/#website","url":"https:\/\/www.oarcanjo.net\/site\/","name":"O Arcanjo no ar","description":"Site da Par\u00f3quia S\u00e3o Miguel Arcanjo (Arquidiocese de SP)","publisher":{"@id":"https:\/\/www.oarcanjo.net\/site\/#organization"},"potentialAction":[{"@type":"SearchAction","target":{"@type":"EntryPoint","urlTemplate":"https:\/\/www.oarcanjo.net\/site\/?s={search_term_string}"},"query-input":{"@type":"PropertyValueSpecification","valueRequired":true,"valueName":"search_term_string"}}],"inLanguage":"pt-BR"},{"@type":"Organization","@id":"https:\/\/www.oarcanjo.net\/site\/#organization","name":"Par\u00f3quia S\u00e3o Miguel Arcanjo","url":"https:\/\/www.oarcanjo.net\/site\/","logo":{"@type":"ImageObject","inLanguage":"pt-BR","@id":"https:\/\/www.oarcanjo.net\/site\/#\/schema\/logo\/image\/","url":"https:\/\/www.oarcanjo.net\/site\/wp-content\/uploads\/LogoOArcanjo.png","contentUrl":"https:\/\/www.oarcanjo.net\/site\/wp-content\/uploads\/LogoOArcanjo.png","width":319,"height":99,"caption":"Par\u00f3quia S\u00e3o Miguel Arcanjo"},"image":{"@id":"https:\/\/www.oarcanjo.net\/site\/#\/schema\/logo\/image\/"},"sameAs":["https:\/\/www.facebook.com\/OArcanjoNoAr\/"]},{"@type":"Person","@id":"https:\/\/www.oarcanjo.net\/site\/#\/schema\/person\/f7024d007863202483a31326673a0838","name":"editor","sameAs":["http:\/\/www.oarcanjo.net"]}]}},"publishpress_future_action":{"enabled":false,"date":"2026-05-07 12:25:17","action":"category","newStatus":"draft","terms":[],"taxonomy":"category"},"publishpress_future_workflow_manual_trigger":{"enabledWorkflows":[]},"_links":{"self":[{"href":"https:\/\/www.oarcanjo.net\/site\/wp-json\/wp\/v2\/posts\/2569"}],"collection":[{"href":"https:\/\/www.oarcanjo.net\/site\/wp-json\/wp\/v2\/posts"}],"about":[{"href":"https:\/\/www.oarcanjo.net\/site\/wp-json\/wp\/v2\/types\/post"}],"author":[{"embeddable":true,"href":"https:\/\/www.oarcanjo.net\/site\/wp-json\/wp\/v2\/users\/5"}],"replies":[{"embeddable":true,"href":"https:\/\/www.oarcanjo.net\/site\/wp-json\/wp\/v2\/comments?post=2569"}],"version-history":[{"count":0,"href":"https:\/\/www.oarcanjo.net\/site\/wp-json\/wp\/v2\/posts\/2569\/revisions"}],"wp:attachment":[{"href":"https:\/\/www.oarcanjo.net\/site\/wp-json\/wp\/v2\/media?parent=2569"}],"wp:term":[{"taxonomy":"category","embeddable":true,"href":"https:\/\/www.oarcanjo.net\/site\/wp-json\/wp\/v2\/categories?post=2569"},{"taxonomy":"post_tag","embeddable":true,"href":"https:\/\/www.oarcanjo.net\/site\/wp-json\/wp\/v2\/tags?post=2569"}],"curies":[{"name":"wp","href":"https:\/\/api.w.org\/{rel}","templated":true}]}}