
{"id":2571,"date":"2009-03-28T08:44:58","date_gmt":"2009-03-28T11:44:58","guid":{"rendered":"http:\/\/www.oarcanjo.net\/site\/?p=2571"},"modified":"2014-09-29T10:11:45","modified_gmt":"2014-09-29T13:11:45","slug":"o-grao-de-trigo","status":"publish","type":"post","link":"https:\/\/www.oarcanjo.net\/site\/o-grao-de-trigo\/","title":{"rendered":"O gr\u00e3o de Trigo!"},"content":{"rendered":"<p>Queremos ver JESUS, pediram os gregos a Felipe.<\/p>\n<p>E o que ouviram e viram foi um homem que fala do gr\u00e3o de trigo que para dar fruto tem que morrer!<\/p>\n<p>JESUS n\u00e3o foge dos conflitos, \u00e9 fiel e consequente at\u00e9 o fim, mesmo passando por tribula\u00e7\u00f5es:<\/p>\n<p>Agora sinto-me angustiado. E que direi? Pai livra-me desta hora?<\/p>\n<p>JESUS nos convida a segui-LO com coragem e generosidade, sem nos enganar e sem esconder as dificuldades que teremos que enfrentar por amor,<br \/>\nQuem ama sabe que o amor nos traz desafios e orienta as nossas escolhas.<\/p>\n<p>O amor dirige o nosso olhar e a afei\u00e7\u00e3o de nossas vidas.<br \/>\nO amor nos ajuda a compreender e aceitar o mist\u00e9rio de ser gr\u00e3o de trigo que se n\u00e3o morre n\u00e3o produz fruto.<\/p>\n<p>A beleza do gr\u00e3o e o seu sentido est\u00e1 em se tornar fruto, produzir outros gr\u00e3os e perpetuar a VIDA!<\/p>\n<p>JESUS nos diz: Eu, quando for elevado da terra, atrairei todos a MIM.<\/p>\n<p>Elevado na Cruz!<br \/>\nO crucificado nos atrai! A cruz nos enternece pela dor e pelo amor!<\/p>\n<p>O crucificado revela ao mesmo tempo a viol\u00eancia que o condenou e executou, para destruir sua vida e suas propostas, e a coragem e a generosidade de quem \u00e9 fiel e &#8220;tendo amado os seus amou-os at\u00e9 o fim&#8221;.<\/p>\n<p>Amou at\u00e9 as \u00faltimas consequ\u00eancias, sem se apegar a si mesmo.<\/p>\n<p>A Cruz atrai, o crucificado nos edifica e desconcerta, silencia o nosso ego\u00edsmo, e nos impele a sermos seus seguidores.<\/p>\n<p>Contemplando a cruz, segurando o gr\u00e3o<br \/>\nna palma da m\u00e3o<br \/>\npenetrando o teu olhar.<br \/>\nJESUS crucificado,<br \/>\nme ensinas<br \/>\na coragem de te amar e seguir!<br \/>\nMesmo que passe pela cruz,<br \/>\nsei que est\u00e1s comigo<br \/>\nme ama e \u00e9s minha luz !<\/p>\n<hr \/>\n<p>Assista abaixo \u00e0 homilia da missa de 29\/03\/2009:<\/p>\n<p>http:\/\/mms.bizmedia.com.br\/bizmedia\/Homilia20090329-final.wmv<\/p>\n<p><video style=\"width: 100%; height: auto; aspect-ratio: 480\/334; border: none; overflow: hidden;\" controls>\n                <source src=\"mms:\/\/mms.bizmedia.com.br\/bizmedia\/Homilia20090329-final.wmv\" type=\"video\/x-ms-wmv\">\n                <source src=\"mms:\/\/mms.bizmedia.com.br\/bizmedia\/Homilia20090329-final.wmv\" type=\"video\/wmv\">\n                Your browser does not support the video tag.\n            <\/video><\/p>\n<div id=\"themify_builder_content-2571\" data-postid=\"2571\" class=\"themify_builder_content themify_builder_content-2571 themify_builder themify_builder_front\">\n\t<\/div>\n<!-- \/themify_builder_content -->","protected":false},"excerpt":{"rendered":"<p>Queremos ver JESUS, pediram os gregos a Felipe. E o que ouviram e viram foi um homem que fala do gr\u00e3o de trigo que para dar fruto tem que morrer! JESUS n\u00e3o foge dos conflitos, \u00e9 fiel e consequente at\u00e9 o fim, mesmo passando por tribula\u00e7\u00f5es: Agora sinto-me angustiado. E que direi? Pai livra-me desta [&hellip;]<\/p>\n","protected":false},"author":4,"featured_media":0,"comment_status":"open","ping_status":"open","sticky":false,"template":"","format":"standard","meta":{"ngg_post_thumbnail":0,"footnotes":""},"categories":[4,475],"tags":[417,416,415,236],"yoast_head":"<!-- This site is optimized with the Yoast SEO plugin v23.5 - https:\/\/yoast.com\/wordpress\/plugins\/seo\/ -->\n<title>O gr\u00e3o de Trigo! - O Arcanjo no ar<\/title>\n<meta name=\"robots\" content=\"index, follow, max-snippet:-1, max-image-preview:large, max-video-preview:-1\" \/>\n<link rel=\"canonical\" href=\"https:\/\/www.oarcanjo.net\/site\/o-grao-de-trigo\/\" \/>\n<meta property=\"og:locale\" content=\"pt_BR\" \/>\n<meta property=\"og:type\" content=\"article\" \/>\n<meta property=\"og:title\" content=\"O gr\u00e3o de Trigo! - O Arcanjo no ar\" \/>\n<meta property=\"og:description\" content=\"Queremos ver JESUS, pediram os gregos a Felipe. E o que ouviram e viram foi um homem que fala do gr\u00e3o de trigo que para dar fruto tem que morrer! JESUS n\u00e3o foge dos conflitos, \u00e9 fiel e consequente at\u00e9 o fim, mesmo passando por tribula\u00e7\u00f5es: Agora sinto-me angustiado. E que direi? Pai livra-me desta [&hellip;]\" \/>\n<meta property=\"og:url\" content=\"https:\/\/www.oarcanjo.net\/site\/o-grao-de-trigo\/\" \/>\n<meta property=\"og:site_name\" content=\"O Arcanjo no ar\" \/>\n<meta property=\"article:publisher\" content=\"https:\/\/www.facebook.com\/OArcanjoNoAr\/\" \/>\n<meta property=\"article:published_time\" content=\"2009-03-28T11:44:58+00:00\" \/>\n<meta property=\"article:modified_time\" content=\"2014-09-29T13:11:45+00:00\" \/>\n<meta property=\"og:image\" content=\"https:\/\/www.oarcanjo.net\/site\/wp-content\/uploads\/logo-o-arcanjo-no-ar-facebook.png\" \/>\n\t<meta property=\"og:image:width\" content=\"300\" \/>\n\t<meta property=\"og:image:height\" content=\"300\" \/>\n\t<meta property=\"og:image:type\" content=\"image\/png\" \/>\n<meta name=\"author\" content=\"julio\" \/>\n<meta name=\"twitter:card\" content=\"summary_large_image\" \/>\n<meta name=\"twitter:label1\" content=\"Escrito por\" \/>\n\t<meta name=\"twitter:data1\" content=\"julio\" \/>\n\t<meta name=\"twitter:label2\" content=\"Est. tempo de leitura\" \/>\n\t<meta name=\"twitter:data2\" content=\"2 minutos\" \/>\n<script type=\"application\/ld+json\" class=\"yoast-schema-graph\">{\"@context\":\"https:\/\/schema.org\",\"@graph\":[{\"@type\":\"Article\",\"@id\":\"https:\/\/www.oarcanjo.net\/site\/o-grao-de-trigo\/#article\",\"isPartOf\":{\"@id\":\"https:\/\/www.oarcanjo.net\/site\/o-grao-de-trigo\/\"},\"author\":{\"name\":\"julio\",\"@id\":\"https:\/\/www.oarcanjo.net\/site\/#\/schema\/person\/d78ea01c648c91e29c364b516767079e\"},\"headline\":\"O gr\u00e3o de Trigo!\",\"datePublished\":\"2009-03-28T11:44:58+00:00\",\"dateModified\":\"2014-09-29T13:11:45+00:00\",\"mainEntityOfPage\":{\"@id\":\"https:\/\/www.oarcanjo.net\/site\/o-grao-de-trigo\/\"},\"wordCount\":331,\"commentCount\":5,\"publisher\":{\"@id\":\"https:\/\/www.oarcanjo.net\/site\/#organization\"},\"keywords\":[\"crucificado\",\"cruz\",\"gr\u00e3o de trigo\",\"Jesus\"],\"articleSection\":[\"Blog\",\"Homilias\"],\"inLanguage\":\"pt-BR\",\"potentialAction\":[{\"@type\":\"CommentAction\",\"name\":\"Comment\",\"target\":[\"https:\/\/www.oarcanjo.net\/site\/o-grao-de-trigo\/#respond\"]}]},{\"@type\":\"WebPage\",\"@id\":\"https:\/\/www.oarcanjo.net\/site\/o-grao-de-trigo\/\",\"url\":\"https:\/\/www.oarcanjo.net\/site\/o-grao-de-trigo\/\",\"name\":\"O gr\u00e3o de Trigo! - O Arcanjo no ar\",\"isPartOf\":{\"@id\":\"https:\/\/www.oarcanjo.net\/site\/#website\"},\"datePublished\":\"2009-03-28T11:44:58+00:00\",\"dateModified\":\"2014-09-29T13:11:45+00:00\",\"breadcrumb\":{\"@id\":\"https:\/\/www.oarcanjo.net\/site\/o-grao-de-trigo\/#breadcrumb\"},\"inLanguage\":\"pt-BR\",\"potentialAction\":[{\"@type\":\"ReadAction\",\"target\":[\"https:\/\/www.oarcanjo.net\/site\/o-grao-de-trigo\/\"]}]},{\"@type\":\"BreadcrumbList\",\"@id\":\"https:\/\/www.oarcanjo.net\/site\/o-grao-de-trigo\/#breadcrumb\",\"itemListElement\":[{\"@type\":\"ListItem\",\"position\":1,\"name\":\"In\u00edcio\",\"item\":\"https:\/\/www.oarcanjo.net\/site\/\"},{\"@type\":\"ListItem\",\"position\":2,\"name\":\"O gr\u00e3o de Trigo!\"}]},{\"@type\":\"WebSite\",\"@id\":\"https:\/\/www.oarcanjo.net\/site\/#website\",\"url\":\"https:\/\/www.oarcanjo.net\/site\/\",\"name\":\"O Arcanjo no ar\",\"description\":\"Site da Par\u00f3quia S\u00e3o Miguel Arcanjo (Arquidiocese de SP)\",\"publisher\":{\"@id\":\"https:\/\/www.oarcanjo.net\/site\/#organization\"},\"potentialAction\":[{\"@type\":\"SearchAction\",\"target\":{\"@type\":\"EntryPoint\",\"urlTemplate\":\"https:\/\/www.oarcanjo.net\/site\/?s={search_term_string}\"},\"query-input\":{\"@type\":\"PropertyValueSpecification\",\"valueRequired\":true,\"valueName\":\"search_term_string\"}}],\"inLanguage\":\"pt-BR\"},{\"@type\":\"Organization\",\"@id\":\"https:\/\/www.oarcanjo.net\/site\/#organization\",\"name\":\"Par\u00f3quia S\u00e3o Miguel Arcanjo\",\"url\":\"https:\/\/www.oarcanjo.net\/site\/\",\"logo\":{\"@type\":\"ImageObject\",\"inLanguage\":\"pt-BR\",\"@id\":\"https:\/\/www.oarcanjo.net\/site\/#\/schema\/logo\/image\/\",\"url\":\"https:\/\/www.oarcanjo.net\/site\/wp-content\/uploads\/LogoOArcanjo.png\",\"contentUrl\":\"https:\/\/www.oarcanjo.net\/site\/wp-content\/uploads\/LogoOArcanjo.png\",\"width\":319,\"height\":99,\"caption\":\"Par\u00f3quia S\u00e3o Miguel Arcanjo\"},\"image\":{\"@id\":\"https:\/\/www.oarcanjo.net\/site\/#\/schema\/logo\/image\/\"},\"sameAs\":[\"https:\/\/www.facebook.com\/OArcanjoNoAr\/\"]},{\"@type\":\"Person\",\"@id\":\"https:\/\/www.oarcanjo.net\/site\/#\/schema\/person\/d78ea01c648c91e29c364b516767079e\",\"name\":\"julio\",\"sameAs\":[\"http:\/\/www.oarcanjo.net\"]}]}<\/script>\n<!-- \/ Yoast SEO plugin. -->","yoast_head_json":{"title":"O gr\u00e3o de Trigo! - O Arcanjo no ar","robots":{"index":"index","follow":"follow","max-snippet":"max-snippet:-1","max-image-preview":"max-image-preview:large","max-video-preview":"max-video-preview:-1"},"canonical":"https:\/\/www.oarcanjo.net\/site\/o-grao-de-trigo\/","og_locale":"pt_BR","og_type":"article","og_title":"O gr\u00e3o de Trigo! - O Arcanjo no ar","og_description":"Queremos ver JESUS, pediram os gregos a Felipe. E o que ouviram e viram foi um homem que fala do gr\u00e3o de trigo que para dar fruto tem que morrer! JESUS n\u00e3o foge dos conflitos, \u00e9 fiel e consequente at\u00e9 o fim, mesmo passando por tribula\u00e7\u00f5es: Agora sinto-me angustiado. E que direi? Pai livra-me desta [&hellip;]","og_url":"https:\/\/www.oarcanjo.net\/site\/o-grao-de-trigo\/","og_site_name":"O Arcanjo no ar","article_publisher":"https:\/\/www.facebook.com\/OArcanjoNoAr\/","article_published_time":"2009-03-28T11:44:58+00:00","article_modified_time":"2014-09-29T13:11:45+00:00","og_image":[{"width":300,"height":300,"url":"https:\/\/www.oarcanjo.net\/site\/wp-content\/uploads\/logo-o-arcanjo-no-ar-facebook.png","type":"image\/png"}],"author":"julio","twitter_card":"summary_large_image","twitter_misc":{"Escrito por":"julio","Est. tempo de leitura":"2 minutos"},"schema":{"@context":"https:\/\/schema.org","@graph":[{"@type":"Article","@id":"https:\/\/www.oarcanjo.net\/site\/o-grao-de-trigo\/#article","isPartOf":{"@id":"https:\/\/www.oarcanjo.net\/site\/o-grao-de-trigo\/"},"author":{"name":"julio","@id":"https:\/\/www.oarcanjo.net\/site\/#\/schema\/person\/d78ea01c648c91e29c364b516767079e"},"headline":"O gr\u00e3o de Trigo!","datePublished":"2009-03-28T11:44:58+00:00","dateModified":"2014-09-29T13:11:45+00:00","mainEntityOfPage":{"@id":"https:\/\/www.oarcanjo.net\/site\/o-grao-de-trigo\/"},"wordCount":331,"commentCount":5,"publisher":{"@id":"https:\/\/www.oarcanjo.net\/site\/#organization"},"keywords":["crucificado","cruz","gr\u00e3o de trigo","Jesus"],"articleSection":["Blog","Homilias"],"inLanguage":"pt-BR","potentialAction":[{"@type":"CommentAction","name":"Comment","target":["https:\/\/www.oarcanjo.net\/site\/o-grao-de-trigo\/#respond"]}]},{"@type":"WebPage","@id":"https:\/\/www.oarcanjo.net\/site\/o-grao-de-trigo\/","url":"https:\/\/www.oarcanjo.net\/site\/o-grao-de-trigo\/","name":"O gr\u00e3o de Trigo! - O Arcanjo no ar","isPartOf":{"@id":"https:\/\/www.oarcanjo.net\/site\/#website"},"datePublished":"2009-03-28T11:44:58+00:00","dateModified":"2014-09-29T13:11:45+00:00","breadcrumb":{"@id":"https:\/\/www.oarcanjo.net\/site\/o-grao-de-trigo\/#breadcrumb"},"inLanguage":"pt-BR","potentialAction":[{"@type":"ReadAction","target":["https:\/\/www.oarcanjo.net\/site\/o-grao-de-trigo\/"]}]},{"@type":"BreadcrumbList","@id":"https:\/\/www.oarcanjo.net\/site\/o-grao-de-trigo\/#breadcrumb","itemListElement":[{"@type":"ListItem","position":1,"name":"In\u00edcio","item":"https:\/\/www.oarcanjo.net\/site\/"},{"@type":"ListItem","position":2,"name":"O gr\u00e3o de Trigo!"}]},{"@type":"WebSite","@id":"https:\/\/www.oarcanjo.net\/site\/#website","url":"https:\/\/www.oarcanjo.net\/site\/","name":"O Arcanjo no ar","description":"Site da Par\u00f3quia S\u00e3o Miguel Arcanjo (Arquidiocese de SP)","publisher":{"@id":"https:\/\/www.oarcanjo.net\/site\/#organization"},"potentialAction":[{"@type":"SearchAction","target":{"@type":"EntryPoint","urlTemplate":"https:\/\/www.oarcanjo.net\/site\/?s={search_term_string}"},"query-input":{"@type":"PropertyValueSpecification","valueRequired":true,"valueName":"search_term_string"}}],"inLanguage":"pt-BR"},{"@type":"Organization","@id":"https:\/\/www.oarcanjo.net\/site\/#organization","name":"Par\u00f3quia S\u00e3o Miguel Arcanjo","url":"https:\/\/www.oarcanjo.net\/site\/","logo":{"@type":"ImageObject","inLanguage":"pt-BR","@id":"https:\/\/www.oarcanjo.net\/site\/#\/schema\/logo\/image\/","url":"https:\/\/www.oarcanjo.net\/site\/wp-content\/uploads\/LogoOArcanjo.png","contentUrl":"https:\/\/www.oarcanjo.net\/site\/wp-content\/uploads\/LogoOArcanjo.png","width":319,"height":99,"caption":"Par\u00f3quia S\u00e3o Miguel Arcanjo"},"image":{"@id":"https:\/\/www.oarcanjo.net\/site\/#\/schema\/logo\/image\/"},"sameAs":["https:\/\/www.facebook.com\/OArcanjoNoAr\/"]},{"@type":"Person","@id":"https:\/\/www.oarcanjo.net\/site\/#\/schema\/person\/d78ea01c648c91e29c364b516767079e","name":"julio","sameAs":["http:\/\/www.oarcanjo.net"]}]}},"publishpress_future_action":{"enabled":false,"date":"2026-05-08 21:26:03","action":"category","newStatus":"draft","terms":[],"taxonomy":"category"},"publishpress_future_workflow_manual_trigger":{"enabledWorkflows":[]},"_links":{"self":[{"href":"https:\/\/www.oarcanjo.net\/site\/wp-json\/wp\/v2\/posts\/2571"}],"collection":[{"href":"https:\/\/www.oarcanjo.net\/site\/wp-json\/wp\/v2\/posts"}],"about":[{"href":"https:\/\/www.oarcanjo.net\/site\/wp-json\/wp\/v2\/types\/post"}],"author":[{"embeddable":true,"href":"https:\/\/www.oarcanjo.net\/site\/wp-json\/wp\/v2\/users\/4"}],"replies":[{"embeddable":true,"href":"https:\/\/www.oarcanjo.net\/site\/wp-json\/wp\/v2\/comments?post=2571"}],"version-history":[{"count":0,"href":"https:\/\/www.oarcanjo.net\/site\/wp-json\/wp\/v2\/posts\/2571\/revisions"}],"wp:attachment":[{"href":"https:\/\/www.oarcanjo.net\/site\/wp-json\/wp\/v2\/media?parent=2571"}],"wp:term":[{"taxonomy":"category","embeddable":true,"href":"https:\/\/www.oarcanjo.net\/site\/wp-json\/wp\/v2\/categories?post=2571"},{"taxonomy":"post_tag","embeddable":true,"href":"https:\/\/www.oarcanjo.net\/site\/wp-json\/wp\/v2\/tags?post=2571"}],"curies":[{"name":"wp","href":"https:\/\/api.w.org\/{rel}","templated":true}]}}