
{"id":2583,"date":"2009-03-28T16:38:14","date_gmt":"2009-03-28T19:38:14","guid":{"rendered":"http:\/\/www.oarcanjo.net\/site\/?p=2583"},"modified":"2009-04-19T11:35:22","modified_gmt":"2009-04-19T14:35:22","slug":"lancada-a-pagina-jovens-no-ar","status":"publish","type":"post","link":"https:\/\/www.oarcanjo.net\/site\/lancada-a-pagina-jovens-no-ar\/","title":{"rendered":"Lan\u00e7ada a p\u00e1gina &#8220;Jovens no ar&#8221;"},"content":{"rendered":"<p><img loading=\"lazy\" decoding=\"async\" src=\"http:\/\/www.oarcanjo.net\/site\/wp-content\/uploads\/jovensarcanjo.jpg\" alt=\"\" title=\"Jovens produtores dO Arcanjo no ar\" width=\"500\" height=\"375\" class=\"alignnone size-full wp-image-2595\" srcset=\"https:\/\/www.oarcanjo.net\/site\/wp-content\/uploads\/jovensarcanjo.jpg 640w, https:\/\/www.oarcanjo.net\/site\/wp-content\/uploads\/jovensarcanjo-300x225.jpg 300w\" sizes=\"(max-width: 500px) 100vw, 500px\" \/><\/p>\n<p>O site &#8220;O Arcanjo no ar&#8221; abre espa\u00e7o para a juventude com a p\u00e1gina &#8220;Jovens no ar&#8221;. O objetivo \u00e9 mostrar a vis\u00e3o dos pr\u00f3prios jovens sobre a realidade e a f\u00e9.<\/p>\n<p>Seguem as frases e depoimentos dos autores do novo espa\u00e7o:<\/p>\n<p>Achei muito importante ter lan\u00e7ado o site dos jovens pois n\u00f3s podemos demonstrar nossa f\u00e9 e nossos sentimentos.<br \/>\n<em>Vinicius Rafael da Silva Penha<\/em><\/p>\n<p>Meu nome \u00e9 Rafaela, fa\u00e7o Crisma e gostaria que voc\u00eas entrassem na p\u00e1gina jovem><br \/>\n<em>Rafaela<\/em><\/p>\n<p>Sempre bom estar com Jesus. Ter alegria e paz nos faz feliz.<br \/>\n<em>Paloma<\/em><\/p>\n<p>Com a nova p\u00e1gina para os jovens teremos um dos objetivos de transmitir o bem que falta tanto na Internet nos dias de hoje.<br \/>\n<em>Mariana<\/em><\/p>\n<p>Meu nome \u00e9 Victoria e desejo que todos os jovens de nossa comunidade possam acessar o site.<br \/>\n<em>Victoria<\/em><\/p>\n<p>Para mim foi importante ser criada a p\u00e1gina dos jovens para que eles possam expor suas id\u00e9ias e tratar dos assuntos que interessam.<br \/>\n<em>Bruno<\/em><\/p>\n<p>Ser solid\u00e1ria e humana combina muito bem com os jovens; e ter f\u00e9 em tudo que vai realizar.<br \/>\n<em>Elaine<\/em><\/p>\n<p>A f\u00e9 deve ser divulgada e para isso nada melhor que a Internet.<br \/>\n<em>Jo\u00e3o Lu\u00eds<\/em><\/p>\n<p>Fico feliz por poder contribuir com o pouco que sei entre os jovens e aprender com cada um. Sempre \u00e9 bom lembrar que n\u00f3s seremos o futuro pr\u00f3spero com que a humanidade sonha.<br \/>\n<em>Ain\u00e1 Paolillo<\/em><\/p>\n<p>Fico contente em ajudar essa comunidade em que fui batizada, crismada e hoje compartilho bons momentos da minha vida. Espero que seja uma sementinha que gere grandes frutos.<br \/>\n<em>Carla Fernanda<\/em><\/p>\n<p>Espero que este espa\u00e7o que nos foi dado seja para que possamos comentar, discutir, se associar com novas pessoas. E que outros jovens de outras par\u00f3quias possam se interessar e juntem-se a n\u00f3s.<br \/>\n<em>Thatiana Thomaz Leone<\/em><\/p>\n<p>Espero que o site possibilite nos associar a outros jovens; que seja um meio de nos expressar.<br \/>\n<em>Thais Thomaz Leone<\/em><\/p>\n<p>Estamos tentando trazer o ponto de vista da juventude para &#8220;O Arcanjo no ar&#8221; e principalmente um grupo de jovens unido, trabalhando para ajudar a Igreja na sua divulga\u00e7\u00e3o.<br \/>\n<em>Lucas<\/em><\/p>\n<p>Jovens reun\u00eddos no treinamento para atualiza\u00e7\u00e3o do site:<\/p>\n<p><img loading=\"lazy\" decoding=\"async\" src=\"http:\/\/www.oarcanjo.net\/site\/wp-content\/uploads\/treinamento-jovens_2009_02.jpg\" alt=\"\" title=\"Treinamento para os Jovens - Site Jovens no Ar\" width=\"300\" height=\"200\" \/><\/p>\n<p><img loading=\"lazy\" decoding=\"async\" src=\"http:\/\/www.oarcanjo.net\/site\/wp-content\/uploads\/treinamento-jovens_2009_01.jpg\" alt=\"\" title=\"Treinamento para os Jovens - Site Jovens no Ar\" width=\"300\" height=\"200\" \/><\/p>\n<div id=\"themify_builder_content-2583\" data-postid=\"2583\" class=\"themify_builder_content themify_builder_content-2583 themify_builder themify_builder_front\">\n\t<\/div>\n<!-- \/themify_builder_content -->","protected":false},"excerpt":{"rendered":"<p>O site &#8220;O Arcanjo no ar&#8221; abre espa\u00e7o para a juventude com a p\u00e1gina &#8220;Jovens no ar&#8221;. O objetivo \u00e9 mostrar a vis\u00e3o dos pr\u00f3prios jovens sobre a realidade e a f\u00e9. Seguem as frases e depoimentos dos autores do novo espa\u00e7o: Achei muito importante ter lan\u00e7ado o site dos jovens pois n\u00f3s podemos demonstrar [&hellip;]<\/p>\n","protected":false},"author":5,"featured_media":0,"comment_status":"open","ping_status":"open","sticky":false,"template":"","format":"standard","meta":{"ngg_post_thumbnail":0,"footnotes":""},"categories":[395],"tags":[418,225],"yoast_head":"<!-- This site is optimized with the Yoast SEO plugin v23.5 - https:\/\/yoast.com\/wordpress\/plugins\/seo\/ -->\n<title>Lan\u00e7ada a p\u00e1gina &quot;Jovens no ar&quot; - O Arcanjo no ar<\/title>\n<meta name=\"robots\" content=\"index, follow, max-snippet:-1, max-image-preview:large, max-video-preview:-1\" \/>\n<link rel=\"canonical\" href=\"https:\/\/www.oarcanjo.net\/site\/lancada-a-pagina-jovens-no-ar\/\" \/>\n<meta property=\"og:locale\" content=\"pt_BR\" \/>\n<meta property=\"og:type\" content=\"article\" \/>\n<meta property=\"og:title\" content=\"Lan\u00e7ada a p\u00e1gina &quot;Jovens no ar&quot; - O Arcanjo no ar\" \/>\n<meta property=\"og:description\" content=\"O site &#8220;O Arcanjo no ar&#8221; abre espa\u00e7o para a juventude com a p\u00e1gina &#8220;Jovens no ar&#8221;. O objetivo \u00e9 mostrar a vis\u00e3o dos pr\u00f3prios jovens sobre a realidade e a f\u00e9. Seguem as frases e depoimentos dos autores do novo espa\u00e7o: Achei muito importante ter lan\u00e7ado o site dos jovens pois n\u00f3s podemos demonstrar [&hellip;]\" \/>\n<meta property=\"og:url\" content=\"https:\/\/www.oarcanjo.net\/site\/lancada-a-pagina-jovens-no-ar\/\" \/>\n<meta property=\"og:site_name\" content=\"O Arcanjo no ar\" \/>\n<meta property=\"article:publisher\" content=\"https:\/\/www.facebook.com\/OArcanjoNoAr\/\" \/>\n<meta property=\"article:published_time\" content=\"2009-03-28T19:38:14+00:00\" \/>\n<meta property=\"article:modified_time\" content=\"2009-04-19T14:35:22+00:00\" \/>\n<meta property=\"og:image\" content=\"http:\/\/www.oarcanjo.net\/site\/wp-content\/uploads\/jovensarcanjo.jpg\" \/>\n<meta name=\"author\" content=\"editor\" \/>\n<meta name=\"twitter:card\" content=\"summary_large_image\" \/>\n<meta name=\"twitter:label1\" content=\"Escrito por\" \/>\n\t<meta name=\"twitter:data1\" content=\"editor\" \/>\n\t<meta name=\"twitter:label2\" content=\"Est. tempo de leitura\" \/>\n\t<meta name=\"twitter:data2\" content=\"2 minutos\" \/>\n<script type=\"application\/ld+json\" class=\"yoast-schema-graph\">{\"@context\":\"https:\/\/schema.org\",\"@graph\":[{\"@type\":\"Article\",\"@id\":\"https:\/\/www.oarcanjo.net\/site\/lancada-a-pagina-jovens-no-ar\/#article\",\"isPartOf\":{\"@id\":\"https:\/\/www.oarcanjo.net\/site\/lancada-a-pagina-jovens-no-ar\/\"},\"author\":{\"name\":\"editor\",\"@id\":\"https:\/\/www.oarcanjo.net\/site\/#\/schema\/person\/f7024d007863202483a31326673a0838\"},\"headline\":\"Lan\u00e7ada a p\u00e1gina &#8220;Jovens no ar&#8221;\",\"datePublished\":\"2009-03-28T19:38:14+00:00\",\"dateModified\":\"2009-04-19T14:35:22+00:00\",\"mainEntityOfPage\":{\"@id\":\"https:\/\/www.oarcanjo.net\/site\/lancada-a-pagina-jovens-no-ar\/\"},\"wordCount\":381,\"commentCount\":25,\"publisher\":{\"@id\":\"https:\/\/www.oarcanjo.net\/site\/#organization\"},\"image\":{\"@id\":\"https:\/\/www.oarcanjo.net\/site\/lancada-a-pagina-jovens-no-ar\/#primaryimage\"},\"thumbnailUrl\":\"http:\/\/www.oarcanjo.net\/site\/wp-content\/uploads\/jovensarcanjo.jpg\",\"keywords\":[\"jovem\",\"juventude\"],\"articleSection\":[\"Jovens\"],\"inLanguage\":\"pt-BR\",\"potentialAction\":[{\"@type\":\"CommentAction\",\"name\":\"Comment\",\"target\":[\"https:\/\/www.oarcanjo.net\/site\/lancada-a-pagina-jovens-no-ar\/#respond\"]}]},{\"@type\":\"WebPage\",\"@id\":\"https:\/\/www.oarcanjo.net\/site\/lancada-a-pagina-jovens-no-ar\/\",\"url\":\"https:\/\/www.oarcanjo.net\/site\/lancada-a-pagina-jovens-no-ar\/\",\"name\":\"Lan\u00e7ada a p\u00e1gina \\\"Jovens no ar\\\" - O Arcanjo no ar\",\"isPartOf\":{\"@id\":\"https:\/\/www.oarcanjo.net\/site\/#website\"},\"primaryImageOfPage\":{\"@id\":\"https:\/\/www.oarcanjo.net\/site\/lancada-a-pagina-jovens-no-ar\/#primaryimage\"},\"image\":{\"@id\":\"https:\/\/www.oarcanjo.net\/site\/lancada-a-pagina-jovens-no-ar\/#primaryimage\"},\"thumbnailUrl\":\"http:\/\/www.oarcanjo.net\/site\/wp-content\/uploads\/jovensarcanjo.jpg\",\"datePublished\":\"2009-03-28T19:38:14+00:00\",\"dateModified\":\"2009-04-19T14:35:22+00:00\",\"breadcrumb\":{\"@id\":\"https:\/\/www.oarcanjo.net\/site\/lancada-a-pagina-jovens-no-ar\/#breadcrumb\"},\"inLanguage\":\"pt-BR\",\"potentialAction\":[{\"@type\":\"ReadAction\",\"target\":[\"https:\/\/www.oarcanjo.net\/site\/lancada-a-pagina-jovens-no-ar\/\"]}]},{\"@type\":\"ImageObject\",\"inLanguage\":\"pt-BR\",\"@id\":\"https:\/\/www.oarcanjo.net\/site\/lancada-a-pagina-jovens-no-ar\/#primaryimage\",\"url\":\"https:\/\/www.oarcanjo.net\/site\/wp-content\/uploads\/jovensarcanjo.jpg\",\"contentUrl\":\"https:\/\/www.oarcanjo.net\/site\/wp-content\/uploads\/jovensarcanjo.jpg\",\"width\":640,\"height\":480},{\"@type\":\"BreadcrumbList\",\"@id\":\"https:\/\/www.oarcanjo.net\/site\/lancada-a-pagina-jovens-no-ar\/#breadcrumb\",\"itemListElement\":[{\"@type\":\"ListItem\",\"position\":1,\"name\":\"In\u00edcio\",\"item\":\"https:\/\/www.oarcanjo.net\/site\/\"},{\"@type\":\"ListItem\",\"position\":2,\"name\":\"Lan\u00e7ada a p\u00e1gina &#8220;Jovens no ar&#8221;\"}]},{\"@type\":\"WebSite\",\"@id\":\"https:\/\/www.oarcanjo.net\/site\/#website\",\"url\":\"https:\/\/www.oarcanjo.net\/site\/\",\"name\":\"O Arcanjo no ar\",\"description\":\"Site da Par\u00f3quia S\u00e3o Miguel Arcanjo (Arquidiocese de SP)\",\"publisher\":{\"@id\":\"https:\/\/www.oarcanjo.net\/site\/#organization\"},\"potentialAction\":[{\"@type\":\"SearchAction\",\"target\":{\"@type\":\"EntryPoint\",\"urlTemplate\":\"https:\/\/www.oarcanjo.net\/site\/?s={search_term_string}\"},\"query-input\":{\"@type\":\"PropertyValueSpecification\",\"valueRequired\":true,\"valueName\":\"search_term_string\"}}],\"inLanguage\":\"pt-BR\"},{\"@type\":\"Organization\",\"@id\":\"https:\/\/www.oarcanjo.net\/site\/#organization\",\"name\":\"Par\u00f3quia S\u00e3o Miguel Arcanjo\",\"url\":\"https:\/\/www.oarcanjo.net\/site\/\",\"logo\":{\"@type\":\"ImageObject\",\"inLanguage\":\"pt-BR\",\"@id\":\"https:\/\/www.oarcanjo.net\/site\/#\/schema\/logo\/image\/\",\"url\":\"https:\/\/www.oarcanjo.net\/site\/wp-content\/uploads\/LogoOArcanjo.png\",\"contentUrl\":\"https:\/\/www.oarcanjo.net\/site\/wp-content\/uploads\/LogoOArcanjo.png\",\"width\":319,\"height\":99,\"caption\":\"Par\u00f3quia S\u00e3o Miguel Arcanjo\"},\"image\":{\"@id\":\"https:\/\/www.oarcanjo.net\/site\/#\/schema\/logo\/image\/\"},\"sameAs\":[\"https:\/\/www.facebook.com\/OArcanjoNoAr\/\"]},{\"@type\":\"Person\",\"@id\":\"https:\/\/www.oarcanjo.net\/site\/#\/schema\/person\/f7024d007863202483a31326673a0838\",\"name\":\"editor\",\"sameAs\":[\"http:\/\/www.oarcanjo.net\"]}]}<\/script>\n<!-- \/ Yoast SEO plugin. -->","yoast_head_json":{"title":"Lan\u00e7ada a p\u00e1gina \"Jovens no ar\" - O Arcanjo no ar","robots":{"index":"index","follow":"follow","max-snippet":"max-snippet:-1","max-image-preview":"max-image-preview:large","max-video-preview":"max-video-preview:-1"},"canonical":"https:\/\/www.oarcanjo.net\/site\/lancada-a-pagina-jovens-no-ar\/","og_locale":"pt_BR","og_type":"article","og_title":"Lan\u00e7ada a p\u00e1gina \"Jovens no ar\" - O Arcanjo no ar","og_description":"O site &#8220;O Arcanjo no ar&#8221; abre espa\u00e7o para a juventude com a p\u00e1gina &#8220;Jovens no ar&#8221;. O objetivo \u00e9 mostrar a vis\u00e3o dos pr\u00f3prios jovens sobre a realidade e a f\u00e9. Seguem as frases e depoimentos dos autores do novo espa\u00e7o: Achei muito importante ter lan\u00e7ado o site dos jovens pois n\u00f3s podemos demonstrar [&hellip;]","og_url":"https:\/\/www.oarcanjo.net\/site\/lancada-a-pagina-jovens-no-ar\/","og_site_name":"O Arcanjo no ar","article_publisher":"https:\/\/www.facebook.com\/OArcanjoNoAr\/","article_published_time":"2009-03-28T19:38:14+00:00","article_modified_time":"2009-04-19T14:35:22+00:00","og_image":[{"url":"http:\/\/www.oarcanjo.net\/site\/wp-content\/uploads\/jovensarcanjo.jpg"}],"author":"editor","twitter_card":"summary_large_image","twitter_misc":{"Escrito por":"editor","Est. tempo de leitura":"2 minutos"},"schema":{"@context":"https:\/\/schema.org","@graph":[{"@type":"Article","@id":"https:\/\/www.oarcanjo.net\/site\/lancada-a-pagina-jovens-no-ar\/#article","isPartOf":{"@id":"https:\/\/www.oarcanjo.net\/site\/lancada-a-pagina-jovens-no-ar\/"},"author":{"name":"editor","@id":"https:\/\/www.oarcanjo.net\/site\/#\/schema\/person\/f7024d007863202483a31326673a0838"},"headline":"Lan\u00e7ada a p\u00e1gina &#8220;Jovens no ar&#8221;","datePublished":"2009-03-28T19:38:14+00:00","dateModified":"2009-04-19T14:35:22+00:00","mainEntityOfPage":{"@id":"https:\/\/www.oarcanjo.net\/site\/lancada-a-pagina-jovens-no-ar\/"},"wordCount":381,"commentCount":25,"publisher":{"@id":"https:\/\/www.oarcanjo.net\/site\/#organization"},"image":{"@id":"https:\/\/www.oarcanjo.net\/site\/lancada-a-pagina-jovens-no-ar\/#primaryimage"},"thumbnailUrl":"http:\/\/www.oarcanjo.net\/site\/wp-content\/uploads\/jovensarcanjo.jpg","keywords":["jovem","juventude"],"articleSection":["Jovens"],"inLanguage":"pt-BR","potentialAction":[{"@type":"CommentAction","name":"Comment","target":["https:\/\/www.oarcanjo.net\/site\/lancada-a-pagina-jovens-no-ar\/#respond"]}]},{"@type":"WebPage","@id":"https:\/\/www.oarcanjo.net\/site\/lancada-a-pagina-jovens-no-ar\/","url":"https:\/\/www.oarcanjo.net\/site\/lancada-a-pagina-jovens-no-ar\/","name":"Lan\u00e7ada a p\u00e1gina \"Jovens no ar\" - O Arcanjo no ar","isPartOf":{"@id":"https:\/\/www.oarcanjo.net\/site\/#website"},"primaryImageOfPage":{"@id":"https:\/\/www.oarcanjo.net\/site\/lancada-a-pagina-jovens-no-ar\/#primaryimage"},"image":{"@id":"https:\/\/www.oarcanjo.net\/site\/lancada-a-pagina-jovens-no-ar\/#primaryimage"},"thumbnailUrl":"http:\/\/www.oarcanjo.net\/site\/wp-content\/uploads\/jovensarcanjo.jpg","datePublished":"2009-03-28T19:38:14+00:00","dateModified":"2009-04-19T14:35:22+00:00","breadcrumb":{"@id":"https:\/\/www.oarcanjo.net\/site\/lancada-a-pagina-jovens-no-ar\/#breadcrumb"},"inLanguage":"pt-BR","potentialAction":[{"@type":"ReadAction","target":["https:\/\/www.oarcanjo.net\/site\/lancada-a-pagina-jovens-no-ar\/"]}]},{"@type":"ImageObject","inLanguage":"pt-BR","@id":"https:\/\/www.oarcanjo.net\/site\/lancada-a-pagina-jovens-no-ar\/#primaryimage","url":"https:\/\/www.oarcanjo.net\/site\/wp-content\/uploads\/jovensarcanjo.jpg","contentUrl":"https:\/\/www.oarcanjo.net\/site\/wp-content\/uploads\/jovensarcanjo.jpg","width":640,"height":480},{"@type":"BreadcrumbList","@id":"https:\/\/www.oarcanjo.net\/site\/lancada-a-pagina-jovens-no-ar\/#breadcrumb","itemListElement":[{"@type":"ListItem","position":1,"name":"In\u00edcio","item":"https:\/\/www.oarcanjo.net\/site\/"},{"@type":"ListItem","position":2,"name":"Lan\u00e7ada a p\u00e1gina &#8220;Jovens no ar&#8221;"}]},{"@type":"WebSite","@id":"https:\/\/www.oarcanjo.net\/site\/#website","url":"https:\/\/www.oarcanjo.net\/site\/","name":"O Arcanjo no ar","description":"Site da Par\u00f3quia S\u00e3o Miguel Arcanjo (Arquidiocese de SP)","publisher":{"@id":"https:\/\/www.oarcanjo.net\/site\/#organization"},"potentialAction":[{"@type":"SearchAction","target":{"@type":"EntryPoint","urlTemplate":"https:\/\/www.oarcanjo.net\/site\/?s={search_term_string}"},"query-input":{"@type":"PropertyValueSpecification","valueRequired":true,"valueName":"search_term_string"}}],"inLanguage":"pt-BR"},{"@type":"Organization","@id":"https:\/\/www.oarcanjo.net\/site\/#organization","name":"Par\u00f3quia S\u00e3o Miguel Arcanjo","url":"https:\/\/www.oarcanjo.net\/site\/","logo":{"@type":"ImageObject","inLanguage":"pt-BR","@id":"https:\/\/www.oarcanjo.net\/site\/#\/schema\/logo\/image\/","url":"https:\/\/www.oarcanjo.net\/site\/wp-content\/uploads\/LogoOArcanjo.png","contentUrl":"https:\/\/www.oarcanjo.net\/site\/wp-content\/uploads\/LogoOArcanjo.png","width":319,"height":99,"caption":"Par\u00f3quia S\u00e3o Miguel Arcanjo"},"image":{"@id":"https:\/\/www.oarcanjo.net\/site\/#\/schema\/logo\/image\/"},"sameAs":["https:\/\/www.facebook.com\/OArcanjoNoAr\/"]},{"@type":"Person","@id":"https:\/\/www.oarcanjo.net\/site\/#\/schema\/person\/f7024d007863202483a31326673a0838","name":"editor","sameAs":["http:\/\/www.oarcanjo.net"]}]}},"publishpress_future_action":{"enabled":false,"date":"2026-05-07 08:07:21","action":"category","newStatus":"draft","terms":[],"taxonomy":"category"},"publishpress_future_workflow_manual_trigger":{"enabledWorkflows":[]},"_links":{"self":[{"href":"https:\/\/www.oarcanjo.net\/site\/wp-json\/wp\/v2\/posts\/2583"}],"collection":[{"href":"https:\/\/www.oarcanjo.net\/site\/wp-json\/wp\/v2\/posts"}],"about":[{"href":"https:\/\/www.oarcanjo.net\/site\/wp-json\/wp\/v2\/types\/post"}],"author":[{"embeddable":true,"href":"https:\/\/www.oarcanjo.net\/site\/wp-json\/wp\/v2\/users\/5"}],"replies":[{"embeddable":true,"href":"https:\/\/www.oarcanjo.net\/site\/wp-json\/wp\/v2\/comments?post=2583"}],"version-history":[{"count":0,"href":"https:\/\/www.oarcanjo.net\/site\/wp-json\/wp\/v2\/posts\/2583\/revisions"}],"wp:attachment":[{"href":"https:\/\/www.oarcanjo.net\/site\/wp-json\/wp\/v2\/media?parent=2583"}],"wp:term":[{"taxonomy":"category","embeddable":true,"href":"https:\/\/www.oarcanjo.net\/site\/wp-json\/wp\/v2\/categories?post=2583"},{"taxonomy":"post_tag","embeddable":true,"href":"https:\/\/www.oarcanjo.net\/site\/wp-json\/wp\/v2\/tags?post=2583"}],"curies":[{"name":"wp","href":"https:\/\/api.w.org\/{rel}","templated":true}]}}