
{"id":25950,"date":"2014-04-20T16:47:27","date_gmt":"2014-04-20T19:47:27","guid":{"rendered":"http:\/\/www.oarcanjo.net\/site\/?p=25950"},"modified":"2014-04-27T22:23:57","modified_gmt":"2014-04-28T01:23:58","slug":"pe-julio-29-anos-de-ordenacao","status":"publish","type":"post","link":"https:\/\/www.oarcanjo.net\/site\/pe-julio-29-anos-de-ordenacao\/","title":{"rendered":"Pe J\u00falio 29: anos de ordena\u00e7\u00e3o"},"content":{"rendered":"<p>Estimado e Bondoso,<\/p>\n<p>Monsenhor Julio Lancellotti<\/p>\n<p>Paz e Bem!<\/p>\n<p>Hoje, 20 de abril de 2014, com alegria comemoramos o seu 29\u00ba Anivers\u00e1rio de Vida Sacerdotal.<\/p>\n<p>Como Deus \u00e9 bom!<\/p>\n<p>A Comunidade S\u00e3o Miguel Arcanjo sente um grande respeito e admira\u00e7\u00e3o por seu minist\u00e9rio, repleto de ensinamento e generosidade.<\/p>\n<p>Deus o aben\u00e7oe sempre! E na Sua infinita bondade o conserve por muitos e muitos anos, junto a todos n\u00f3s, que o reconhecemos como Pastor que possui grande estatura espiritual e grande valor sacerdotal.<\/p>\n<p>Parab\u00e9ns!<\/p>\n<p>Muita Paz! Muita Sa\u00fade!<\/p>\n<p>Muita Alegria! Muita Luz!<\/p>\n<p>Comunidade S\u00e3o Miguel Arcanjo<\/p>\n<p>Abaixo quatro fotos, singelamente representativas. Na Par\u00f3quia S\u00e3o Miguel Arcanjo com a comunidade e um pedacinho da sacristia, onde est\u00e3o muitas lembran\u00e7as do Pe Julio e, destacadamente, uma foto da dona Wilma, sempre com uma flor. J\u00e1 na Capela da Universidade S\u00e3o Judas, tamb\u00e9m repleta, a homenagem com flores.<\/p>\n<p><a href=\"http:\/\/www.oarcanjo.net\/site\/wp-content\/uploads\/18.jpg\"><img loading=\"lazy\" decoding=\"async\" class=\"alignleft size-medium wp-image-25952\" src=\"http:\/\/www.oarcanjo.net\/site\/wp-content\/uploads\/18-300x66.jpg\" alt=\"1\" width=\"300\" height=\"66\" srcset=\"https:\/\/www.oarcanjo.net\/site\/wp-content\/uploads\/18-300x66.jpg 300w, https:\/\/www.oarcanjo.net\/site\/wp-content\/uploads\/18.jpg 645w\" sizes=\"(max-width: 300px) 100vw, 300px\" \/><\/a><a href=\"http:\/\/www.oarcanjo.net\/site\/wp-content\/uploads\/28.jpg\"><img loading=\"lazy\" decoding=\"async\" class=\"alignright size-medium wp-image-25954\" src=\"http:\/\/www.oarcanjo.net\/site\/wp-content\/uploads\/28-300x200.jpg\" alt=\"2\" width=\"300\" height=\"200\" srcset=\"https:\/\/www.oarcanjo.net\/site\/wp-content\/uploads\/28-300x200.jpg 300w, https:\/\/www.oarcanjo.net\/site\/wp-content\/uploads\/28.jpg 645w\" sizes=\"(max-width: 300px) 100vw, 300px\" \/><\/a><a href=\"http:\/\/www.oarcanjo.net\/site\/wp-content\/uploads\/34.jpg\"><img loading=\"lazy\" decoding=\"async\" class=\"alignleft size-medium wp-image-25955\" src=\"http:\/\/www.oarcanjo.net\/site\/wp-content\/uploads\/34-300x66.jpg\" alt=\"3\" width=\"300\" height=\"66\" srcset=\"https:\/\/www.oarcanjo.net\/site\/wp-content\/uploads\/34-300x66.jpg 300w, https:\/\/www.oarcanjo.net\/site\/wp-content\/uploads\/34.jpg 645w\" sizes=\"(max-width: 300px) 100vw, 300px\" \/><\/a><a href=\"http:\/\/www.oarcanjo.net\/site\/wp-content\/uploads\/43.jpg\"><img loading=\"lazy\" decoding=\"async\" class=\"alignright size-medium wp-image-25956\" src=\"http:\/\/www.oarcanjo.net\/site\/wp-content\/uploads\/43-300x200.jpg\" alt=\"4\" width=\"300\" height=\"200\" srcset=\"https:\/\/www.oarcanjo.net\/site\/wp-content\/uploads\/43-300x200.jpg 300w, https:\/\/www.oarcanjo.net\/site\/wp-content\/uploads\/43.jpg 645w\" sizes=\"(max-width: 300px) 100vw, 300px\" \/><\/a><\/p>\n<div id=\"themify_builder_content-25950\" data-postid=\"25950\" class=\"themify_builder_content themify_builder_content-25950 themify_builder themify_builder_front\">\n\t<\/div>\n<!-- \/themify_builder_content -->","protected":false},"excerpt":{"rendered":"<p>Estimado e Bondoso, Monsenhor Julio Lancellotti Paz e Bem! Hoje, 20 de abril de 2014, com alegria comemoramos o seu 29\u00ba Anivers\u00e1rio de Vida Sacerdotal. Como Deus \u00e9 bom! A Comunidade S\u00e3o Miguel Arcanjo sente um grande respeito e admira\u00e7\u00e3o por seu minist\u00e9rio, repleto de ensinamento e generosidade. Deus o aben\u00e7oe sempre! E na Sua [&hellip;]<\/p>\n","protected":false},"author":10,"featured_media":0,"comment_status":"open","ping_status":"open","sticky":false,"template":"","format":"standard","meta":{"ngg_post_thumbnail":0,"footnotes":""},"categories":[8,7],"tags":[3056],"yoast_head":"<!-- This site is optimized with the Yoast SEO plugin v23.5 - https:\/\/yoast.com\/wordpress\/plugins\/seo\/ -->\n<title>Pe J\u00falio 29: anos de ordena\u00e7\u00e3o - O Arcanjo no ar<\/title>\n<meta name=\"robots\" content=\"index, follow, max-snippet:-1, max-image-preview:large, max-video-preview:-1\" \/>\n<link rel=\"canonical\" href=\"https:\/\/www.oarcanjo.net\/site\/pe-julio-29-anos-de-ordenacao\/\" \/>\n<meta property=\"og:locale\" content=\"pt_BR\" \/>\n<meta property=\"og:type\" content=\"article\" \/>\n<meta property=\"og:title\" content=\"Pe J\u00falio 29: anos de ordena\u00e7\u00e3o - O Arcanjo no ar\" \/>\n<meta property=\"og:description\" content=\"Estimado e Bondoso, Monsenhor Julio Lancellotti Paz e Bem! Hoje, 20 de abril de 2014, com alegria comemoramos o seu 29\u00ba Anivers\u00e1rio de Vida Sacerdotal. Como Deus \u00e9 bom! A Comunidade S\u00e3o Miguel Arcanjo sente um grande respeito e admira\u00e7\u00e3o por seu minist\u00e9rio, repleto de ensinamento e generosidade. Deus o aben\u00e7oe sempre! E na Sua [&hellip;]\" \/>\n<meta property=\"og:url\" content=\"https:\/\/www.oarcanjo.net\/site\/pe-julio-29-anos-de-ordenacao\/\" \/>\n<meta property=\"og:site_name\" content=\"O Arcanjo no ar\" \/>\n<meta property=\"article:publisher\" content=\"https:\/\/www.facebook.com\/OArcanjoNoAr\/\" \/>\n<meta property=\"article:published_time\" content=\"2014-04-20T19:47:27+00:00\" \/>\n<meta property=\"article:modified_time\" content=\"2014-04-28T01:23:58+00:00\" \/>\n<meta property=\"og:image\" content=\"http:\/\/www.oarcanjo.net\/site\/wp-content\/uploads\/18-300x66.jpg\" \/>\n<meta name=\"author\" content=\"carlos\" \/>\n<meta name=\"twitter:card\" content=\"summary_large_image\" \/>\n<meta name=\"twitter:label1\" content=\"Escrito por\" \/>\n\t<meta name=\"twitter:data1\" content=\"carlos\" \/>\n\t<meta name=\"twitter:label2\" content=\"Est. tempo de leitura\" \/>\n\t<meta name=\"twitter:data2\" content=\"1 minuto\" \/>\n<script type=\"application\/ld+json\" class=\"yoast-schema-graph\">{\"@context\":\"https:\/\/schema.org\",\"@graph\":[{\"@type\":\"Article\",\"@id\":\"https:\/\/www.oarcanjo.net\/site\/pe-julio-29-anos-de-ordenacao\/#article\",\"isPartOf\":{\"@id\":\"https:\/\/www.oarcanjo.net\/site\/pe-julio-29-anos-de-ordenacao\/\"},\"author\":{\"name\":\"carlos\",\"@id\":\"https:\/\/www.oarcanjo.net\/site\/#\/schema\/person\/f7870e710d8c8c30673de3a0ac2e451d\"},\"headline\":\"Pe J\u00falio 29: anos de ordena\u00e7\u00e3o\",\"datePublished\":\"2014-04-20T19:47:27+00:00\",\"dateModified\":\"2014-04-28T01:23:58+00:00\",\"mainEntityOfPage\":{\"@id\":\"https:\/\/www.oarcanjo.net\/site\/pe-julio-29-anos-de-ordenacao\/\"},\"wordCount\":162,\"commentCount\":6,\"publisher\":{\"@id\":\"https:\/\/www.oarcanjo.net\/site\/#organization\"},\"image\":{\"@id\":\"https:\/\/www.oarcanjo.net\/site\/pe-julio-29-anos-de-ordenacao\/#primaryimage\"},\"thumbnailUrl\":\"http:\/\/www.oarcanjo.net\/site\/wp-content\/uploads\/18-300x66.jpg\",\"keywords\":[\"29 anos de ordena\u00e7\u00e3o do Pe Julio\"],\"articleSection\":[\"Not\u00edcias\",\"Rosto da comunidade\"],\"inLanguage\":\"pt-BR\",\"potentialAction\":[{\"@type\":\"CommentAction\",\"name\":\"Comment\",\"target\":[\"https:\/\/www.oarcanjo.net\/site\/pe-julio-29-anos-de-ordenacao\/#respond\"]}]},{\"@type\":\"WebPage\",\"@id\":\"https:\/\/www.oarcanjo.net\/site\/pe-julio-29-anos-de-ordenacao\/\",\"url\":\"https:\/\/www.oarcanjo.net\/site\/pe-julio-29-anos-de-ordenacao\/\",\"name\":\"Pe J\u00falio 29: anos de ordena\u00e7\u00e3o - O Arcanjo no ar\",\"isPartOf\":{\"@id\":\"https:\/\/www.oarcanjo.net\/site\/#website\"},\"primaryImageOfPage\":{\"@id\":\"https:\/\/www.oarcanjo.net\/site\/pe-julio-29-anos-de-ordenacao\/#primaryimage\"},\"image\":{\"@id\":\"https:\/\/www.oarcanjo.net\/site\/pe-julio-29-anos-de-ordenacao\/#primaryimage\"},\"thumbnailUrl\":\"http:\/\/www.oarcanjo.net\/site\/wp-content\/uploads\/18-300x66.jpg\",\"datePublished\":\"2014-04-20T19:47:27+00:00\",\"dateModified\":\"2014-04-28T01:23:58+00:00\",\"breadcrumb\":{\"@id\":\"https:\/\/www.oarcanjo.net\/site\/pe-julio-29-anos-de-ordenacao\/#breadcrumb\"},\"inLanguage\":\"pt-BR\",\"potentialAction\":[{\"@type\":\"ReadAction\",\"target\":[\"https:\/\/www.oarcanjo.net\/site\/pe-julio-29-anos-de-ordenacao\/\"]}]},{\"@type\":\"ImageObject\",\"inLanguage\":\"pt-BR\",\"@id\":\"https:\/\/www.oarcanjo.net\/site\/pe-julio-29-anos-de-ordenacao\/#primaryimage\",\"url\":\"https:\/\/www.oarcanjo.net\/site\/wp-content\/uploads\/18.jpg\",\"contentUrl\":\"https:\/\/www.oarcanjo.net\/site\/wp-content\/uploads\/18.jpg\",\"width\":645,\"height\":142},{\"@type\":\"BreadcrumbList\",\"@id\":\"https:\/\/www.oarcanjo.net\/site\/pe-julio-29-anos-de-ordenacao\/#breadcrumb\",\"itemListElement\":[{\"@type\":\"ListItem\",\"position\":1,\"name\":\"In\u00edcio\",\"item\":\"https:\/\/www.oarcanjo.net\/site\/\"},{\"@type\":\"ListItem\",\"position\":2,\"name\":\"Pe J\u00falio 29: anos de ordena\u00e7\u00e3o\"}]},{\"@type\":\"WebSite\",\"@id\":\"https:\/\/www.oarcanjo.net\/site\/#website\",\"url\":\"https:\/\/www.oarcanjo.net\/site\/\",\"name\":\"O Arcanjo no ar\",\"description\":\"Site da Par\u00f3quia S\u00e3o Miguel Arcanjo (Arquidiocese de SP)\",\"publisher\":{\"@id\":\"https:\/\/www.oarcanjo.net\/site\/#organization\"},\"potentialAction\":[{\"@type\":\"SearchAction\",\"target\":{\"@type\":\"EntryPoint\",\"urlTemplate\":\"https:\/\/www.oarcanjo.net\/site\/?s={search_term_string}\"},\"query-input\":{\"@type\":\"PropertyValueSpecification\",\"valueRequired\":true,\"valueName\":\"search_term_string\"}}],\"inLanguage\":\"pt-BR\"},{\"@type\":\"Organization\",\"@id\":\"https:\/\/www.oarcanjo.net\/site\/#organization\",\"name\":\"Par\u00f3quia S\u00e3o Miguel Arcanjo\",\"url\":\"https:\/\/www.oarcanjo.net\/site\/\",\"logo\":{\"@type\":\"ImageObject\",\"inLanguage\":\"pt-BR\",\"@id\":\"https:\/\/www.oarcanjo.net\/site\/#\/schema\/logo\/image\/\",\"url\":\"https:\/\/www.oarcanjo.net\/site\/wp-content\/uploads\/LogoOArcanjo.png\",\"contentUrl\":\"https:\/\/www.oarcanjo.net\/site\/wp-content\/uploads\/LogoOArcanjo.png\",\"width\":319,\"height\":99,\"caption\":\"Par\u00f3quia S\u00e3o Miguel Arcanjo\"},\"image\":{\"@id\":\"https:\/\/www.oarcanjo.net\/site\/#\/schema\/logo\/image\/\"},\"sameAs\":[\"https:\/\/www.facebook.com\/OArcanjoNoAr\/\"]},{\"@type\":\"Person\",\"@id\":\"https:\/\/www.oarcanjo.net\/site\/#\/schema\/person\/f7870e710d8c8c30673de3a0ac2e451d\",\"name\":\"carlos\"}]}<\/script>\n<!-- \/ Yoast SEO plugin. -->","yoast_head_json":{"title":"Pe J\u00falio 29: anos de ordena\u00e7\u00e3o - O Arcanjo no ar","robots":{"index":"index","follow":"follow","max-snippet":"max-snippet:-1","max-image-preview":"max-image-preview:large","max-video-preview":"max-video-preview:-1"},"canonical":"https:\/\/www.oarcanjo.net\/site\/pe-julio-29-anos-de-ordenacao\/","og_locale":"pt_BR","og_type":"article","og_title":"Pe J\u00falio 29: anos de ordena\u00e7\u00e3o - O Arcanjo no ar","og_description":"Estimado e Bondoso, Monsenhor Julio Lancellotti Paz e Bem! Hoje, 20 de abril de 2014, com alegria comemoramos o seu 29\u00ba Anivers\u00e1rio de Vida Sacerdotal. Como Deus \u00e9 bom! A Comunidade S\u00e3o Miguel Arcanjo sente um grande respeito e admira\u00e7\u00e3o por seu minist\u00e9rio, repleto de ensinamento e generosidade. Deus o aben\u00e7oe sempre! E na Sua [&hellip;]","og_url":"https:\/\/www.oarcanjo.net\/site\/pe-julio-29-anos-de-ordenacao\/","og_site_name":"O Arcanjo no ar","article_publisher":"https:\/\/www.facebook.com\/OArcanjoNoAr\/","article_published_time":"2014-04-20T19:47:27+00:00","article_modified_time":"2014-04-28T01:23:58+00:00","og_image":[{"url":"http:\/\/www.oarcanjo.net\/site\/wp-content\/uploads\/18-300x66.jpg"}],"author":"carlos","twitter_card":"summary_large_image","twitter_misc":{"Escrito por":"carlos","Est. tempo de leitura":"1 minuto"},"schema":{"@context":"https:\/\/schema.org","@graph":[{"@type":"Article","@id":"https:\/\/www.oarcanjo.net\/site\/pe-julio-29-anos-de-ordenacao\/#article","isPartOf":{"@id":"https:\/\/www.oarcanjo.net\/site\/pe-julio-29-anos-de-ordenacao\/"},"author":{"name":"carlos","@id":"https:\/\/www.oarcanjo.net\/site\/#\/schema\/person\/f7870e710d8c8c30673de3a0ac2e451d"},"headline":"Pe J\u00falio 29: anos de ordena\u00e7\u00e3o","datePublished":"2014-04-20T19:47:27+00:00","dateModified":"2014-04-28T01:23:58+00:00","mainEntityOfPage":{"@id":"https:\/\/www.oarcanjo.net\/site\/pe-julio-29-anos-de-ordenacao\/"},"wordCount":162,"commentCount":6,"publisher":{"@id":"https:\/\/www.oarcanjo.net\/site\/#organization"},"image":{"@id":"https:\/\/www.oarcanjo.net\/site\/pe-julio-29-anos-de-ordenacao\/#primaryimage"},"thumbnailUrl":"http:\/\/www.oarcanjo.net\/site\/wp-content\/uploads\/18-300x66.jpg","keywords":["29 anos de ordena\u00e7\u00e3o do Pe Julio"],"articleSection":["Not\u00edcias","Rosto da comunidade"],"inLanguage":"pt-BR","potentialAction":[{"@type":"CommentAction","name":"Comment","target":["https:\/\/www.oarcanjo.net\/site\/pe-julio-29-anos-de-ordenacao\/#respond"]}]},{"@type":"WebPage","@id":"https:\/\/www.oarcanjo.net\/site\/pe-julio-29-anos-de-ordenacao\/","url":"https:\/\/www.oarcanjo.net\/site\/pe-julio-29-anos-de-ordenacao\/","name":"Pe J\u00falio 29: anos de ordena\u00e7\u00e3o - O Arcanjo no ar","isPartOf":{"@id":"https:\/\/www.oarcanjo.net\/site\/#website"},"primaryImageOfPage":{"@id":"https:\/\/www.oarcanjo.net\/site\/pe-julio-29-anos-de-ordenacao\/#primaryimage"},"image":{"@id":"https:\/\/www.oarcanjo.net\/site\/pe-julio-29-anos-de-ordenacao\/#primaryimage"},"thumbnailUrl":"http:\/\/www.oarcanjo.net\/site\/wp-content\/uploads\/18-300x66.jpg","datePublished":"2014-04-20T19:47:27+00:00","dateModified":"2014-04-28T01:23:58+00:00","breadcrumb":{"@id":"https:\/\/www.oarcanjo.net\/site\/pe-julio-29-anos-de-ordenacao\/#breadcrumb"},"inLanguage":"pt-BR","potentialAction":[{"@type":"ReadAction","target":["https:\/\/www.oarcanjo.net\/site\/pe-julio-29-anos-de-ordenacao\/"]}]},{"@type":"ImageObject","inLanguage":"pt-BR","@id":"https:\/\/www.oarcanjo.net\/site\/pe-julio-29-anos-de-ordenacao\/#primaryimage","url":"https:\/\/www.oarcanjo.net\/site\/wp-content\/uploads\/18.jpg","contentUrl":"https:\/\/www.oarcanjo.net\/site\/wp-content\/uploads\/18.jpg","width":645,"height":142},{"@type":"BreadcrumbList","@id":"https:\/\/www.oarcanjo.net\/site\/pe-julio-29-anos-de-ordenacao\/#breadcrumb","itemListElement":[{"@type":"ListItem","position":1,"name":"In\u00edcio","item":"https:\/\/www.oarcanjo.net\/site\/"},{"@type":"ListItem","position":2,"name":"Pe J\u00falio 29: anos de ordena\u00e7\u00e3o"}]},{"@type":"WebSite","@id":"https:\/\/www.oarcanjo.net\/site\/#website","url":"https:\/\/www.oarcanjo.net\/site\/","name":"O Arcanjo no ar","description":"Site da Par\u00f3quia S\u00e3o Miguel Arcanjo (Arquidiocese de SP)","publisher":{"@id":"https:\/\/www.oarcanjo.net\/site\/#organization"},"potentialAction":[{"@type":"SearchAction","target":{"@type":"EntryPoint","urlTemplate":"https:\/\/www.oarcanjo.net\/site\/?s={search_term_string}"},"query-input":{"@type":"PropertyValueSpecification","valueRequired":true,"valueName":"search_term_string"}}],"inLanguage":"pt-BR"},{"@type":"Organization","@id":"https:\/\/www.oarcanjo.net\/site\/#organization","name":"Par\u00f3quia S\u00e3o Miguel Arcanjo","url":"https:\/\/www.oarcanjo.net\/site\/","logo":{"@type":"ImageObject","inLanguage":"pt-BR","@id":"https:\/\/www.oarcanjo.net\/site\/#\/schema\/logo\/image\/","url":"https:\/\/www.oarcanjo.net\/site\/wp-content\/uploads\/LogoOArcanjo.png","contentUrl":"https:\/\/www.oarcanjo.net\/site\/wp-content\/uploads\/LogoOArcanjo.png","width":319,"height":99,"caption":"Par\u00f3quia S\u00e3o Miguel Arcanjo"},"image":{"@id":"https:\/\/www.oarcanjo.net\/site\/#\/schema\/logo\/image\/"},"sameAs":["https:\/\/www.facebook.com\/OArcanjoNoAr\/"]},{"@type":"Person","@id":"https:\/\/www.oarcanjo.net\/site\/#\/schema\/person\/f7870e710d8c8c30673de3a0ac2e451d","name":"carlos"}]}},"publishpress_future_action":{"enabled":false,"date":"2026-05-07 11:46:11","action":"category","newStatus":"draft","terms":[],"taxonomy":"category"},"publishpress_future_workflow_manual_trigger":{"enabledWorkflows":[]},"_links":{"self":[{"href":"https:\/\/www.oarcanjo.net\/site\/wp-json\/wp\/v2\/posts\/25950"}],"collection":[{"href":"https:\/\/www.oarcanjo.net\/site\/wp-json\/wp\/v2\/posts"}],"about":[{"href":"https:\/\/www.oarcanjo.net\/site\/wp-json\/wp\/v2\/types\/post"}],"author":[{"embeddable":true,"href":"https:\/\/www.oarcanjo.net\/site\/wp-json\/wp\/v2\/users\/10"}],"replies":[{"embeddable":true,"href":"https:\/\/www.oarcanjo.net\/site\/wp-json\/wp\/v2\/comments?post=25950"}],"version-history":[{"count":0,"href":"https:\/\/www.oarcanjo.net\/site\/wp-json\/wp\/v2\/posts\/25950\/revisions"}],"wp:attachment":[{"href":"https:\/\/www.oarcanjo.net\/site\/wp-json\/wp\/v2\/media?parent=25950"}],"wp:term":[{"taxonomy":"category","embeddable":true,"href":"https:\/\/www.oarcanjo.net\/site\/wp-json\/wp\/v2\/categories?post=25950"},{"taxonomy":"post_tag","embeddable":true,"href":"https:\/\/www.oarcanjo.net\/site\/wp-json\/wp\/v2\/tags?post=25950"}],"curies":[{"name":"wp","href":"https:\/\/api.w.org\/{rel}","templated":true}]}}