
{"id":2616,"date":"2009-03-30T22:18:09","date_gmt":"2009-03-31T01:18:09","guid":{"rendered":"http:\/\/www.oarcanjo.net\/site\/?p=2616"},"modified":"2009-03-30T22:18:09","modified_gmt":"2009-03-31T01:18:09","slug":"nossa-cruz-de-cada-dia","status":"publish","type":"post","link":"https:\/\/www.oarcanjo.net\/site\/nossa-cruz-de-cada-dia\/","title":{"rendered":"Nossa Cruz de cada dia"},"content":{"rendered":"<p>Marcelo Barros<\/p>\n<p>Toda pessoa, religiosa ou n\u00e3o, \u00e9 ferida por uma car\u00eancia. No mais \u00edntimo do seu ser, se insinua o desejo de algo indefin\u00edvel e que a pr\u00f3pria pessoa n\u00e3o traduz. De um lado, se pensa na consci\u00eancia da pr\u00f3pria fragilidade e, do outro, n\u00e3o h\u00e1 como negar: o cora\u00e7\u00e3o humano permanece inquieto em busca de uma esp\u00e9cie de infinitude. De fato, muita gente procura expressar ou saciar esta sede na f\u00e9, ou em algum grupo religioso. Na hist\u00f3ria, os grandes l\u00edderes espirituais se consagraram a responder a este anseio da humanidade por uma plenitude nunca alcan\u00e7ada. Muitas outras pessoas preferem expressar sua busca atrav\u00e9s de uma vida \u00e9tica e baseada na solidariedade. <\/p>\n<p>Jesus de Nazar\u00e9 consagrou sua vida a fazer destes valores maiores da humanidade os sinais do que ele chamava &#8220;o reinado de Deus&#8221;, mesmo fora do \u00e2mbito religioso. O templo de Deus \u00e9 o ser humano e o mais sagrado da vida \u00e9 o amor-solidariedade pelo qual ele deu a vida.<\/p>\n<p>Nesta pr\u00f3xima semana, os crist\u00e3os celebram a Semana Santa. Quem n\u00e3o \u00e9 de Igreja pode se espantar com a linguagem ainda violenta com a qual a tradi\u00e7\u00e3o interpreta a paix\u00e3o de Jesus. Ainda se escuta que \u00e9 o sangue de Cristo que salva e que o sacrif\u00edcio dele na cruz foi necess\u00e1rio e bom para a salva\u00e7\u00e3o do pecado. \u00c9 uma linguagem que isola a paix\u00e3o do resto da vida de Jesus e a restringe \u00e0 viol\u00eancia e ao seu valor no plano moral. Como diz o te\u00f3logo Jon Sobrino: &#8220;toda a vida de Jesus, tudo o que ele fez, disse, todos os seus conflitos e sua fidelidade ao projeto divino da solidariedade \u00e9 que salva a humanidade da sua mediocridade e d\u00e1 o seu Esp\u00edrito a toda pessoa que quer continuar este caminho&#8221;. Leonardo Boff completa: &#8220;O que \u00e9 redentor em Jesus n\u00e3o \u00e9 propriamente a cruz, nem o sangue, nem a morte, tomados em si mesmos. Mas \u00e9 a sua atitude de amor, entrega e de perd\u00e3o&#8221;.<\/p>\n<p>A morte na cruz foi arquitetada pelas autoridades religiosas judaicas que n\u00e3o suportaram sua profecia e a execu\u00e7\u00e3o foi decidida e posta em pr\u00e1tica pelos romanos que tratavam com a cruz os escravos rebeldes. Nada tem de santo, nem de positivo. N\u00e3o foi do agrado de Deus, que, por outro lado, acolheu a fidelidade do Filho e sofreu com ele o supl\u00edcio de uma morte violenta, fruto do mal e da iniquidade do mundo.<\/p>\n<p>Esta rejei\u00e7\u00e3o ao amor e \u00e0 solidariedade se expressou daquele modo no tempo de Jesus e se encarna, hoje, em mil cruzes que as pessoas preparam para outras pessoas humanas, de modo que, no mundo, continuam a existir milh\u00f5es de crucificados. Cada pessoa, v\u00edtima do desamor, do ego\u00edsmo e da crueldade do mundo, assim como das discrimina\u00e7\u00f5es de todos os tipos, pende de uma cruz que recorda e atualiza a cruz de Jesus.<\/p>\n<p>Esta nos faz rever nossa imagem de Deus. Se Deus \u00e9 amor, \u00e9 porque assume o sofrimento da humanidade. N\u00e3o interv\u00e9m diretamente na hist\u00f3ria, mas seu Esp\u00edrito inspira e d\u00e1 for\u00e7a aos que trabalham pela paz, pela justi\u00e7a e pela transforma\u00e7\u00e3o deste mundo.<\/p>\n<p>A Semana Santa, com seus ritos antigos e suas pr\u00e1ticas tradicionais recorda a entrega de Jesus, n\u00e3o para retir\u00e1-la da hist\u00f3ria e transport\u00e1-la para o n\u00edvel de um acontecimento transcendente e sim para convidar todos os crist\u00e3os e n\u00e3o crist\u00e3os ao seguimento da proposta de Jesus e fazer de sua vida uma exist\u00eancia consagrada \u00e0 justi\u00e7a, ao amor e \u00e0 solidariedade.<\/p>\n<div id=\"themify_builder_content-2616\" data-postid=\"2616\" class=\"themify_builder_content themify_builder_content-2616 themify_builder themify_builder_front\">\n\t<\/div>\n<!-- \/themify_builder_content -->","protected":false},"excerpt":{"rendered":"<p>Marcelo Barros Toda pessoa, religiosa ou n\u00e3o, \u00e9 ferida por uma car\u00eancia. No mais \u00edntimo do seu ser, se insinua o desejo de algo indefin\u00edvel e que a pr\u00f3pria pessoa n\u00e3o traduz. De um lado, se pensa na consci\u00eancia da pr\u00f3pria fragilidade e, do outro, n\u00e3o h\u00e1 como negar: o cora\u00e7\u00e3o humano permanece inquieto em [&hellip;]<\/p>\n","protected":false},"author":5,"featured_media":0,"comment_status":"open","ping_status":"open","sticky":false,"template":"","format":"standard","meta":{"ngg_post_thumbnail":0,"footnotes":""},"categories":[9],"tags":[424,397],"yoast_head":"<!-- This site is optimized with the Yoast SEO plugin v23.5 - https:\/\/yoast.com\/wordpress\/plugins\/seo\/ -->\n<title>Nossa Cruz de cada dia - O Arcanjo no ar<\/title>\n<meta name=\"robots\" content=\"index, follow, max-snippet:-1, max-image-preview:large, max-video-preview:-1\" \/>\n<link rel=\"canonical\" href=\"https:\/\/www.oarcanjo.net\/site\/nossa-cruz-de-cada-dia\/\" \/>\n<meta property=\"og:locale\" content=\"pt_BR\" \/>\n<meta property=\"og:type\" content=\"article\" \/>\n<meta property=\"og:title\" content=\"Nossa Cruz de cada dia - O Arcanjo no ar\" \/>\n<meta property=\"og:description\" content=\"Marcelo Barros Toda pessoa, religiosa ou n\u00e3o, \u00e9 ferida por uma car\u00eancia. No mais \u00edntimo do seu ser, se insinua o desejo de algo indefin\u00edvel e que a pr\u00f3pria pessoa n\u00e3o traduz. De um lado, se pensa na consci\u00eancia da pr\u00f3pria fragilidade e, do outro, n\u00e3o h\u00e1 como negar: o cora\u00e7\u00e3o humano permanece inquieto em [&hellip;]\" \/>\n<meta property=\"og:url\" content=\"https:\/\/www.oarcanjo.net\/site\/nossa-cruz-de-cada-dia\/\" \/>\n<meta property=\"og:site_name\" content=\"O Arcanjo no ar\" \/>\n<meta property=\"article:publisher\" content=\"https:\/\/www.facebook.com\/OArcanjoNoAr\/\" \/>\n<meta property=\"article:published_time\" content=\"2009-03-31T01:18:09+00:00\" \/>\n<meta property=\"og:image\" content=\"https:\/\/www.oarcanjo.net\/site\/wp-content\/uploads\/logo-o-arcanjo-no-ar-facebook.png\" \/>\n\t<meta property=\"og:image:width\" content=\"300\" \/>\n\t<meta property=\"og:image:height\" content=\"300\" \/>\n\t<meta property=\"og:image:type\" content=\"image\/png\" \/>\n<meta name=\"author\" content=\"editor\" \/>\n<meta name=\"twitter:card\" content=\"summary_large_image\" \/>\n<meta name=\"twitter:label1\" content=\"Escrito por\" \/>\n\t<meta name=\"twitter:data1\" content=\"editor\" \/>\n\t<meta name=\"twitter:label2\" content=\"Est. tempo de leitura\" \/>\n\t<meta name=\"twitter:data2\" content=\"3 minutos\" \/>\n<script type=\"application\/ld+json\" class=\"yoast-schema-graph\">{\"@context\":\"https:\/\/schema.org\",\"@graph\":[{\"@type\":\"Article\",\"@id\":\"https:\/\/www.oarcanjo.net\/site\/nossa-cruz-de-cada-dia\/#article\",\"isPartOf\":{\"@id\":\"https:\/\/www.oarcanjo.net\/site\/nossa-cruz-de-cada-dia\/\"},\"author\":{\"name\":\"editor\",\"@id\":\"https:\/\/www.oarcanjo.net\/site\/#\/schema\/person\/f7024d007863202483a31326673a0838\"},\"headline\":\"Nossa Cruz de cada dia\",\"datePublished\":\"2009-03-31T01:18:09+00:00\",\"dateModified\":\"2009-03-31T01:18:09+00:00\",\"mainEntityOfPage\":{\"@id\":\"https:\/\/www.oarcanjo.net\/site\/nossa-cruz-de-cada-dia\/\"},\"wordCount\":630,\"commentCount\":3,\"publisher\":{\"@id\":\"https:\/\/www.oarcanjo.net\/site\/#organization\"},\"keywords\":[\"paix\u00e3o de Jesus Cristo\",\"Semana Santa\"],\"articleSection\":[\"Reflex\u00f5es\"],\"inLanguage\":\"pt-BR\",\"potentialAction\":[{\"@type\":\"CommentAction\",\"name\":\"Comment\",\"target\":[\"https:\/\/www.oarcanjo.net\/site\/nossa-cruz-de-cada-dia\/#respond\"]}]},{\"@type\":\"WebPage\",\"@id\":\"https:\/\/www.oarcanjo.net\/site\/nossa-cruz-de-cada-dia\/\",\"url\":\"https:\/\/www.oarcanjo.net\/site\/nossa-cruz-de-cada-dia\/\",\"name\":\"Nossa Cruz de cada dia - O Arcanjo no ar\",\"isPartOf\":{\"@id\":\"https:\/\/www.oarcanjo.net\/site\/#website\"},\"datePublished\":\"2009-03-31T01:18:09+00:00\",\"dateModified\":\"2009-03-31T01:18:09+00:00\",\"breadcrumb\":{\"@id\":\"https:\/\/www.oarcanjo.net\/site\/nossa-cruz-de-cada-dia\/#breadcrumb\"},\"inLanguage\":\"pt-BR\",\"potentialAction\":[{\"@type\":\"ReadAction\",\"target\":[\"https:\/\/www.oarcanjo.net\/site\/nossa-cruz-de-cada-dia\/\"]}]},{\"@type\":\"BreadcrumbList\",\"@id\":\"https:\/\/www.oarcanjo.net\/site\/nossa-cruz-de-cada-dia\/#breadcrumb\",\"itemListElement\":[{\"@type\":\"ListItem\",\"position\":1,\"name\":\"In\u00edcio\",\"item\":\"https:\/\/www.oarcanjo.net\/site\/\"},{\"@type\":\"ListItem\",\"position\":2,\"name\":\"Nossa Cruz de cada dia\"}]},{\"@type\":\"WebSite\",\"@id\":\"https:\/\/www.oarcanjo.net\/site\/#website\",\"url\":\"https:\/\/www.oarcanjo.net\/site\/\",\"name\":\"O Arcanjo no ar\",\"description\":\"Site da Par\u00f3quia S\u00e3o Miguel Arcanjo (Arquidiocese de SP)\",\"publisher\":{\"@id\":\"https:\/\/www.oarcanjo.net\/site\/#organization\"},\"potentialAction\":[{\"@type\":\"SearchAction\",\"target\":{\"@type\":\"EntryPoint\",\"urlTemplate\":\"https:\/\/www.oarcanjo.net\/site\/?s={search_term_string}\"},\"query-input\":{\"@type\":\"PropertyValueSpecification\",\"valueRequired\":true,\"valueName\":\"search_term_string\"}}],\"inLanguage\":\"pt-BR\"},{\"@type\":\"Organization\",\"@id\":\"https:\/\/www.oarcanjo.net\/site\/#organization\",\"name\":\"Par\u00f3quia S\u00e3o Miguel Arcanjo\",\"url\":\"https:\/\/www.oarcanjo.net\/site\/\",\"logo\":{\"@type\":\"ImageObject\",\"inLanguage\":\"pt-BR\",\"@id\":\"https:\/\/www.oarcanjo.net\/site\/#\/schema\/logo\/image\/\",\"url\":\"https:\/\/www.oarcanjo.net\/site\/wp-content\/uploads\/LogoOArcanjo.png\",\"contentUrl\":\"https:\/\/www.oarcanjo.net\/site\/wp-content\/uploads\/LogoOArcanjo.png\",\"width\":319,\"height\":99,\"caption\":\"Par\u00f3quia S\u00e3o Miguel Arcanjo\"},\"image\":{\"@id\":\"https:\/\/www.oarcanjo.net\/site\/#\/schema\/logo\/image\/\"},\"sameAs\":[\"https:\/\/www.facebook.com\/OArcanjoNoAr\/\"]},{\"@type\":\"Person\",\"@id\":\"https:\/\/www.oarcanjo.net\/site\/#\/schema\/person\/f7024d007863202483a31326673a0838\",\"name\":\"editor\",\"sameAs\":[\"http:\/\/www.oarcanjo.net\"]}]}<\/script>\n<!-- \/ Yoast SEO plugin. -->","yoast_head_json":{"title":"Nossa Cruz de cada dia - O Arcanjo no ar","robots":{"index":"index","follow":"follow","max-snippet":"max-snippet:-1","max-image-preview":"max-image-preview:large","max-video-preview":"max-video-preview:-1"},"canonical":"https:\/\/www.oarcanjo.net\/site\/nossa-cruz-de-cada-dia\/","og_locale":"pt_BR","og_type":"article","og_title":"Nossa Cruz de cada dia - O Arcanjo no ar","og_description":"Marcelo Barros Toda pessoa, religiosa ou n\u00e3o, \u00e9 ferida por uma car\u00eancia. No mais \u00edntimo do seu ser, se insinua o desejo de algo indefin\u00edvel e que a pr\u00f3pria pessoa n\u00e3o traduz. De um lado, se pensa na consci\u00eancia da pr\u00f3pria fragilidade e, do outro, n\u00e3o h\u00e1 como negar: o cora\u00e7\u00e3o humano permanece inquieto em [&hellip;]","og_url":"https:\/\/www.oarcanjo.net\/site\/nossa-cruz-de-cada-dia\/","og_site_name":"O Arcanjo no ar","article_publisher":"https:\/\/www.facebook.com\/OArcanjoNoAr\/","article_published_time":"2009-03-31T01:18:09+00:00","og_image":[{"width":300,"height":300,"url":"https:\/\/www.oarcanjo.net\/site\/wp-content\/uploads\/logo-o-arcanjo-no-ar-facebook.png","type":"image\/png"}],"author":"editor","twitter_card":"summary_large_image","twitter_misc":{"Escrito por":"editor","Est. tempo de leitura":"3 minutos"},"schema":{"@context":"https:\/\/schema.org","@graph":[{"@type":"Article","@id":"https:\/\/www.oarcanjo.net\/site\/nossa-cruz-de-cada-dia\/#article","isPartOf":{"@id":"https:\/\/www.oarcanjo.net\/site\/nossa-cruz-de-cada-dia\/"},"author":{"name":"editor","@id":"https:\/\/www.oarcanjo.net\/site\/#\/schema\/person\/f7024d007863202483a31326673a0838"},"headline":"Nossa Cruz de cada dia","datePublished":"2009-03-31T01:18:09+00:00","dateModified":"2009-03-31T01:18:09+00:00","mainEntityOfPage":{"@id":"https:\/\/www.oarcanjo.net\/site\/nossa-cruz-de-cada-dia\/"},"wordCount":630,"commentCount":3,"publisher":{"@id":"https:\/\/www.oarcanjo.net\/site\/#organization"},"keywords":["paix\u00e3o de Jesus Cristo","Semana Santa"],"articleSection":["Reflex\u00f5es"],"inLanguage":"pt-BR","potentialAction":[{"@type":"CommentAction","name":"Comment","target":["https:\/\/www.oarcanjo.net\/site\/nossa-cruz-de-cada-dia\/#respond"]}]},{"@type":"WebPage","@id":"https:\/\/www.oarcanjo.net\/site\/nossa-cruz-de-cada-dia\/","url":"https:\/\/www.oarcanjo.net\/site\/nossa-cruz-de-cada-dia\/","name":"Nossa Cruz de cada dia - O Arcanjo no ar","isPartOf":{"@id":"https:\/\/www.oarcanjo.net\/site\/#website"},"datePublished":"2009-03-31T01:18:09+00:00","dateModified":"2009-03-31T01:18:09+00:00","breadcrumb":{"@id":"https:\/\/www.oarcanjo.net\/site\/nossa-cruz-de-cada-dia\/#breadcrumb"},"inLanguage":"pt-BR","potentialAction":[{"@type":"ReadAction","target":["https:\/\/www.oarcanjo.net\/site\/nossa-cruz-de-cada-dia\/"]}]},{"@type":"BreadcrumbList","@id":"https:\/\/www.oarcanjo.net\/site\/nossa-cruz-de-cada-dia\/#breadcrumb","itemListElement":[{"@type":"ListItem","position":1,"name":"In\u00edcio","item":"https:\/\/www.oarcanjo.net\/site\/"},{"@type":"ListItem","position":2,"name":"Nossa Cruz de cada dia"}]},{"@type":"WebSite","@id":"https:\/\/www.oarcanjo.net\/site\/#website","url":"https:\/\/www.oarcanjo.net\/site\/","name":"O Arcanjo no ar","description":"Site da Par\u00f3quia S\u00e3o Miguel Arcanjo (Arquidiocese de SP)","publisher":{"@id":"https:\/\/www.oarcanjo.net\/site\/#organization"},"potentialAction":[{"@type":"SearchAction","target":{"@type":"EntryPoint","urlTemplate":"https:\/\/www.oarcanjo.net\/site\/?s={search_term_string}"},"query-input":{"@type":"PropertyValueSpecification","valueRequired":true,"valueName":"search_term_string"}}],"inLanguage":"pt-BR"},{"@type":"Organization","@id":"https:\/\/www.oarcanjo.net\/site\/#organization","name":"Par\u00f3quia S\u00e3o Miguel Arcanjo","url":"https:\/\/www.oarcanjo.net\/site\/","logo":{"@type":"ImageObject","inLanguage":"pt-BR","@id":"https:\/\/www.oarcanjo.net\/site\/#\/schema\/logo\/image\/","url":"https:\/\/www.oarcanjo.net\/site\/wp-content\/uploads\/LogoOArcanjo.png","contentUrl":"https:\/\/www.oarcanjo.net\/site\/wp-content\/uploads\/LogoOArcanjo.png","width":319,"height":99,"caption":"Par\u00f3quia S\u00e3o Miguel Arcanjo"},"image":{"@id":"https:\/\/www.oarcanjo.net\/site\/#\/schema\/logo\/image\/"},"sameAs":["https:\/\/www.facebook.com\/OArcanjoNoAr\/"]},{"@type":"Person","@id":"https:\/\/www.oarcanjo.net\/site\/#\/schema\/person\/f7024d007863202483a31326673a0838","name":"editor","sameAs":["http:\/\/www.oarcanjo.net"]}]}},"publishpress_future_action":{"enabled":false,"date":"2026-05-09 00:29:03","action":"category","newStatus":"draft","terms":[],"taxonomy":"category"},"publishpress_future_workflow_manual_trigger":{"enabledWorkflows":[]},"_links":{"self":[{"href":"https:\/\/www.oarcanjo.net\/site\/wp-json\/wp\/v2\/posts\/2616"}],"collection":[{"href":"https:\/\/www.oarcanjo.net\/site\/wp-json\/wp\/v2\/posts"}],"about":[{"href":"https:\/\/www.oarcanjo.net\/site\/wp-json\/wp\/v2\/types\/post"}],"author":[{"embeddable":true,"href":"https:\/\/www.oarcanjo.net\/site\/wp-json\/wp\/v2\/users\/5"}],"replies":[{"embeddable":true,"href":"https:\/\/www.oarcanjo.net\/site\/wp-json\/wp\/v2\/comments?post=2616"}],"version-history":[{"count":0,"href":"https:\/\/www.oarcanjo.net\/site\/wp-json\/wp\/v2\/posts\/2616\/revisions"}],"wp:attachment":[{"href":"https:\/\/www.oarcanjo.net\/site\/wp-json\/wp\/v2\/media?parent=2616"}],"wp:term":[{"taxonomy":"category","embeddable":true,"href":"https:\/\/www.oarcanjo.net\/site\/wp-json\/wp\/v2\/categories?post=2616"},{"taxonomy":"post_tag","embeddable":true,"href":"https:\/\/www.oarcanjo.net\/site\/wp-json\/wp\/v2\/tags?post=2616"}],"curies":[{"name":"wp","href":"https:\/\/api.w.org\/{rel}","templated":true}]}}