
{"id":2618,"date":"2009-03-30T20:40:10","date_gmt":"2009-03-30T23:40:10","guid":{"rendered":"http:\/\/www.oarcanjo.net\/site\/?p=2618"},"modified":"2009-03-30T22:21:54","modified_gmt":"2009-03-31T01:21:54","slug":"jerusalem-em-ti-as-nossas-fontes-todas","status":"publish","type":"post","link":"https:\/\/www.oarcanjo.net\/site\/jerusalem-em-ti-as-nossas-fontes-todas\/","title":{"rendered":"Jerusal\u00e9m: Em ti as nossas fontes todas"},"content":{"rendered":"<p>Maria Clara Lucchetti Bingemer<\/p>\n<p>Brejo da Madre de Deus \u00e9 uma obscura cidade do agreste pernambucano. Clima seco e 35 mil habitantes. Casas azulejadas entre pedras e vegeta\u00e7\u00e3o rasteira. No entanto, dentro de menos de duas semanas, o brejo que tem o nome da M\u00e3e de Deus ser\u00e1 mais uma vez o lugar para onde convergir\u00e1 uma peregrina\u00e7\u00e3o de 200 mil pessoas. Ali acontecer\u00e1, na cidade cenogr\u00e1fica de Nova Jerusal\u00e9m, a encena\u00e7\u00e3o dos tr\u00eas dias que uma parte consider\u00e1vel da humanidade considera o apogeu de sua hist\u00f3ria: a Paix\u00e3o de Jesus Cristo. <\/p>\n<p>Mais de 2000 anos se passaram, o mundo mudou vertiginosa e radicalmente. Por\u00e9m, a atra\u00e7\u00e3o exercida por esse obscuro Galileu permanece de forma impressionante e ineg\u00e1vel. A pequena cidade pernambucana ser\u00e1, mais uma vez, cen\u00e1rio do in\u00edcio da trajet\u00f3ria de Jesus de Nazar\u00e9, em Jerusal\u00e9m. Cidade santa para o juda\u00edsmo, centro da religi\u00e3o, ali estavam situados o templo, o Sin\u00e9drio e as institui\u00e7\u00f5es mais importantes da Palestina daquele tempo.<\/p>\n<p>O povo de Israel v\u00ea em Jerusal\u00e9m uma cidade eleita por Deus, o qual em seu monte Si\u00e3o erige novo Sinai, onde uma nova Lei \u00e9 dada e recebida. Lugar da manifesta\u00e7\u00e3o definitiva da gl\u00f3ria divina e meta da esperan\u00e7a escatol\u00f3gica, Jerusal\u00e9m acolhia os israelitas peregrinos que iam oferecer sacrif\u00edcios em seu templo, olhando desejosos para os tempos messi\u00e2nicos, quando todas as tribos e na\u00e7\u00f5es ali se reuniriam.<\/p>\n<p>Por isso o salmista aclama Jerusal\u00e9m como a noiva do Senhor, da qual se anuncia um glorioso destino: ser o lugar de nascimento de todos os homens, um por um, pois foi o pr\u00f3prio Alt\u00edssimo quem a fundou. E o povo exalta sua amada cidade em meio a cantos de j\u00fabilo e alegres dan\u00e7as: &#8220;Todas as minhas fontes se acham em ti.&#8221; .<\/p>\n<p>A primeira comunidade crist\u00e3, nascida no seio do juda\u00edsmo, narra a vida de Jesus de Nazar\u00e9, o carpinteiro Galileu que fazia milagres, multiplicava p\u00e3es, amava pobres e crian\u00e7as, deixava-se tocar por mulheres e leprosos e comia com publicanos e pecadores, como uma subida at\u00e9 Jerusal\u00e9m. Subida que se intensifica a partir do momento em que o pr\u00f3prio Jesus toma o caminho da cidade santa n\u00e3o como rei glorioso, mas como profeta e servidor destinado a sofrer e morrer pela salva\u00e7\u00e3o do povo.<\/p>\n<p>A entrada de Jesus na cidade se faz de forma humilde e pobre. Pois, apesar da aclama\u00e7\u00e3o que o sa\u00fada, Aquele que vem caminha ao encontro da morte e n\u00e3o da gl\u00f3ria. Sobre a cidade que seria o lugar de seu mart\u00edrio, Jesus chora de frustrado desejo de reunir todos os seus filhos &#8220;como uma galinha abriga os pintinhos sob suas asas&#8221;. E o drama que ali acontecer\u00e1 dentro de poucos dias vai confirmar a tradi\u00e7\u00e3o de que &#8220;n\u00e3o conv\u00e9m que um profeta morra fora de Jerusal\u00e9m.&#8221;<\/p>\n<p>Como toda realidade humana, Jerusal\u00e9m se revelar\u00e1 santa mas tamb\u00e9m pecadora. E sua destrui\u00e7\u00e3o por volta do ano 70 \u00e9 por muitos interpretada em coer\u00eancia com as dores que deveriam presidir os tempos messi\u00e2nicos. No entanto, outra interpreta\u00e7\u00e3o aconteceu com igual for\u00e7a e foi acolhida por uma parte da humanidade. A Cidade Santa, a Nova Jerusal\u00e9m, n\u00e3o ser\u00e1 mais uma cidade edificada com pedras e tijolos, mas o corpo humano, no corpo de Jesus que sofreu sua Paix\u00e3o fora de suas portas.<\/p>\n<p>E por isso, at\u00e9 hoje, e sempre e para sempre, se pode continuar entoando o salmo e dizendo: &#8220;Em ti nossas fontes todas. Em ti todo homem nasceu.&#8221; Pois o que nasce sempre de novo em Jerusal\u00e9m \u00e9 a esperan\u00e7a da humanidade em que o amor \u00e9 mais forte do que a morte e a convic\u00e7\u00e3o de que os conflitos acontecem mas n\u00e3o aniquilam a cria\u00e7\u00e3o de Deus e sim a fazem nascer, renascer.<\/p>\n<p>E por isso Jerusal\u00e9m est\u00e1 presente em todo lugar. No Oriente M\u00e9dio e tamb\u00e9m em Brejo da M\u00e3e de Deus, onde uma vez mais, durante a Semana Santa, a multid\u00e3o contemplar\u00e1 a Paix\u00e3o do Galileu que amou at\u00e9 o fim e em quem a comunidade reconheceu o Filho de Deus. Seja qual for nossa f\u00e9, o sopro singular que vem de Jerusal\u00e9m nos diz que por mais obscura e aterrorizante que pare\u00e7a a realidade, h\u00e1 um lugar, n\u00e3o geogr\u00e1fico, mas Transcendente, onde est\u00e3o todas as nossas fontes todas e onde todo homem nasce e re-nasce a cada dia.<\/p>\n<div id=\"themify_builder_content-2618\" data-postid=\"2618\" class=\"themify_builder_content themify_builder_content-2618 themify_builder themify_builder_front\">\n\t<\/div>\n<!-- \/themify_builder_content -->","protected":false},"excerpt":{"rendered":"<p>Maria Clara Lucchetti Bingemer Brejo da Madre de Deus \u00e9 uma obscura cidade do agreste pernambucano. Clima seco e 35 mil habitantes. Casas azulejadas entre pedras e vegeta\u00e7\u00e3o rasteira. No entanto, dentro de menos de duas semanas, o brejo que tem o nome da M\u00e3e de Deus ser\u00e1 mais uma vez o lugar para onde [&hellip;]<\/p>\n","protected":false},"author":5,"featured_media":0,"comment_status":"open","ping_status":"open","sticky":false,"template":"","format":"standard","meta":{"ngg_post_thumbnail":0,"footnotes":""},"categories":[9],"tags":[425,424,397],"yoast_head":"<!-- This site is optimized with the Yoast SEO plugin v23.5 - https:\/\/yoast.com\/wordpress\/plugins\/seo\/ -->\n<title>Jerusal\u00e9m: Em ti as nossas fontes todas - O Arcanjo no ar<\/title>\n<meta name=\"robots\" content=\"index, follow, max-snippet:-1, max-image-preview:large, max-video-preview:-1\" \/>\n<link rel=\"canonical\" href=\"https:\/\/www.oarcanjo.net\/site\/jerusalem-em-ti-as-nossas-fontes-todas\/\" \/>\n<meta property=\"og:locale\" content=\"pt_BR\" \/>\n<meta property=\"og:type\" content=\"article\" \/>\n<meta property=\"og:title\" content=\"Jerusal\u00e9m: Em ti as nossas fontes todas - O Arcanjo no ar\" \/>\n<meta property=\"og:description\" content=\"Maria Clara Lucchetti Bingemer Brejo da Madre de Deus \u00e9 uma obscura cidade do agreste pernambucano. Clima seco e 35 mil habitantes. Casas azulejadas entre pedras e vegeta\u00e7\u00e3o rasteira. No entanto, dentro de menos de duas semanas, o brejo que tem o nome da M\u00e3e de Deus ser\u00e1 mais uma vez o lugar para onde [&hellip;]\" \/>\n<meta property=\"og:url\" content=\"https:\/\/www.oarcanjo.net\/site\/jerusalem-em-ti-as-nossas-fontes-todas\/\" \/>\n<meta property=\"og:site_name\" content=\"O Arcanjo no ar\" \/>\n<meta property=\"article:publisher\" content=\"https:\/\/www.facebook.com\/OArcanjoNoAr\/\" \/>\n<meta property=\"article:published_time\" content=\"2009-03-30T23:40:10+00:00\" \/>\n<meta property=\"article:modified_time\" content=\"2009-03-31T01:21:54+00:00\" \/>\n<meta property=\"og:image\" content=\"https:\/\/www.oarcanjo.net\/site\/wp-content\/uploads\/logo-o-arcanjo-no-ar-facebook.png\" \/>\n\t<meta property=\"og:image:width\" content=\"300\" \/>\n\t<meta property=\"og:image:height\" content=\"300\" \/>\n\t<meta property=\"og:image:type\" content=\"image\/png\" \/>\n<meta name=\"author\" content=\"editor\" \/>\n<meta name=\"twitter:card\" content=\"summary_large_image\" \/>\n<meta name=\"twitter:label1\" content=\"Escrito por\" \/>\n\t<meta name=\"twitter:data1\" content=\"editor\" \/>\n\t<meta name=\"twitter:label2\" content=\"Est. tempo de leitura\" \/>\n\t<meta name=\"twitter:data2\" content=\"4 minutos\" \/>\n<script type=\"application\/ld+json\" class=\"yoast-schema-graph\">{\"@context\":\"https:\/\/schema.org\",\"@graph\":[{\"@type\":\"Article\",\"@id\":\"https:\/\/www.oarcanjo.net\/site\/jerusalem-em-ti-as-nossas-fontes-todas\/#article\",\"isPartOf\":{\"@id\":\"https:\/\/www.oarcanjo.net\/site\/jerusalem-em-ti-as-nossas-fontes-todas\/\"},\"author\":{\"name\":\"editor\",\"@id\":\"https:\/\/www.oarcanjo.net\/site\/#\/schema\/person\/f7024d007863202483a31326673a0838\"},\"headline\":\"Jerusal\u00e9m: Em ti as nossas fontes todas\",\"datePublished\":\"2009-03-30T23:40:10+00:00\",\"dateModified\":\"2009-03-31T01:21:54+00:00\",\"mainEntityOfPage\":{\"@id\":\"https:\/\/www.oarcanjo.net\/site\/jerusalem-em-ti-as-nossas-fontes-todas\/\"},\"wordCount\":791,\"commentCount\":0,\"publisher\":{\"@id\":\"https:\/\/www.oarcanjo.net\/site\/#organization\"},\"keywords\":[\"Jerusal\u00e9m\",\"paix\u00e3o de Jesus Cristo\",\"Semana Santa\"],\"articleSection\":[\"Reflex\u00f5es\"],\"inLanguage\":\"pt-BR\",\"potentialAction\":[{\"@type\":\"CommentAction\",\"name\":\"Comment\",\"target\":[\"https:\/\/www.oarcanjo.net\/site\/jerusalem-em-ti-as-nossas-fontes-todas\/#respond\"]}]},{\"@type\":\"WebPage\",\"@id\":\"https:\/\/www.oarcanjo.net\/site\/jerusalem-em-ti-as-nossas-fontes-todas\/\",\"url\":\"https:\/\/www.oarcanjo.net\/site\/jerusalem-em-ti-as-nossas-fontes-todas\/\",\"name\":\"Jerusal\u00e9m: Em ti as nossas fontes todas - O Arcanjo no ar\",\"isPartOf\":{\"@id\":\"https:\/\/www.oarcanjo.net\/site\/#website\"},\"datePublished\":\"2009-03-30T23:40:10+00:00\",\"dateModified\":\"2009-03-31T01:21:54+00:00\",\"breadcrumb\":{\"@id\":\"https:\/\/www.oarcanjo.net\/site\/jerusalem-em-ti-as-nossas-fontes-todas\/#breadcrumb\"},\"inLanguage\":\"pt-BR\",\"potentialAction\":[{\"@type\":\"ReadAction\",\"target\":[\"https:\/\/www.oarcanjo.net\/site\/jerusalem-em-ti-as-nossas-fontes-todas\/\"]}]},{\"@type\":\"BreadcrumbList\",\"@id\":\"https:\/\/www.oarcanjo.net\/site\/jerusalem-em-ti-as-nossas-fontes-todas\/#breadcrumb\",\"itemListElement\":[{\"@type\":\"ListItem\",\"position\":1,\"name\":\"In\u00edcio\",\"item\":\"https:\/\/www.oarcanjo.net\/site\/\"},{\"@type\":\"ListItem\",\"position\":2,\"name\":\"Jerusal\u00e9m: Em ti as nossas fontes todas\"}]},{\"@type\":\"WebSite\",\"@id\":\"https:\/\/www.oarcanjo.net\/site\/#website\",\"url\":\"https:\/\/www.oarcanjo.net\/site\/\",\"name\":\"O Arcanjo no ar\",\"description\":\"Site da Par\u00f3quia S\u00e3o Miguel Arcanjo (Arquidiocese de SP)\",\"publisher\":{\"@id\":\"https:\/\/www.oarcanjo.net\/site\/#organization\"},\"potentialAction\":[{\"@type\":\"SearchAction\",\"target\":{\"@type\":\"EntryPoint\",\"urlTemplate\":\"https:\/\/www.oarcanjo.net\/site\/?s={search_term_string}\"},\"query-input\":{\"@type\":\"PropertyValueSpecification\",\"valueRequired\":true,\"valueName\":\"search_term_string\"}}],\"inLanguage\":\"pt-BR\"},{\"@type\":\"Organization\",\"@id\":\"https:\/\/www.oarcanjo.net\/site\/#organization\",\"name\":\"Par\u00f3quia S\u00e3o Miguel Arcanjo\",\"url\":\"https:\/\/www.oarcanjo.net\/site\/\",\"logo\":{\"@type\":\"ImageObject\",\"inLanguage\":\"pt-BR\",\"@id\":\"https:\/\/www.oarcanjo.net\/site\/#\/schema\/logo\/image\/\",\"url\":\"https:\/\/www.oarcanjo.net\/site\/wp-content\/uploads\/LogoOArcanjo.png\",\"contentUrl\":\"https:\/\/www.oarcanjo.net\/site\/wp-content\/uploads\/LogoOArcanjo.png\",\"width\":319,\"height\":99,\"caption\":\"Par\u00f3quia S\u00e3o Miguel Arcanjo\"},\"image\":{\"@id\":\"https:\/\/www.oarcanjo.net\/site\/#\/schema\/logo\/image\/\"},\"sameAs\":[\"https:\/\/www.facebook.com\/OArcanjoNoAr\/\"]},{\"@type\":\"Person\",\"@id\":\"https:\/\/www.oarcanjo.net\/site\/#\/schema\/person\/f7024d007863202483a31326673a0838\",\"name\":\"editor\",\"sameAs\":[\"http:\/\/www.oarcanjo.net\"]}]}<\/script>\n<!-- \/ Yoast SEO plugin. -->","yoast_head_json":{"title":"Jerusal\u00e9m: Em ti as nossas fontes todas - O Arcanjo no ar","robots":{"index":"index","follow":"follow","max-snippet":"max-snippet:-1","max-image-preview":"max-image-preview:large","max-video-preview":"max-video-preview:-1"},"canonical":"https:\/\/www.oarcanjo.net\/site\/jerusalem-em-ti-as-nossas-fontes-todas\/","og_locale":"pt_BR","og_type":"article","og_title":"Jerusal\u00e9m: Em ti as nossas fontes todas - O Arcanjo no ar","og_description":"Maria Clara Lucchetti Bingemer Brejo da Madre de Deus \u00e9 uma obscura cidade do agreste pernambucano. Clima seco e 35 mil habitantes. Casas azulejadas entre pedras e vegeta\u00e7\u00e3o rasteira. No entanto, dentro de menos de duas semanas, o brejo que tem o nome da M\u00e3e de Deus ser\u00e1 mais uma vez o lugar para onde [&hellip;]","og_url":"https:\/\/www.oarcanjo.net\/site\/jerusalem-em-ti-as-nossas-fontes-todas\/","og_site_name":"O Arcanjo no ar","article_publisher":"https:\/\/www.facebook.com\/OArcanjoNoAr\/","article_published_time":"2009-03-30T23:40:10+00:00","article_modified_time":"2009-03-31T01:21:54+00:00","og_image":[{"width":300,"height":300,"url":"https:\/\/www.oarcanjo.net\/site\/wp-content\/uploads\/logo-o-arcanjo-no-ar-facebook.png","type":"image\/png"}],"author":"editor","twitter_card":"summary_large_image","twitter_misc":{"Escrito por":"editor","Est. tempo de leitura":"4 minutos"},"schema":{"@context":"https:\/\/schema.org","@graph":[{"@type":"Article","@id":"https:\/\/www.oarcanjo.net\/site\/jerusalem-em-ti-as-nossas-fontes-todas\/#article","isPartOf":{"@id":"https:\/\/www.oarcanjo.net\/site\/jerusalem-em-ti-as-nossas-fontes-todas\/"},"author":{"name":"editor","@id":"https:\/\/www.oarcanjo.net\/site\/#\/schema\/person\/f7024d007863202483a31326673a0838"},"headline":"Jerusal\u00e9m: Em ti as nossas fontes todas","datePublished":"2009-03-30T23:40:10+00:00","dateModified":"2009-03-31T01:21:54+00:00","mainEntityOfPage":{"@id":"https:\/\/www.oarcanjo.net\/site\/jerusalem-em-ti-as-nossas-fontes-todas\/"},"wordCount":791,"commentCount":0,"publisher":{"@id":"https:\/\/www.oarcanjo.net\/site\/#organization"},"keywords":["Jerusal\u00e9m","paix\u00e3o de Jesus Cristo","Semana Santa"],"articleSection":["Reflex\u00f5es"],"inLanguage":"pt-BR","potentialAction":[{"@type":"CommentAction","name":"Comment","target":["https:\/\/www.oarcanjo.net\/site\/jerusalem-em-ti-as-nossas-fontes-todas\/#respond"]}]},{"@type":"WebPage","@id":"https:\/\/www.oarcanjo.net\/site\/jerusalem-em-ti-as-nossas-fontes-todas\/","url":"https:\/\/www.oarcanjo.net\/site\/jerusalem-em-ti-as-nossas-fontes-todas\/","name":"Jerusal\u00e9m: Em ti as nossas fontes todas - O Arcanjo no ar","isPartOf":{"@id":"https:\/\/www.oarcanjo.net\/site\/#website"},"datePublished":"2009-03-30T23:40:10+00:00","dateModified":"2009-03-31T01:21:54+00:00","breadcrumb":{"@id":"https:\/\/www.oarcanjo.net\/site\/jerusalem-em-ti-as-nossas-fontes-todas\/#breadcrumb"},"inLanguage":"pt-BR","potentialAction":[{"@type":"ReadAction","target":["https:\/\/www.oarcanjo.net\/site\/jerusalem-em-ti-as-nossas-fontes-todas\/"]}]},{"@type":"BreadcrumbList","@id":"https:\/\/www.oarcanjo.net\/site\/jerusalem-em-ti-as-nossas-fontes-todas\/#breadcrumb","itemListElement":[{"@type":"ListItem","position":1,"name":"In\u00edcio","item":"https:\/\/www.oarcanjo.net\/site\/"},{"@type":"ListItem","position":2,"name":"Jerusal\u00e9m: Em ti as nossas fontes todas"}]},{"@type":"WebSite","@id":"https:\/\/www.oarcanjo.net\/site\/#website","url":"https:\/\/www.oarcanjo.net\/site\/","name":"O Arcanjo no ar","description":"Site da Par\u00f3quia S\u00e3o Miguel Arcanjo (Arquidiocese de SP)","publisher":{"@id":"https:\/\/www.oarcanjo.net\/site\/#organization"},"potentialAction":[{"@type":"SearchAction","target":{"@type":"EntryPoint","urlTemplate":"https:\/\/www.oarcanjo.net\/site\/?s={search_term_string}"},"query-input":{"@type":"PropertyValueSpecification","valueRequired":true,"valueName":"search_term_string"}}],"inLanguage":"pt-BR"},{"@type":"Organization","@id":"https:\/\/www.oarcanjo.net\/site\/#organization","name":"Par\u00f3quia S\u00e3o Miguel Arcanjo","url":"https:\/\/www.oarcanjo.net\/site\/","logo":{"@type":"ImageObject","inLanguage":"pt-BR","@id":"https:\/\/www.oarcanjo.net\/site\/#\/schema\/logo\/image\/","url":"https:\/\/www.oarcanjo.net\/site\/wp-content\/uploads\/LogoOArcanjo.png","contentUrl":"https:\/\/www.oarcanjo.net\/site\/wp-content\/uploads\/LogoOArcanjo.png","width":319,"height":99,"caption":"Par\u00f3quia S\u00e3o Miguel Arcanjo"},"image":{"@id":"https:\/\/www.oarcanjo.net\/site\/#\/schema\/logo\/image\/"},"sameAs":["https:\/\/www.facebook.com\/OArcanjoNoAr\/"]},{"@type":"Person","@id":"https:\/\/www.oarcanjo.net\/site\/#\/schema\/person\/f7024d007863202483a31326673a0838","name":"editor","sameAs":["http:\/\/www.oarcanjo.net"]}]}},"publishpress_future_action":{"enabled":false,"date":"2026-05-09 00:29:02","action":"category","newStatus":"draft","terms":[],"taxonomy":"category"},"publishpress_future_workflow_manual_trigger":{"enabledWorkflows":[]},"_links":{"self":[{"href":"https:\/\/www.oarcanjo.net\/site\/wp-json\/wp\/v2\/posts\/2618"}],"collection":[{"href":"https:\/\/www.oarcanjo.net\/site\/wp-json\/wp\/v2\/posts"}],"about":[{"href":"https:\/\/www.oarcanjo.net\/site\/wp-json\/wp\/v2\/types\/post"}],"author":[{"embeddable":true,"href":"https:\/\/www.oarcanjo.net\/site\/wp-json\/wp\/v2\/users\/5"}],"replies":[{"embeddable":true,"href":"https:\/\/www.oarcanjo.net\/site\/wp-json\/wp\/v2\/comments?post=2618"}],"version-history":[{"count":0,"href":"https:\/\/www.oarcanjo.net\/site\/wp-json\/wp\/v2\/posts\/2618\/revisions"}],"wp:attachment":[{"href":"https:\/\/www.oarcanjo.net\/site\/wp-json\/wp\/v2\/media?parent=2618"}],"wp:term":[{"taxonomy":"category","embeddable":true,"href":"https:\/\/www.oarcanjo.net\/site\/wp-json\/wp\/v2\/categories?post=2618"},{"taxonomy":"post_tag","embeddable":true,"href":"https:\/\/www.oarcanjo.net\/site\/wp-json\/wp\/v2\/tags?post=2618"}],"curies":[{"name":"wp","href":"https:\/\/api.w.org\/{rel}","templated":true}]}}