
{"id":26199,"date":"2014-04-21T19:52:48","date_gmt":"2014-04-21T22:52:48","guid":{"rendered":"http:\/\/www.oarcanjo.net\/site\/?p=26199"},"modified":"2014-04-21T19:52:48","modified_gmt":"2014-04-21T22:52:48","slug":"pascoa-fonte-de-vida-nova","status":"publish","type":"post","link":"https:\/\/www.oarcanjo.net\/site\/pascoa-fonte-de-vida-nova\/","title":{"rendered":"P\u00c1SCOA: fonte de Vida Nova"},"content":{"rendered":"<p style=\"text-align: justify;\"><i style=\"line-height: 1.5em;\">Pe. Alfredo J. Gon\u00e7alves, CS<\/i><\/p>\n<p style=\"text-align: justify;\">P\u00e1scoa representa vida nova. Eis um dos maiores desejos de todas as pessoas, expresso com frequ\u00eancia nas mensagens pascais. O calend\u00e1rio, ali\u00e1s, entre outras, tem essa fun\u00e7\u00e3o: abre espa\u00e7o e tempo para refazer la\u00e7os entorpecidos e recome\u00e7ar a vida. Natal, P\u00e1scoa, dia de a\u00e7\u00e3o de gra\u00e7as, festas c\u00edvicas, etc. oportunizam um renova\u00e7\u00e3o mais ou menos generalizada. O desejo de <i>vida nova<\/i>, por\u00e9m, ao mesmo tempo pressup\u00f5e e esconde uma <i>vida velha<\/i>, exist\u00eancia em decl\u00ednio, marcada pela rotina que paralisa. De fato, o cotidiano costuma desgastar as rela\u00e7\u00f5es que, com fios invis\u00edveis e fr\u00e1geis, tentamos costurar no tecido social: fam\u00edlia, amizade, vida comunit\u00e1ria&#8230; A engrenagem dos relacionamentos se enferruja, destilando n\u00e3o raro t\u00e9dio desconfian\u00e7a, asfixia e at\u00e9 veneno. Quantas vezes lhe falta o \u00f3leo lubrificador que faz a m\u00e1quina funcionar sem \u201cranger os dentes\u201d. Como se o outono estivese batendo \u00e0 porta, anunciando o frio do inverno. Resigna\u00e7\u00e3o, comodismo e in\u00e9rcia costumam ser os sintomas desse processo de envelhecimento precoce.<\/p>\n<p style=\"text-align: justify;\">Disso resulta a necessidade de uma inje\u00e7\u00e3o de \u00e2nimo, no sentido de rejuvenescer o corpo e o esp\u00edrito. Acomodar-se \u00e9 ceder o terreno ao inimigo invis\u00edvel mas inexor\u00e1vel. De onde prov\u00e9m a energia que nos renova e nos faz retomar o caminho? A resposta \u00e9 simples e direta: s\u00f3 o amor pode reanimar um organismo em decad\u00eancia. S\u00f3 o amor \u00e9 capaz de conferir vitalidade a uma exist\u00eancia ferida pela necrose progressiva. A necrose, como sabemos, mutila e mata as c\u00e9lulas de um membro ou de determinada parte do organismo. Se n\u00e3o for diagnosticada a tempo, estende-se a outras \u00e1reas e pode conduzir \u00e0 sua total destrui\u00e7\u00e3o. Uma a uma, lenta e irremediavelmente, as c\u00e9ulas v\u00e3o sendo devoradas pelo espectro silencioso e avassalador da morte.<\/p>\n<p style=\"text-align: justify;\">\u201cEu vim para que todos tenham vida\u201d \u2013 diz Jesus Cristo \u2013 \u201ce a tenham em abund\u00e2ncia\u201d (Jo 10,10). A\u00ed est\u00e1 o mist\u00e9rio mais profundo da encarna\u00e7\u00e3o, vida, obra, morte e ressurrei\u00e7\u00e3o de Jesus. O tempo lit\u00fargico da P\u00e1scoa relembra e celebra esse dom da vida em plenitude. A presen\u00e7a do Filho que \u201cse fez carne e armou sua tenda entre n\u00f3s\u201d (Jo 1,1-18) revela o amor incondicional do Pai. Revela-o sobretudo no Mist\u00e9rio Pascal. Primeiro, no alto da cruz, onde, em meio \u00e0s dores e \u00e0 tortura mais atroz, Jesus \u00e9 capaz de perdoar seus assassinos. Na contram\u00e3o do \u201colho por olho, dente por dente\u201d, o crucificado mostra que, diante da viol\u00eancia humana mais atroz, a vingan\u00e7a de Deus \u00e9 o amor. Revela-o, em segundo lugar, na ressurrei\u00e7\u00e3o, arrancando o Filho das garras e das trevas da morte e conferindo-lhe uma vida nova cujo brilho e cuja gl\u00f3ria n\u00e3o ter\u00e3o fim.<\/p>\n<p style=\"text-align: justify;\">Como uma esp\u00e9cie de descarga el\u00e9trica, o amor sacode o organismo entorpecido e o chama novamente \u00e0 a\u00e7\u00e3o. Num olhar retrospectivo \u00e0 hist\u00f3ria da salva\u00e7\u00e3o, desde o Antigo Testamento at\u00e9 a Nova Alian\u00e7a, constatamos que Deus irrompe na trajet\u00f3ria humana, quebra as cadeias da tirania e o jugo da opress\u00e3o, para abrir novas veredas no horizonte. Da excravid\u00e3o no Egito em dire\u00e7\u00e3o \u00e0 travessia do deserto e \u00e0 liberdade na Terra Prometida \u2013 eis o projeto de Deus. Em termos mais reduzidos, mas n\u00e3o menos importantes, o mesmo pode ocorrer nas rela\u00e7\u00f5es interpessoais, familiares, comunit\u00e1rias, sociais ou politico-culturais. O amor nos liberta da rotina e da mesmice, conferindo-nos o milagre de descobrir-nos novos a cada manh\u00e3. Nada \u00e9 mais vigoroso e vital para a exist\u00eancia do que a novidade de uma pessoa que ama. Na intimidade do pr\u00f3prio cora\u00e7\u00e3o, no interior da fam\u00edlia ou na tarefa da vida comunit\u00e1ria \u2013 tal pessoa irradia um brilho que fascina e transforma. Verdadeiro \u00f3leo lubrificador em meio a engrenagens bloqueadas pela a\u00e7\u00e3o do tempo.<\/p>\n<p style=\"text-align: justify;\">Como o sol e a aurora, os p\u00e1ssaros e as crian\u00e7as, as flores e o c\u00e9u azul, a m\u00fasica da brisa e das \u00e1guas \u2013 acordamos para o dia que nasce com uma alma nova, livre, aberta e transparente. Uma alma que, antes curvada e oprimida sobre si mesma, ganha asas para voar, p\u00e9s para caminhar e m\u00e3os para saudar e aben\u00e7oar a luz que renasce. Por isso ser\u00e1 capaz de assobiar e cantar, sorrir e distribuir um \u201cbom dia\u201d \u00e0 direita e \u00e0 esquerda, mesmo com o risco de aparentar loucura. Seu semblante reflete e transborda a energia que lhe enche o cora\u00e7\u00e3o e a alma. O olhar de quem ama confere, ao mesmo tempo, um colorido in\u00e9dito \u00e0s coisas e \u00e0s pessoas e um tempero novo \u00e0 vida. Quem ama retira energias do mais \u00edntimo de si mesmo para recriar a natureza e as rela\u00e7\u00f5es humanas, bem como para reorientar seus projetos, seus caminhos e seus passos.<\/p>\n<p style=\"text-align: justify;\">Mas vale repetir a pergunta: qual a origem e a fonte de tais energias vitalizadoras? N\u00e3o, o dom da alegria e da bondade, da miseric\u00f3rdia e da entrega n\u00e3o prov\u00e9m da natueza humana. Esta, ao contr\u00e1rio, \u00e9 marcada por um ego\u00edsmo e egocentrismo de dif\u00edcil supera\u00e7\u00e3o, chegando \u00e0s vezes a um narcisismo exacerbado. Normalmente vivemos concentrados sobre nossos desejos e paix\u00f5es, nossos impulsos e interesses, quando n\u00e3o doentiamente envenenados por m\u00e1goas, medos e ressentimentos. A resposta deve ser procurada em outro lugar, outra inst\u00e2ncia ou em outro Ser. E novamente aqui \u00e9 simples e direta: a luz e o amor t\u00eam origem em Deus. Na verdade, como lembra a Doutrna Social da Igreja, \u201cno cora\u00e7\u00e3o de cada pessoa e no cora\u00e7\u00e3o de cada cultura existem sementes do Verbo\u201d. Fazendo-nos \u00e0 sua imagem e semelhan\u00e7a, o Criador dotou-nos de tais sementes, as quais, por\u00e9m, em grande parte dos casos, permanecem encobertas pelas cinzas ou asfixiadas pela ciz\u00e2nia do pecado e da morte.<\/p>\n<p style=\"text-align: justify;\">O amor compassivo do \u201cprofeta itinerante de Nazar\u00e9\u201d, e em especial o mist\u00e9rio de sua morte e ressurrei\u00e7\u00e3o, revela-nos a imensa miseric\u00f3rdia do Pai, mas revela-nos igualmente os dons e talentos da pessoa humana. Jesus, humano-divino e divino-humano, \u00e9 a revela\u00e7\u00e3o simult\u00e2nea de Deus e do Homem. Em seu minist\u00e9rio p\u00fablico e, com maior luz no Mist\u00e9rio Pascal, desvenda a face oculta do Pai em seu infinito amor, e desvenda igualmente as potencialidades encobertas do ser humano na sua capacidade de doar-se, de \u201cser para o outro\u201d. Se o amor de Deus pode ser comparado ao sol que tudo ilumina e vivifica, o homem\/mulher, a exemplo da lua, \u00e9 chamado a refletir e irradiar o seu brilho pela face da terra. A obtusidade e o individualismo da condi\u00e7\u00e3o humana, por\u00e9m, em lugar de espelho lunar que reflete os raios solares, pode provocar um eclipse, ofuscando a luz e o brilho da vida que nos \u00e9 oferecida como m\u00e1ximo dom.<\/p>\n<p style=\"text-align: justify;\">Em conclus\u00e3o, a vida, morte e ressurrei\u00e7\u00e3o de Jesus nos sacode do torpor e da in\u00e9rcia. Desperta-nos para esse tesouro que carregamos \u201cem vasos de argila\u201d, como lembra o ap\u00f3stolo Paulo (2Cor 4,7). Se o colocamos a servi\u00e7o dos outros, em especial dos pobres, doentes, indefesos, marginalizados, exclu\u00eddos \u2013 \u201cos necessitados, os pequenos, os \u00faltmos\u201d, diria o Papa Francisco \u2013 ent\u00e3o sim, a P\u00e1scoa ter\u00e1 sabor de vida nova! Sabor de vida nova n\u00e3o s\u00f3 em termos pessoais, familiares e comunit\u00e1rios, mas tamb\u00e9m em \u00e2mbito social, pol\u00edtico e cultural. Isso porque, vale insistir, nada \u00e9 mais sedutor e contagiante, libertador e revolucion\u00e1rio do que uma pessoa que ama. Por ser luz, ou reflexo da Luz divina, expande por onde passa seus raios e seu brilho. Portadora natural da felicidade, aquece os cora\u00e7\u00f5es desesperan\u00e7ados, reanima as almas atribuladas e fecunda a terra est\u00e9ril. A liberdade toma o lugar da escravid\u00e3o, as trevas det\u00eam-se diante da luz, o deserto torna-se f\u00e9rtil, a solid\u00e3o se povoa e a cruz cede lugar \u00e1 ressurrei\u00e7\u00e3o. \u00c9 P\u00e1scoa, \u00e9 vida nova!<\/p>\n<p style=\"text-align: justify;\" align=\"right\"><i>Roma, It\u00e1lia, 17 de abril de 2014<\/i><\/p>\n<div id=\"themify_builder_content-26199\" data-postid=\"26199\" class=\"themify_builder_content themify_builder_content-26199 themify_builder themify_builder_front\">\n\t<\/div>\n<!-- \/themify_builder_content -->","protected":false},"excerpt":{"rendered":"<p>Pe. Alfredo J. Gon\u00e7alves, CS P\u00e1scoa representa vida nova. Eis um dos maiores desejos de todas as pessoas, expresso com frequ\u00eancia nas mensagens pascais. O calend\u00e1rio, ali\u00e1s, entre outras, tem essa fun\u00e7\u00e3o: abre espa\u00e7o e tempo para refazer la\u00e7os entorpecidos e recome\u00e7ar a vida. Natal, P\u00e1scoa, dia de a\u00e7\u00e3o de gra\u00e7as, festas c\u00edvicas, etc. oportunizam [&hellip;]<\/p>\n","protected":false},"author":15,"featured_media":0,"comment_status":"open","ping_status":"open","sticky":false,"template":"","format":"standard","meta":{"ngg_post_thumbnail":0,"footnotes":""},"categories":[9],"tags":[],"yoast_head":"<!-- This site is optimized with the Yoast SEO plugin v23.5 - https:\/\/yoast.com\/wordpress\/plugins\/seo\/ -->\n<title>P\u00c1SCOA: fonte de Vida Nova - O Arcanjo no ar<\/title>\n<meta name=\"robots\" content=\"index, follow, max-snippet:-1, max-image-preview:large, max-video-preview:-1\" \/>\n<link rel=\"canonical\" href=\"https:\/\/www.oarcanjo.net\/site\/pascoa-fonte-de-vida-nova\/\" \/>\n<meta property=\"og:locale\" content=\"pt_BR\" \/>\n<meta property=\"og:type\" content=\"article\" \/>\n<meta property=\"og:title\" content=\"P\u00c1SCOA: fonte de Vida Nova - O Arcanjo no ar\" \/>\n<meta property=\"og:description\" content=\"Pe. Alfredo J. Gon\u00e7alves, CS P\u00e1scoa representa vida nova. Eis um dos maiores desejos de todas as pessoas, expresso com frequ\u00eancia nas mensagens pascais. O calend\u00e1rio, ali\u00e1s, entre outras, tem essa fun\u00e7\u00e3o: abre espa\u00e7o e tempo para refazer la\u00e7os entorpecidos e recome\u00e7ar a vida. Natal, P\u00e1scoa, dia de a\u00e7\u00e3o de gra\u00e7as, festas c\u00edvicas, etc. oportunizam [&hellip;]\" \/>\n<meta property=\"og:url\" content=\"https:\/\/www.oarcanjo.net\/site\/pascoa-fonte-de-vida-nova\/\" \/>\n<meta property=\"og:site_name\" content=\"O Arcanjo no ar\" \/>\n<meta property=\"article:publisher\" content=\"https:\/\/www.facebook.com\/OArcanjoNoAr\/\" \/>\n<meta property=\"article:published_time\" content=\"2014-04-21T22:52:48+00:00\" \/>\n<meta property=\"og:image\" content=\"https:\/\/www.oarcanjo.net\/site\/wp-content\/uploads\/logo-o-arcanjo-no-ar-facebook.png\" \/>\n\t<meta property=\"og:image:width\" content=\"300\" \/>\n\t<meta property=\"og:image:height\" content=\"300\" \/>\n\t<meta property=\"og:image:type\" content=\"image\/png\" \/>\n<meta name=\"author\" content=\"Alexandre Nunes\" \/>\n<meta name=\"twitter:card\" content=\"summary_large_image\" \/>\n<meta name=\"twitter:label1\" content=\"Escrito por\" \/>\n\t<meta name=\"twitter:data1\" content=\"Alexandre Nunes\" \/>\n\t<meta name=\"twitter:label2\" content=\"Est. tempo de leitura\" \/>\n\t<meta name=\"twitter:data2\" content=\"7 minutos\" \/>\n<script type=\"application\/ld+json\" class=\"yoast-schema-graph\">{\"@context\":\"https:\/\/schema.org\",\"@graph\":[{\"@type\":\"Article\",\"@id\":\"https:\/\/www.oarcanjo.net\/site\/pascoa-fonte-de-vida-nova\/#article\",\"isPartOf\":{\"@id\":\"https:\/\/www.oarcanjo.net\/site\/pascoa-fonte-de-vida-nova\/\"},\"author\":{\"name\":\"Alexandre Nunes\",\"@id\":\"https:\/\/www.oarcanjo.net\/site\/#\/schema\/person\/0a2ae077c1a09b69d29928e3b9f1c0d1\"},\"headline\":\"P\u00c1SCOA: fonte de Vida Nova\",\"datePublished\":\"2014-04-21T22:52:48+00:00\",\"dateModified\":\"2014-04-21T22:52:48+00:00\",\"mainEntityOfPage\":{\"@id\":\"https:\/\/www.oarcanjo.net\/site\/pascoa-fonte-de-vida-nova\/\"},\"wordCount\":1381,\"commentCount\":0,\"publisher\":{\"@id\":\"https:\/\/www.oarcanjo.net\/site\/#organization\"},\"articleSection\":[\"Reflex\u00f5es\"],\"inLanguage\":\"pt-BR\",\"potentialAction\":[{\"@type\":\"CommentAction\",\"name\":\"Comment\",\"target\":[\"https:\/\/www.oarcanjo.net\/site\/pascoa-fonte-de-vida-nova\/#respond\"]}]},{\"@type\":\"WebPage\",\"@id\":\"https:\/\/www.oarcanjo.net\/site\/pascoa-fonte-de-vida-nova\/\",\"url\":\"https:\/\/www.oarcanjo.net\/site\/pascoa-fonte-de-vida-nova\/\",\"name\":\"P\u00c1SCOA: fonte de Vida Nova - O Arcanjo no ar\",\"isPartOf\":{\"@id\":\"https:\/\/www.oarcanjo.net\/site\/#website\"},\"datePublished\":\"2014-04-21T22:52:48+00:00\",\"dateModified\":\"2014-04-21T22:52:48+00:00\",\"breadcrumb\":{\"@id\":\"https:\/\/www.oarcanjo.net\/site\/pascoa-fonte-de-vida-nova\/#breadcrumb\"},\"inLanguage\":\"pt-BR\",\"potentialAction\":[{\"@type\":\"ReadAction\",\"target\":[\"https:\/\/www.oarcanjo.net\/site\/pascoa-fonte-de-vida-nova\/\"]}]},{\"@type\":\"BreadcrumbList\",\"@id\":\"https:\/\/www.oarcanjo.net\/site\/pascoa-fonte-de-vida-nova\/#breadcrumb\",\"itemListElement\":[{\"@type\":\"ListItem\",\"position\":1,\"name\":\"In\u00edcio\",\"item\":\"https:\/\/www.oarcanjo.net\/site\/\"},{\"@type\":\"ListItem\",\"position\":2,\"name\":\"P\u00c1SCOA: fonte de Vida Nova\"}]},{\"@type\":\"WebSite\",\"@id\":\"https:\/\/www.oarcanjo.net\/site\/#website\",\"url\":\"https:\/\/www.oarcanjo.net\/site\/\",\"name\":\"O Arcanjo no ar\",\"description\":\"Site da Par\u00f3quia S\u00e3o Miguel Arcanjo (Arquidiocese de SP)\",\"publisher\":{\"@id\":\"https:\/\/www.oarcanjo.net\/site\/#organization\"},\"potentialAction\":[{\"@type\":\"SearchAction\",\"target\":{\"@type\":\"EntryPoint\",\"urlTemplate\":\"https:\/\/www.oarcanjo.net\/site\/?s={search_term_string}\"},\"query-input\":{\"@type\":\"PropertyValueSpecification\",\"valueRequired\":true,\"valueName\":\"search_term_string\"}}],\"inLanguage\":\"pt-BR\"},{\"@type\":\"Organization\",\"@id\":\"https:\/\/www.oarcanjo.net\/site\/#organization\",\"name\":\"Par\u00f3quia S\u00e3o Miguel Arcanjo\",\"url\":\"https:\/\/www.oarcanjo.net\/site\/\",\"logo\":{\"@type\":\"ImageObject\",\"inLanguage\":\"pt-BR\",\"@id\":\"https:\/\/www.oarcanjo.net\/site\/#\/schema\/logo\/image\/\",\"url\":\"https:\/\/www.oarcanjo.net\/site\/wp-content\/uploads\/LogoOArcanjo.png\",\"contentUrl\":\"https:\/\/www.oarcanjo.net\/site\/wp-content\/uploads\/LogoOArcanjo.png\",\"width\":319,\"height\":99,\"caption\":\"Par\u00f3quia S\u00e3o Miguel Arcanjo\"},\"image\":{\"@id\":\"https:\/\/www.oarcanjo.net\/site\/#\/schema\/logo\/image\/\"},\"sameAs\":[\"https:\/\/www.facebook.com\/OArcanjoNoAr\/\"]},{\"@type\":\"Person\",\"@id\":\"https:\/\/www.oarcanjo.net\/site\/#\/schema\/person\/0a2ae077c1a09b69d29928e3b9f1c0d1\",\"name\":\"Alexandre Nunes\",\"sameAs\":[\"http:\/\/alexandrenu.com\"]}]}<\/script>\n<!-- \/ Yoast SEO plugin. -->","yoast_head_json":{"title":"P\u00c1SCOA: fonte de Vida Nova - O Arcanjo no ar","robots":{"index":"index","follow":"follow","max-snippet":"max-snippet:-1","max-image-preview":"max-image-preview:large","max-video-preview":"max-video-preview:-1"},"canonical":"https:\/\/www.oarcanjo.net\/site\/pascoa-fonte-de-vida-nova\/","og_locale":"pt_BR","og_type":"article","og_title":"P\u00c1SCOA: fonte de Vida Nova - O Arcanjo no ar","og_description":"Pe. Alfredo J. Gon\u00e7alves, CS P\u00e1scoa representa vida nova. Eis um dos maiores desejos de todas as pessoas, expresso com frequ\u00eancia nas mensagens pascais. O calend\u00e1rio, ali\u00e1s, entre outras, tem essa fun\u00e7\u00e3o: abre espa\u00e7o e tempo para refazer la\u00e7os entorpecidos e recome\u00e7ar a vida. Natal, P\u00e1scoa, dia de a\u00e7\u00e3o de gra\u00e7as, festas c\u00edvicas, etc. oportunizam [&hellip;]","og_url":"https:\/\/www.oarcanjo.net\/site\/pascoa-fonte-de-vida-nova\/","og_site_name":"O Arcanjo no ar","article_publisher":"https:\/\/www.facebook.com\/OArcanjoNoAr\/","article_published_time":"2014-04-21T22:52:48+00:00","og_image":[{"width":300,"height":300,"url":"https:\/\/www.oarcanjo.net\/site\/wp-content\/uploads\/logo-o-arcanjo-no-ar-facebook.png","type":"image\/png"}],"author":"Alexandre Nunes","twitter_card":"summary_large_image","twitter_misc":{"Escrito por":"Alexandre Nunes","Est. tempo de leitura":"7 minutos"},"schema":{"@context":"https:\/\/schema.org","@graph":[{"@type":"Article","@id":"https:\/\/www.oarcanjo.net\/site\/pascoa-fonte-de-vida-nova\/#article","isPartOf":{"@id":"https:\/\/www.oarcanjo.net\/site\/pascoa-fonte-de-vida-nova\/"},"author":{"name":"Alexandre Nunes","@id":"https:\/\/www.oarcanjo.net\/site\/#\/schema\/person\/0a2ae077c1a09b69d29928e3b9f1c0d1"},"headline":"P\u00c1SCOA: fonte de Vida Nova","datePublished":"2014-04-21T22:52:48+00:00","dateModified":"2014-04-21T22:52:48+00:00","mainEntityOfPage":{"@id":"https:\/\/www.oarcanjo.net\/site\/pascoa-fonte-de-vida-nova\/"},"wordCount":1381,"commentCount":0,"publisher":{"@id":"https:\/\/www.oarcanjo.net\/site\/#organization"},"articleSection":["Reflex\u00f5es"],"inLanguage":"pt-BR","potentialAction":[{"@type":"CommentAction","name":"Comment","target":["https:\/\/www.oarcanjo.net\/site\/pascoa-fonte-de-vida-nova\/#respond"]}]},{"@type":"WebPage","@id":"https:\/\/www.oarcanjo.net\/site\/pascoa-fonte-de-vida-nova\/","url":"https:\/\/www.oarcanjo.net\/site\/pascoa-fonte-de-vida-nova\/","name":"P\u00c1SCOA: fonte de Vida Nova - O Arcanjo no ar","isPartOf":{"@id":"https:\/\/www.oarcanjo.net\/site\/#website"},"datePublished":"2014-04-21T22:52:48+00:00","dateModified":"2014-04-21T22:52:48+00:00","breadcrumb":{"@id":"https:\/\/www.oarcanjo.net\/site\/pascoa-fonte-de-vida-nova\/#breadcrumb"},"inLanguage":"pt-BR","potentialAction":[{"@type":"ReadAction","target":["https:\/\/www.oarcanjo.net\/site\/pascoa-fonte-de-vida-nova\/"]}]},{"@type":"BreadcrumbList","@id":"https:\/\/www.oarcanjo.net\/site\/pascoa-fonte-de-vida-nova\/#breadcrumb","itemListElement":[{"@type":"ListItem","position":1,"name":"In\u00edcio","item":"https:\/\/www.oarcanjo.net\/site\/"},{"@type":"ListItem","position":2,"name":"P\u00c1SCOA: fonte de Vida Nova"}]},{"@type":"WebSite","@id":"https:\/\/www.oarcanjo.net\/site\/#website","url":"https:\/\/www.oarcanjo.net\/site\/","name":"O Arcanjo no ar","description":"Site da Par\u00f3quia S\u00e3o Miguel Arcanjo (Arquidiocese de SP)","publisher":{"@id":"https:\/\/www.oarcanjo.net\/site\/#organization"},"potentialAction":[{"@type":"SearchAction","target":{"@type":"EntryPoint","urlTemplate":"https:\/\/www.oarcanjo.net\/site\/?s={search_term_string}"},"query-input":{"@type":"PropertyValueSpecification","valueRequired":true,"valueName":"search_term_string"}}],"inLanguage":"pt-BR"},{"@type":"Organization","@id":"https:\/\/www.oarcanjo.net\/site\/#organization","name":"Par\u00f3quia S\u00e3o Miguel Arcanjo","url":"https:\/\/www.oarcanjo.net\/site\/","logo":{"@type":"ImageObject","inLanguage":"pt-BR","@id":"https:\/\/www.oarcanjo.net\/site\/#\/schema\/logo\/image\/","url":"https:\/\/www.oarcanjo.net\/site\/wp-content\/uploads\/LogoOArcanjo.png","contentUrl":"https:\/\/www.oarcanjo.net\/site\/wp-content\/uploads\/LogoOArcanjo.png","width":319,"height":99,"caption":"Par\u00f3quia S\u00e3o Miguel Arcanjo"},"image":{"@id":"https:\/\/www.oarcanjo.net\/site\/#\/schema\/logo\/image\/"},"sameAs":["https:\/\/www.facebook.com\/OArcanjoNoAr\/"]},{"@type":"Person","@id":"https:\/\/www.oarcanjo.net\/site\/#\/schema\/person\/0a2ae077c1a09b69d29928e3b9f1c0d1","name":"Alexandre Nunes","sameAs":["http:\/\/alexandrenu.com"]}]}},"publishpress_future_action":{"enabled":false,"date":"2026-05-08 20:33:41","action":"category","newStatus":"draft","terms":[],"taxonomy":"category"},"publishpress_future_workflow_manual_trigger":{"enabledWorkflows":[]},"_links":{"self":[{"href":"https:\/\/www.oarcanjo.net\/site\/wp-json\/wp\/v2\/posts\/26199"}],"collection":[{"href":"https:\/\/www.oarcanjo.net\/site\/wp-json\/wp\/v2\/posts"}],"about":[{"href":"https:\/\/www.oarcanjo.net\/site\/wp-json\/wp\/v2\/types\/post"}],"author":[{"embeddable":true,"href":"https:\/\/www.oarcanjo.net\/site\/wp-json\/wp\/v2\/users\/15"}],"replies":[{"embeddable":true,"href":"https:\/\/www.oarcanjo.net\/site\/wp-json\/wp\/v2\/comments?post=26199"}],"version-history":[{"count":0,"href":"https:\/\/www.oarcanjo.net\/site\/wp-json\/wp\/v2\/posts\/26199\/revisions"}],"wp:attachment":[{"href":"https:\/\/www.oarcanjo.net\/site\/wp-json\/wp\/v2\/media?parent=26199"}],"wp:term":[{"taxonomy":"category","embeddable":true,"href":"https:\/\/www.oarcanjo.net\/site\/wp-json\/wp\/v2\/categories?post=26199"},{"taxonomy":"post_tag","embeddable":true,"href":"https:\/\/www.oarcanjo.net\/site\/wp-json\/wp\/v2\/tags?post=26199"}],"curies":[{"name":"wp","href":"https:\/\/api.w.org\/{rel}","templated":true}]}}