
{"id":2621,"date":"2009-03-31T08:13:36","date_gmt":"2009-03-31T11:13:36","guid":{"rendered":"http:\/\/www.oarcanjo.net\/site\/?p=2621"},"modified":"2009-03-31T09:50:09","modified_gmt":"2009-03-31T12:50:09","slug":"mobilizacao-comunitaria","status":"publish","type":"post","link":"https:\/\/www.oarcanjo.net\/site\/mobilizacao-comunitaria\/","title":{"rendered":"Mobiliza\u00e7\u00e3o Comunit\u00e1ria"},"content":{"rendered":"<p>Na sexta-feira estaremos realizando a via-sacra na Capela S\u00e3o Judas, ser\u00e1 a ult\u00edma desta quaresma, \u00e0s 20horas. Por ser a primeira sexta-feira do m\u00eas, pela manh\u00e3 teremos a missa solene \u00e0s 7 horas na Igreja S\u00e3o Miguel e o ter\u00e7o dos homens ser\u00e1 em comum com a Via Sacra.<\/p>\n<p>Vamos nos mobilizar! Faremos uma via sacra \u00e0 luz de velas, contamos com grande paticipa\u00e7\u00e3o de nossa comunidade.<\/p>\n<p>No s\u00e1bado, \u00e0s 15 horas, receberemos na comunidade a Capit\u00e3o Tania, da Policia Militar de nossa regi\u00e3o, para conversar sobre a Campanha da Fraternidade e quest\u00f5es de seguran\u00e7a no nosso bairro.  Vamos participar trazendo nossas propostas e reivindica\u00e7\u00f5es.<\/p>\n<div id=\"themify_builder_content-2621\" data-postid=\"2621\" class=\"themify_builder_content themify_builder_content-2621 themify_builder themify_builder_front\">\n\t<\/div>\n<!-- \/themify_builder_content -->","protected":false},"excerpt":{"rendered":"<p>Na sexta-feira estaremos realizando a via-sacra na Capela S\u00e3o Judas, ser\u00e1 a ult\u00edma desta quaresma, \u00e0s 20horas. Por ser a primeira sexta-feira do m\u00eas, pela manh\u00e3 teremos a missa solene \u00e0s 7 horas na Igreja S\u00e3o Miguel e o ter\u00e7o dos homens ser\u00e1 em comum com a Via Sacra. Vamos nos mobilizar! Faremos uma via [&hellip;]<\/p>\n","protected":false},"author":4,"featured_media":0,"comment_status":"open","ping_status":"open","sticky":false,"template":"","format":"standard","meta":{"ngg_post_thumbnail":0,"footnotes":""},"categories":[8],"tags":[53,231,294],"yoast_head":"<!-- This site is optimized with the Yoast SEO plugin v23.5 - https:\/\/yoast.com\/wordpress\/plugins\/seo\/ -->\n<title>Mobiliza\u00e7\u00e3o Comunit\u00e1ria - O Arcanjo no ar<\/title>\n<meta name=\"robots\" content=\"index, follow, max-snippet:-1, max-image-preview:large, max-video-preview:-1\" \/>\n<link rel=\"canonical\" href=\"https:\/\/www.oarcanjo.net\/site\/mobilizacao-comunitaria\/\" \/>\n<meta property=\"og:locale\" content=\"pt_BR\" \/>\n<meta property=\"og:type\" content=\"article\" \/>\n<meta property=\"og:title\" content=\"Mobiliza\u00e7\u00e3o Comunit\u00e1ria - O Arcanjo no ar\" \/>\n<meta property=\"og:description\" content=\"Na sexta-feira estaremos realizando a via-sacra na Capela S\u00e3o Judas, ser\u00e1 a ult\u00edma desta quaresma, \u00e0s 20horas. Por ser a primeira sexta-feira do m\u00eas, pela manh\u00e3 teremos a missa solene \u00e0s 7 horas na Igreja S\u00e3o Miguel e o ter\u00e7o dos homens ser\u00e1 em comum com a Via Sacra. Vamos nos mobilizar! Faremos uma via [&hellip;]\" \/>\n<meta property=\"og:url\" content=\"https:\/\/www.oarcanjo.net\/site\/mobilizacao-comunitaria\/\" \/>\n<meta property=\"og:site_name\" content=\"O Arcanjo no ar\" \/>\n<meta property=\"article:publisher\" content=\"https:\/\/www.facebook.com\/OArcanjoNoAr\/\" \/>\n<meta property=\"article:published_time\" content=\"2009-03-31T11:13:36+00:00\" \/>\n<meta property=\"article:modified_time\" content=\"2009-03-31T12:50:09+00:00\" \/>\n<meta property=\"og:image\" content=\"https:\/\/www.oarcanjo.net\/site\/wp-content\/uploads\/logo-o-arcanjo-no-ar-facebook.png\" \/>\n\t<meta property=\"og:image:width\" content=\"300\" \/>\n\t<meta property=\"og:image:height\" content=\"300\" \/>\n\t<meta property=\"og:image:type\" content=\"image\/png\" \/>\n<meta name=\"author\" content=\"julio\" \/>\n<meta name=\"twitter:card\" content=\"summary_large_image\" \/>\n<meta name=\"twitter:label1\" content=\"Escrito por\" \/>\n\t<meta name=\"twitter:data1\" content=\"julio\" \/>\n\t<meta name=\"twitter:label2\" content=\"Est. tempo de leitura\" \/>\n\t<meta name=\"twitter:data2\" content=\"1 minuto\" \/>\n<script type=\"application\/ld+json\" class=\"yoast-schema-graph\">{\"@context\":\"https:\/\/schema.org\",\"@graph\":[{\"@type\":\"Article\",\"@id\":\"https:\/\/www.oarcanjo.net\/site\/mobilizacao-comunitaria\/#article\",\"isPartOf\":{\"@id\":\"https:\/\/www.oarcanjo.net\/site\/mobilizacao-comunitaria\/\"},\"author\":{\"name\":\"julio\",\"@id\":\"https:\/\/www.oarcanjo.net\/site\/#\/schema\/person\/d78ea01c648c91e29c364b516767079e\"},\"headline\":\"Mobiliza\u00e7\u00e3o Comunit\u00e1ria\",\"datePublished\":\"2009-03-31T11:13:36+00:00\",\"dateModified\":\"2009-03-31T12:50:09+00:00\",\"mainEntityOfPage\":{\"@id\":\"https:\/\/www.oarcanjo.net\/site\/mobilizacao-comunitaria\/\"},\"wordCount\":118,\"commentCount\":0,\"publisher\":{\"@id\":\"https:\/\/www.oarcanjo.net\/site\/#organization\"},\"keywords\":[\"mobiliza\u00e7\u00e3o\",\"seguran\u00e7a\",\"Via Sacra\"],\"articleSection\":[\"Not\u00edcias\"],\"inLanguage\":\"pt-BR\",\"potentialAction\":[{\"@type\":\"CommentAction\",\"name\":\"Comment\",\"target\":[\"https:\/\/www.oarcanjo.net\/site\/mobilizacao-comunitaria\/#respond\"]}]},{\"@type\":\"WebPage\",\"@id\":\"https:\/\/www.oarcanjo.net\/site\/mobilizacao-comunitaria\/\",\"url\":\"https:\/\/www.oarcanjo.net\/site\/mobilizacao-comunitaria\/\",\"name\":\"Mobiliza\u00e7\u00e3o Comunit\u00e1ria - O Arcanjo no ar\",\"isPartOf\":{\"@id\":\"https:\/\/www.oarcanjo.net\/site\/#website\"},\"datePublished\":\"2009-03-31T11:13:36+00:00\",\"dateModified\":\"2009-03-31T12:50:09+00:00\",\"breadcrumb\":{\"@id\":\"https:\/\/www.oarcanjo.net\/site\/mobilizacao-comunitaria\/#breadcrumb\"},\"inLanguage\":\"pt-BR\",\"potentialAction\":[{\"@type\":\"ReadAction\",\"target\":[\"https:\/\/www.oarcanjo.net\/site\/mobilizacao-comunitaria\/\"]}]},{\"@type\":\"BreadcrumbList\",\"@id\":\"https:\/\/www.oarcanjo.net\/site\/mobilizacao-comunitaria\/#breadcrumb\",\"itemListElement\":[{\"@type\":\"ListItem\",\"position\":1,\"name\":\"In\u00edcio\",\"item\":\"https:\/\/www.oarcanjo.net\/site\/\"},{\"@type\":\"ListItem\",\"position\":2,\"name\":\"Mobiliza\u00e7\u00e3o Comunit\u00e1ria\"}]},{\"@type\":\"WebSite\",\"@id\":\"https:\/\/www.oarcanjo.net\/site\/#website\",\"url\":\"https:\/\/www.oarcanjo.net\/site\/\",\"name\":\"O Arcanjo no ar\",\"description\":\"Site da Par\u00f3quia S\u00e3o Miguel Arcanjo (Arquidiocese de SP)\",\"publisher\":{\"@id\":\"https:\/\/www.oarcanjo.net\/site\/#organization\"},\"potentialAction\":[{\"@type\":\"SearchAction\",\"target\":{\"@type\":\"EntryPoint\",\"urlTemplate\":\"https:\/\/www.oarcanjo.net\/site\/?s={search_term_string}\"},\"query-input\":{\"@type\":\"PropertyValueSpecification\",\"valueRequired\":true,\"valueName\":\"search_term_string\"}}],\"inLanguage\":\"pt-BR\"},{\"@type\":\"Organization\",\"@id\":\"https:\/\/www.oarcanjo.net\/site\/#organization\",\"name\":\"Par\u00f3quia S\u00e3o Miguel Arcanjo\",\"url\":\"https:\/\/www.oarcanjo.net\/site\/\",\"logo\":{\"@type\":\"ImageObject\",\"inLanguage\":\"pt-BR\",\"@id\":\"https:\/\/www.oarcanjo.net\/site\/#\/schema\/logo\/image\/\",\"url\":\"https:\/\/www.oarcanjo.net\/site\/wp-content\/uploads\/LogoOArcanjo.png\",\"contentUrl\":\"https:\/\/www.oarcanjo.net\/site\/wp-content\/uploads\/LogoOArcanjo.png\",\"width\":319,\"height\":99,\"caption\":\"Par\u00f3quia S\u00e3o Miguel Arcanjo\"},\"image\":{\"@id\":\"https:\/\/www.oarcanjo.net\/site\/#\/schema\/logo\/image\/\"},\"sameAs\":[\"https:\/\/www.facebook.com\/OArcanjoNoAr\/\"]},{\"@type\":\"Person\",\"@id\":\"https:\/\/www.oarcanjo.net\/site\/#\/schema\/person\/d78ea01c648c91e29c364b516767079e\",\"name\":\"julio\",\"sameAs\":[\"http:\/\/www.oarcanjo.net\"]}]}<\/script>\n<!-- \/ Yoast SEO plugin. -->","yoast_head_json":{"title":"Mobiliza\u00e7\u00e3o Comunit\u00e1ria - O Arcanjo no ar","robots":{"index":"index","follow":"follow","max-snippet":"max-snippet:-1","max-image-preview":"max-image-preview:large","max-video-preview":"max-video-preview:-1"},"canonical":"https:\/\/www.oarcanjo.net\/site\/mobilizacao-comunitaria\/","og_locale":"pt_BR","og_type":"article","og_title":"Mobiliza\u00e7\u00e3o Comunit\u00e1ria - O Arcanjo no ar","og_description":"Na sexta-feira estaremos realizando a via-sacra na Capela S\u00e3o Judas, ser\u00e1 a ult\u00edma desta quaresma, \u00e0s 20horas. Por ser a primeira sexta-feira do m\u00eas, pela manh\u00e3 teremos a missa solene \u00e0s 7 horas na Igreja S\u00e3o Miguel e o ter\u00e7o dos homens ser\u00e1 em comum com a Via Sacra. Vamos nos mobilizar! Faremos uma via [&hellip;]","og_url":"https:\/\/www.oarcanjo.net\/site\/mobilizacao-comunitaria\/","og_site_name":"O Arcanjo no ar","article_publisher":"https:\/\/www.facebook.com\/OArcanjoNoAr\/","article_published_time":"2009-03-31T11:13:36+00:00","article_modified_time":"2009-03-31T12:50:09+00:00","og_image":[{"width":300,"height":300,"url":"https:\/\/www.oarcanjo.net\/site\/wp-content\/uploads\/logo-o-arcanjo-no-ar-facebook.png","type":"image\/png"}],"author":"julio","twitter_card":"summary_large_image","twitter_misc":{"Escrito por":"julio","Est. tempo de leitura":"1 minuto"},"schema":{"@context":"https:\/\/schema.org","@graph":[{"@type":"Article","@id":"https:\/\/www.oarcanjo.net\/site\/mobilizacao-comunitaria\/#article","isPartOf":{"@id":"https:\/\/www.oarcanjo.net\/site\/mobilizacao-comunitaria\/"},"author":{"name":"julio","@id":"https:\/\/www.oarcanjo.net\/site\/#\/schema\/person\/d78ea01c648c91e29c364b516767079e"},"headline":"Mobiliza\u00e7\u00e3o Comunit\u00e1ria","datePublished":"2009-03-31T11:13:36+00:00","dateModified":"2009-03-31T12:50:09+00:00","mainEntityOfPage":{"@id":"https:\/\/www.oarcanjo.net\/site\/mobilizacao-comunitaria\/"},"wordCount":118,"commentCount":0,"publisher":{"@id":"https:\/\/www.oarcanjo.net\/site\/#organization"},"keywords":["mobiliza\u00e7\u00e3o","seguran\u00e7a","Via Sacra"],"articleSection":["Not\u00edcias"],"inLanguage":"pt-BR","potentialAction":[{"@type":"CommentAction","name":"Comment","target":["https:\/\/www.oarcanjo.net\/site\/mobilizacao-comunitaria\/#respond"]}]},{"@type":"WebPage","@id":"https:\/\/www.oarcanjo.net\/site\/mobilizacao-comunitaria\/","url":"https:\/\/www.oarcanjo.net\/site\/mobilizacao-comunitaria\/","name":"Mobiliza\u00e7\u00e3o Comunit\u00e1ria - O Arcanjo no ar","isPartOf":{"@id":"https:\/\/www.oarcanjo.net\/site\/#website"},"datePublished":"2009-03-31T11:13:36+00:00","dateModified":"2009-03-31T12:50:09+00:00","breadcrumb":{"@id":"https:\/\/www.oarcanjo.net\/site\/mobilizacao-comunitaria\/#breadcrumb"},"inLanguage":"pt-BR","potentialAction":[{"@type":"ReadAction","target":["https:\/\/www.oarcanjo.net\/site\/mobilizacao-comunitaria\/"]}]},{"@type":"BreadcrumbList","@id":"https:\/\/www.oarcanjo.net\/site\/mobilizacao-comunitaria\/#breadcrumb","itemListElement":[{"@type":"ListItem","position":1,"name":"In\u00edcio","item":"https:\/\/www.oarcanjo.net\/site\/"},{"@type":"ListItem","position":2,"name":"Mobiliza\u00e7\u00e3o Comunit\u00e1ria"}]},{"@type":"WebSite","@id":"https:\/\/www.oarcanjo.net\/site\/#website","url":"https:\/\/www.oarcanjo.net\/site\/","name":"O Arcanjo no ar","description":"Site da Par\u00f3quia S\u00e3o Miguel Arcanjo (Arquidiocese de SP)","publisher":{"@id":"https:\/\/www.oarcanjo.net\/site\/#organization"},"potentialAction":[{"@type":"SearchAction","target":{"@type":"EntryPoint","urlTemplate":"https:\/\/www.oarcanjo.net\/site\/?s={search_term_string}"},"query-input":{"@type":"PropertyValueSpecification","valueRequired":true,"valueName":"search_term_string"}}],"inLanguage":"pt-BR"},{"@type":"Organization","@id":"https:\/\/www.oarcanjo.net\/site\/#organization","name":"Par\u00f3quia S\u00e3o Miguel Arcanjo","url":"https:\/\/www.oarcanjo.net\/site\/","logo":{"@type":"ImageObject","inLanguage":"pt-BR","@id":"https:\/\/www.oarcanjo.net\/site\/#\/schema\/logo\/image\/","url":"https:\/\/www.oarcanjo.net\/site\/wp-content\/uploads\/LogoOArcanjo.png","contentUrl":"https:\/\/www.oarcanjo.net\/site\/wp-content\/uploads\/LogoOArcanjo.png","width":319,"height":99,"caption":"Par\u00f3quia S\u00e3o Miguel Arcanjo"},"image":{"@id":"https:\/\/www.oarcanjo.net\/site\/#\/schema\/logo\/image\/"},"sameAs":["https:\/\/www.facebook.com\/OArcanjoNoAr\/"]},{"@type":"Person","@id":"https:\/\/www.oarcanjo.net\/site\/#\/schema\/person\/d78ea01c648c91e29c364b516767079e","name":"julio","sameAs":["http:\/\/www.oarcanjo.net"]}]}},"publishpress_future_action":{"enabled":false,"date":"2026-05-08 22:30:15","action":"category","newStatus":"draft","terms":[],"taxonomy":"category"},"publishpress_future_workflow_manual_trigger":{"enabledWorkflows":[]},"_links":{"self":[{"href":"https:\/\/www.oarcanjo.net\/site\/wp-json\/wp\/v2\/posts\/2621"}],"collection":[{"href":"https:\/\/www.oarcanjo.net\/site\/wp-json\/wp\/v2\/posts"}],"about":[{"href":"https:\/\/www.oarcanjo.net\/site\/wp-json\/wp\/v2\/types\/post"}],"author":[{"embeddable":true,"href":"https:\/\/www.oarcanjo.net\/site\/wp-json\/wp\/v2\/users\/4"}],"replies":[{"embeddable":true,"href":"https:\/\/www.oarcanjo.net\/site\/wp-json\/wp\/v2\/comments?post=2621"}],"version-history":[{"count":0,"href":"https:\/\/www.oarcanjo.net\/site\/wp-json\/wp\/v2\/posts\/2621\/revisions"}],"wp:attachment":[{"href":"https:\/\/www.oarcanjo.net\/site\/wp-json\/wp\/v2\/media?parent=2621"}],"wp:term":[{"taxonomy":"category","embeddable":true,"href":"https:\/\/www.oarcanjo.net\/site\/wp-json\/wp\/v2\/categories?post=2621"},{"taxonomy":"post_tag","embeddable":true,"href":"https:\/\/www.oarcanjo.net\/site\/wp-json\/wp\/v2\/tags?post=2621"}],"curies":[{"name":"wp","href":"https:\/\/api.w.org\/{rel}","templated":true}]}}