
{"id":26220,"date":"2014-04-23T10:23:42","date_gmt":"2014-04-23T13:23:42","guid":{"rendered":"http:\/\/www.oarcanjo.net\/site\/?p=26220"},"modified":"2014-04-23T10:23:42","modified_gmt":"2014-04-23T13:23:42","slug":"santos-papas-e-pastores-rogai-por-nos","status":"publish","type":"post","link":"https:\/\/www.oarcanjo.net\/site\/santos-papas-e-pastores-rogai-por-nos\/","title":{"rendered":"Santos Papas e Pastores Rogai por n\u00f3s!"},"content":{"rendered":"<p><em>Cardeal Odilo Pedro Scherer<\/em><\/p>\n<p>A P\u00e1scoa da ressurrei\u00e7\u00e3o de Jesus marca tamb\u00e9m a nossa passagem para uma vida nova. S\u00e3o Paulo lembra aos crist\u00e3os: todos v\u00f3s que fostes batizados em Cristo, \u00e9 na sua morte que fostes batizados, para tamb\u00e9m viverdes com ele para vida nova. Sois agora \u201cnova criatura\u201d (cf Rm 6,1-11; 2Cor 5,17).<\/p>\n<p>O dom do Senhor ressuscitado \u00e9, por excel\u00eancia, o Esp\u00edrito Santo, \u201cesp\u00edrito de santidade\u201d, que nos capacita a viver a novidade da f\u00e9 crist\u00e3 e a transformar nosso viver, para torn\u00e1-lo semelhante ao de Cristo, \u201cem justi\u00e7a e santidade verdadeiras\u201d.<\/p>\n<p>A P\u00e1scoa da P\u00e1scoa deste ano ser\u00e1 lembrada por dois fatos extraordin\u00e1rios, relacionados com a santidade de vida que desabrochou e frutificou de maneira abundante em tr\u00eas santos muito queridos: S\u00e3o Jos\u00e9 de Anchieta e os papas Jo\u00e3o XXIII e Jo\u00e3o Paulo II.<\/p>\n<p>Dia 24 de abril, o papa Francisco celebra em Roma a a\u00e7\u00e3o de gra\u00e7as pela canoniza\u00e7\u00e3o de Anchieta, na Igreja de Santo In\u00e1cio, com os jesu\u00edtas e os brasileiros que l\u00e1 estiverem.<\/p>\n<p>Anchieta j\u00e1 foi, recentemente, reconhecido e proclamado como \u201csanto\u201d pela Igreja, n\u00e3o por algum milagre que tenha operado, mas pela sua vida santa; ele \u00e9 um religioso e sacerdote santo, um mission\u00e1rio e evangelizador dedicado e ardoroso, um homem de Deus entre os homens, um pacificador, uma testemunha da caridade de Deus.<\/p>\n<p>A canoniza\u00e7\u00e3o dos dois Pont\u00edfices pelo papa Francisco, no dia 27 de abril, \u00e9 um fato extraordin\u00e1rio; n\u00e3o se tem not\u00edcia na hist\u00f3ria da Igreja da canoniza\u00e7\u00e3o simult\u00e2nea de dois papas. Jo\u00e3o XXIII, reconhecido como \u201co Papa do Conc\u00edlio\u201d, por ter convocado e iniciado o Conc\u00edlio Ecum\u00eanico Vaticano II, caracterizou-se como um corajoso vision\u00e1rio, que soube perceber e discernir os \u201csinais dos tempos\u201d e tomar as decis\u00f5es oportunas para a renova\u00e7\u00e3o da vida eclesial. Posto \u00e0 frente da Igreja, foi um pastor bom e s\u00e1bio, e assim foi reconhecido amplamente pelo povo de Deus.<\/p>\n<p>Jo\u00e3o Paulo II, de quem recordamos ainda muito bem, pois faleceu h\u00e1 menos de 10 anos, foi um pastor e mission\u00e1rio de extraordin\u00e1rias qualidades. Durante seus quase 27 anos de pontificado, ele foi ao encontro dos povos e da Igreja inserida no contexto das mais variadas culturas, encorajando os crist\u00e3os e confirmando-os na f\u00e9.<\/p>\n<p>\u00c9 enorme a sua contribui\u00e7\u00e3o para a vida da Igreja; seu Magist\u00e9rio envolve praticamente todas as \u00e1reas do ensino da Igreja. Teve tamb\u00e9m um peso moral muito significativo para a comunidade dos povos e na\u00e7\u00f5es; um claro reconhecimento disso apareceu no seu funeral, ao qual compareceram numerosos chefes de Estado e de Governo, das mais diversas culturas e orienta\u00e7\u00f5es ideol\u00f3gicas, bem como l\u00edderes religiosos muito diversos entre si. Ele teve o papel de pai e autoridade moral da grande fam\u00edlia humana.<\/p>\n<p>Os santos Papas e Pastores Jo\u00e3o XXIII e Jo\u00e3o Paulo II, deram a vida pela Igreja e se entregaram sem reservas pelo bem do rebanho de Cristo, pelas ovelhas pr\u00f3ximas, como aquelas que ainda andam distantes ou dispersas por muitos caminhos. Foram fieis servidores de Jesus Cristo, Supremo Pastor da Igreja. Esta \u00e9 a marca principal da sua santidade. Eles figurar\u00e3o entre os grandes santos Pastores da Igreja; e n\u00f3s temos a gra\u00e7a de ter vivido no seu tempo e sob o seu pastoreio.<\/p>\n<p>Na Vig\u00edlia Pascal, transcorridos os dias da Quaresma e da celebra\u00e7\u00e3o da Paix\u00e3o do Senhor, tamb\u00e9m n\u00f3s renovamos as promessas do Batismo e nossa disposi\u00e7\u00e3o para viver unidos e sintonizados com Deus e seguindo os passos de Cristo, nosso Salvador e Mestre. A vida crist\u00e3 \u00e9 chamado \u00e0 santidade e proposta de vida santa.<\/p>\n<div id=\"themify_builder_content-26220\" data-postid=\"26220\" class=\"themify_builder_content themify_builder_content-26220 themify_builder themify_builder_front\">\n\t<\/div>\n<!-- \/themify_builder_content -->","protected":false},"excerpt":{"rendered":"<p>Cardeal Odilo Pedro Scherer A P\u00e1scoa da ressurrei\u00e7\u00e3o de Jesus marca tamb\u00e9m a nossa passagem para uma vida nova. S\u00e3o Paulo lembra aos crist\u00e3os: todos v\u00f3s que fostes batizados em Cristo, \u00e9 na sua morte que fostes batizados, para tamb\u00e9m viverdes com ele para vida nova. Sois agora \u201cnova criatura\u201d (cf Rm 6,1-11; 2Cor 5,17). [&hellip;]<\/p>\n","protected":false},"author":5,"featured_media":0,"comment_status":"open","ping_status":"open","sticky":false,"template":"","format":"standard","meta":{"ngg_post_thumbnail":0,"footnotes":""},"categories":[9],"tags":[426,3208,218,3057,242,3058,3200],"yoast_head":"<!-- This site is optimized with the Yoast SEO plugin v23.5 - https:\/\/yoast.com\/wordpress\/plugins\/seo\/ -->\n<title>Santos Papas e Pastores Rogai por n\u00f3s! - O Arcanjo no ar<\/title>\n<meta name=\"robots\" content=\"index, follow, max-snippet:-1, max-image-preview:large, max-video-preview:-1\" \/>\n<link rel=\"canonical\" href=\"https:\/\/www.oarcanjo.net\/site\/santos-papas-e-pastores-rogai-por-nos\/\" \/>\n<meta property=\"og:locale\" content=\"pt_BR\" \/>\n<meta property=\"og:type\" content=\"article\" \/>\n<meta property=\"og:title\" content=\"Santos Papas e Pastores Rogai por n\u00f3s! - O Arcanjo no ar\" \/>\n<meta property=\"og:description\" content=\"Cardeal Odilo Pedro Scherer A P\u00e1scoa da ressurrei\u00e7\u00e3o de Jesus marca tamb\u00e9m a nossa passagem para uma vida nova. S\u00e3o Paulo lembra aos crist\u00e3os: todos v\u00f3s que fostes batizados em Cristo, \u00e9 na sua morte que fostes batizados, para tamb\u00e9m viverdes com ele para vida nova. Sois agora \u201cnova criatura\u201d (cf Rm 6,1-11; 2Cor 5,17). [&hellip;]\" \/>\n<meta property=\"og:url\" content=\"https:\/\/www.oarcanjo.net\/site\/santos-papas-e-pastores-rogai-por-nos\/\" \/>\n<meta property=\"og:site_name\" content=\"O Arcanjo no ar\" \/>\n<meta property=\"article:publisher\" content=\"https:\/\/www.facebook.com\/OArcanjoNoAr\/\" \/>\n<meta property=\"article:published_time\" content=\"2014-04-23T13:23:42+00:00\" \/>\n<meta property=\"og:image\" content=\"https:\/\/www.oarcanjo.net\/site\/wp-content\/uploads\/logo-o-arcanjo-no-ar-facebook.png\" \/>\n\t<meta property=\"og:image:width\" content=\"300\" \/>\n\t<meta property=\"og:image:height\" content=\"300\" \/>\n\t<meta property=\"og:image:type\" content=\"image\/png\" \/>\n<meta name=\"author\" content=\"editor\" \/>\n<meta name=\"twitter:card\" content=\"summary_large_image\" \/>\n<meta name=\"twitter:label1\" content=\"Escrito por\" \/>\n\t<meta name=\"twitter:data1\" content=\"editor\" \/>\n\t<meta name=\"twitter:label2\" content=\"Est. tempo de leitura\" \/>\n\t<meta name=\"twitter:data2\" content=\"3 minutos\" \/>\n<script type=\"application\/ld+json\" class=\"yoast-schema-graph\">{\"@context\":\"https:\/\/schema.org\",\"@graph\":[{\"@type\":\"Article\",\"@id\":\"https:\/\/www.oarcanjo.net\/site\/santos-papas-e-pastores-rogai-por-nos\/#article\",\"isPartOf\":{\"@id\":\"https:\/\/www.oarcanjo.net\/site\/santos-papas-e-pastores-rogai-por-nos\/\"},\"author\":{\"name\":\"editor\",\"@id\":\"https:\/\/www.oarcanjo.net\/site\/#\/schema\/person\/f7024d007863202483a31326673a0838\"},\"headline\":\"Santos Papas e Pastores Rogai por n\u00f3s!\",\"datePublished\":\"2014-04-23T13:23:42+00:00\",\"dateModified\":\"2014-04-23T13:23:42+00:00\",\"mainEntityOfPage\":{\"@id\":\"https:\/\/www.oarcanjo.net\/site\/santos-papas-e-pastores-rogai-por-nos\/\"},\"wordCount\":649,\"commentCount\":0,\"publisher\":{\"@id\":\"https:\/\/www.oarcanjo.net\/site\/#organization\"},\"keywords\":[\"Esp\u00edrito Santo\",\"Jo\u00e3o Paulo II\",\"Jo\u00e3o XXIII\",\"Papas\",\"P\u00e1scoa\",\"Pastores\",\"Voz do Arcanjo\"],\"articleSection\":[\"Reflex\u00f5es\"],\"inLanguage\":\"pt-BR\",\"potentialAction\":[{\"@type\":\"CommentAction\",\"name\":\"Comment\",\"target\":[\"https:\/\/www.oarcanjo.net\/site\/santos-papas-e-pastores-rogai-por-nos\/#respond\"]}]},{\"@type\":\"WebPage\",\"@id\":\"https:\/\/www.oarcanjo.net\/site\/santos-papas-e-pastores-rogai-por-nos\/\",\"url\":\"https:\/\/www.oarcanjo.net\/site\/santos-papas-e-pastores-rogai-por-nos\/\",\"name\":\"Santos Papas e Pastores Rogai por n\u00f3s! - O Arcanjo no ar\",\"isPartOf\":{\"@id\":\"https:\/\/www.oarcanjo.net\/site\/#website\"},\"datePublished\":\"2014-04-23T13:23:42+00:00\",\"dateModified\":\"2014-04-23T13:23:42+00:00\",\"breadcrumb\":{\"@id\":\"https:\/\/www.oarcanjo.net\/site\/santos-papas-e-pastores-rogai-por-nos\/#breadcrumb\"},\"inLanguage\":\"pt-BR\",\"potentialAction\":[{\"@type\":\"ReadAction\",\"target\":[\"https:\/\/www.oarcanjo.net\/site\/santos-papas-e-pastores-rogai-por-nos\/\"]}]},{\"@type\":\"BreadcrumbList\",\"@id\":\"https:\/\/www.oarcanjo.net\/site\/santos-papas-e-pastores-rogai-por-nos\/#breadcrumb\",\"itemListElement\":[{\"@type\":\"ListItem\",\"position\":1,\"name\":\"In\u00edcio\",\"item\":\"https:\/\/www.oarcanjo.net\/site\/\"},{\"@type\":\"ListItem\",\"position\":2,\"name\":\"Santos Papas e Pastores Rogai por n\u00f3s!\"}]},{\"@type\":\"WebSite\",\"@id\":\"https:\/\/www.oarcanjo.net\/site\/#website\",\"url\":\"https:\/\/www.oarcanjo.net\/site\/\",\"name\":\"O Arcanjo no ar\",\"description\":\"Site da Par\u00f3quia S\u00e3o Miguel Arcanjo (Arquidiocese de SP)\",\"publisher\":{\"@id\":\"https:\/\/www.oarcanjo.net\/site\/#organization\"},\"potentialAction\":[{\"@type\":\"SearchAction\",\"target\":{\"@type\":\"EntryPoint\",\"urlTemplate\":\"https:\/\/www.oarcanjo.net\/site\/?s={search_term_string}\"},\"query-input\":{\"@type\":\"PropertyValueSpecification\",\"valueRequired\":true,\"valueName\":\"search_term_string\"}}],\"inLanguage\":\"pt-BR\"},{\"@type\":\"Organization\",\"@id\":\"https:\/\/www.oarcanjo.net\/site\/#organization\",\"name\":\"Par\u00f3quia S\u00e3o Miguel Arcanjo\",\"url\":\"https:\/\/www.oarcanjo.net\/site\/\",\"logo\":{\"@type\":\"ImageObject\",\"inLanguage\":\"pt-BR\",\"@id\":\"https:\/\/www.oarcanjo.net\/site\/#\/schema\/logo\/image\/\",\"url\":\"https:\/\/www.oarcanjo.net\/site\/wp-content\/uploads\/LogoOArcanjo.png\",\"contentUrl\":\"https:\/\/www.oarcanjo.net\/site\/wp-content\/uploads\/LogoOArcanjo.png\",\"width\":319,\"height\":99,\"caption\":\"Par\u00f3quia S\u00e3o Miguel Arcanjo\"},\"image\":{\"@id\":\"https:\/\/www.oarcanjo.net\/site\/#\/schema\/logo\/image\/\"},\"sameAs\":[\"https:\/\/www.facebook.com\/OArcanjoNoAr\/\"]},{\"@type\":\"Person\",\"@id\":\"https:\/\/www.oarcanjo.net\/site\/#\/schema\/person\/f7024d007863202483a31326673a0838\",\"name\":\"editor\",\"sameAs\":[\"http:\/\/www.oarcanjo.net\"]}]}<\/script>\n<!-- \/ Yoast SEO plugin. -->","yoast_head_json":{"title":"Santos Papas e Pastores Rogai por n\u00f3s! - O Arcanjo no ar","robots":{"index":"index","follow":"follow","max-snippet":"max-snippet:-1","max-image-preview":"max-image-preview:large","max-video-preview":"max-video-preview:-1"},"canonical":"https:\/\/www.oarcanjo.net\/site\/santos-papas-e-pastores-rogai-por-nos\/","og_locale":"pt_BR","og_type":"article","og_title":"Santos Papas e Pastores Rogai por n\u00f3s! - O Arcanjo no ar","og_description":"Cardeal Odilo Pedro Scherer A P\u00e1scoa da ressurrei\u00e7\u00e3o de Jesus marca tamb\u00e9m a nossa passagem para uma vida nova. S\u00e3o Paulo lembra aos crist\u00e3os: todos v\u00f3s que fostes batizados em Cristo, \u00e9 na sua morte que fostes batizados, para tamb\u00e9m viverdes com ele para vida nova. Sois agora \u201cnova criatura\u201d (cf Rm 6,1-11; 2Cor 5,17). [&hellip;]","og_url":"https:\/\/www.oarcanjo.net\/site\/santos-papas-e-pastores-rogai-por-nos\/","og_site_name":"O Arcanjo no ar","article_publisher":"https:\/\/www.facebook.com\/OArcanjoNoAr\/","article_published_time":"2014-04-23T13:23:42+00:00","og_image":[{"width":300,"height":300,"url":"https:\/\/www.oarcanjo.net\/site\/wp-content\/uploads\/logo-o-arcanjo-no-ar-facebook.png","type":"image\/png"}],"author":"editor","twitter_card":"summary_large_image","twitter_misc":{"Escrito por":"editor","Est. tempo de leitura":"3 minutos"},"schema":{"@context":"https:\/\/schema.org","@graph":[{"@type":"Article","@id":"https:\/\/www.oarcanjo.net\/site\/santos-papas-e-pastores-rogai-por-nos\/#article","isPartOf":{"@id":"https:\/\/www.oarcanjo.net\/site\/santos-papas-e-pastores-rogai-por-nos\/"},"author":{"name":"editor","@id":"https:\/\/www.oarcanjo.net\/site\/#\/schema\/person\/f7024d007863202483a31326673a0838"},"headline":"Santos Papas e Pastores Rogai por n\u00f3s!","datePublished":"2014-04-23T13:23:42+00:00","dateModified":"2014-04-23T13:23:42+00:00","mainEntityOfPage":{"@id":"https:\/\/www.oarcanjo.net\/site\/santos-papas-e-pastores-rogai-por-nos\/"},"wordCount":649,"commentCount":0,"publisher":{"@id":"https:\/\/www.oarcanjo.net\/site\/#organization"},"keywords":["Esp\u00edrito Santo","Jo\u00e3o Paulo II","Jo\u00e3o XXIII","Papas","P\u00e1scoa","Pastores","Voz do Arcanjo"],"articleSection":["Reflex\u00f5es"],"inLanguage":"pt-BR","potentialAction":[{"@type":"CommentAction","name":"Comment","target":["https:\/\/www.oarcanjo.net\/site\/santos-papas-e-pastores-rogai-por-nos\/#respond"]}]},{"@type":"WebPage","@id":"https:\/\/www.oarcanjo.net\/site\/santos-papas-e-pastores-rogai-por-nos\/","url":"https:\/\/www.oarcanjo.net\/site\/santos-papas-e-pastores-rogai-por-nos\/","name":"Santos Papas e Pastores Rogai por n\u00f3s! - O Arcanjo no ar","isPartOf":{"@id":"https:\/\/www.oarcanjo.net\/site\/#website"},"datePublished":"2014-04-23T13:23:42+00:00","dateModified":"2014-04-23T13:23:42+00:00","breadcrumb":{"@id":"https:\/\/www.oarcanjo.net\/site\/santos-papas-e-pastores-rogai-por-nos\/#breadcrumb"},"inLanguage":"pt-BR","potentialAction":[{"@type":"ReadAction","target":["https:\/\/www.oarcanjo.net\/site\/santos-papas-e-pastores-rogai-por-nos\/"]}]},{"@type":"BreadcrumbList","@id":"https:\/\/www.oarcanjo.net\/site\/santos-papas-e-pastores-rogai-por-nos\/#breadcrumb","itemListElement":[{"@type":"ListItem","position":1,"name":"In\u00edcio","item":"https:\/\/www.oarcanjo.net\/site\/"},{"@type":"ListItem","position":2,"name":"Santos Papas e Pastores Rogai por n\u00f3s!"}]},{"@type":"WebSite","@id":"https:\/\/www.oarcanjo.net\/site\/#website","url":"https:\/\/www.oarcanjo.net\/site\/","name":"O Arcanjo no ar","description":"Site da Par\u00f3quia S\u00e3o Miguel Arcanjo (Arquidiocese de SP)","publisher":{"@id":"https:\/\/www.oarcanjo.net\/site\/#organization"},"potentialAction":[{"@type":"SearchAction","target":{"@type":"EntryPoint","urlTemplate":"https:\/\/www.oarcanjo.net\/site\/?s={search_term_string}"},"query-input":{"@type":"PropertyValueSpecification","valueRequired":true,"valueName":"search_term_string"}}],"inLanguage":"pt-BR"},{"@type":"Organization","@id":"https:\/\/www.oarcanjo.net\/site\/#organization","name":"Par\u00f3quia S\u00e3o Miguel Arcanjo","url":"https:\/\/www.oarcanjo.net\/site\/","logo":{"@type":"ImageObject","inLanguage":"pt-BR","@id":"https:\/\/www.oarcanjo.net\/site\/#\/schema\/logo\/image\/","url":"https:\/\/www.oarcanjo.net\/site\/wp-content\/uploads\/LogoOArcanjo.png","contentUrl":"https:\/\/www.oarcanjo.net\/site\/wp-content\/uploads\/LogoOArcanjo.png","width":319,"height":99,"caption":"Par\u00f3quia S\u00e3o Miguel Arcanjo"},"image":{"@id":"https:\/\/www.oarcanjo.net\/site\/#\/schema\/logo\/image\/"},"sameAs":["https:\/\/www.facebook.com\/OArcanjoNoAr\/"]},{"@type":"Person","@id":"https:\/\/www.oarcanjo.net\/site\/#\/schema\/person\/f7024d007863202483a31326673a0838","name":"editor","sameAs":["http:\/\/www.oarcanjo.net"]}]}},"publishpress_future_action":{"enabled":false,"date":"2026-05-08 21:59:50","action":"category","newStatus":"draft","terms":[],"taxonomy":"category"},"publishpress_future_workflow_manual_trigger":{"enabledWorkflows":[]},"_links":{"self":[{"href":"https:\/\/www.oarcanjo.net\/site\/wp-json\/wp\/v2\/posts\/26220"}],"collection":[{"href":"https:\/\/www.oarcanjo.net\/site\/wp-json\/wp\/v2\/posts"}],"about":[{"href":"https:\/\/www.oarcanjo.net\/site\/wp-json\/wp\/v2\/types\/post"}],"author":[{"embeddable":true,"href":"https:\/\/www.oarcanjo.net\/site\/wp-json\/wp\/v2\/users\/5"}],"replies":[{"embeddable":true,"href":"https:\/\/www.oarcanjo.net\/site\/wp-json\/wp\/v2\/comments?post=26220"}],"version-history":[{"count":0,"href":"https:\/\/www.oarcanjo.net\/site\/wp-json\/wp\/v2\/posts\/26220\/revisions"}],"wp:attachment":[{"href":"https:\/\/www.oarcanjo.net\/site\/wp-json\/wp\/v2\/media?parent=26220"}],"wp:term":[{"taxonomy":"category","embeddable":true,"href":"https:\/\/www.oarcanjo.net\/site\/wp-json\/wp\/v2\/categories?post=26220"},{"taxonomy":"post_tag","embeddable":true,"href":"https:\/\/www.oarcanjo.net\/site\/wp-json\/wp\/v2\/tags?post=26220"}],"curies":[{"name":"wp","href":"https:\/\/api.w.org\/{rel}","templated":true}]}}