
{"id":2643,"date":"2009-04-01T10:40:17","date_gmt":"2009-04-01T13:40:17","guid":{"rendered":"http:\/\/www.oarcanjo.net\/site\/index.php\/noticias\/quinta-feira-santa-de-roma-em-solidariedade-com-gaza\/"},"modified":"2009-04-01T10:40:17","modified_gmt":"2009-04-01T13:40:17","slug":"quinta-feira-santa-de-roma-em-solidariedade-com-gaza","status":"publish","type":"post","link":"https:\/\/www.oarcanjo.net\/site\/quinta-feira-santa-de-roma-em-solidariedade-com-gaza\/","title":{"rendered":"Quinta-feira Santa de Roma em solidariedade com Gaza"},"content":{"rendered":"<p>Bento XVI disp\u00f4s que as ofertas que ser\u00e3o recolhidas este ano na celebra\u00e7\u00e3o culminante da Quinta-Feira Santa sejam destinadas a ajudar as popula\u00e7\u00f5es de Gaza.<\/p>\n<p>Assim anunciou a Sala das Celebra\u00e7\u00f5es Lit\u00fargicas do Sumo Pont\u00edfice, ao divulgar o calend\u00e1rio das cerim\u00f4nias presididas por Bento XVI durante a Semana Santa. <\/p>\n<p>Segundo o calend\u00e1rio, como \u00e9 tradi\u00e7\u00e3o, a Santa Missa na Ceia do Senhor acontecer\u00e1 \u00e0s 17h30 na Bas\u00edlica de S\u00e3o Jo\u00e3o de Latr\u00e3o, catedral do Papa. <\/p>\n<p>&#8220;O Santo Padre presidir\u00e1 a concelebra\u00e7\u00e3o da Santa Missa e lavar\u00e1 os p\u00e9s de doze sacerdotes. Durante o rito, os presentes ser\u00e3o convidados a realizar um ato de caridade em apoio \u00e0 comunidade cat\u00f3lica de Gaza. A soma recolhida ser\u00e1 entregue ao Papa no momento da apresenta\u00e7\u00e3o das oferendas&#8221;, explica a Sala das Celebra\u00e7\u00f5es Lit\u00fargicas do Sumo Pont\u00edfice. <\/p>\n<p>Desde fevereiro, 520 fam\u00edlias de Gaza \u2013 em situa\u00e7\u00e3o especialmente vulner\u00e1vel devido \u00e0 falta de suprimentos provocada pelo recente conflito b\u00e9lico \u2013 est\u00e3o recebendo cestas de alimentos dos volunt\u00e1rios e trabalhadores locais da C\u00e1ritas Jerusal\u00e9m.<\/p>\n<div id=\"themify_builder_content-2643\" data-postid=\"2643\" class=\"themify_builder_content themify_builder_content-2643 themify_builder themify_builder_front\">\n\t<\/div>\n<!-- \/themify_builder_content -->","protected":false},"excerpt":{"rendered":"<p>Bento XVI disp\u00f4s que as ofertas que ser\u00e3o recolhidas este ano na celebra\u00e7\u00e3o culminante da Quinta-Feira Santa sejam destinadas a ajudar as popula\u00e7\u00f5es de Gaza. Assim anunciou a Sala das Celebra\u00e7\u00f5es Lit\u00fargicas do Sumo Pont\u00edfice, ao divulgar o calend\u00e1rio das cerim\u00f4nias presididas por Bento XVI durante a Semana Santa. Segundo o calend\u00e1rio, como \u00e9 tradi\u00e7\u00e3o, [&hellip;]<\/p>\n","protected":false},"author":5,"featured_media":0,"comment_status":"open","ping_status":"open","sticky":false,"template":"","format":"standard","meta":{"ngg_post_thumbnail":0,"footnotes":""},"categories":[8],"tags":[181,397,88,34],"yoast_head":"<!-- This site is optimized with the Yoast SEO plugin v23.5 - https:\/\/yoast.com\/wordpress\/plugins\/seo\/ -->\n<title>Quinta-feira Santa de Roma em solidariedade com Gaza - O Arcanjo no ar<\/title>\n<meta name=\"robots\" content=\"index, follow, max-snippet:-1, max-image-preview:large, max-video-preview:-1\" \/>\n<link rel=\"canonical\" href=\"https:\/\/www.oarcanjo.net\/site\/quinta-feira-santa-de-roma-em-solidariedade-com-gaza\/\" \/>\n<meta property=\"og:locale\" content=\"pt_BR\" \/>\n<meta property=\"og:type\" content=\"article\" \/>\n<meta property=\"og:title\" content=\"Quinta-feira Santa de Roma em solidariedade com Gaza - O Arcanjo no ar\" \/>\n<meta property=\"og:description\" content=\"Bento XVI disp\u00f4s que as ofertas que ser\u00e3o recolhidas este ano na celebra\u00e7\u00e3o culminante da Quinta-Feira Santa sejam destinadas a ajudar as popula\u00e7\u00f5es de Gaza. Assim anunciou a Sala das Celebra\u00e7\u00f5es Lit\u00fargicas do Sumo Pont\u00edfice, ao divulgar o calend\u00e1rio das cerim\u00f4nias presididas por Bento XVI durante a Semana Santa. Segundo o calend\u00e1rio, como \u00e9 tradi\u00e7\u00e3o, [&hellip;]\" \/>\n<meta property=\"og:url\" content=\"https:\/\/www.oarcanjo.net\/site\/quinta-feira-santa-de-roma-em-solidariedade-com-gaza\/\" \/>\n<meta property=\"og:site_name\" content=\"O Arcanjo no ar\" \/>\n<meta property=\"article:publisher\" content=\"https:\/\/www.facebook.com\/OArcanjoNoAr\/\" \/>\n<meta property=\"article:published_time\" content=\"2009-04-01T13:40:17+00:00\" \/>\n<meta property=\"og:image\" content=\"https:\/\/www.oarcanjo.net\/site\/wp-content\/uploads\/logo-o-arcanjo-no-ar-facebook.png\" \/>\n\t<meta property=\"og:image:width\" content=\"300\" \/>\n\t<meta property=\"og:image:height\" content=\"300\" \/>\n\t<meta property=\"og:image:type\" content=\"image\/png\" \/>\n<meta name=\"author\" content=\"editor\" \/>\n<meta name=\"twitter:card\" content=\"summary_large_image\" \/>\n<meta name=\"twitter:label1\" content=\"Escrito por\" \/>\n\t<meta name=\"twitter:data1\" content=\"editor\" \/>\n\t<meta name=\"twitter:label2\" content=\"Est. tempo de leitura\" \/>\n\t<meta name=\"twitter:data2\" content=\"1 minuto\" \/>\n<script type=\"application\/ld+json\" class=\"yoast-schema-graph\">{\"@context\":\"https:\/\/schema.org\",\"@graph\":[{\"@type\":\"Article\",\"@id\":\"https:\/\/www.oarcanjo.net\/site\/quinta-feira-santa-de-roma-em-solidariedade-com-gaza\/#article\",\"isPartOf\":{\"@id\":\"https:\/\/www.oarcanjo.net\/site\/quinta-feira-santa-de-roma-em-solidariedade-com-gaza\/\"},\"author\":{\"name\":\"editor\",\"@id\":\"https:\/\/www.oarcanjo.net\/site\/#\/schema\/person\/f7024d007863202483a31326673a0838\"},\"headline\":\"Quinta-feira Santa de Roma em solidariedade com Gaza\",\"datePublished\":\"2009-04-01T13:40:17+00:00\",\"dateModified\":\"2009-04-01T13:40:17+00:00\",\"mainEntityOfPage\":{\"@id\":\"https:\/\/www.oarcanjo.net\/site\/quinta-feira-santa-de-roma-em-solidariedade-com-gaza\/\"},\"wordCount\":201,\"commentCount\":0,\"publisher\":{\"@id\":\"https:\/\/www.oarcanjo.net\/site\/#organization\"},\"keywords\":[\"Gaza\",\"Semana Santa\",\"solidariedade\",\"vaticano\"],\"articleSection\":[\"Not\u00edcias\"],\"inLanguage\":\"pt-BR\",\"potentialAction\":[{\"@type\":\"CommentAction\",\"name\":\"Comment\",\"target\":[\"https:\/\/www.oarcanjo.net\/site\/quinta-feira-santa-de-roma-em-solidariedade-com-gaza\/#respond\"]}]},{\"@type\":\"WebPage\",\"@id\":\"https:\/\/www.oarcanjo.net\/site\/quinta-feira-santa-de-roma-em-solidariedade-com-gaza\/\",\"url\":\"https:\/\/www.oarcanjo.net\/site\/quinta-feira-santa-de-roma-em-solidariedade-com-gaza\/\",\"name\":\"Quinta-feira Santa de Roma em solidariedade com Gaza - O Arcanjo no ar\",\"isPartOf\":{\"@id\":\"https:\/\/www.oarcanjo.net\/site\/#website\"},\"datePublished\":\"2009-04-01T13:40:17+00:00\",\"dateModified\":\"2009-04-01T13:40:17+00:00\",\"breadcrumb\":{\"@id\":\"https:\/\/www.oarcanjo.net\/site\/quinta-feira-santa-de-roma-em-solidariedade-com-gaza\/#breadcrumb\"},\"inLanguage\":\"pt-BR\",\"potentialAction\":[{\"@type\":\"ReadAction\",\"target\":[\"https:\/\/www.oarcanjo.net\/site\/quinta-feira-santa-de-roma-em-solidariedade-com-gaza\/\"]}]},{\"@type\":\"BreadcrumbList\",\"@id\":\"https:\/\/www.oarcanjo.net\/site\/quinta-feira-santa-de-roma-em-solidariedade-com-gaza\/#breadcrumb\",\"itemListElement\":[{\"@type\":\"ListItem\",\"position\":1,\"name\":\"In\u00edcio\",\"item\":\"https:\/\/www.oarcanjo.net\/site\/\"},{\"@type\":\"ListItem\",\"position\":2,\"name\":\"Quinta-feira Santa de Roma em solidariedade com Gaza\"}]},{\"@type\":\"WebSite\",\"@id\":\"https:\/\/www.oarcanjo.net\/site\/#website\",\"url\":\"https:\/\/www.oarcanjo.net\/site\/\",\"name\":\"O Arcanjo no ar\",\"description\":\"Site da Par\u00f3quia S\u00e3o Miguel Arcanjo (Arquidiocese de SP)\",\"publisher\":{\"@id\":\"https:\/\/www.oarcanjo.net\/site\/#organization\"},\"potentialAction\":[{\"@type\":\"SearchAction\",\"target\":{\"@type\":\"EntryPoint\",\"urlTemplate\":\"https:\/\/www.oarcanjo.net\/site\/?s={search_term_string}\"},\"query-input\":{\"@type\":\"PropertyValueSpecification\",\"valueRequired\":true,\"valueName\":\"search_term_string\"}}],\"inLanguage\":\"pt-BR\"},{\"@type\":\"Organization\",\"@id\":\"https:\/\/www.oarcanjo.net\/site\/#organization\",\"name\":\"Par\u00f3quia S\u00e3o Miguel Arcanjo\",\"url\":\"https:\/\/www.oarcanjo.net\/site\/\",\"logo\":{\"@type\":\"ImageObject\",\"inLanguage\":\"pt-BR\",\"@id\":\"https:\/\/www.oarcanjo.net\/site\/#\/schema\/logo\/image\/\",\"url\":\"https:\/\/www.oarcanjo.net\/site\/wp-content\/uploads\/LogoOArcanjo.png\",\"contentUrl\":\"https:\/\/www.oarcanjo.net\/site\/wp-content\/uploads\/LogoOArcanjo.png\",\"width\":319,\"height\":99,\"caption\":\"Par\u00f3quia S\u00e3o Miguel Arcanjo\"},\"image\":{\"@id\":\"https:\/\/www.oarcanjo.net\/site\/#\/schema\/logo\/image\/\"},\"sameAs\":[\"https:\/\/www.facebook.com\/OArcanjoNoAr\/\"]},{\"@type\":\"Person\",\"@id\":\"https:\/\/www.oarcanjo.net\/site\/#\/schema\/person\/f7024d007863202483a31326673a0838\",\"name\":\"editor\",\"sameAs\":[\"http:\/\/www.oarcanjo.net\"]}]}<\/script>\n<!-- \/ Yoast SEO plugin. -->","yoast_head_json":{"title":"Quinta-feira Santa de Roma em solidariedade com Gaza - O Arcanjo no ar","robots":{"index":"index","follow":"follow","max-snippet":"max-snippet:-1","max-image-preview":"max-image-preview:large","max-video-preview":"max-video-preview:-1"},"canonical":"https:\/\/www.oarcanjo.net\/site\/quinta-feira-santa-de-roma-em-solidariedade-com-gaza\/","og_locale":"pt_BR","og_type":"article","og_title":"Quinta-feira Santa de Roma em solidariedade com Gaza - O Arcanjo no ar","og_description":"Bento XVI disp\u00f4s que as ofertas que ser\u00e3o recolhidas este ano na celebra\u00e7\u00e3o culminante da Quinta-Feira Santa sejam destinadas a ajudar as popula\u00e7\u00f5es de Gaza. Assim anunciou a Sala das Celebra\u00e7\u00f5es Lit\u00fargicas do Sumo Pont\u00edfice, ao divulgar o calend\u00e1rio das cerim\u00f4nias presididas por Bento XVI durante a Semana Santa. Segundo o calend\u00e1rio, como \u00e9 tradi\u00e7\u00e3o, [&hellip;]","og_url":"https:\/\/www.oarcanjo.net\/site\/quinta-feira-santa-de-roma-em-solidariedade-com-gaza\/","og_site_name":"O Arcanjo no ar","article_publisher":"https:\/\/www.facebook.com\/OArcanjoNoAr\/","article_published_time":"2009-04-01T13:40:17+00:00","og_image":[{"width":300,"height":300,"url":"https:\/\/www.oarcanjo.net\/site\/wp-content\/uploads\/logo-o-arcanjo-no-ar-facebook.png","type":"image\/png"}],"author":"editor","twitter_card":"summary_large_image","twitter_misc":{"Escrito por":"editor","Est. tempo de leitura":"1 minuto"},"schema":{"@context":"https:\/\/schema.org","@graph":[{"@type":"Article","@id":"https:\/\/www.oarcanjo.net\/site\/quinta-feira-santa-de-roma-em-solidariedade-com-gaza\/#article","isPartOf":{"@id":"https:\/\/www.oarcanjo.net\/site\/quinta-feira-santa-de-roma-em-solidariedade-com-gaza\/"},"author":{"name":"editor","@id":"https:\/\/www.oarcanjo.net\/site\/#\/schema\/person\/f7024d007863202483a31326673a0838"},"headline":"Quinta-feira Santa de Roma em solidariedade com Gaza","datePublished":"2009-04-01T13:40:17+00:00","dateModified":"2009-04-01T13:40:17+00:00","mainEntityOfPage":{"@id":"https:\/\/www.oarcanjo.net\/site\/quinta-feira-santa-de-roma-em-solidariedade-com-gaza\/"},"wordCount":201,"commentCount":0,"publisher":{"@id":"https:\/\/www.oarcanjo.net\/site\/#organization"},"keywords":["Gaza","Semana Santa","solidariedade","vaticano"],"articleSection":["Not\u00edcias"],"inLanguage":"pt-BR","potentialAction":[{"@type":"CommentAction","name":"Comment","target":["https:\/\/www.oarcanjo.net\/site\/quinta-feira-santa-de-roma-em-solidariedade-com-gaza\/#respond"]}]},{"@type":"WebPage","@id":"https:\/\/www.oarcanjo.net\/site\/quinta-feira-santa-de-roma-em-solidariedade-com-gaza\/","url":"https:\/\/www.oarcanjo.net\/site\/quinta-feira-santa-de-roma-em-solidariedade-com-gaza\/","name":"Quinta-feira Santa de Roma em solidariedade com Gaza - O Arcanjo no ar","isPartOf":{"@id":"https:\/\/www.oarcanjo.net\/site\/#website"},"datePublished":"2009-04-01T13:40:17+00:00","dateModified":"2009-04-01T13:40:17+00:00","breadcrumb":{"@id":"https:\/\/www.oarcanjo.net\/site\/quinta-feira-santa-de-roma-em-solidariedade-com-gaza\/#breadcrumb"},"inLanguage":"pt-BR","potentialAction":[{"@type":"ReadAction","target":["https:\/\/www.oarcanjo.net\/site\/quinta-feira-santa-de-roma-em-solidariedade-com-gaza\/"]}]},{"@type":"BreadcrumbList","@id":"https:\/\/www.oarcanjo.net\/site\/quinta-feira-santa-de-roma-em-solidariedade-com-gaza\/#breadcrumb","itemListElement":[{"@type":"ListItem","position":1,"name":"In\u00edcio","item":"https:\/\/www.oarcanjo.net\/site\/"},{"@type":"ListItem","position":2,"name":"Quinta-feira Santa de Roma em solidariedade com Gaza"}]},{"@type":"WebSite","@id":"https:\/\/www.oarcanjo.net\/site\/#website","url":"https:\/\/www.oarcanjo.net\/site\/","name":"O Arcanjo no ar","description":"Site da Par\u00f3quia S\u00e3o Miguel Arcanjo (Arquidiocese de SP)","publisher":{"@id":"https:\/\/www.oarcanjo.net\/site\/#organization"},"potentialAction":[{"@type":"SearchAction","target":{"@type":"EntryPoint","urlTemplate":"https:\/\/www.oarcanjo.net\/site\/?s={search_term_string}"},"query-input":{"@type":"PropertyValueSpecification","valueRequired":true,"valueName":"search_term_string"}}],"inLanguage":"pt-BR"},{"@type":"Organization","@id":"https:\/\/www.oarcanjo.net\/site\/#organization","name":"Par\u00f3quia S\u00e3o Miguel Arcanjo","url":"https:\/\/www.oarcanjo.net\/site\/","logo":{"@type":"ImageObject","inLanguage":"pt-BR","@id":"https:\/\/www.oarcanjo.net\/site\/#\/schema\/logo\/image\/","url":"https:\/\/www.oarcanjo.net\/site\/wp-content\/uploads\/LogoOArcanjo.png","contentUrl":"https:\/\/www.oarcanjo.net\/site\/wp-content\/uploads\/LogoOArcanjo.png","width":319,"height":99,"caption":"Par\u00f3quia S\u00e3o Miguel Arcanjo"},"image":{"@id":"https:\/\/www.oarcanjo.net\/site\/#\/schema\/logo\/image\/"},"sameAs":["https:\/\/www.facebook.com\/OArcanjoNoAr\/"]},{"@type":"Person","@id":"https:\/\/www.oarcanjo.net\/site\/#\/schema\/person\/f7024d007863202483a31326673a0838","name":"editor","sameAs":["http:\/\/www.oarcanjo.net"]}]}},"publishpress_future_action":{"enabled":false,"date":"2026-05-08 22:29:29","action":"category","newStatus":"draft","terms":[],"taxonomy":"category"},"publishpress_future_workflow_manual_trigger":{"enabledWorkflows":[]},"_links":{"self":[{"href":"https:\/\/www.oarcanjo.net\/site\/wp-json\/wp\/v2\/posts\/2643"}],"collection":[{"href":"https:\/\/www.oarcanjo.net\/site\/wp-json\/wp\/v2\/posts"}],"about":[{"href":"https:\/\/www.oarcanjo.net\/site\/wp-json\/wp\/v2\/types\/post"}],"author":[{"embeddable":true,"href":"https:\/\/www.oarcanjo.net\/site\/wp-json\/wp\/v2\/users\/5"}],"replies":[{"embeddable":true,"href":"https:\/\/www.oarcanjo.net\/site\/wp-json\/wp\/v2\/comments?post=2643"}],"version-history":[{"count":0,"href":"https:\/\/www.oarcanjo.net\/site\/wp-json\/wp\/v2\/posts\/2643\/revisions"}],"wp:attachment":[{"href":"https:\/\/www.oarcanjo.net\/site\/wp-json\/wp\/v2\/media?parent=2643"}],"wp:term":[{"taxonomy":"category","embeddable":true,"href":"https:\/\/www.oarcanjo.net\/site\/wp-json\/wp\/v2\/categories?post=2643"},{"taxonomy":"post_tag","embeddable":true,"href":"https:\/\/www.oarcanjo.net\/site\/wp-json\/wp\/v2\/tags?post=2643"}],"curies":[{"name":"wp","href":"https:\/\/api.w.org\/{rel}","templated":true}]}}