
{"id":2673,"date":"2009-04-08T07:00:07","date_gmt":"2009-04-08T10:00:07","guid":{"rendered":"http:\/\/www.oarcanjo.net\/site\/?p=2673"},"modified":"2009-04-05T17:03:55","modified_gmt":"2009-04-05T20:03:55","slug":"com-ele-ressuscitaremos","status":"publish","type":"post","link":"https:\/\/www.oarcanjo.net\/site\/com-ele-ressuscitaremos\/","title":{"rendered":"Com Ele ressuscitaremos"},"content":{"rendered":"<p>Dom Nelson Westrupp<\/p>\n<p>Num mundo repleto de \u201cossos ressequidos\u201d (cf. Ez 37, 1-14), infestado de corrup\u00e7\u00e3o, viol\u00eancia, \u00f3dio, morte e falta de seguran\u00e7a (cf Texto Base \u2013 CF-2009); num mundo refugiado no t\u00famulo de seu ego\u00edsmo e individualismo; num mundo enterrado no t\u00famulo de sua agressividade e intoler\u00e2ncia, de sua indiferen\u00e7a social, moral e religiosa, de sua insensibilidade diante de crian\u00e7as nascidas e n\u00e3o-nascidas, diante de menores e anci\u00e3os abandonados, diante dos doentes mal amparados, dos desempregados, dos que passam fome de p\u00e3o e t\u00eam sede de justi\u00e7a, dos encarcerados e massacrados nas pris\u00f5es, diante dos mais desprotegidos, menosprezados e dos mais pequeninos&#8230;<\/p>\n<p>A este mundo t\u00e3o sombrio e desolador, em que vemos seres humanos sem alento de vida, de ideais, de esperan\u00e7a e de amor, prolongando seu passado sem perspectivas de futuro, a este mundo somos enviados a proclamar o Senhor da Vida e da Esperan\u00e7a. A este mundo em p\u00e2nico e cheio de morte f\u00edsica e moral por todos os lados, somos convidados a anunciar apressadamente que o \u201ct\u00famulo est\u00e1 vazio\u201d (cf. Jo 20, 18), que Cristo ressuscitado derrotou o pecado, a causa de todos esses males&#8230;<\/p>\n<p>Cristo \u00e9 a Porta da Vida e da Liberta\u00e7\u00e3o de todos os pecados e de todas as drogas que anestesiam e matam o cora\u00e7\u00e3o humano. <\/p>\n<p>P\u00e1scoa \u00e9 a vit\u00f3ria da Vida sobre a morte. \u201cSabemos que Cristo, ressuscitado dos mortos, n\u00e3o morre mais. A morte n\u00e3o tem mais poder sobre Ele\u201d (Rm 6, 9). A vida e a morte enfrentaram-se, e a Vida triunfou para sempre. <\/p>\n<p>A imagem do \u201chomem novo\u201d que resplandece sobre o rosto de Cristo glorioso leve a todos a reconhecer o valor intoc\u00e1vel da vida humana. Assim, estaremos dando respostas concretas \u00e0s exig\u00eancias inadi\u00e1veis da justi\u00e7a e da paz, onde o ser humano n\u00e3o \u00e9 respeitado em seus direitos fundamentais&#8230; <\/p>\n<p>Para n\u00f3s, a P\u00e1scoa \u00e9 o encontro feliz com o Ressuscitado, \u00e9 a alegria de v\u00ea-Lo no meio dos disc\u00edpulos repartindo o p\u00e3o nosso de cada dia e o P\u00e3o da Vida. Nada e ningu\u00e9m \u00e9 capaz de causar maior alegria ao nosso cora\u00e7\u00e3o do que   a presen\u00e7a de Cristo ressuscitado. Ele continua vivo, Deus-conosco, acompanhando nosso peregrinar na f\u00e9, fazendo nosso cora\u00e7\u00e3o arder de amor e de esperan\u00e7a.<\/p>\n<p>Cabe a n\u00f3s agora sermos mensageiros da Ressurrei\u00e7\u00e3o do Senhor Jesus. Antes, por\u00e9m, precisamos passar pela mesma experi\u00eancia das testemunhas designadas de antem\u00e3o por Deus (cf. At 10, 41). Precisamos percorrer o mesmo caminho percorrido por Maria Madalena e fazer a mesma corrida de Pedro e do disc\u00edpulo amado (cf. Jo 20, 1-8). S\u00f3 quem fizer a experi\u00eancia de f\u00e9 em Cristo vivo e ressuscitado ter\u00e1 olhos e ouvidos pascais para ver e ouvir o clamor dos que ainda  s\u00e3o impedidos de ressurgir  para uma Vida Nova. A P\u00e1scoa ter\u00e1 sabor de vida nova, se tivermos um cora\u00e7\u00e3o para amar, para ser solid\u00e1rio e para repartir miseric\u00f3rdia com os \u00faltimos da sociedade.<\/p>\n<p>O encontro pessoal com Jesus Cristo ressuscitado renove nossa miss\u00e3o de testemunhar que Ele est\u00e1 no meio de n\u00f3s e que com Ele ressuscitaremos.<\/p>\n<p>A todos\/as os queridos\/as leitores\/as, votos de uma santa e feliz P\u00e1scoa.<\/p>\n<div id=\"themify_builder_content-2673\" data-postid=\"2673\" class=\"themify_builder_content themify_builder_content-2673 themify_builder themify_builder_front\">\n\t<\/div>\n<!-- \/themify_builder_content -->","protected":false},"excerpt":{"rendered":"<p>Dom Nelson Westrupp Num mundo repleto de \u201cossos ressequidos\u201d (cf. Ez 37, 1-14), infestado de corrup\u00e7\u00e3o, viol\u00eancia, \u00f3dio, morte e falta de seguran\u00e7a (cf Texto Base \u2013 CF-2009); num mundo refugiado no t\u00famulo de seu ego\u00edsmo e individualismo; num mundo enterrado no t\u00famulo de sua agressividade e intoler\u00e2ncia, de sua indiferen\u00e7a social, moral e religiosa, [&hellip;]<\/p>\n","protected":false},"author":5,"featured_media":0,"comment_status":"open","ping_status":"open","sticky":false,"template":"","format":"standard","meta":{"ngg_post_thumbnail":0,"footnotes":""},"categories":[9],"tags":[229,440,242,20],"yoast_head":"<!-- This site is optimized with the Yoast SEO plugin v23.5 - https:\/\/yoast.com\/wordpress\/plugins\/seo\/ -->\n<title>Com Ele ressuscitaremos - O Arcanjo no ar<\/title>\n<meta name=\"robots\" content=\"index, follow, max-snippet:-1, max-image-preview:large, max-video-preview:-1\" \/>\n<link rel=\"canonical\" href=\"https:\/\/www.oarcanjo.net\/site\/com-ele-ressuscitaremos\/\" \/>\n<meta property=\"og:locale\" content=\"pt_BR\" \/>\n<meta property=\"og:type\" content=\"article\" \/>\n<meta property=\"og:title\" content=\"Com Ele ressuscitaremos - O Arcanjo no ar\" \/>\n<meta property=\"og:description\" content=\"Dom Nelson Westrupp Num mundo repleto de \u201cossos ressequidos\u201d (cf. Ez 37, 1-14), infestado de corrup\u00e7\u00e3o, viol\u00eancia, \u00f3dio, morte e falta de seguran\u00e7a (cf Texto Base \u2013 CF-2009); num mundo refugiado no t\u00famulo de seu ego\u00edsmo e individualismo; num mundo enterrado no t\u00famulo de sua agressividade e intoler\u00e2ncia, de sua indiferen\u00e7a social, moral e religiosa, [&hellip;]\" \/>\n<meta property=\"og:url\" content=\"https:\/\/www.oarcanjo.net\/site\/com-ele-ressuscitaremos\/\" \/>\n<meta property=\"og:site_name\" content=\"O Arcanjo no ar\" \/>\n<meta property=\"article:publisher\" content=\"https:\/\/www.facebook.com\/OArcanjoNoAr\/\" \/>\n<meta property=\"article:published_time\" content=\"2009-04-08T10:00:07+00:00\" \/>\n<meta property=\"article:modified_time\" content=\"2009-04-05T20:03:55+00:00\" \/>\n<meta property=\"og:image\" content=\"https:\/\/www.oarcanjo.net\/site\/wp-content\/uploads\/logo-o-arcanjo-no-ar-facebook.png\" \/>\n\t<meta property=\"og:image:width\" content=\"300\" \/>\n\t<meta property=\"og:image:height\" content=\"300\" \/>\n\t<meta property=\"og:image:type\" content=\"image\/png\" \/>\n<meta name=\"author\" content=\"editor\" \/>\n<meta name=\"twitter:card\" content=\"summary_large_image\" \/>\n<meta name=\"twitter:label1\" content=\"Escrito por\" \/>\n\t<meta name=\"twitter:data1\" content=\"editor\" \/>\n\t<meta name=\"twitter:label2\" content=\"Est. tempo de leitura\" \/>\n\t<meta name=\"twitter:data2\" content=\"3 minutos\" \/>\n<script type=\"application\/ld+json\" class=\"yoast-schema-graph\">{\"@context\":\"https:\/\/schema.org\",\"@graph\":[{\"@type\":\"Article\",\"@id\":\"https:\/\/www.oarcanjo.net\/site\/com-ele-ressuscitaremos\/#article\",\"isPartOf\":{\"@id\":\"https:\/\/www.oarcanjo.net\/site\/com-ele-ressuscitaremos\/\"},\"author\":{\"name\":\"editor\",\"@id\":\"https:\/\/www.oarcanjo.net\/site\/#\/schema\/person\/f7024d007863202483a31326673a0838\"},\"headline\":\"Com Ele ressuscitaremos\",\"datePublished\":\"2009-04-08T10:00:07+00:00\",\"dateModified\":\"2009-04-05T20:03:55+00:00\",\"mainEntityOfPage\":{\"@id\":\"https:\/\/www.oarcanjo.net\/site\/com-ele-ressuscitaremos\/\"},\"wordCount\":569,\"commentCount\":0,\"publisher\":{\"@id\":\"https:\/\/www.oarcanjo.net\/site\/#organization\"},\"keywords\":[\"Campanha da Fraternidade\",\"Jesus Cristo\",\"P\u00e1scoa\",\"viol\u00eancia\"],\"articleSection\":[\"Reflex\u00f5es\"],\"inLanguage\":\"pt-BR\",\"potentialAction\":[{\"@type\":\"CommentAction\",\"name\":\"Comment\",\"target\":[\"https:\/\/www.oarcanjo.net\/site\/com-ele-ressuscitaremos\/#respond\"]}]},{\"@type\":\"WebPage\",\"@id\":\"https:\/\/www.oarcanjo.net\/site\/com-ele-ressuscitaremos\/\",\"url\":\"https:\/\/www.oarcanjo.net\/site\/com-ele-ressuscitaremos\/\",\"name\":\"Com Ele ressuscitaremos - O Arcanjo no ar\",\"isPartOf\":{\"@id\":\"https:\/\/www.oarcanjo.net\/site\/#website\"},\"datePublished\":\"2009-04-08T10:00:07+00:00\",\"dateModified\":\"2009-04-05T20:03:55+00:00\",\"breadcrumb\":{\"@id\":\"https:\/\/www.oarcanjo.net\/site\/com-ele-ressuscitaremos\/#breadcrumb\"},\"inLanguage\":\"pt-BR\",\"potentialAction\":[{\"@type\":\"ReadAction\",\"target\":[\"https:\/\/www.oarcanjo.net\/site\/com-ele-ressuscitaremos\/\"]}]},{\"@type\":\"BreadcrumbList\",\"@id\":\"https:\/\/www.oarcanjo.net\/site\/com-ele-ressuscitaremos\/#breadcrumb\",\"itemListElement\":[{\"@type\":\"ListItem\",\"position\":1,\"name\":\"In\u00edcio\",\"item\":\"https:\/\/www.oarcanjo.net\/site\/\"},{\"@type\":\"ListItem\",\"position\":2,\"name\":\"Com Ele ressuscitaremos\"}]},{\"@type\":\"WebSite\",\"@id\":\"https:\/\/www.oarcanjo.net\/site\/#website\",\"url\":\"https:\/\/www.oarcanjo.net\/site\/\",\"name\":\"O Arcanjo no ar\",\"description\":\"Site da Par\u00f3quia S\u00e3o Miguel Arcanjo (Arquidiocese de SP)\",\"publisher\":{\"@id\":\"https:\/\/www.oarcanjo.net\/site\/#organization\"},\"potentialAction\":[{\"@type\":\"SearchAction\",\"target\":{\"@type\":\"EntryPoint\",\"urlTemplate\":\"https:\/\/www.oarcanjo.net\/site\/?s={search_term_string}\"},\"query-input\":{\"@type\":\"PropertyValueSpecification\",\"valueRequired\":true,\"valueName\":\"search_term_string\"}}],\"inLanguage\":\"pt-BR\"},{\"@type\":\"Organization\",\"@id\":\"https:\/\/www.oarcanjo.net\/site\/#organization\",\"name\":\"Par\u00f3quia S\u00e3o Miguel Arcanjo\",\"url\":\"https:\/\/www.oarcanjo.net\/site\/\",\"logo\":{\"@type\":\"ImageObject\",\"inLanguage\":\"pt-BR\",\"@id\":\"https:\/\/www.oarcanjo.net\/site\/#\/schema\/logo\/image\/\",\"url\":\"https:\/\/www.oarcanjo.net\/site\/wp-content\/uploads\/LogoOArcanjo.png\",\"contentUrl\":\"https:\/\/www.oarcanjo.net\/site\/wp-content\/uploads\/LogoOArcanjo.png\",\"width\":319,\"height\":99,\"caption\":\"Par\u00f3quia S\u00e3o Miguel Arcanjo\"},\"image\":{\"@id\":\"https:\/\/www.oarcanjo.net\/site\/#\/schema\/logo\/image\/\"},\"sameAs\":[\"https:\/\/www.facebook.com\/OArcanjoNoAr\/\"]},{\"@type\":\"Person\",\"@id\":\"https:\/\/www.oarcanjo.net\/site\/#\/schema\/person\/f7024d007863202483a31326673a0838\",\"name\":\"editor\",\"sameAs\":[\"http:\/\/www.oarcanjo.net\"]}]}<\/script>\n<!-- \/ Yoast SEO plugin. -->","yoast_head_json":{"title":"Com Ele ressuscitaremos - O Arcanjo no ar","robots":{"index":"index","follow":"follow","max-snippet":"max-snippet:-1","max-image-preview":"max-image-preview:large","max-video-preview":"max-video-preview:-1"},"canonical":"https:\/\/www.oarcanjo.net\/site\/com-ele-ressuscitaremos\/","og_locale":"pt_BR","og_type":"article","og_title":"Com Ele ressuscitaremos - O Arcanjo no ar","og_description":"Dom Nelson Westrupp Num mundo repleto de \u201cossos ressequidos\u201d (cf. Ez 37, 1-14), infestado de corrup\u00e7\u00e3o, viol\u00eancia, \u00f3dio, morte e falta de seguran\u00e7a (cf Texto Base \u2013 CF-2009); num mundo refugiado no t\u00famulo de seu ego\u00edsmo e individualismo; num mundo enterrado no t\u00famulo de sua agressividade e intoler\u00e2ncia, de sua indiferen\u00e7a social, moral e religiosa, [&hellip;]","og_url":"https:\/\/www.oarcanjo.net\/site\/com-ele-ressuscitaremos\/","og_site_name":"O Arcanjo no ar","article_publisher":"https:\/\/www.facebook.com\/OArcanjoNoAr\/","article_published_time":"2009-04-08T10:00:07+00:00","article_modified_time":"2009-04-05T20:03:55+00:00","og_image":[{"width":300,"height":300,"url":"https:\/\/www.oarcanjo.net\/site\/wp-content\/uploads\/logo-o-arcanjo-no-ar-facebook.png","type":"image\/png"}],"author":"editor","twitter_card":"summary_large_image","twitter_misc":{"Escrito por":"editor","Est. tempo de leitura":"3 minutos"},"schema":{"@context":"https:\/\/schema.org","@graph":[{"@type":"Article","@id":"https:\/\/www.oarcanjo.net\/site\/com-ele-ressuscitaremos\/#article","isPartOf":{"@id":"https:\/\/www.oarcanjo.net\/site\/com-ele-ressuscitaremos\/"},"author":{"name":"editor","@id":"https:\/\/www.oarcanjo.net\/site\/#\/schema\/person\/f7024d007863202483a31326673a0838"},"headline":"Com Ele ressuscitaremos","datePublished":"2009-04-08T10:00:07+00:00","dateModified":"2009-04-05T20:03:55+00:00","mainEntityOfPage":{"@id":"https:\/\/www.oarcanjo.net\/site\/com-ele-ressuscitaremos\/"},"wordCount":569,"commentCount":0,"publisher":{"@id":"https:\/\/www.oarcanjo.net\/site\/#organization"},"keywords":["Campanha da Fraternidade","Jesus Cristo","P\u00e1scoa","viol\u00eancia"],"articleSection":["Reflex\u00f5es"],"inLanguage":"pt-BR","potentialAction":[{"@type":"CommentAction","name":"Comment","target":["https:\/\/www.oarcanjo.net\/site\/com-ele-ressuscitaremos\/#respond"]}]},{"@type":"WebPage","@id":"https:\/\/www.oarcanjo.net\/site\/com-ele-ressuscitaremos\/","url":"https:\/\/www.oarcanjo.net\/site\/com-ele-ressuscitaremos\/","name":"Com Ele ressuscitaremos - O Arcanjo no ar","isPartOf":{"@id":"https:\/\/www.oarcanjo.net\/site\/#website"},"datePublished":"2009-04-08T10:00:07+00:00","dateModified":"2009-04-05T20:03:55+00:00","breadcrumb":{"@id":"https:\/\/www.oarcanjo.net\/site\/com-ele-ressuscitaremos\/#breadcrumb"},"inLanguage":"pt-BR","potentialAction":[{"@type":"ReadAction","target":["https:\/\/www.oarcanjo.net\/site\/com-ele-ressuscitaremos\/"]}]},{"@type":"BreadcrumbList","@id":"https:\/\/www.oarcanjo.net\/site\/com-ele-ressuscitaremos\/#breadcrumb","itemListElement":[{"@type":"ListItem","position":1,"name":"In\u00edcio","item":"https:\/\/www.oarcanjo.net\/site\/"},{"@type":"ListItem","position":2,"name":"Com Ele ressuscitaremos"}]},{"@type":"WebSite","@id":"https:\/\/www.oarcanjo.net\/site\/#website","url":"https:\/\/www.oarcanjo.net\/site\/","name":"O Arcanjo no ar","description":"Site da Par\u00f3quia S\u00e3o Miguel Arcanjo (Arquidiocese de SP)","publisher":{"@id":"https:\/\/www.oarcanjo.net\/site\/#organization"},"potentialAction":[{"@type":"SearchAction","target":{"@type":"EntryPoint","urlTemplate":"https:\/\/www.oarcanjo.net\/site\/?s={search_term_string}"},"query-input":{"@type":"PropertyValueSpecification","valueRequired":true,"valueName":"search_term_string"}}],"inLanguage":"pt-BR"},{"@type":"Organization","@id":"https:\/\/www.oarcanjo.net\/site\/#organization","name":"Par\u00f3quia S\u00e3o Miguel Arcanjo","url":"https:\/\/www.oarcanjo.net\/site\/","logo":{"@type":"ImageObject","inLanguage":"pt-BR","@id":"https:\/\/www.oarcanjo.net\/site\/#\/schema\/logo\/image\/","url":"https:\/\/www.oarcanjo.net\/site\/wp-content\/uploads\/LogoOArcanjo.png","contentUrl":"https:\/\/www.oarcanjo.net\/site\/wp-content\/uploads\/LogoOArcanjo.png","width":319,"height":99,"caption":"Par\u00f3quia S\u00e3o Miguel Arcanjo"},"image":{"@id":"https:\/\/www.oarcanjo.net\/site\/#\/schema\/logo\/image\/"},"sameAs":["https:\/\/www.facebook.com\/OArcanjoNoAr\/"]},{"@type":"Person","@id":"https:\/\/www.oarcanjo.net\/site\/#\/schema\/person\/f7024d007863202483a31326673a0838","name":"editor","sameAs":["http:\/\/www.oarcanjo.net"]}]}},"publishpress_future_action":{"enabled":false,"date":"2026-05-09 01:49:35","action":"category","newStatus":"draft","terms":[],"taxonomy":"category"},"publishpress_future_workflow_manual_trigger":{"enabledWorkflows":[]},"_links":{"self":[{"href":"https:\/\/www.oarcanjo.net\/site\/wp-json\/wp\/v2\/posts\/2673"}],"collection":[{"href":"https:\/\/www.oarcanjo.net\/site\/wp-json\/wp\/v2\/posts"}],"about":[{"href":"https:\/\/www.oarcanjo.net\/site\/wp-json\/wp\/v2\/types\/post"}],"author":[{"embeddable":true,"href":"https:\/\/www.oarcanjo.net\/site\/wp-json\/wp\/v2\/users\/5"}],"replies":[{"embeddable":true,"href":"https:\/\/www.oarcanjo.net\/site\/wp-json\/wp\/v2\/comments?post=2673"}],"version-history":[{"count":0,"href":"https:\/\/www.oarcanjo.net\/site\/wp-json\/wp\/v2\/posts\/2673\/revisions"}],"wp:attachment":[{"href":"https:\/\/www.oarcanjo.net\/site\/wp-json\/wp\/v2\/media?parent=2673"}],"wp:term":[{"taxonomy":"category","embeddable":true,"href":"https:\/\/www.oarcanjo.net\/site\/wp-json\/wp\/v2\/categories?post=2673"},{"taxonomy":"post_tag","embeddable":true,"href":"https:\/\/www.oarcanjo.net\/site\/wp-json\/wp\/v2\/tags?post=2673"}],"curies":[{"name":"wp","href":"https:\/\/api.w.org\/{rel}","templated":true}]}}