
{"id":2678,"date":"2009-04-05T17:43:33","date_gmt":"2009-04-05T20:43:33","guid":{"rendered":"http:\/\/www.oarcanjo.net\/site\/?p=2678"},"modified":"2009-04-05T17:49:54","modified_gmt":"2009-04-05T20:49:54","slug":"comunidade-debate-seguranca-com-comandante-da-policia-militar","status":"publish","type":"post","link":"https:\/\/www.oarcanjo.net\/site\/comunidade-debate-seguranca-com-comandante-da-policia-militar\/","title":{"rendered":"Comunidade debate seguran\u00e7a com comandante da Pol\u00edcia Militar"},"content":{"rendered":"<p>A comunidade S\u00e3o Miguel Arcanjo recebeu no s\u00e1bado, 4 de abril, a capit\u00e3o Tania Pinc, comandante da terceira companhia do 45\u00ba batalh\u00e3o da Pol\u00edcia Militar de S\u00e3o Paulo. O objetivo do encontro era debater a seguran\u00e7a, tema da Campanha da Fraternidade deste ano.<\/p>\n<p>A policial disse que a parceria da comunidade \u00e9 importante para conhecer melhor os problemas e desafios da regi\u00e3o. Os participantes apresentaram quest\u00f5es que amea\u00e7am a seguran\u00e7a dos moradores. Os principais assuntos debatidos foram:<\/p>\n<p>* Tempo de sem\u00e1foros que dificultam a travessia de pessoas idosas<br \/>\n* A ocupa\u00e7\u00e3o das cal\u00e7adas pelas mesas de bares e o barulho, o som alto dos frequentadores<br \/>\n* Os defeitos nas cal\u00e7adas<br \/>\n* A venda de bebidas alcoolicas para menores<br \/>\n* A oferta e o consumo de drogas<br \/>\n* Conflitos entre vizinhos<br \/>\n* A mudan\u00e7a no perfil do bairro com a chegada de grandes condom\u00ednios de pr\u00e9dios<\/p>\n<p>A capit\u00e3o Tania explicou que nem todas as quest\u00f5es eram responsabilidade da pol\u00edcia, mas se comprometeu a fazer contato com a CET para avaliar a quest\u00e3o dos far\u00f3is e orientar os PMs para notificar a subprefeitura quando encontrarem cal\u00e7adas ocupadas irregularmente. Sobre a quest\u00e3o das drogas, ela refor\u00e7ou a import\u00e2ncia da popula\u00e7\u00e3o usar o telefone <strong>181<\/strong> para fazer den\u00fancias an\u00f4nimas.<\/p>\n<p>Por fim, os participantes decidiram criar um grupo de trabalho com representantes da comunidade, da Pol\u00edcia, da Universidade S\u00e3o Judas Tadeu e do Instituto Sou da Paz para encaminhar outras a\u00e7\u00f5es concretas.<\/p>\n<div id=\"themify_builder_content-2678\" data-postid=\"2678\" class=\"themify_builder_content themify_builder_content-2678 themify_builder themify_builder_front\">\n\t<\/div>\n<!-- \/themify_builder_content -->","protected":false},"excerpt":{"rendered":"<p>A comunidade S\u00e3o Miguel Arcanjo recebeu no s\u00e1bado, 4 de abril, a capit\u00e3o Tania Pinc, comandante da terceira companhia do 45\u00ba batalh\u00e3o da Pol\u00edcia Militar de S\u00e3o Paulo. O objetivo do encontro era debater a seguran\u00e7a, tema da Campanha da Fraternidade deste ano. A policial disse que a parceria da comunidade \u00e9 importante para conhecer [&hellip;]<\/p>\n","protected":false},"author":2,"featured_media":0,"comment_status":"open","ping_status":"open","sticky":false,"template":"","format":"standard","meta":{"ngg_post_thumbnail":0,"footnotes":""},"categories":[8],"tags":[170,449,231,450,330],"yoast_head":"<!-- This site is optimized with the Yoast SEO plugin v23.5 - https:\/\/yoast.com\/wordpress\/plugins\/seo\/ -->\n<title>Comunidade debate seguran\u00e7a com comandante da Pol\u00edcia Militar - O Arcanjo no ar<\/title>\n<meta name=\"robots\" content=\"index, follow, max-snippet:-1, max-image-preview:large, max-video-preview:-1\" \/>\n<link rel=\"canonical\" href=\"https:\/\/www.oarcanjo.net\/site\/comunidade-debate-seguranca-com-comandante-da-policia-militar\/\" \/>\n<meta property=\"og:locale\" content=\"pt_BR\" \/>\n<meta property=\"og:type\" content=\"article\" \/>\n<meta property=\"og:title\" content=\"Comunidade debate seguran\u00e7a com comandante da Pol\u00edcia Militar - O Arcanjo no ar\" \/>\n<meta property=\"og:description\" content=\"A comunidade S\u00e3o Miguel Arcanjo recebeu no s\u00e1bado, 4 de abril, a capit\u00e3o Tania Pinc, comandante da terceira companhia do 45\u00ba batalh\u00e3o da Pol\u00edcia Militar de S\u00e3o Paulo. O objetivo do encontro era debater a seguran\u00e7a, tema da Campanha da Fraternidade deste ano. A policial disse que a parceria da comunidade \u00e9 importante para conhecer [&hellip;]\" \/>\n<meta property=\"og:url\" content=\"https:\/\/www.oarcanjo.net\/site\/comunidade-debate-seguranca-com-comandante-da-policia-militar\/\" \/>\n<meta property=\"og:site_name\" content=\"O Arcanjo no ar\" \/>\n<meta property=\"article:publisher\" content=\"https:\/\/www.facebook.com\/OArcanjoNoAr\/\" \/>\n<meta property=\"article:published_time\" content=\"2009-04-05T20:43:33+00:00\" \/>\n<meta property=\"article:modified_time\" content=\"2009-04-05T20:49:54+00:00\" \/>\n<meta property=\"og:image\" content=\"https:\/\/www.oarcanjo.net\/site\/wp-content\/uploads\/logo-o-arcanjo-no-ar-facebook.png\" \/>\n\t<meta property=\"og:image:width\" content=\"300\" \/>\n\t<meta property=\"og:image:height\" content=\"300\" \/>\n\t<meta property=\"og:image:type\" content=\"image\/png\" \/>\n<meta name=\"author\" content=\"rubens.meyer\" \/>\n<meta name=\"twitter:card\" content=\"summary_large_image\" \/>\n<meta name=\"twitter:label1\" content=\"Escrito por\" \/>\n\t<meta name=\"twitter:data1\" content=\"rubens.meyer\" \/>\n\t<meta name=\"twitter:label2\" content=\"Est. tempo de leitura\" \/>\n\t<meta name=\"twitter:data2\" content=\"1 minuto\" \/>\n<script type=\"application\/ld+json\" class=\"yoast-schema-graph\">{\"@context\":\"https:\/\/schema.org\",\"@graph\":[{\"@type\":\"Article\",\"@id\":\"https:\/\/www.oarcanjo.net\/site\/comunidade-debate-seguranca-com-comandante-da-policia-militar\/#article\",\"isPartOf\":{\"@id\":\"https:\/\/www.oarcanjo.net\/site\/comunidade-debate-seguranca-com-comandante-da-policia-militar\/\"},\"author\":{\"name\":\"rubens.meyer\",\"@id\":\"https:\/\/www.oarcanjo.net\/site\/#\/schema\/person\/8f702af457b0cfb4ac1a7228ee23f026\"},\"headline\":\"Comunidade debate seguran\u00e7a com comandante da Pol\u00edcia Militar\",\"datePublished\":\"2009-04-05T20:43:33+00:00\",\"dateModified\":\"2009-04-05T20:49:54+00:00\",\"mainEntityOfPage\":{\"@id\":\"https:\/\/www.oarcanjo.net\/site\/comunidade-debate-seguranca-com-comandante-da-policia-militar\/\"},\"wordCount\":269,\"commentCount\":1,\"publisher\":{\"@id\":\"https:\/\/www.oarcanjo.net\/site\/#organization\"},\"keywords\":[\"cidade\",\"Pol\u00edcia\",\"seguran\u00e7a\",\"tr\u00e1fico de drogas\",\"urbanismo\"],\"articleSection\":[\"Not\u00edcias\"],\"inLanguage\":\"pt-BR\",\"potentialAction\":[{\"@type\":\"CommentAction\",\"name\":\"Comment\",\"target\":[\"https:\/\/www.oarcanjo.net\/site\/comunidade-debate-seguranca-com-comandante-da-policia-militar\/#respond\"]}]},{\"@type\":\"WebPage\",\"@id\":\"https:\/\/www.oarcanjo.net\/site\/comunidade-debate-seguranca-com-comandante-da-policia-militar\/\",\"url\":\"https:\/\/www.oarcanjo.net\/site\/comunidade-debate-seguranca-com-comandante-da-policia-militar\/\",\"name\":\"Comunidade debate seguran\u00e7a com comandante da Pol\u00edcia Militar - O Arcanjo no ar\",\"isPartOf\":{\"@id\":\"https:\/\/www.oarcanjo.net\/site\/#website\"},\"datePublished\":\"2009-04-05T20:43:33+00:00\",\"dateModified\":\"2009-04-05T20:49:54+00:00\",\"breadcrumb\":{\"@id\":\"https:\/\/www.oarcanjo.net\/site\/comunidade-debate-seguranca-com-comandante-da-policia-militar\/#breadcrumb\"},\"inLanguage\":\"pt-BR\",\"potentialAction\":[{\"@type\":\"ReadAction\",\"target\":[\"https:\/\/www.oarcanjo.net\/site\/comunidade-debate-seguranca-com-comandante-da-policia-militar\/\"]}]},{\"@type\":\"BreadcrumbList\",\"@id\":\"https:\/\/www.oarcanjo.net\/site\/comunidade-debate-seguranca-com-comandante-da-policia-militar\/#breadcrumb\",\"itemListElement\":[{\"@type\":\"ListItem\",\"position\":1,\"name\":\"In\u00edcio\",\"item\":\"https:\/\/www.oarcanjo.net\/site\/\"},{\"@type\":\"ListItem\",\"position\":2,\"name\":\"Comunidade debate seguran\u00e7a com comandante da Pol\u00edcia Militar\"}]},{\"@type\":\"WebSite\",\"@id\":\"https:\/\/www.oarcanjo.net\/site\/#website\",\"url\":\"https:\/\/www.oarcanjo.net\/site\/\",\"name\":\"O Arcanjo no ar\",\"description\":\"Site da Par\u00f3quia S\u00e3o Miguel Arcanjo (Arquidiocese de SP)\",\"publisher\":{\"@id\":\"https:\/\/www.oarcanjo.net\/site\/#organization\"},\"potentialAction\":[{\"@type\":\"SearchAction\",\"target\":{\"@type\":\"EntryPoint\",\"urlTemplate\":\"https:\/\/www.oarcanjo.net\/site\/?s={search_term_string}\"},\"query-input\":{\"@type\":\"PropertyValueSpecification\",\"valueRequired\":true,\"valueName\":\"search_term_string\"}}],\"inLanguage\":\"pt-BR\"},{\"@type\":\"Organization\",\"@id\":\"https:\/\/www.oarcanjo.net\/site\/#organization\",\"name\":\"Par\u00f3quia S\u00e3o Miguel Arcanjo\",\"url\":\"https:\/\/www.oarcanjo.net\/site\/\",\"logo\":{\"@type\":\"ImageObject\",\"inLanguage\":\"pt-BR\",\"@id\":\"https:\/\/www.oarcanjo.net\/site\/#\/schema\/logo\/image\/\",\"url\":\"https:\/\/www.oarcanjo.net\/site\/wp-content\/uploads\/LogoOArcanjo.png\",\"contentUrl\":\"https:\/\/www.oarcanjo.net\/site\/wp-content\/uploads\/LogoOArcanjo.png\",\"width\":319,\"height\":99,\"caption\":\"Par\u00f3quia S\u00e3o Miguel Arcanjo\"},\"image\":{\"@id\":\"https:\/\/www.oarcanjo.net\/site\/#\/schema\/logo\/image\/\"},\"sameAs\":[\"https:\/\/www.facebook.com\/OArcanjoNoAr\/\"]},{\"@type\":\"Person\",\"@id\":\"https:\/\/www.oarcanjo.net\/site\/#\/schema\/person\/8f702af457b0cfb4ac1a7228ee23f026\",\"name\":\"rubens.meyer\"}]}<\/script>\n<!-- \/ Yoast SEO plugin. -->","yoast_head_json":{"title":"Comunidade debate seguran\u00e7a com comandante da Pol\u00edcia Militar - O Arcanjo no ar","robots":{"index":"index","follow":"follow","max-snippet":"max-snippet:-1","max-image-preview":"max-image-preview:large","max-video-preview":"max-video-preview:-1"},"canonical":"https:\/\/www.oarcanjo.net\/site\/comunidade-debate-seguranca-com-comandante-da-policia-militar\/","og_locale":"pt_BR","og_type":"article","og_title":"Comunidade debate seguran\u00e7a com comandante da Pol\u00edcia Militar - O Arcanjo no ar","og_description":"A comunidade S\u00e3o Miguel Arcanjo recebeu no s\u00e1bado, 4 de abril, a capit\u00e3o Tania Pinc, comandante da terceira companhia do 45\u00ba batalh\u00e3o da Pol\u00edcia Militar de S\u00e3o Paulo. O objetivo do encontro era debater a seguran\u00e7a, tema da Campanha da Fraternidade deste ano. A policial disse que a parceria da comunidade \u00e9 importante para conhecer [&hellip;]","og_url":"https:\/\/www.oarcanjo.net\/site\/comunidade-debate-seguranca-com-comandante-da-policia-militar\/","og_site_name":"O Arcanjo no ar","article_publisher":"https:\/\/www.facebook.com\/OArcanjoNoAr\/","article_published_time":"2009-04-05T20:43:33+00:00","article_modified_time":"2009-04-05T20:49:54+00:00","og_image":[{"width":300,"height":300,"url":"https:\/\/www.oarcanjo.net\/site\/wp-content\/uploads\/logo-o-arcanjo-no-ar-facebook.png","type":"image\/png"}],"author":"rubens.meyer","twitter_card":"summary_large_image","twitter_misc":{"Escrito por":"rubens.meyer","Est. tempo de leitura":"1 minuto"},"schema":{"@context":"https:\/\/schema.org","@graph":[{"@type":"Article","@id":"https:\/\/www.oarcanjo.net\/site\/comunidade-debate-seguranca-com-comandante-da-policia-militar\/#article","isPartOf":{"@id":"https:\/\/www.oarcanjo.net\/site\/comunidade-debate-seguranca-com-comandante-da-policia-militar\/"},"author":{"name":"rubens.meyer","@id":"https:\/\/www.oarcanjo.net\/site\/#\/schema\/person\/8f702af457b0cfb4ac1a7228ee23f026"},"headline":"Comunidade debate seguran\u00e7a com comandante da Pol\u00edcia Militar","datePublished":"2009-04-05T20:43:33+00:00","dateModified":"2009-04-05T20:49:54+00:00","mainEntityOfPage":{"@id":"https:\/\/www.oarcanjo.net\/site\/comunidade-debate-seguranca-com-comandante-da-policia-militar\/"},"wordCount":269,"commentCount":1,"publisher":{"@id":"https:\/\/www.oarcanjo.net\/site\/#organization"},"keywords":["cidade","Pol\u00edcia","seguran\u00e7a","tr\u00e1fico de drogas","urbanismo"],"articleSection":["Not\u00edcias"],"inLanguage":"pt-BR","potentialAction":[{"@type":"CommentAction","name":"Comment","target":["https:\/\/www.oarcanjo.net\/site\/comunidade-debate-seguranca-com-comandante-da-policia-militar\/#respond"]}]},{"@type":"WebPage","@id":"https:\/\/www.oarcanjo.net\/site\/comunidade-debate-seguranca-com-comandante-da-policia-militar\/","url":"https:\/\/www.oarcanjo.net\/site\/comunidade-debate-seguranca-com-comandante-da-policia-militar\/","name":"Comunidade debate seguran\u00e7a com comandante da Pol\u00edcia Militar - O Arcanjo no ar","isPartOf":{"@id":"https:\/\/www.oarcanjo.net\/site\/#website"},"datePublished":"2009-04-05T20:43:33+00:00","dateModified":"2009-04-05T20:49:54+00:00","breadcrumb":{"@id":"https:\/\/www.oarcanjo.net\/site\/comunidade-debate-seguranca-com-comandante-da-policia-militar\/#breadcrumb"},"inLanguage":"pt-BR","potentialAction":[{"@type":"ReadAction","target":["https:\/\/www.oarcanjo.net\/site\/comunidade-debate-seguranca-com-comandante-da-policia-militar\/"]}]},{"@type":"BreadcrumbList","@id":"https:\/\/www.oarcanjo.net\/site\/comunidade-debate-seguranca-com-comandante-da-policia-militar\/#breadcrumb","itemListElement":[{"@type":"ListItem","position":1,"name":"In\u00edcio","item":"https:\/\/www.oarcanjo.net\/site\/"},{"@type":"ListItem","position":2,"name":"Comunidade debate seguran\u00e7a com comandante da Pol\u00edcia Militar"}]},{"@type":"WebSite","@id":"https:\/\/www.oarcanjo.net\/site\/#website","url":"https:\/\/www.oarcanjo.net\/site\/","name":"O Arcanjo no ar","description":"Site da Par\u00f3quia S\u00e3o Miguel Arcanjo (Arquidiocese de SP)","publisher":{"@id":"https:\/\/www.oarcanjo.net\/site\/#organization"},"potentialAction":[{"@type":"SearchAction","target":{"@type":"EntryPoint","urlTemplate":"https:\/\/www.oarcanjo.net\/site\/?s={search_term_string}"},"query-input":{"@type":"PropertyValueSpecification","valueRequired":true,"valueName":"search_term_string"}}],"inLanguage":"pt-BR"},{"@type":"Organization","@id":"https:\/\/www.oarcanjo.net\/site\/#organization","name":"Par\u00f3quia S\u00e3o Miguel Arcanjo","url":"https:\/\/www.oarcanjo.net\/site\/","logo":{"@type":"ImageObject","inLanguage":"pt-BR","@id":"https:\/\/www.oarcanjo.net\/site\/#\/schema\/logo\/image\/","url":"https:\/\/www.oarcanjo.net\/site\/wp-content\/uploads\/LogoOArcanjo.png","contentUrl":"https:\/\/www.oarcanjo.net\/site\/wp-content\/uploads\/LogoOArcanjo.png","width":319,"height":99,"caption":"Par\u00f3quia S\u00e3o Miguel Arcanjo"},"image":{"@id":"https:\/\/www.oarcanjo.net\/site\/#\/schema\/logo\/image\/"},"sameAs":["https:\/\/www.facebook.com\/OArcanjoNoAr\/"]},{"@type":"Person","@id":"https:\/\/www.oarcanjo.net\/site\/#\/schema\/person\/8f702af457b0cfb4ac1a7228ee23f026","name":"rubens.meyer"}]}},"publishpress_future_action":{"enabled":false,"date":"2026-05-07 08:08:01","action":"category","newStatus":"draft","terms":[],"taxonomy":"category"},"publishpress_future_workflow_manual_trigger":{"enabledWorkflows":[]},"_links":{"self":[{"href":"https:\/\/www.oarcanjo.net\/site\/wp-json\/wp\/v2\/posts\/2678"}],"collection":[{"href":"https:\/\/www.oarcanjo.net\/site\/wp-json\/wp\/v2\/posts"}],"about":[{"href":"https:\/\/www.oarcanjo.net\/site\/wp-json\/wp\/v2\/types\/post"}],"author":[{"embeddable":true,"href":"https:\/\/www.oarcanjo.net\/site\/wp-json\/wp\/v2\/users\/2"}],"replies":[{"embeddable":true,"href":"https:\/\/www.oarcanjo.net\/site\/wp-json\/wp\/v2\/comments?post=2678"}],"version-history":[{"count":0,"href":"https:\/\/www.oarcanjo.net\/site\/wp-json\/wp\/v2\/posts\/2678\/revisions"}],"wp:attachment":[{"href":"https:\/\/www.oarcanjo.net\/site\/wp-json\/wp\/v2\/media?parent=2678"}],"wp:term":[{"taxonomy":"category","embeddable":true,"href":"https:\/\/www.oarcanjo.net\/site\/wp-json\/wp\/v2\/categories?post=2678"},{"taxonomy":"post_tag","embeddable":true,"href":"https:\/\/www.oarcanjo.net\/site\/wp-json\/wp\/v2\/tags?post=2678"}],"curies":[{"name":"wp","href":"https:\/\/api.w.org\/{rel}","templated":true}]}}