
{"id":2686,"date":"2009-04-04T15:48:16","date_gmt":"2009-04-04T18:48:16","guid":{"rendered":"http:\/\/www.oarcanjo.net\/site\/?p=2686"},"modified":"2009-04-19T11:38:21","modified_gmt":"2009-04-19T14:38:21","slug":"via-sacra-e-seguranca-publica","status":"publish","type":"post","link":"https:\/\/www.oarcanjo.net\/site\/via-sacra-e-seguranca-publica\/","title":{"rendered":"Via Sacra e Seguran\u00e7a P\u00fablica"},"content":{"rendered":"<p>Carlos Alberto Beatriz<\/p>\n<p>Na Via Sacra do dia 03\/04\/09, o prop\u00f3sito da Comunidade de percorrer, com Jesus, a lembran\u00e7a do caminho do Calv\u00e1rio, \u00e0 luz de velas. A pouca ilumina\u00e7\u00e3o mostrou um paralelo com a fragilidade da seguran\u00e7a p\u00fablica.<\/p>\n<p>Foi bonito ver o Padre J\u00falio acendendo as velas em cada Esta\u00e7\u00e3o, que por sua vez estavam delicadamente arranjadas pelas equipes da Universidade S\u00e3o Judas.<\/p>\n<p>Apesar da tristeza de cada momento da Via Sacra, a Luz de Jesus ia iluminando a ora\u00e7\u00e3o de todos que caminhavam em prociss\u00e3o dentro da Capela S\u00e3o Judas Tadeu. Essa ora\u00e7\u00e3o nos leva para a P\u00e1scoa.<\/p>\n<p>No final, os homens da Comunidade S\u00e3o Miguel Arcanjo se colocaram ao lado de Nossa Senhora das Dores e rezaram uma dezena do Ter\u00e7o, acompanhados pelas mulheres. Depois de termos feito a reflex\u00e3o de todo o sofrimento de Jesus at\u00e9 o Calv\u00e1rio, a imagem de Nossa Senhora emocionou a todos.<\/p>\n<p>As fotos mostram que mais pessoas vieram para essa Via Sacra e rezaram pela melhoria da Seguran\u00e7a P\u00fablica. Nesse sentido, ficou a expectativa para a visita na Igreja S\u00e3o Miguel do Capit\u00e3o PM T\u00e2nia, neste s\u00e1bado, antecedendo \u00e0 Prociss\u00e3o de Ramos, exatamente para conversar sobre a Seguran\u00e7a, tema da Campanha da Fraternidade.<\/p>\n<p>Veja abaixo as fotos da Via Sacra:<\/p>ngg_shortcode_0_placeholder<p><em>Fotos de Carlos Alberto Beatriz<\/em><\/p>\n<div id=\"themify_builder_content-2686\" data-postid=\"2686\" class=\"themify_builder_content themify_builder_content-2686 themify_builder themify_builder_front\">\n\t<\/div>\n<!-- \/themify_builder_content -->","protected":false},"excerpt":{"rendered":"<p>Carlos Alberto Beatriz Na Via Sacra do dia 03\/04\/09, o prop\u00f3sito da Comunidade de percorrer, com Jesus, a lembran\u00e7a do caminho do Calv\u00e1rio, \u00e0 luz de velas. A pouca ilumina\u00e7\u00e3o mostrou um paralelo com a fragilidade da seguran\u00e7a p\u00fablica. Foi bonito ver o Padre J\u00falio acendendo as velas em cada Esta\u00e7\u00e3o, que por sua vez [&hellip;]<\/p>\n","protected":false},"author":5,"featured_media":0,"comment_status":"open","ping_status":"open","sticky":false,"template":"","format":"standard","meta":{"ngg_post_thumbnail":0,"footnotes":""},"categories":[8],"tags":[440,349,242,231,294],"yoast_head":"<!-- This site is optimized with the Yoast SEO plugin v23.5 - https:\/\/yoast.com\/wordpress\/plugins\/seo\/ -->\n<title>Via Sacra e Seguran\u00e7a P\u00fablica - O Arcanjo no ar<\/title>\n<meta name=\"robots\" content=\"index, follow, max-snippet:-1, max-image-preview:large, max-video-preview:-1\" \/>\n<link rel=\"canonical\" href=\"https:\/\/www.oarcanjo.net\/site\/via-sacra-e-seguranca-publica\/\" \/>\n<meta property=\"og:locale\" content=\"pt_BR\" \/>\n<meta property=\"og:type\" content=\"article\" \/>\n<meta property=\"og:title\" content=\"Via Sacra e Seguran\u00e7a P\u00fablica - O Arcanjo no ar\" \/>\n<meta property=\"og:description\" content=\"Carlos Alberto Beatriz Na Via Sacra do dia 03\/04\/09, o prop\u00f3sito da Comunidade de percorrer, com Jesus, a lembran\u00e7a do caminho do Calv\u00e1rio, \u00e0 luz de velas. A pouca ilumina\u00e7\u00e3o mostrou um paralelo com a fragilidade da seguran\u00e7a p\u00fablica. Foi bonito ver o Padre J\u00falio acendendo as velas em cada Esta\u00e7\u00e3o, que por sua vez [&hellip;]\" \/>\n<meta property=\"og:url\" content=\"https:\/\/www.oarcanjo.net\/site\/via-sacra-e-seguranca-publica\/\" \/>\n<meta property=\"og:site_name\" content=\"O Arcanjo no ar\" \/>\n<meta property=\"article:publisher\" content=\"https:\/\/www.facebook.com\/OArcanjoNoAr\/\" \/>\n<meta property=\"article:published_time\" content=\"2009-04-04T18:48:16+00:00\" \/>\n<meta property=\"article:modified_time\" content=\"2009-04-19T14:38:21+00:00\" \/>\n<meta property=\"og:image\" content=\"https:\/\/www.oarcanjo.net\/site\/wp-content\/uploads\/logo-o-arcanjo-no-ar-facebook.png\" \/>\n\t<meta property=\"og:image:width\" content=\"300\" \/>\n\t<meta property=\"og:image:height\" content=\"300\" \/>\n\t<meta property=\"og:image:type\" content=\"image\/png\" \/>\n<meta name=\"author\" content=\"editor\" \/>\n<meta name=\"twitter:card\" content=\"summary_large_image\" \/>\n<meta name=\"twitter:label1\" content=\"Escrito por\" \/>\n\t<meta name=\"twitter:data1\" content=\"editor\" \/>\n\t<meta name=\"twitter:label2\" content=\"Est. tempo de leitura\" \/>\n\t<meta name=\"twitter:data2\" content=\"1 minuto\" \/>\n<script type=\"application\/ld+json\" class=\"yoast-schema-graph\">{\"@context\":\"https:\/\/schema.org\",\"@graph\":[{\"@type\":\"Article\",\"@id\":\"https:\/\/www.oarcanjo.net\/site\/via-sacra-e-seguranca-publica\/#article\",\"isPartOf\":{\"@id\":\"https:\/\/www.oarcanjo.net\/site\/via-sacra-e-seguranca-publica\/\"},\"author\":{\"name\":\"editor\",\"@id\":\"https:\/\/www.oarcanjo.net\/site\/#\/schema\/person\/f7024d007863202483a31326673a0838\"},\"headline\":\"Via Sacra e Seguran\u00e7a P\u00fablica\",\"datePublished\":\"2009-04-04T18:48:16+00:00\",\"dateModified\":\"2009-04-19T14:38:21+00:00\",\"mainEntityOfPage\":{\"@id\":\"https:\/\/www.oarcanjo.net\/site\/via-sacra-e-seguranca-publica\/\"},\"wordCount\":245,\"commentCount\":0,\"publisher\":{\"@id\":\"https:\/\/www.oarcanjo.net\/site\/#organization\"},\"keywords\":[\"Jesus Cristo\",\"Maria\",\"P\u00e1scoa\",\"seguran\u00e7a\",\"Via Sacra\"],\"articleSection\":[\"Not\u00edcias\"],\"inLanguage\":\"pt-BR\",\"potentialAction\":[{\"@type\":\"CommentAction\",\"name\":\"Comment\",\"target\":[\"https:\/\/www.oarcanjo.net\/site\/via-sacra-e-seguranca-publica\/#respond\"]}]},{\"@type\":\"WebPage\",\"@id\":\"https:\/\/www.oarcanjo.net\/site\/via-sacra-e-seguranca-publica\/\",\"url\":\"https:\/\/www.oarcanjo.net\/site\/via-sacra-e-seguranca-publica\/\",\"name\":\"Via Sacra e Seguran\u00e7a P\u00fablica - O Arcanjo no ar\",\"isPartOf\":{\"@id\":\"https:\/\/www.oarcanjo.net\/site\/#website\"},\"datePublished\":\"2009-04-04T18:48:16+00:00\",\"dateModified\":\"2009-04-19T14:38:21+00:00\",\"breadcrumb\":{\"@id\":\"https:\/\/www.oarcanjo.net\/site\/via-sacra-e-seguranca-publica\/#breadcrumb\"},\"inLanguage\":\"pt-BR\",\"potentialAction\":[{\"@type\":\"ReadAction\",\"target\":[\"https:\/\/www.oarcanjo.net\/site\/via-sacra-e-seguranca-publica\/\"]}]},{\"@type\":\"BreadcrumbList\",\"@id\":\"https:\/\/www.oarcanjo.net\/site\/via-sacra-e-seguranca-publica\/#breadcrumb\",\"itemListElement\":[{\"@type\":\"ListItem\",\"position\":1,\"name\":\"In\u00edcio\",\"item\":\"https:\/\/www.oarcanjo.net\/site\/\"},{\"@type\":\"ListItem\",\"position\":2,\"name\":\"Via Sacra e Seguran\u00e7a P\u00fablica\"}]},{\"@type\":\"WebSite\",\"@id\":\"https:\/\/www.oarcanjo.net\/site\/#website\",\"url\":\"https:\/\/www.oarcanjo.net\/site\/\",\"name\":\"O Arcanjo no ar\",\"description\":\"Site da Par\u00f3quia S\u00e3o Miguel Arcanjo (Arquidiocese de SP)\",\"publisher\":{\"@id\":\"https:\/\/www.oarcanjo.net\/site\/#organization\"},\"potentialAction\":[{\"@type\":\"SearchAction\",\"target\":{\"@type\":\"EntryPoint\",\"urlTemplate\":\"https:\/\/www.oarcanjo.net\/site\/?s={search_term_string}\"},\"query-input\":{\"@type\":\"PropertyValueSpecification\",\"valueRequired\":true,\"valueName\":\"search_term_string\"}}],\"inLanguage\":\"pt-BR\"},{\"@type\":\"Organization\",\"@id\":\"https:\/\/www.oarcanjo.net\/site\/#organization\",\"name\":\"Par\u00f3quia S\u00e3o Miguel Arcanjo\",\"url\":\"https:\/\/www.oarcanjo.net\/site\/\",\"logo\":{\"@type\":\"ImageObject\",\"inLanguage\":\"pt-BR\",\"@id\":\"https:\/\/www.oarcanjo.net\/site\/#\/schema\/logo\/image\/\",\"url\":\"https:\/\/www.oarcanjo.net\/site\/wp-content\/uploads\/LogoOArcanjo.png\",\"contentUrl\":\"https:\/\/www.oarcanjo.net\/site\/wp-content\/uploads\/LogoOArcanjo.png\",\"width\":319,\"height\":99,\"caption\":\"Par\u00f3quia S\u00e3o Miguel Arcanjo\"},\"image\":{\"@id\":\"https:\/\/www.oarcanjo.net\/site\/#\/schema\/logo\/image\/\"},\"sameAs\":[\"https:\/\/www.facebook.com\/OArcanjoNoAr\/\"]},{\"@type\":\"Person\",\"@id\":\"https:\/\/www.oarcanjo.net\/site\/#\/schema\/person\/f7024d007863202483a31326673a0838\",\"name\":\"editor\",\"sameAs\":[\"http:\/\/www.oarcanjo.net\"]}]}<\/script>\n<!-- \/ Yoast SEO plugin. -->","yoast_head_json":{"title":"Via Sacra e Seguran\u00e7a P\u00fablica - O Arcanjo no ar","robots":{"index":"index","follow":"follow","max-snippet":"max-snippet:-1","max-image-preview":"max-image-preview:large","max-video-preview":"max-video-preview:-1"},"canonical":"https:\/\/www.oarcanjo.net\/site\/via-sacra-e-seguranca-publica\/","og_locale":"pt_BR","og_type":"article","og_title":"Via Sacra e Seguran\u00e7a P\u00fablica - O Arcanjo no ar","og_description":"Carlos Alberto Beatriz Na Via Sacra do dia 03\/04\/09, o prop\u00f3sito da Comunidade de percorrer, com Jesus, a lembran\u00e7a do caminho do Calv\u00e1rio, \u00e0 luz de velas. A pouca ilumina\u00e7\u00e3o mostrou um paralelo com a fragilidade da seguran\u00e7a p\u00fablica. Foi bonito ver o Padre J\u00falio acendendo as velas em cada Esta\u00e7\u00e3o, que por sua vez [&hellip;]","og_url":"https:\/\/www.oarcanjo.net\/site\/via-sacra-e-seguranca-publica\/","og_site_name":"O Arcanjo no ar","article_publisher":"https:\/\/www.facebook.com\/OArcanjoNoAr\/","article_published_time":"2009-04-04T18:48:16+00:00","article_modified_time":"2009-04-19T14:38:21+00:00","og_image":[{"width":300,"height":300,"url":"https:\/\/www.oarcanjo.net\/site\/wp-content\/uploads\/logo-o-arcanjo-no-ar-facebook.png","type":"image\/png"}],"author":"editor","twitter_card":"summary_large_image","twitter_misc":{"Escrito por":"editor","Est. tempo de leitura":"1 minuto"},"schema":{"@context":"https:\/\/schema.org","@graph":[{"@type":"Article","@id":"https:\/\/www.oarcanjo.net\/site\/via-sacra-e-seguranca-publica\/#article","isPartOf":{"@id":"https:\/\/www.oarcanjo.net\/site\/via-sacra-e-seguranca-publica\/"},"author":{"name":"editor","@id":"https:\/\/www.oarcanjo.net\/site\/#\/schema\/person\/f7024d007863202483a31326673a0838"},"headline":"Via Sacra e Seguran\u00e7a P\u00fablica","datePublished":"2009-04-04T18:48:16+00:00","dateModified":"2009-04-19T14:38:21+00:00","mainEntityOfPage":{"@id":"https:\/\/www.oarcanjo.net\/site\/via-sacra-e-seguranca-publica\/"},"wordCount":245,"commentCount":0,"publisher":{"@id":"https:\/\/www.oarcanjo.net\/site\/#organization"},"keywords":["Jesus Cristo","Maria","P\u00e1scoa","seguran\u00e7a","Via Sacra"],"articleSection":["Not\u00edcias"],"inLanguage":"pt-BR","potentialAction":[{"@type":"CommentAction","name":"Comment","target":["https:\/\/www.oarcanjo.net\/site\/via-sacra-e-seguranca-publica\/#respond"]}]},{"@type":"WebPage","@id":"https:\/\/www.oarcanjo.net\/site\/via-sacra-e-seguranca-publica\/","url":"https:\/\/www.oarcanjo.net\/site\/via-sacra-e-seguranca-publica\/","name":"Via Sacra e Seguran\u00e7a P\u00fablica - O Arcanjo no ar","isPartOf":{"@id":"https:\/\/www.oarcanjo.net\/site\/#website"},"datePublished":"2009-04-04T18:48:16+00:00","dateModified":"2009-04-19T14:38:21+00:00","breadcrumb":{"@id":"https:\/\/www.oarcanjo.net\/site\/via-sacra-e-seguranca-publica\/#breadcrumb"},"inLanguage":"pt-BR","potentialAction":[{"@type":"ReadAction","target":["https:\/\/www.oarcanjo.net\/site\/via-sacra-e-seguranca-publica\/"]}]},{"@type":"BreadcrumbList","@id":"https:\/\/www.oarcanjo.net\/site\/via-sacra-e-seguranca-publica\/#breadcrumb","itemListElement":[{"@type":"ListItem","position":1,"name":"In\u00edcio","item":"https:\/\/www.oarcanjo.net\/site\/"},{"@type":"ListItem","position":2,"name":"Via Sacra e Seguran\u00e7a P\u00fablica"}]},{"@type":"WebSite","@id":"https:\/\/www.oarcanjo.net\/site\/#website","url":"https:\/\/www.oarcanjo.net\/site\/","name":"O Arcanjo no ar","description":"Site da Par\u00f3quia S\u00e3o Miguel Arcanjo (Arquidiocese de SP)","publisher":{"@id":"https:\/\/www.oarcanjo.net\/site\/#organization"},"potentialAction":[{"@type":"SearchAction","target":{"@type":"EntryPoint","urlTemplate":"https:\/\/www.oarcanjo.net\/site\/?s={search_term_string}"},"query-input":{"@type":"PropertyValueSpecification","valueRequired":true,"valueName":"search_term_string"}}],"inLanguage":"pt-BR"},{"@type":"Organization","@id":"https:\/\/www.oarcanjo.net\/site\/#organization","name":"Par\u00f3quia S\u00e3o Miguel Arcanjo","url":"https:\/\/www.oarcanjo.net\/site\/","logo":{"@type":"ImageObject","inLanguage":"pt-BR","@id":"https:\/\/www.oarcanjo.net\/site\/#\/schema\/logo\/image\/","url":"https:\/\/www.oarcanjo.net\/site\/wp-content\/uploads\/LogoOArcanjo.png","contentUrl":"https:\/\/www.oarcanjo.net\/site\/wp-content\/uploads\/LogoOArcanjo.png","width":319,"height":99,"caption":"Par\u00f3quia S\u00e3o Miguel Arcanjo"},"image":{"@id":"https:\/\/www.oarcanjo.net\/site\/#\/schema\/logo\/image\/"},"sameAs":["https:\/\/www.facebook.com\/OArcanjoNoAr\/"]},{"@type":"Person","@id":"https:\/\/www.oarcanjo.net\/site\/#\/schema\/person\/f7024d007863202483a31326673a0838","name":"editor","sameAs":["http:\/\/www.oarcanjo.net"]}]}},"publishpress_future_action":{"enabled":false,"date":"2026-05-08 22:29:28","action":"category","newStatus":"draft","terms":[],"taxonomy":"category"},"publishpress_future_workflow_manual_trigger":{"enabledWorkflows":[]},"_links":{"self":[{"href":"https:\/\/www.oarcanjo.net\/site\/wp-json\/wp\/v2\/posts\/2686"}],"collection":[{"href":"https:\/\/www.oarcanjo.net\/site\/wp-json\/wp\/v2\/posts"}],"about":[{"href":"https:\/\/www.oarcanjo.net\/site\/wp-json\/wp\/v2\/types\/post"}],"author":[{"embeddable":true,"href":"https:\/\/www.oarcanjo.net\/site\/wp-json\/wp\/v2\/users\/5"}],"replies":[{"embeddable":true,"href":"https:\/\/www.oarcanjo.net\/site\/wp-json\/wp\/v2\/comments?post=2686"}],"version-history":[{"count":0,"href":"https:\/\/www.oarcanjo.net\/site\/wp-json\/wp\/v2\/posts\/2686\/revisions"}],"wp:attachment":[{"href":"https:\/\/www.oarcanjo.net\/site\/wp-json\/wp\/v2\/media?parent=2686"}],"wp:term":[{"taxonomy":"category","embeddable":true,"href":"https:\/\/www.oarcanjo.net\/site\/wp-json\/wp\/v2\/categories?post=2686"},{"taxonomy":"post_tag","embeddable":true,"href":"https:\/\/www.oarcanjo.net\/site\/wp-json\/wp\/v2\/tags?post=2686"}],"curies":[{"name":"wp","href":"https:\/\/api.w.org\/{rel}","templated":true}]}}