
{"id":269,"date":"2008-10-02T07:55:40","date_gmt":"2008-10-02T10:55:40","guid":{"rendered":"http:\/\/www.oarcanjo.net\/site\/?p=269"},"modified":"2008-10-02T07:55:40","modified_gmt":"2008-10-02T10:55:40","slug":"a-honra-da-terceira-idade","status":"publish","type":"post","link":"https:\/\/www.oarcanjo.net\/site\/a-honra-da-terceira-idade\/","title":{"rendered":"A honra da terceira idade"},"content":{"rendered":"<p>Marcelo Barros *<\/p>\n<p>A ONU consagra o 1\u00ba de outubro como Dia Internacional das Pessoas Idosas. Em todo o mundo, prop\u00f5e que se reflita sobre os direitos e a miss\u00e3o pr\u00f3pria das pessoas das chamadas &#8220;terceira e quarta idade&#8221;. As pesquisas revelam que, em todo o mundo, a taxa de nascimentos tem diminu\u00eddo, assim como o progresso da medicina tem evitado mortes, antes comuns. O resultado \u00e9 que nos \u00faltimos 30 anos, mais do que dobrou o n\u00famero das pessoas acima dos 60. No mundo, ultrapassam a cifra de 600 milh\u00f5es e, no Brasil, 15% da popula\u00e7\u00e3o (27 milh\u00f5es) tem mais de 65 anos.<\/p>\n<p>As sociedades tradicionais como, comunidades ind\u00edgenas e negras valorizam profundamente os anci\u00e3os, como detentores de uma sabedoria interior que se acumula \u00e0 medida que as for\u00e7as f\u00edsicas v\u00e3o diminuindo. As pessoas mais velhas s\u00e3o consideradas como portadoras privilegiadas do Esp\u00edrito. Por isso, estas comunidades reservam sempre fun\u00e7\u00f5es pr\u00f3prias para as pessoas mais velhas.<\/p>\n<p>Nas sociedades ditas modernas, organizadas em torno da produ\u00e7\u00e3o e do lucro, quem n\u00e3o est\u00e1 mais no mercado se sente marginalizado e tende a envelhecer mais rapidamente. A fam\u00edlia vive em torno das atividades e hor\u00e1rios diferentes de cada um. Cada vez mais, o destino dos idosos \u00e9 o asilo. Ali, as pessoas mais velhas recebem comida e cuidados b\u00e1sicos, mas, na maioria das vezes, se sentem isoladas e mesmo abandonadas. Uma pesquisa recente, feita por soci\u00f3logos da Universidade de Caxias do Sul, constatou que o sentimento de mais de 80% das pessoas idosas \u00e9 de solid\u00e3o e abandono.<\/p>\n<p>N\u00e3o adianta a medicina vencer doen\u00e7as e conseguir que as pessoas vivam mais, se n\u00e3o se garantir qualidade de vida e verdadeira inser\u00e7\u00e3o dos idosos nos diversos n\u00edveis e tarefas da sociedade.<\/p>\n<p>No romance Ningu\u00e9m escreve ao coronel, de Gabriel Garcia Marques, o velho coronel, personagem principal do livro, espera, em v\u00e3o, uma carta do governo lhe dando aposentadoria e pens\u00e3o. A cada manh\u00e3, o coronel se olha no espelho, veste sua roupa mais pomposa e se p\u00f5e \u00e0 espera de uma correspond\u00eancia que nunca chega. Todos sabem que n\u00e3o vir\u00e1, inclusive sua mulher. Mas essa \u00e9 a forma dele se manter vivo. Atrav\u00e9s daquele ritual de espera e ilus\u00e3o, ao imaginar que a pens\u00e3o continua sendo adiada, ele sente como se estivesse protelando a pr\u00f3pria velhice.<\/p>\n<p>Em seu cl\u00e1ssico livro sobre a velhice, Simone de Beauvoir  mostra, entre outras coisas, que o inconsciente n\u00e3o tem idade e que temos forte tend\u00eancia a nos comportar, na velhice, como se jamais f\u00f4ssemos velhos. Isso agrava o sofrimento de quem n\u00e3o se sente velho e percebe que os outros lhe v\u00eaem como idoso. J\u00e1 na Roma antiga, em seu famoso tratado De Senectute (Da velhice), C\u00edcero escrevia: &#8220;Tu envelheces quando come\u00e7as a te considerar como uma pessoa velha&#8221;. S\u00e3o raras as pessoas que, aos 60 anos, se consideram nessa condi\u00e7\u00e3o. Mesmo depois dos 80 anos, muitos se sentem como se tivessem 50. Simone conclui: &#8220;Todo mundo quer viver por muito tempo, mas ningu\u00e9m quer envelhecer&#8221;. Os atuais cuidados e possibilidades de pl\u00e1sticas e terapias corporais aumentam ainda mais esta tend\u00eancia. Entretanto, seja como for, ningu\u00e9m escapa deste processo.<\/p>\n<p>Uma amiga que mora em Jo\u00e3o Pessoa me contou que, nas elei\u00e7\u00f5es passadas, entrou na fila que havia na porta da se\u00e7\u00e3o eleitoral. De repente, um senhor saiu e, com a cultura de nordestino do interior que n\u00e3o disfar\u00e7a as duras verdades da vida, falou claro e em uma linguagem que, hoje, n\u00e3o se costuma usar: &#8220;Aten\u00e7\u00e3o, velhinhos e velhinhas, podem passar \u00e0 frente!&#8221;. Sintomaticamente, ningu\u00e9m se mexeu. Foi, ent\u00e3o, que o homem apontou para a minha amiga: &#8220;A senhora n\u00e3o escutou? Pode vir!&#8221;. Ela me contou isso, concluindo: &#8220;Assim, naquele dia, fiquei sabendo que era uma velhinha&#8221;.<\/p>\n<p>H\u00e1 alguns anos, Ivan Lessa, jornalista brasileiro em Londres, conta em uma cr\u00f4nica que, aos 65 anos, a pessoa recebe do governo ingl\u00eas o CV que n\u00e3o \u00e9 o curriculum vitae e sim &#8220;Certificado de Velhice&#8221;, ou a &#8220;Carteira de Velhinho&#8221;, para o qual os ingleses &#8220;usam um eufemismo: &#8216;Freedom Pass&#8217;. Passe da liberdade. Apesar de que d\u00e1 direito a andar gratuitamente em transportes p\u00fablicos e assegura a prioridade em certas filas desagrad\u00e1veis, muitos preferem n\u00e3o receb\u00ea-lo. N\u00e3o querem ser vistos como velhos. Outra amiga minha n\u00e3o tem nenhum problema com isso. Nem v\u00ea motivos para ter. Aos 88, essa grande educadora e mulher maravilhosa continua trabalhando incansavelmente na educa\u00e7\u00e3o humana e art\u00edstica das crian\u00e7as de rua. Recentemente, me procurou com um novo projeto de vida e de trabalho. Ela imaginou a UPA, Universidade Popular das Artes e se sente feliz em organizar este novo trabalho.<\/p>\n<p>Cada pessoa tem seu jeito de ser e de lidar com o cansa\u00e7o da vida. O importante \u00e9 descobrir que nunca \u00e9 tarde para amar e para se consagrar a uma causa fundamental para a humanidade e para o planeta Terra. Toda a sociedade precisa valorizar os seus cidad\u00e3os mais idosos e receber deles o testemunho de sua sabedoria. No mundo antigo, j\u00e1 se sentindo idoso e em uma pris\u00e3o por causa da f\u00e9, Paulo escreveu: &#8220;Combati o bom combate, conclu\u00ed a minha carreira e mantive firme a f\u00e9&#8221; (Cf. 2 Tm 4, 7).<\/p>\n<p>* Monge beneditino e escritor<\/p>\n<p><em>Artigo publicado originalmente na ag\u00eancia <a href=\"http:\/\/www.adital.com.br\" target=\"_blank\">Adital<\/a><\/em><\/p>\n<div id=\"themify_builder_content-269\" data-postid=\"269\" class=\"themify_builder_content themify_builder_content-269 themify_builder themify_builder_front\">\n\t<\/div>\n<!-- \/themify_builder_content -->","protected":false},"excerpt":{"rendered":"<p>Marcelo Barros * A ONU consagra o 1\u00ba de outubro como Dia Internacional das Pessoas Idosas. Em todo o mundo, prop\u00f5e que se reflita sobre os direitos e a miss\u00e3o pr\u00f3pria das pessoas das chamadas &#8220;terceira e quarta idade&#8221;. As pesquisas revelam que, em todo o mundo, a taxa de nascimentos tem diminu\u00eddo, assim como [&hellip;]<\/p>\n","protected":false},"author":5,"featured_media":0,"comment_status":"open","ping_status":"open","sticky":false,"template":"","format":"standard","meta":{"ngg_post_thumbnail":0,"footnotes":""},"categories":[9],"tags":[26,25],"yoast_head":"<!-- This site is optimized with the Yoast SEO plugin v23.5 - https:\/\/yoast.com\/wordpress\/plugins\/seo\/ -->\n<title>A honra da terceira idade - O Arcanjo no ar<\/title>\n<meta name=\"robots\" content=\"index, follow, max-snippet:-1, max-image-preview:large, max-video-preview:-1\" \/>\n<link rel=\"canonical\" href=\"https:\/\/www.oarcanjo.net\/site\/a-honra-da-terceira-idade\/\" \/>\n<meta property=\"og:locale\" content=\"pt_BR\" \/>\n<meta property=\"og:type\" content=\"article\" \/>\n<meta property=\"og:title\" content=\"A honra da terceira idade - O Arcanjo no ar\" \/>\n<meta property=\"og:description\" content=\"Marcelo Barros * A ONU consagra o 1\u00ba de outubro como Dia Internacional das Pessoas Idosas. Em todo o mundo, prop\u00f5e que se reflita sobre os direitos e a miss\u00e3o pr\u00f3pria das pessoas das chamadas &#8220;terceira e quarta idade&#8221;. As pesquisas revelam que, em todo o mundo, a taxa de nascimentos tem diminu\u00eddo, assim como [&hellip;]\" \/>\n<meta property=\"og:url\" content=\"https:\/\/www.oarcanjo.net\/site\/a-honra-da-terceira-idade\/\" \/>\n<meta property=\"og:site_name\" content=\"O Arcanjo no ar\" \/>\n<meta property=\"article:publisher\" content=\"https:\/\/www.facebook.com\/OArcanjoNoAr\/\" \/>\n<meta property=\"article:published_time\" content=\"2008-10-02T10:55:40+00:00\" \/>\n<meta property=\"og:image\" content=\"https:\/\/www.oarcanjo.net\/site\/wp-content\/uploads\/logo-o-arcanjo-no-ar-facebook.png\" \/>\n\t<meta property=\"og:image:width\" content=\"300\" \/>\n\t<meta property=\"og:image:height\" content=\"300\" \/>\n\t<meta property=\"og:image:type\" content=\"image\/png\" \/>\n<meta name=\"author\" content=\"editor\" \/>\n<meta name=\"twitter:card\" content=\"summary_large_image\" \/>\n<meta name=\"twitter:label1\" content=\"Escrito por\" \/>\n\t<meta name=\"twitter:data1\" content=\"editor\" \/>\n\t<meta name=\"twitter:label2\" content=\"Est. tempo de leitura\" \/>\n\t<meta name=\"twitter:data2\" content=\"5 minutos\" \/>\n<script type=\"application\/ld+json\" class=\"yoast-schema-graph\">{\"@context\":\"https:\/\/schema.org\",\"@graph\":[{\"@type\":\"Article\",\"@id\":\"https:\/\/www.oarcanjo.net\/site\/a-honra-da-terceira-idade\/#article\",\"isPartOf\":{\"@id\":\"https:\/\/www.oarcanjo.net\/site\/a-honra-da-terceira-idade\/\"},\"author\":{\"name\":\"editor\",\"@id\":\"https:\/\/www.oarcanjo.net\/site\/#\/schema\/person\/f7024d007863202483a31326673a0838\"},\"headline\":\"A honra da terceira idade\",\"datePublished\":\"2008-10-02T10:55:40+00:00\",\"dateModified\":\"2008-10-02T10:55:40+00:00\",\"mainEntityOfPage\":{\"@id\":\"https:\/\/www.oarcanjo.net\/site\/a-honra-da-terceira-idade\/\"},\"wordCount\":927,\"commentCount\":0,\"publisher\":{\"@id\":\"https:\/\/www.oarcanjo.net\/site\/#organization\"},\"keywords\":[\"idosos\",\"terceira idade\"],\"articleSection\":[\"Reflex\u00f5es\"],\"inLanguage\":\"pt-BR\",\"potentialAction\":[{\"@type\":\"CommentAction\",\"name\":\"Comment\",\"target\":[\"https:\/\/www.oarcanjo.net\/site\/a-honra-da-terceira-idade\/#respond\"]}]},{\"@type\":\"WebPage\",\"@id\":\"https:\/\/www.oarcanjo.net\/site\/a-honra-da-terceira-idade\/\",\"url\":\"https:\/\/www.oarcanjo.net\/site\/a-honra-da-terceira-idade\/\",\"name\":\"A honra da terceira idade - O Arcanjo no ar\",\"isPartOf\":{\"@id\":\"https:\/\/www.oarcanjo.net\/site\/#website\"},\"datePublished\":\"2008-10-02T10:55:40+00:00\",\"dateModified\":\"2008-10-02T10:55:40+00:00\",\"breadcrumb\":{\"@id\":\"https:\/\/www.oarcanjo.net\/site\/a-honra-da-terceira-idade\/#breadcrumb\"},\"inLanguage\":\"pt-BR\",\"potentialAction\":[{\"@type\":\"ReadAction\",\"target\":[\"https:\/\/www.oarcanjo.net\/site\/a-honra-da-terceira-idade\/\"]}]},{\"@type\":\"BreadcrumbList\",\"@id\":\"https:\/\/www.oarcanjo.net\/site\/a-honra-da-terceira-idade\/#breadcrumb\",\"itemListElement\":[{\"@type\":\"ListItem\",\"position\":1,\"name\":\"In\u00edcio\",\"item\":\"https:\/\/www.oarcanjo.net\/site\/\"},{\"@type\":\"ListItem\",\"position\":2,\"name\":\"A honra da terceira idade\"}]},{\"@type\":\"WebSite\",\"@id\":\"https:\/\/www.oarcanjo.net\/site\/#website\",\"url\":\"https:\/\/www.oarcanjo.net\/site\/\",\"name\":\"O Arcanjo no ar\",\"description\":\"Site da Par\u00f3quia S\u00e3o Miguel Arcanjo (Arquidiocese de SP)\",\"publisher\":{\"@id\":\"https:\/\/www.oarcanjo.net\/site\/#organization\"},\"potentialAction\":[{\"@type\":\"SearchAction\",\"target\":{\"@type\":\"EntryPoint\",\"urlTemplate\":\"https:\/\/www.oarcanjo.net\/site\/?s={search_term_string}\"},\"query-input\":{\"@type\":\"PropertyValueSpecification\",\"valueRequired\":true,\"valueName\":\"search_term_string\"}}],\"inLanguage\":\"pt-BR\"},{\"@type\":\"Organization\",\"@id\":\"https:\/\/www.oarcanjo.net\/site\/#organization\",\"name\":\"Par\u00f3quia S\u00e3o Miguel Arcanjo\",\"url\":\"https:\/\/www.oarcanjo.net\/site\/\",\"logo\":{\"@type\":\"ImageObject\",\"inLanguage\":\"pt-BR\",\"@id\":\"https:\/\/www.oarcanjo.net\/site\/#\/schema\/logo\/image\/\",\"url\":\"https:\/\/www.oarcanjo.net\/site\/wp-content\/uploads\/LogoOArcanjo.png\",\"contentUrl\":\"https:\/\/www.oarcanjo.net\/site\/wp-content\/uploads\/LogoOArcanjo.png\",\"width\":319,\"height\":99,\"caption\":\"Par\u00f3quia S\u00e3o Miguel Arcanjo\"},\"image\":{\"@id\":\"https:\/\/www.oarcanjo.net\/site\/#\/schema\/logo\/image\/\"},\"sameAs\":[\"https:\/\/www.facebook.com\/OArcanjoNoAr\/\"]},{\"@type\":\"Person\",\"@id\":\"https:\/\/www.oarcanjo.net\/site\/#\/schema\/person\/f7024d007863202483a31326673a0838\",\"name\":\"editor\",\"sameAs\":[\"http:\/\/www.oarcanjo.net\"]}]}<\/script>\n<!-- \/ Yoast SEO plugin. -->","yoast_head_json":{"title":"A honra da terceira idade - O Arcanjo no ar","robots":{"index":"index","follow":"follow","max-snippet":"max-snippet:-1","max-image-preview":"max-image-preview:large","max-video-preview":"max-video-preview:-1"},"canonical":"https:\/\/www.oarcanjo.net\/site\/a-honra-da-terceira-idade\/","og_locale":"pt_BR","og_type":"article","og_title":"A honra da terceira idade - O Arcanjo no ar","og_description":"Marcelo Barros * A ONU consagra o 1\u00ba de outubro como Dia Internacional das Pessoas Idosas. Em todo o mundo, prop\u00f5e que se reflita sobre os direitos e a miss\u00e3o pr\u00f3pria das pessoas das chamadas &#8220;terceira e quarta idade&#8221;. As pesquisas revelam que, em todo o mundo, a taxa de nascimentos tem diminu\u00eddo, assim como [&hellip;]","og_url":"https:\/\/www.oarcanjo.net\/site\/a-honra-da-terceira-idade\/","og_site_name":"O Arcanjo no ar","article_publisher":"https:\/\/www.facebook.com\/OArcanjoNoAr\/","article_published_time":"2008-10-02T10:55:40+00:00","og_image":[{"width":300,"height":300,"url":"https:\/\/www.oarcanjo.net\/site\/wp-content\/uploads\/logo-o-arcanjo-no-ar-facebook.png","type":"image\/png"}],"author":"editor","twitter_card":"summary_large_image","twitter_misc":{"Escrito por":"editor","Est. tempo de leitura":"5 minutos"},"schema":{"@context":"https:\/\/schema.org","@graph":[{"@type":"Article","@id":"https:\/\/www.oarcanjo.net\/site\/a-honra-da-terceira-idade\/#article","isPartOf":{"@id":"https:\/\/www.oarcanjo.net\/site\/a-honra-da-terceira-idade\/"},"author":{"name":"editor","@id":"https:\/\/www.oarcanjo.net\/site\/#\/schema\/person\/f7024d007863202483a31326673a0838"},"headline":"A honra da terceira idade","datePublished":"2008-10-02T10:55:40+00:00","dateModified":"2008-10-02T10:55:40+00:00","mainEntityOfPage":{"@id":"https:\/\/www.oarcanjo.net\/site\/a-honra-da-terceira-idade\/"},"wordCount":927,"commentCount":0,"publisher":{"@id":"https:\/\/www.oarcanjo.net\/site\/#organization"},"keywords":["idosos","terceira idade"],"articleSection":["Reflex\u00f5es"],"inLanguage":"pt-BR","potentialAction":[{"@type":"CommentAction","name":"Comment","target":["https:\/\/www.oarcanjo.net\/site\/a-honra-da-terceira-idade\/#respond"]}]},{"@type":"WebPage","@id":"https:\/\/www.oarcanjo.net\/site\/a-honra-da-terceira-idade\/","url":"https:\/\/www.oarcanjo.net\/site\/a-honra-da-terceira-idade\/","name":"A honra da terceira idade - O Arcanjo no ar","isPartOf":{"@id":"https:\/\/www.oarcanjo.net\/site\/#website"},"datePublished":"2008-10-02T10:55:40+00:00","dateModified":"2008-10-02T10:55:40+00:00","breadcrumb":{"@id":"https:\/\/www.oarcanjo.net\/site\/a-honra-da-terceira-idade\/#breadcrumb"},"inLanguage":"pt-BR","potentialAction":[{"@type":"ReadAction","target":["https:\/\/www.oarcanjo.net\/site\/a-honra-da-terceira-idade\/"]}]},{"@type":"BreadcrumbList","@id":"https:\/\/www.oarcanjo.net\/site\/a-honra-da-terceira-idade\/#breadcrumb","itemListElement":[{"@type":"ListItem","position":1,"name":"In\u00edcio","item":"https:\/\/www.oarcanjo.net\/site\/"},{"@type":"ListItem","position":2,"name":"A honra da terceira idade"}]},{"@type":"WebSite","@id":"https:\/\/www.oarcanjo.net\/site\/#website","url":"https:\/\/www.oarcanjo.net\/site\/","name":"O Arcanjo no ar","description":"Site da Par\u00f3quia S\u00e3o Miguel Arcanjo (Arquidiocese de SP)","publisher":{"@id":"https:\/\/www.oarcanjo.net\/site\/#organization"},"potentialAction":[{"@type":"SearchAction","target":{"@type":"EntryPoint","urlTemplate":"https:\/\/www.oarcanjo.net\/site\/?s={search_term_string}"},"query-input":{"@type":"PropertyValueSpecification","valueRequired":true,"valueName":"search_term_string"}}],"inLanguage":"pt-BR"},{"@type":"Organization","@id":"https:\/\/www.oarcanjo.net\/site\/#organization","name":"Par\u00f3quia S\u00e3o Miguel Arcanjo","url":"https:\/\/www.oarcanjo.net\/site\/","logo":{"@type":"ImageObject","inLanguage":"pt-BR","@id":"https:\/\/www.oarcanjo.net\/site\/#\/schema\/logo\/image\/","url":"https:\/\/www.oarcanjo.net\/site\/wp-content\/uploads\/LogoOArcanjo.png","contentUrl":"https:\/\/www.oarcanjo.net\/site\/wp-content\/uploads\/LogoOArcanjo.png","width":319,"height":99,"caption":"Par\u00f3quia S\u00e3o Miguel Arcanjo"},"image":{"@id":"https:\/\/www.oarcanjo.net\/site\/#\/schema\/logo\/image\/"},"sameAs":["https:\/\/www.facebook.com\/OArcanjoNoAr\/"]},{"@type":"Person","@id":"https:\/\/www.oarcanjo.net\/site\/#\/schema\/person\/f7024d007863202483a31326673a0838","name":"editor","sameAs":["http:\/\/www.oarcanjo.net"]}]}},"publishpress_future_action":{"enabled":false,"date":"2026-05-08 20:31:53","action":"category","newStatus":"draft","terms":[],"taxonomy":"category"},"publishpress_future_workflow_manual_trigger":{"enabledWorkflows":[]},"_links":{"self":[{"href":"https:\/\/www.oarcanjo.net\/site\/wp-json\/wp\/v2\/posts\/269"}],"collection":[{"href":"https:\/\/www.oarcanjo.net\/site\/wp-json\/wp\/v2\/posts"}],"about":[{"href":"https:\/\/www.oarcanjo.net\/site\/wp-json\/wp\/v2\/types\/post"}],"author":[{"embeddable":true,"href":"https:\/\/www.oarcanjo.net\/site\/wp-json\/wp\/v2\/users\/5"}],"replies":[{"embeddable":true,"href":"https:\/\/www.oarcanjo.net\/site\/wp-json\/wp\/v2\/comments?post=269"}],"version-history":[{"count":0,"href":"https:\/\/www.oarcanjo.net\/site\/wp-json\/wp\/v2\/posts\/269\/revisions"}],"wp:attachment":[{"href":"https:\/\/www.oarcanjo.net\/site\/wp-json\/wp\/v2\/media?parent=269"}],"wp:term":[{"taxonomy":"category","embeddable":true,"href":"https:\/\/www.oarcanjo.net\/site\/wp-json\/wp\/v2\/categories?post=269"},{"taxonomy":"post_tag","embeddable":true,"href":"https:\/\/www.oarcanjo.net\/site\/wp-json\/wp\/v2\/tags?post=269"}],"curies":[{"name":"wp","href":"https:\/\/api.w.org\/{rel}","templated":true}]}}