
{"id":2693,"date":"2009-04-05T21:10:55","date_gmt":"2009-04-06T00:10:55","guid":{"rendered":"http:\/\/www.oarcanjo.net\/site\/?p=2693"},"modified":"2009-04-12T06:38:38","modified_gmt":"2009-04-12T09:38:38","slug":"peregrinacao-do-jovens","status":"publish","type":"post","link":"https:\/\/www.oarcanjo.net\/site\/peregrinacao-do-jovens\/","title":{"rendered":"Peregrina\u00e7\u00e3o dos jovens"},"content":{"rendered":"<p>Ap\u00f3s a missa das 10h alguns crismandos se reuniram neste domingo de Ramos no P\u00e1tio do Col\u00e9gio, com muitos adultos tamb\u00e9m, todos com muita f\u00e9 foram em prociss\u00e3o para a catedral da S\u00e9, onde houve a peregrina\u00e7\u00e3o dos jovens com a participa\u00e7\u00e3o do <em>Dom Odilo<\/em>, <em>Dom Pedro Luiz<\/em>, da nossa Regi\u00e3o, <em>Dom Tarc\u00edsio<\/em>, o bispo que acompanha a juventude na Arquidiocese de S\u00e3o Paulo, entre v\u00e1rios outros.<\/p>\n<p>Opini\u00e3o do grupo:<\/p>\n<p>Hoje aqui no P\u00e1tio do Col\u00e9gio onde a gente se reuniu vi um colega meu de rua, ent\u00e3o o chamei e perguntei como ele estava, ele disse que estava alegre que tava na rua de novo e isso me deixou muito triste, de saber que estou em um lugar bom e meu colega que viveu na rua comigo no passado n\u00e3o estar em um lugar que receba carinho e amor como eu.<br \/>\nMas o que me deixou feliz foi ver tantos jovens hoje aqui reunidos na catedral da S\u00e9, e seguindo esta vida e espero que Jesus toque no cora\u00e7\u00e3o daquele meu colega, e que ele mude de vida antes que seja tarde.<\/p>\n<p><em>Vinicius Rafael da Silva Penha<\/em><\/p>\n<p>Fiquei muito feliz de ver tantos jovens demostrando sua f\u00e9 e esperan\u00e7a e de saber que podemos<br \/>\ncrer naquele que nos fortalece: &#8220;DEUS&#8221;<\/p>\n<p><em>Elaine<\/em><\/p>\n<p>Fiquei muito orgulhosa dos jovens pela sua participa\u00e7\u00e3o<\/p>\n<p><em>Victoria<\/em><\/p>\n<p>Veja abaixo as imagens da Peregrina\u00e7\u00e3o:<\/p>ngg_shortcode_0_placeholder<p><em>Fotos por Diego Teixeira Concei\u00e7\u00e3o<\/em><\/p>\n<div id=\"themify_builder_content-2693\" data-postid=\"2693\" class=\"themify_builder_content themify_builder_content-2693 themify_builder themify_builder_front\">\n\t<\/div>\n<!-- \/themify_builder_content -->","protected":false},"excerpt":{"rendered":"<p>Ap\u00f3s a missa das 10h alguns crismandos se reuniram neste domingo de Ramos no P\u00e1tio do Col\u00e9gio, com muitos adultos tamb\u00e9m, todos com muita f\u00e9 foram em prociss\u00e3o para a catedral da S\u00e9, onde houve a peregrina\u00e7\u00e3o dos jovens com a participa\u00e7\u00e3o do Dom Odilo, Dom Pedro Luiz, da nossa Regi\u00e3o, Dom Tarc\u00edsio, o bispo [&hellip;]<\/p>\n","protected":false},"author":5,"featured_media":0,"comment_status":"open","ping_status":"open","sticky":false,"template":"","format":"standard","meta":{"ngg_post_thumbnail":0,"footnotes":""},"categories":[395,8],"tags":[452,3207,298],"yoast_head":"<!-- This site is optimized with the Yoast SEO plugin v23.5 - https:\/\/yoast.com\/wordpress\/plugins\/seo\/ -->\n<title>Peregrina\u00e7\u00e3o dos jovens - O Arcanjo no ar<\/title>\n<meta name=\"robots\" content=\"index, follow, max-snippet:-1, max-image-preview:large, max-video-preview:-1\" \/>\n<link rel=\"canonical\" href=\"https:\/\/www.oarcanjo.net\/site\/peregrinacao-do-jovens\/\" \/>\n<meta property=\"og:locale\" content=\"pt_BR\" \/>\n<meta property=\"og:type\" content=\"article\" \/>\n<meta property=\"og:title\" content=\"Peregrina\u00e7\u00e3o dos jovens - O Arcanjo no ar\" \/>\n<meta property=\"og:description\" content=\"Ap\u00f3s a missa das 10h alguns crismandos se reuniram neste domingo de Ramos no P\u00e1tio do Col\u00e9gio, com muitos adultos tamb\u00e9m, todos com muita f\u00e9 foram em prociss\u00e3o para a catedral da S\u00e9, onde houve a peregrina\u00e7\u00e3o dos jovens com a participa\u00e7\u00e3o do Dom Odilo, Dom Pedro Luiz, da nossa Regi\u00e3o, Dom Tarc\u00edsio, o bispo [&hellip;]\" \/>\n<meta property=\"og:url\" content=\"https:\/\/www.oarcanjo.net\/site\/peregrinacao-do-jovens\/\" \/>\n<meta property=\"og:site_name\" content=\"O Arcanjo no ar\" \/>\n<meta property=\"article:publisher\" content=\"https:\/\/www.facebook.com\/OArcanjoNoAr\/\" \/>\n<meta property=\"article:published_time\" content=\"2009-04-06T00:10:55+00:00\" \/>\n<meta property=\"article:modified_time\" content=\"2009-04-12T09:38:38+00:00\" \/>\n<meta property=\"og:image\" content=\"https:\/\/www.oarcanjo.net\/site\/wp-content\/uploads\/logo-o-arcanjo-no-ar-facebook.png\" \/>\n\t<meta property=\"og:image:width\" content=\"300\" \/>\n\t<meta property=\"og:image:height\" content=\"300\" \/>\n\t<meta property=\"og:image:type\" content=\"image\/png\" \/>\n<meta name=\"author\" content=\"editor\" \/>\n<meta name=\"twitter:card\" content=\"summary_large_image\" \/>\n<meta name=\"twitter:label1\" content=\"Escrito por\" \/>\n\t<meta name=\"twitter:data1\" content=\"editor\" \/>\n\t<meta name=\"twitter:label2\" content=\"Est. tempo de leitura\" \/>\n\t<meta name=\"twitter:data2\" content=\"1 minuto\" \/>\n<script type=\"application\/ld+json\" class=\"yoast-schema-graph\">{\"@context\":\"https:\/\/schema.org\",\"@graph\":[{\"@type\":\"Article\",\"@id\":\"https:\/\/www.oarcanjo.net\/site\/peregrinacao-do-jovens\/#article\",\"isPartOf\":{\"@id\":\"https:\/\/www.oarcanjo.net\/site\/peregrinacao-do-jovens\/\"},\"author\":{\"name\":\"editor\",\"@id\":\"https:\/\/www.oarcanjo.net\/site\/#\/schema\/person\/f7024d007863202483a31326673a0838\"},\"headline\":\"Peregrina\u00e7\u00e3o dos jovens\",\"datePublished\":\"2009-04-06T00:10:55+00:00\",\"dateModified\":\"2009-04-12T09:38:38+00:00\",\"mainEntityOfPage\":{\"@id\":\"https:\/\/www.oarcanjo.net\/site\/peregrinacao-do-jovens\/\"},\"wordCount\":258,\"commentCount\":7,\"publisher\":{\"@id\":\"https:\/\/www.oarcanjo.net\/site\/#organization\"},\"keywords\":[\"Catedral da S\u00e9\",\"Jovens\",\"peregrina\u00e7\u00e3o\"],\"articleSection\":[\"Jovens\",\"Not\u00edcias\"],\"inLanguage\":\"pt-BR\",\"potentialAction\":[{\"@type\":\"CommentAction\",\"name\":\"Comment\",\"target\":[\"https:\/\/www.oarcanjo.net\/site\/peregrinacao-do-jovens\/#respond\"]}]},{\"@type\":\"WebPage\",\"@id\":\"https:\/\/www.oarcanjo.net\/site\/peregrinacao-do-jovens\/\",\"url\":\"https:\/\/www.oarcanjo.net\/site\/peregrinacao-do-jovens\/\",\"name\":\"Peregrina\u00e7\u00e3o dos jovens - O Arcanjo no ar\",\"isPartOf\":{\"@id\":\"https:\/\/www.oarcanjo.net\/site\/#website\"},\"datePublished\":\"2009-04-06T00:10:55+00:00\",\"dateModified\":\"2009-04-12T09:38:38+00:00\",\"breadcrumb\":{\"@id\":\"https:\/\/www.oarcanjo.net\/site\/peregrinacao-do-jovens\/#breadcrumb\"},\"inLanguage\":\"pt-BR\",\"potentialAction\":[{\"@type\":\"ReadAction\",\"target\":[\"https:\/\/www.oarcanjo.net\/site\/peregrinacao-do-jovens\/\"]}]},{\"@type\":\"BreadcrumbList\",\"@id\":\"https:\/\/www.oarcanjo.net\/site\/peregrinacao-do-jovens\/#breadcrumb\",\"itemListElement\":[{\"@type\":\"ListItem\",\"position\":1,\"name\":\"In\u00edcio\",\"item\":\"https:\/\/www.oarcanjo.net\/site\/\"},{\"@type\":\"ListItem\",\"position\":2,\"name\":\"Peregrina\u00e7\u00e3o dos jovens\"}]},{\"@type\":\"WebSite\",\"@id\":\"https:\/\/www.oarcanjo.net\/site\/#website\",\"url\":\"https:\/\/www.oarcanjo.net\/site\/\",\"name\":\"O Arcanjo no ar\",\"description\":\"Site da Par\u00f3quia S\u00e3o Miguel Arcanjo (Arquidiocese de SP)\",\"publisher\":{\"@id\":\"https:\/\/www.oarcanjo.net\/site\/#organization\"},\"potentialAction\":[{\"@type\":\"SearchAction\",\"target\":{\"@type\":\"EntryPoint\",\"urlTemplate\":\"https:\/\/www.oarcanjo.net\/site\/?s={search_term_string}\"},\"query-input\":{\"@type\":\"PropertyValueSpecification\",\"valueRequired\":true,\"valueName\":\"search_term_string\"}}],\"inLanguage\":\"pt-BR\"},{\"@type\":\"Organization\",\"@id\":\"https:\/\/www.oarcanjo.net\/site\/#organization\",\"name\":\"Par\u00f3quia S\u00e3o Miguel Arcanjo\",\"url\":\"https:\/\/www.oarcanjo.net\/site\/\",\"logo\":{\"@type\":\"ImageObject\",\"inLanguage\":\"pt-BR\",\"@id\":\"https:\/\/www.oarcanjo.net\/site\/#\/schema\/logo\/image\/\",\"url\":\"https:\/\/www.oarcanjo.net\/site\/wp-content\/uploads\/LogoOArcanjo.png\",\"contentUrl\":\"https:\/\/www.oarcanjo.net\/site\/wp-content\/uploads\/LogoOArcanjo.png\",\"width\":319,\"height\":99,\"caption\":\"Par\u00f3quia S\u00e3o Miguel Arcanjo\"},\"image\":{\"@id\":\"https:\/\/www.oarcanjo.net\/site\/#\/schema\/logo\/image\/\"},\"sameAs\":[\"https:\/\/www.facebook.com\/OArcanjoNoAr\/\"]},{\"@type\":\"Person\",\"@id\":\"https:\/\/www.oarcanjo.net\/site\/#\/schema\/person\/f7024d007863202483a31326673a0838\",\"name\":\"editor\",\"sameAs\":[\"http:\/\/www.oarcanjo.net\"]}]}<\/script>\n<!-- \/ Yoast SEO plugin. -->","yoast_head_json":{"title":"Peregrina\u00e7\u00e3o dos jovens - O Arcanjo no ar","robots":{"index":"index","follow":"follow","max-snippet":"max-snippet:-1","max-image-preview":"max-image-preview:large","max-video-preview":"max-video-preview:-1"},"canonical":"https:\/\/www.oarcanjo.net\/site\/peregrinacao-do-jovens\/","og_locale":"pt_BR","og_type":"article","og_title":"Peregrina\u00e7\u00e3o dos jovens - O Arcanjo no ar","og_description":"Ap\u00f3s a missa das 10h alguns crismandos se reuniram neste domingo de Ramos no P\u00e1tio do Col\u00e9gio, com muitos adultos tamb\u00e9m, todos com muita f\u00e9 foram em prociss\u00e3o para a catedral da S\u00e9, onde houve a peregrina\u00e7\u00e3o dos jovens com a participa\u00e7\u00e3o do Dom Odilo, Dom Pedro Luiz, da nossa Regi\u00e3o, Dom Tarc\u00edsio, o bispo [&hellip;]","og_url":"https:\/\/www.oarcanjo.net\/site\/peregrinacao-do-jovens\/","og_site_name":"O Arcanjo no ar","article_publisher":"https:\/\/www.facebook.com\/OArcanjoNoAr\/","article_published_time":"2009-04-06T00:10:55+00:00","article_modified_time":"2009-04-12T09:38:38+00:00","og_image":[{"width":300,"height":300,"url":"https:\/\/www.oarcanjo.net\/site\/wp-content\/uploads\/logo-o-arcanjo-no-ar-facebook.png","type":"image\/png"}],"author":"editor","twitter_card":"summary_large_image","twitter_misc":{"Escrito por":"editor","Est. tempo de leitura":"1 minuto"},"schema":{"@context":"https:\/\/schema.org","@graph":[{"@type":"Article","@id":"https:\/\/www.oarcanjo.net\/site\/peregrinacao-do-jovens\/#article","isPartOf":{"@id":"https:\/\/www.oarcanjo.net\/site\/peregrinacao-do-jovens\/"},"author":{"name":"editor","@id":"https:\/\/www.oarcanjo.net\/site\/#\/schema\/person\/f7024d007863202483a31326673a0838"},"headline":"Peregrina\u00e7\u00e3o dos jovens","datePublished":"2009-04-06T00:10:55+00:00","dateModified":"2009-04-12T09:38:38+00:00","mainEntityOfPage":{"@id":"https:\/\/www.oarcanjo.net\/site\/peregrinacao-do-jovens\/"},"wordCount":258,"commentCount":7,"publisher":{"@id":"https:\/\/www.oarcanjo.net\/site\/#organization"},"keywords":["Catedral da S\u00e9","Jovens","peregrina\u00e7\u00e3o"],"articleSection":["Jovens","Not\u00edcias"],"inLanguage":"pt-BR","potentialAction":[{"@type":"CommentAction","name":"Comment","target":["https:\/\/www.oarcanjo.net\/site\/peregrinacao-do-jovens\/#respond"]}]},{"@type":"WebPage","@id":"https:\/\/www.oarcanjo.net\/site\/peregrinacao-do-jovens\/","url":"https:\/\/www.oarcanjo.net\/site\/peregrinacao-do-jovens\/","name":"Peregrina\u00e7\u00e3o dos jovens - O Arcanjo no ar","isPartOf":{"@id":"https:\/\/www.oarcanjo.net\/site\/#website"},"datePublished":"2009-04-06T00:10:55+00:00","dateModified":"2009-04-12T09:38:38+00:00","breadcrumb":{"@id":"https:\/\/www.oarcanjo.net\/site\/peregrinacao-do-jovens\/#breadcrumb"},"inLanguage":"pt-BR","potentialAction":[{"@type":"ReadAction","target":["https:\/\/www.oarcanjo.net\/site\/peregrinacao-do-jovens\/"]}]},{"@type":"BreadcrumbList","@id":"https:\/\/www.oarcanjo.net\/site\/peregrinacao-do-jovens\/#breadcrumb","itemListElement":[{"@type":"ListItem","position":1,"name":"In\u00edcio","item":"https:\/\/www.oarcanjo.net\/site\/"},{"@type":"ListItem","position":2,"name":"Peregrina\u00e7\u00e3o dos jovens"}]},{"@type":"WebSite","@id":"https:\/\/www.oarcanjo.net\/site\/#website","url":"https:\/\/www.oarcanjo.net\/site\/","name":"O Arcanjo no ar","description":"Site da Par\u00f3quia S\u00e3o Miguel Arcanjo (Arquidiocese de SP)","publisher":{"@id":"https:\/\/www.oarcanjo.net\/site\/#organization"},"potentialAction":[{"@type":"SearchAction","target":{"@type":"EntryPoint","urlTemplate":"https:\/\/www.oarcanjo.net\/site\/?s={search_term_string}"},"query-input":{"@type":"PropertyValueSpecification","valueRequired":true,"valueName":"search_term_string"}}],"inLanguage":"pt-BR"},{"@type":"Organization","@id":"https:\/\/www.oarcanjo.net\/site\/#organization","name":"Par\u00f3quia S\u00e3o Miguel Arcanjo","url":"https:\/\/www.oarcanjo.net\/site\/","logo":{"@type":"ImageObject","inLanguage":"pt-BR","@id":"https:\/\/www.oarcanjo.net\/site\/#\/schema\/logo\/image\/","url":"https:\/\/www.oarcanjo.net\/site\/wp-content\/uploads\/LogoOArcanjo.png","contentUrl":"https:\/\/www.oarcanjo.net\/site\/wp-content\/uploads\/LogoOArcanjo.png","width":319,"height":99,"caption":"Par\u00f3quia S\u00e3o Miguel Arcanjo"},"image":{"@id":"https:\/\/www.oarcanjo.net\/site\/#\/schema\/logo\/image\/"},"sameAs":["https:\/\/www.facebook.com\/OArcanjoNoAr\/"]},{"@type":"Person","@id":"https:\/\/www.oarcanjo.net\/site\/#\/schema\/person\/f7024d007863202483a31326673a0838","name":"editor","sameAs":["http:\/\/www.oarcanjo.net"]}]}},"publishpress_future_action":{"enabled":false,"date":"2026-05-07 08:08:02","action":"category","newStatus":"draft","terms":[],"taxonomy":"category"},"publishpress_future_workflow_manual_trigger":{"enabledWorkflows":[]},"_links":{"self":[{"href":"https:\/\/www.oarcanjo.net\/site\/wp-json\/wp\/v2\/posts\/2693"}],"collection":[{"href":"https:\/\/www.oarcanjo.net\/site\/wp-json\/wp\/v2\/posts"}],"about":[{"href":"https:\/\/www.oarcanjo.net\/site\/wp-json\/wp\/v2\/types\/post"}],"author":[{"embeddable":true,"href":"https:\/\/www.oarcanjo.net\/site\/wp-json\/wp\/v2\/users\/5"}],"replies":[{"embeddable":true,"href":"https:\/\/www.oarcanjo.net\/site\/wp-json\/wp\/v2\/comments?post=2693"}],"version-history":[{"count":0,"href":"https:\/\/www.oarcanjo.net\/site\/wp-json\/wp\/v2\/posts\/2693\/revisions"}],"wp:attachment":[{"href":"https:\/\/www.oarcanjo.net\/site\/wp-json\/wp\/v2\/media?parent=2693"}],"wp:term":[{"taxonomy":"category","embeddable":true,"href":"https:\/\/www.oarcanjo.net\/site\/wp-json\/wp\/v2\/categories?post=2693"},{"taxonomy":"post_tag","embeddable":true,"href":"https:\/\/www.oarcanjo.net\/site\/wp-json\/wp\/v2\/tags?post=2693"}],"curies":[{"name":"wp","href":"https:\/\/api.w.org\/{rel}","templated":true}]}}