
{"id":2707,"date":"2009-04-04T22:29:13","date_gmt":"2009-04-05T01:29:13","guid":{"rendered":"http:\/\/www.oarcanjo.net\/site\/?p=2707"},"modified":"2009-04-05T22:32:01","modified_gmt":"2009-04-06T01:32:01","slug":"a-campanha-e-seus-frutos","status":"publish","type":"post","link":"https:\/\/www.oarcanjo.net\/site\/a-campanha-e-seus-frutos\/","title":{"rendered":"A Campanha e seus frutos"},"content":{"rendered":"<p>Dom Odilo Pedro Scherer<\/p>\n<p>Na medida em que a Quaresma chega \u00e0 sua conclus\u00e3o, tamb\u00e9m a Campanha da Fraternidade (CF 2009) caminha para o seu encerramento, com a coleta da solidariedade, no Domingo de Ramos. As campanhas t\u00eam come\u00e7o e fim. \u00c9 claro que os impulsos e as iniciativas motivadas pela CF n\u00e3o devem acabar na Quaresma, mas deveriam continuar a produzir efeitos positivos ao longo do ano e por muito tempo. A CF \u00e9 como um tempo de abundante semeadura: depois vem o tempo de cultivar, at\u00e9 que as plantas nascidas produzam frutos abundantes, com o passar do tempo.<\/p>\n<p>A estas alturas, \u00e9 preciso perguntar se a semeadura j\u00e1 aconteceu e quais foram as iniciativas j\u00e1 despertadas pela CF nas par\u00f3quias, comunidades e organiza\u00e7\u00f5es da Igreja? O tempo est\u00e1 passando, mas ainda \u00e9 poss\u00edvel fazer lan\u00e7ar as sementes,a para que em cada organiza\u00e7\u00e3o da nossa Igreja a CF n\u00e3o passe em branco e n\u00e3o deixe de fazer aquilo que ela se prop\u00f5e, por iniciativa da Igreja no Brasil: um tempo intenso de evangeliza\u00e7\u00e3o e de apelo \u00e0 convers\u00e3o, para uma viv\u00eancia pessoal e uma conviv\u00eancia social mais condizente com o Evangelho do Reino de Deus \u2013 \u201cconvertei-vos e crede no Evangelho!\u201d.<\/p>\n<p>O pr\u00f3prio Texto Base da CF, no seu \u201cAGIR\u201d, sugere uma s\u00e9rie de iniciativas e a\u00e7\u00f5es concretas; as organiza\u00e7\u00f5es eclesiais poder\u00e3o ver outras, segundo as situa\u00e7\u00f5es e necessidades locais. \u00c9 importante que a CF deixe alguma marca na vida das comunidades e um sinal de continuidade. Entre outras iniciativas, por exemplo, poderiam ser organizados grupos de amparo \u00e0s v\u00edtimas da viol\u00eancia em cada par\u00f3quia, com volunt\u00e1rios, assistentes sociais, m\u00e9dicos, advogados, psic\u00f3logos&#8230; Poderia ser tamb\u00e9m organizada uma esp\u00e9cie de \u201cgrupo-antena\u201d, para receber as sinaliza\u00e7\u00f5es sobre situa\u00e7\u00f5es de viol\u00eancia na \u00e1rea e capaz de dar encaminhamentos aos \u00f3rg\u00e3os p\u00fablicos competentes&#8230;<\/p>\n<p>Mas n\u00e3o h\u00e1 d\u00favida, que a CF tem sempre um efeito educativo importante e sobre este ponto deveriam ser concentradas muitas aten\u00e7\u00f5es. \u00c9 preciso educar as consci\u00eancias para os valores \u00e9ticos e morais; o respeito ao pr\u00f3ximo n\u00e3o deve acontecer somente por coer\u00e7\u00e3o externa, por medo da pol\u00edcia ou da cadeia&#8230; A ren\u00fancia \u00e0 viol\u00eancia e o respeito aos direitos humanos devem partir de convic\u00e7\u00f5es e motiva\u00e7\u00f5es interiores: \u201cimprimirei minha lei nas vossas entranhas e vou inscrev\u00ea-la em vossos cora\u00e7\u00f5es\u201d (cf Jr 31,33). Enquanto Igreja, n\u00e3o podemos deixar de falar dos Mandamentos da Lei de Deus e da Palavra de Deus, se queremos dar nossa efetiva contribui\u00e7\u00e3o para a educa\u00e7\u00e3o moral, t\u00e3o necess\u00e1ria para educar para a justi\u00e7a social, o respeito \u00e0 pessoa e para a supera\u00e7\u00e3o dos pecados de viol\u00eancia.<\/p>\n<p>Neste final da CF 2009, quero convidar a todos para a realiza\u00e7\u00e3o do gesto concreto de fraternidade, na coleta da CF no Domingo de Ramos. Que seja um gesto generoso e represente, de fato, um sinal de nossa penit\u00eancia quaresmal e de nossa sensibilidade fraterna em rela\u00e7\u00e3o \u00e0s v\u00edtimas da viol\u00eancia; de muitas formas, elas ser\u00e3o beneficiadas com o fruto dessa coleta, feita em todas as igrejas cat\u00f3licas do Brasil. O montante recolhido \u00e9 administrado e destinado para iniciativas concretas e acompanhadas pelas dioceses e pala Confer\u00eancia dos Bispos. Com esse mesmo fruto, tamb\u00e9m poder\u00e3o ser apoiadas muitas iniciativas de preven\u00e7\u00e3o da viol\u00eancia e de educa\u00e7\u00e3o para uma aut\u00eantica cultura da justi\u00e7a e da paz.<\/p>\n<p>Mas desejo ainda referir-me a um outro gesto de solidariedade, pedido pela Igreja, e que deve ser realizado na Sexta-Feira Santa em todas as nossas igrejas: trata-se da Coleta para os Lugares Santos. Seu fruto destina-se a apoiar a presen\u00e7a crist\u00e3 na Terra Santa, onde as comunidades crist\u00e3s, na sua maioria, s\u00e3o de \u00e1rabes palestinos e sofrem enormes dificuldades para manterem sua presen\u00e7a na terra onde Jesus nasceu, viveu, morreu e ressuscitou, e onde, historicamente, o Evangelho foi pregado e acolhido por primeiro.<\/p>\n<p>Os crist\u00e3os e as organiza\u00e7\u00f5es da Igreja, de maneira geral (par\u00f3quias, escolas cat\u00f3licas, conventos, igrejas de peregrina\u00e7\u00e3o, carmelos, obras sociais) s\u00f3 conseguem manter-se vivas mediante a solidariedade internacional da Igreja. Por isso, \u00e9 significativo que esta Coleta \u201cpara os Lugares Santos\u201d seja feita justamente na Sexta-Feira Santa. Conforme o Diret\u00f3rio Lit\u00fargico da CNBB (cf Anota\u00e7\u00f5es para a Sexta-Feira Santa, p. 83-84), esta coleta \u00e9 prescrita para toda a Igreja, no mundo inteiro.<\/p>\n<div id=\"themify_builder_content-2707\" data-postid=\"2707\" class=\"themify_builder_content themify_builder_content-2707 themify_builder themify_builder_front\">\n\t<\/div>\n<!-- \/themify_builder_content -->","protected":false},"excerpt":{"rendered":"<p>Dom Odilo Pedro Scherer Na medida em que a Quaresma chega \u00e0 sua conclus\u00e3o, tamb\u00e9m a Campanha da Fraternidade (CF 2009) caminha para o seu encerramento, com a coleta da solidariedade, no Domingo de Ramos. As campanhas t\u00eam come\u00e7o e fim. \u00c9 claro que os impulsos e as iniciativas motivadas pela CF n\u00e3o devem acabar [&hellip;]<\/p>\n","protected":false},"author":5,"featured_media":0,"comment_status":"open","ping_status":"open","sticky":false,"template":"","format":"standard","meta":{"ngg_post_thumbnail":0,"footnotes":""},"categories":[241],"tags":[229,419,454,20],"yoast_head":"<!-- This site is optimized with the Yoast SEO plugin v23.5 - https:\/\/yoast.com\/wordpress\/plugins\/seo\/ -->\n<title>A Campanha e seus frutos - O Arcanjo no ar<\/title>\n<meta name=\"robots\" content=\"index, follow, max-snippet:-1, max-image-preview:large, max-video-preview:-1\" \/>\n<link rel=\"canonical\" href=\"https:\/\/www.oarcanjo.net\/site\/a-campanha-e-seus-frutos\/\" \/>\n<meta property=\"og:locale\" content=\"pt_BR\" \/>\n<meta property=\"og:type\" content=\"article\" \/>\n<meta property=\"og:title\" content=\"A Campanha e seus frutos - O Arcanjo no ar\" \/>\n<meta property=\"og:description\" content=\"Dom Odilo Pedro Scherer Na medida em que a Quaresma chega \u00e0 sua conclus\u00e3o, tamb\u00e9m a Campanha da Fraternidade (CF 2009) caminha para o seu encerramento, com a coleta da solidariedade, no Domingo de Ramos. As campanhas t\u00eam come\u00e7o e fim. \u00c9 claro que os impulsos e as iniciativas motivadas pela CF n\u00e3o devem acabar [&hellip;]\" \/>\n<meta property=\"og:url\" content=\"https:\/\/www.oarcanjo.net\/site\/a-campanha-e-seus-frutos\/\" \/>\n<meta property=\"og:site_name\" content=\"O Arcanjo no ar\" \/>\n<meta property=\"article:publisher\" content=\"https:\/\/www.facebook.com\/OArcanjoNoAr\/\" \/>\n<meta property=\"article:published_time\" content=\"2009-04-05T01:29:13+00:00\" \/>\n<meta property=\"article:modified_time\" content=\"2009-04-06T01:32:01+00:00\" \/>\n<meta property=\"og:image\" content=\"https:\/\/www.oarcanjo.net\/site\/wp-content\/uploads\/logo-o-arcanjo-no-ar-facebook.png\" \/>\n\t<meta property=\"og:image:width\" content=\"300\" \/>\n\t<meta property=\"og:image:height\" content=\"300\" \/>\n\t<meta property=\"og:image:type\" content=\"image\/png\" \/>\n<meta name=\"author\" content=\"editor\" \/>\n<meta name=\"twitter:card\" content=\"summary_large_image\" \/>\n<meta name=\"twitter:label1\" content=\"Escrito por\" \/>\n\t<meta name=\"twitter:data1\" content=\"editor\" \/>\n\t<meta name=\"twitter:label2\" content=\"Est. tempo de leitura\" \/>\n\t<meta name=\"twitter:data2\" content=\"4 minutos\" \/>\n<script type=\"application\/ld+json\" class=\"yoast-schema-graph\">{\"@context\":\"https:\/\/schema.org\",\"@graph\":[{\"@type\":\"Article\",\"@id\":\"https:\/\/www.oarcanjo.net\/site\/a-campanha-e-seus-frutos\/#article\",\"isPartOf\":{\"@id\":\"https:\/\/www.oarcanjo.net\/site\/a-campanha-e-seus-frutos\/\"},\"author\":{\"name\":\"editor\",\"@id\":\"https:\/\/www.oarcanjo.net\/site\/#\/schema\/person\/f7024d007863202483a31326673a0838\"},\"headline\":\"A Campanha e seus frutos\",\"datePublished\":\"2009-04-05T01:29:13+00:00\",\"dateModified\":\"2009-04-06T01:32:01+00:00\",\"mainEntityOfPage\":{\"@id\":\"https:\/\/www.oarcanjo.net\/site\/a-campanha-e-seus-frutos\/\"},\"wordCount\":775,\"commentCount\":0,\"publisher\":{\"@id\":\"https:\/\/www.oarcanjo.net\/site\/#organization\"},\"keywords\":[\"Campanha da Fraternidade\",\"Domingo de Ramos\",\"gesto concreto\",\"viol\u00eancia\"],\"articleSection\":[\"CF\"],\"inLanguage\":\"pt-BR\",\"potentialAction\":[{\"@type\":\"CommentAction\",\"name\":\"Comment\",\"target\":[\"https:\/\/www.oarcanjo.net\/site\/a-campanha-e-seus-frutos\/#respond\"]}]},{\"@type\":\"WebPage\",\"@id\":\"https:\/\/www.oarcanjo.net\/site\/a-campanha-e-seus-frutos\/\",\"url\":\"https:\/\/www.oarcanjo.net\/site\/a-campanha-e-seus-frutos\/\",\"name\":\"A Campanha e seus frutos - O Arcanjo no ar\",\"isPartOf\":{\"@id\":\"https:\/\/www.oarcanjo.net\/site\/#website\"},\"datePublished\":\"2009-04-05T01:29:13+00:00\",\"dateModified\":\"2009-04-06T01:32:01+00:00\",\"breadcrumb\":{\"@id\":\"https:\/\/www.oarcanjo.net\/site\/a-campanha-e-seus-frutos\/#breadcrumb\"},\"inLanguage\":\"pt-BR\",\"potentialAction\":[{\"@type\":\"ReadAction\",\"target\":[\"https:\/\/www.oarcanjo.net\/site\/a-campanha-e-seus-frutos\/\"]}]},{\"@type\":\"BreadcrumbList\",\"@id\":\"https:\/\/www.oarcanjo.net\/site\/a-campanha-e-seus-frutos\/#breadcrumb\",\"itemListElement\":[{\"@type\":\"ListItem\",\"position\":1,\"name\":\"In\u00edcio\",\"item\":\"https:\/\/www.oarcanjo.net\/site\/\"},{\"@type\":\"ListItem\",\"position\":2,\"name\":\"A Campanha e seus frutos\"}]},{\"@type\":\"WebSite\",\"@id\":\"https:\/\/www.oarcanjo.net\/site\/#website\",\"url\":\"https:\/\/www.oarcanjo.net\/site\/\",\"name\":\"O Arcanjo no ar\",\"description\":\"Site da Par\u00f3quia S\u00e3o Miguel Arcanjo (Arquidiocese de SP)\",\"publisher\":{\"@id\":\"https:\/\/www.oarcanjo.net\/site\/#organization\"},\"potentialAction\":[{\"@type\":\"SearchAction\",\"target\":{\"@type\":\"EntryPoint\",\"urlTemplate\":\"https:\/\/www.oarcanjo.net\/site\/?s={search_term_string}\"},\"query-input\":{\"@type\":\"PropertyValueSpecification\",\"valueRequired\":true,\"valueName\":\"search_term_string\"}}],\"inLanguage\":\"pt-BR\"},{\"@type\":\"Organization\",\"@id\":\"https:\/\/www.oarcanjo.net\/site\/#organization\",\"name\":\"Par\u00f3quia S\u00e3o Miguel Arcanjo\",\"url\":\"https:\/\/www.oarcanjo.net\/site\/\",\"logo\":{\"@type\":\"ImageObject\",\"inLanguage\":\"pt-BR\",\"@id\":\"https:\/\/www.oarcanjo.net\/site\/#\/schema\/logo\/image\/\",\"url\":\"https:\/\/www.oarcanjo.net\/site\/wp-content\/uploads\/LogoOArcanjo.png\",\"contentUrl\":\"https:\/\/www.oarcanjo.net\/site\/wp-content\/uploads\/LogoOArcanjo.png\",\"width\":319,\"height\":99,\"caption\":\"Par\u00f3quia S\u00e3o Miguel Arcanjo\"},\"image\":{\"@id\":\"https:\/\/www.oarcanjo.net\/site\/#\/schema\/logo\/image\/\"},\"sameAs\":[\"https:\/\/www.facebook.com\/OArcanjoNoAr\/\"]},{\"@type\":\"Person\",\"@id\":\"https:\/\/www.oarcanjo.net\/site\/#\/schema\/person\/f7024d007863202483a31326673a0838\",\"name\":\"editor\",\"sameAs\":[\"http:\/\/www.oarcanjo.net\"]}]}<\/script>\n<!-- \/ Yoast SEO plugin. -->","yoast_head_json":{"title":"A Campanha e seus frutos - O Arcanjo no ar","robots":{"index":"index","follow":"follow","max-snippet":"max-snippet:-1","max-image-preview":"max-image-preview:large","max-video-preview":"max-video-preview:-1"},"canonical":"https:\/\/www.oarcanjo.net\/site\/a-campanha-e-seus-frutos\/","og_locale":"pt_BR","og_type":"article","og_title":"A Campanha e seus frutos - O Arcanjo no ar","og_description":"Dom Odilo Pedro Scherer Na medida em que a Quaresma chega \u00e0 sua conclus\u00e3o, tamb\u00e9m a Campanha da Fraternidade (CF 2009) caminha para o seu encerramento, com a coleta da solidariedade, no Domingo de Ramos. As campanhas t\u00eam come\u00e7o e fim. \u00c9 claro que os impulsos e as iniciativas motivadas pela CF n\u00e3o devem acabar [&hellip;]","og_url":"https:\/\/www.oarcanjo.net\/site\/a-campanha-e-seus-frutos\/","og_site_name":"O Arcanjo no ar","article_publisher":"https:\/\/www.facebook.com\/OArcanjoNoAr\/","article_published_time":"2009-04-05T01:29:13+00:00","article_modified_time":"2009-04-06T01:32:01+00:00","og_image":[{"width":300,"height":300,"url":"https:\/\/www.oarcanjo.net\/site\/wp-content\/uploads\/logo-o-arcanjo-no-ar-facebook.png","type":"image\/png"}],"author":"editor","twitter_card":"summary_large_image","twitter_misc":{"Escrito por":"editor","Est. tempo de leitura":"4 minutos"},"schema":{"@context":"https:\/\/schema.org","@graph":[{"@type":"Article","@id":"https:\/\/www.oarcanjo.net\/site\/a-campanha-e-seus-frutos\/#article","isPartOf":{"@id":"https:\/\/www.oarcanjo.net\/site\/a-campanha-e-seus-frutos\/"},"author":{"name":"editor","@id":"https:\/\/www.oarcanjo.net\/site\/#\/schema\/person\/f7024d007863202483a31326673a0838"},"headline":"A Campanha e seus frutos","datePublished":"2009-04-05T01:29:13+00:00","dateModified":"2009-04-06T01:32:01+00:00","mainEntityOfPage":{"@id":"https:\/\/www.oarcanjo.net\/site\/a-campanha-e-seus-frutos\/"},"wordCount":775,"commentCount":0,"publisher":{"@id":"https:\/\/www.oarcanjo.net\/site\/#organization"},"keywords":["Campanha da Fraternidade","Domingo de Ramos","gesto concreto","viol\u00eancia"],"articleSection":["CF"],"inLanguage":"pt-BR","potentialAction":[{"@type":"CommentAction","name":"Comment","target":["https:\/\/www.oarcanjo.net\/site\/a-campanha-e-seus-frutos\/#respond"]}]},{"@type":"WebPage","@id":"https:\/\/www.oarcanjo.net\/site\/a-campanha-e-seus-frutos\/","url":"https:\/\/www.oarcanjo.net\/site\/a-campanha-e-seus-frutos\/","name":"A Campanha e seus frutos - O Arcanjo no ar","isPartOf":{"@id":"https:\/\/www.oarcanjo.net\/site\/#website"},"datePublished":"2009-04-05T01:29:13+00:00","dateModified":"2009-04-06T01:32:01+00:00","breadcrumb":{"@id":"https:\/\/www.oarcanjo.net\/site\/a-campanha-e-seus-frutos\/#breadcrumb"},"inLanguage":"pt-BR","potentialAction":[{"@type":"ReadAction","target":["https:\/\/www.oarcanjo.net\/site\/a-campanha-e-seus-frutos\/"]}]},{"@type":"BreadcrumbList","@id":"https:\/\/www.oarcanjo.net\/site\/a-campanha-e-seus-frutos\/#breadcrumb","itemListElement":[{"@type":"ListItem","position":1,"name":"In\u00edcio","item":"https:\/\/www.oarcanjo.net\/site\/"},{"@type":"ListItem","position":2,"name":"A Campanha e seus frutos"}]},{"@type":"WebSite","@id":"https:\/\/www.oarcanjo.net\/site\/#website","url":"https:\/\/www.oarcanjo.net\/site\/","name":"O Arcanjo no ar","description":"Site da Par\u00f3quia S\u00e3o Miguel Arcanjo (Arquidiocese de SP)","publisher":{"@id":"https:\/\/www.oarcanjo.net\/site\/#organization"},"potentialAction":[{"@type":"SearchAction","target":{"@type":"EntryPoint","urlTemplate":"https:\/\/www.oarcanjo.net\/site\/?s={search_term_string}"},"query-input":{"@type":"PropertyValueSpecification","valueRequired":true,"valueName":"search_term_string"}}],"inLanguage":"pt-BR"},{"@type":"Organization","@id":"https:\/\/www.oarcanjo.net\/site\/#organization","name":"Par\u00f3quia S\u00e3o Miguel Arcanjo","url":"https:\/\/www.oarcanjo.net\/site\/","logo":{"@type":"ImageObject","inLanguage":"pt-BR","@id":"https:\/\/www.oarcanjo.net\/site\/#\/schema\/logo\/image\/","url":"https:\/\/www.oarcanjo.net\/site\/wp-content\/uploads\/LogoOArcanjo.png","contentUrl":"https:\/\/www.oarcanjo.net\/site\/wp-content\/uploads\/LogoOArcanjo.png","width":319,"height":99,"caption":"Par\u00f3quia S\u00e3o Miguel Arcanjo"},"image":{"@id":"https:\/\/www.oarcanjo.net\/site\/#\/schema\/logo\/image\/"},"sameAs":["https:\/\/www.facebook.com\/OArcanjoNoAr\/"]},{"@type":"Person","@id":"https:\/\/www.oarcanjo.net\/site\/#\/schema\/person\/f7024d007863202483a31326673a0838","name":"editor","sameAs":["http:\/\/www.oarcanjo.net"]}]}},"publishpress_future_action":{"enabled":false,"date":"2026-05-07 14:33:05","action":"category","newStatus":"draft","terms":[],"taxonomy":"category"},"publishpress_future_workflow_manual_trigger":{"enabledWorkflows":[]},"_links":{"self":[{"href":"https:\/\/www.oarcanjo.net\/site\/wp-json\/wp\/v2\/posts\/2707"}],"collection":[{"href":"https:\/\/www.oarcanjo.net\/site\/wp-json\/wp\/v2\/posts"}],"about":[{"href":"https:\/\/www.oarcanjo.net\/site\/wp-json\/wp\/v2\/types\/post"}],"author":[{"embeddable":true,"href":"https:\/\/www.oarcanjo.net\/site\/wp-json\/wp\/v2\/users\/5"}],"replies":[{"embeddable":true,"href":"https:\/\/www.oarcanjo.net\/site\/wp-json\/wp\/v2\/comments?post=2707"}],"version-history":[{"count":0,"href":"https:\/\/www.oarcanjo.net\/site\/wp-json\/wp\/v2\/posts\/2707\/revisions"}],"wp:attachment":[{"href":"https:\/\/www.oarcanjo.net\/site\/wp-json\/wp\/v2\/media?parent=2707"}],"wp:term":[{"taxonomy":"category","embeddable":true,"href":"https:\/\/www.oarcanjo.net\/site\/wp-json\/wp\/v2\/categories?post=2707"},{"taxonomy":"post_tag","embeddable":true,"href":"https:\/\/www.oarcanjo.net\/site\/wp-json\/wp\/v2\/tags?post=2707"}],"curies":[{"name":"wp","href":"https:\/\/api.w.org\/{rel}","templated":true}]}}