
{"id":2720,"date":"2009-04-07T06:00:35","date_gmt":"2009-04-07T09:00:35","guid":{"rendered":"http:\/\/www.oarcanjo.net\/site\/?p=2720"},"modified":"2009-04-06T09:24:19","modified_gmt":"2009-04-06T12:24:19","slug":"a-corda","status":"publish","type":"post","link":"https:\/\/www.oarcanjo.net\/site\/a-corda\/","title":{"rendered":"A corda"},"content":{"rendered":"<p>Dom Pedro Jos\u00e9 Conti<\/p>\n<p>Contava um velho rabino: cada um de n\u00f3s est\u00e1 ligado a Deus por uma corda. E, quando cometemos uma falta, a corda se rompe. Mas quando nos arrependemos da falta, Deus d\u00e1 um n\u00f3 na corda. Com isso, a corda fica mais curta do que antes. E o pecador fica um pouco mais perto de Deus! Desse modo, de falta em falta, de arrependimento em arrependimento, de n\u00f3 em n\u00f3, aproximamo-nos de Deus. Por fim, cada um dos nossos pecados \u00e9 ocasi\u00e3o de diminuir um pouco a corda com n\u00f3s e de chegar com mais rapidez perto do cora\u00e7\u00e3o de Deus. Tudo \u00e9 gra\u00e7a! Mesmo os pecados.<\/p>\n<p>Chegando a P\u00e1scoa acredito que muitos cat\u00f3licos aproveitem para cumprir o chamado \u201cpreceito pascal\u201d. \u00c9 o m\u00ednimo que a Igreja, como uma boa m\u00e3e, nos pede: aproximar-nos dos sacramentos da Reconcilia\u00e7\u00e3o e da Eucaristia ao menos uma vez ao ano, justamente por ocasi\u00e3o da P\u00e1scoa. <\/p>\n<p>Simplesmente a Igreja nos convoca a deixar-nos reconciliar com Deus e com o pr\u00f3ximo. O perd\u00e3o e a paz do cora\u00e7\u00e3o s\u00e3o sinais da novidade pascal. Entender\u00edamos e experimentar\u00edamos bem pouco da paix\u00e3o, morte e ressurrei\u00e7\u00e3o de Jesus se n\u00e3o fiz\u00e9ssemos tamb\u00e9m a experi\u00eancia do arrependimento e do perd\u00e3o. <\/p>\n<p>Mais uma vez o Senhor quer nos ajudar a nos libertar de tantas amarras que podemos ter acumulado com o passar do tempo e, quem sabe, dos anos. N\u00e3o d\u00e1 para voltar atr\u00e1s, nem corrigir o mal feito, mas podemos recuperar as rela\u00e7\u00f5es, mudar atitudes, renovar o nosso olhar. Onde deixamos rastros de raiva e de m\u00e1goas podemos colocar palavras de desculpa sincera. L\u00e1 onde julgamos com pr\u00e9-conceito e cegueira, podemos aproximar-nos desarmados e confiantes. Se formos injustos, aproveitadores, falsos e enganadores, podemos dizer a verdade, praticar uma justi\u00e7a reparadora, consertar os estragos do nosso interesse e do nosso ego\u00edsmo. <\/p>\n<p>A reconcilia\u00e7\u00e3o e o perd\u00e3o fazem milagres. Nos aproximam mais de Deus porque, descobrindo quanto nos custa perdoar, podemos perceber a grandeza da sua miseric\u00f3rdia. Da mesma forma a reconcilia\u00e7\u00e3o nos aproxima novamente dos nossos irm\u00e3os. Se conseguirmos voltar a nos comunicar, a nos entender e a nos amar, alcan\u00e7aremos tamb\u00e9m a paz do cora\u00e7\u00e3o. Fica bem mais agrad\u00e1vel viver num ambiente alegre e fraterno do que numa situa\u00e7\u00e3o de conflitos, meias palavras, diretas e indiretas. <\/p>\n<p>Cabe a n\u00f3s descobrir onde e como estamos errados, para corrigir as nossas faltas. Muitos se perguntam como reconhecer claramente os pecados para deles pedir perd\u00e3o. Depende. Se olharmos os erros dos outros, os esc\u00e2ndalos e as viol\u00eancias, podemos pensar que somos quase santos. Contudo n\u00f3s crist\u00e3os s\u00f3 devemos olhar a  Jesus Cristo, para com Ele aprender a amar e a doar a nossa vida. A luz da paix\u00e3o do Senhor e do alvorecer da P\u00e1scoa ilumina os segredos mais escondidos do nosso cora\u00e7\u00e3o. At\u00e9 os que escondemos a n\u00f3s mesmos. N\u00e3o tenhamos medo, a vida nova que Jesus nos oferece, deve ser nova mesmo, nada de velho, caduco e escondido. Tudo luminoso e sincero.<\/p>\n<p>Outra dificuldade para uma boa Reconcilia\u00e7\u00e3o, muitas vezes, \u00e9 o nosso receio a abrir o cora\u00e7\u00e3o ao padre para que nos ofere\u00e7a, pelo minist\u00e9rio da Igreja, o perd\u00e3o e a paz. Isso \u00e9 compreens\u00edvel e extremamente humano. Mas o padre n\u00e3o \u00e9, e n\u00e3o pode ser, um fiscal, um juiz, muito menos um fuxiqueiro. \u00c9 rigorosamente obrigado ao sil\u00eancio pelo segredo da confiss\u00e3o, porque ele mesmo \u00e9 um pecador, por\u00e9m, naquele momento, representa o pr\u00f3prio Jesus que dizia com for\u00e7a e esperan\u00e7a aos pecadores e pecadoras arrependidos: &#8211; V\u00e1 em paz, os teus pecados est\u00e3o perdoados!<\/p>\n<p>Deixemos, nesta P\u00e1scoa, que o Senhor repita para n\u00f3s essas palavras. Estamos precisando do seu sangue para nos lavar de novo, do seu amor e da sua luz para recome\u00e7ar. Coragem! De n\u00f3 em n\u00f3, chegaremos mais perto de Deus e dos irm\u00e3os.<\/p>\n<div id=\"themify_builder_content-2720\" data-postid=\"2720\" class=\"themify_builder_content themify_builder_content-2720 themify_builder themify_builder_front\">\n\t<\/div>\n<!-- \/themify_builder_content -->","protected":false},"excerpt":{"rendered":"<p>Dom Pedro Jos\u00e9 Conti Contava um velho rabino: cada um de n\u00f3s est\u00e1 ligado a Deus por uma corda. E, quando cometemos uma falta, a corda se rompe. Mas quando nos arrependemos da falta, Deus d\u00e1 um n\u00f3 na corda. Com isso, a corda fica mais curta do que antes. E o pecador fica um [&hellip;]<\/p>\n","protected":false},"author":5,"featured_media":0,"comment_status":"open","ping_status":"open","sticky":false,"template":"","format":"standard","meta":{"ngg_post_thumbnail":0,"footnotes":""},"categories":[9],"tags":[242,457,456,397],"yoast_head":"<!-- This site is optimized with the Yoast SEO plugin v23.5 - https:\/\/yoast.com\/wordpress\/plugins\/seo\/ -->\n<title>A corda - O Arcanjo no ar<\/title>\n<meta name=\"robots\" content=\"index, follow, max-snippet:-1, max-image-preview:large, max-video-preview:-1\" \/>\n<link rel=\"canonical\" href=\"https:\/\/www.oarcanjo.net\/site\/a-corda\/\" \/>\n<meta property=\"og:locale\" content=\"pt_BR\" \/>\n<meta property=\"og:type\" content=\"article\" \/>\n<meta property=\"og:title\" content=\"A corda - O Arcanjo no ar\" \/>\n<meta property=\"og:description\" content=\"Dom Pedro Jos\u00e9 Conti Contava um velho rabino: cada um de n\u00f3s est\u00e1 ligado a Deus por uma corda. E, quando cometemos uma falta, a corda se rompe. Mas quando nos arrependemos da falta, Deus d\u00e1 um n\u00f3 na corda. Com isso, a corda fica mais curta do que antes. E o pecador fica um [&hellip;]\" \/>\n<meta property=\"og:url\" content=\"https:\/\/www.oarcanjo.net\/site\/a-corda\/\" \/>\n<meta property=\"og:site_name\" content=\"O Arcanjo no ar\" \/>\n<meta property=\"article:publisher\" content=\"https:\/\/www.facebook.com\/OArcanjoNoAr\/\" \/>\n<meta property=\"article:published_time\" content=\"2009-04-07T09:00:35+00:00\" \/>\n<meta property=\"article:modified_time\" content=\"2009-04-06T12:24:19+00:00\" \/>\n<meta property=\"og:image\" content=\"https:\/\/www.oarcanjo.net\/site\/wp-content\/uploads\/logo-o-arcanjo-no-ar-facebook.png\" \/>\n\t<meta property=\"og:image:width\" content=\"300\" \/>\n\t<meta property=\"og:image:height\" content=\"300\" \/>\n\t<meta property=\"og:image:type\" content=\"image\/png\" \/>\n<meta name=\"author\" content=\"editor\" \/>\n<meta name=\"twitter:card\" content=\"summary_large_image\" \/>\n<meta name=\"twitter:label1\" content=\"Escrito por\" \/>\n\t<meta name=\"twitter:data1\" content=\"editor\" \/>\n\t<meta name=\"twitter:label2\" content=\"Est. tempo de leitura\" \/>\n\t<meta name=\"twitter:data2\" content=\"3 minutos\" \/>\n<script type=\"application\/ld+json\" class=\"yoast-schema-graph\">{\"@context\":\"https:\/\/schema.org\",\"@graph\":[{\"@type\":\"Article\",\"@id\":\"https:\/\/www.oarcanjo.net\/site\/a-corda\/#article\",\"isPartOf\":{\"@id\":\"https:\/\/www.oarcanjo.net\/site\/a-corda\/\"},\"author\":{\"name\":\"editor\",\"@id\":\"https:\/\/www.oarcanjo.net\/site\/#\/schema\/person\/f7024d007863202483a31326673a0838\"},\"headline\":\"A corda\",\"datePublished\":\"2009-04-07T09:00:35+00:00\",\"dateModified\":\"2009-04-06T12:24:19+00:00\",\"mainEntityOfPage\":{\"@id\":\"https:\/\/www.oarcanjo.net\/site\/a-corda\/\"},\"wordCount\":701,\"commentCount\":0,\"publisher\":{\"@id\":\"https:\/\/www.oarcanjo.net\/site\/#organization\"},\"keywords\":[\"P\u00e1scoa\",\"perd\u00e3o\",\"reconcilia\u00e7\u00e3o\",\"Semana Santa\"],\"articleSection\":[\"Reflex\u00f5es\"],\"inLanguage\":\"pt-BR\",\"potentialAction\":[{\"@type\":\"CommentAction\",\"name\":\"Comment\",\"target\":[\"https:\/\/www.oarcanjo.net\/site\/a-corda\/#respond\"]}]},{\"@type\":\"WebPage\",\"@id\":\"https:\/\/www.oarcanjo.net\/site\/a-corda\/\",\"url\":\"https:\/\/www.oarcanjo.net\/site\/a-corda\/\",\"name\":\"A corda - O Arcanjo no ar\",\"isPartOf\":{\"@id\":\"https:\/\/www.oarcanjo.net\/site\/#website\"},\"datePublished\":\"2009-04-07T09:00:35+00:00\",\"dateModified\":\"2009-04-06T12:24:19+00:00\",\"breadcrumb\":{\"@id\":\"https:\/\/www.oarcanjo.net\/site\/a-corda\/#breadcrumb\"},\"inLanguage\":\"pt-BR\",\"potentialAction\":[{\"@type\":\"ReadAction\",\"target\":[\"https:\/\/www.oarcanjo.net\/site\/a-corda\/\"]}]},{\"@type\":\"BreadcrumbList\",\"@id\":\"https:\/\/www.oarcanjo.net\/site\/a-corda\/#breadcrumb\",\"itemListElement\":[{\"@type\":\"ListItem\",\"position\":1,\"name\":\"In\u00edcio\",\"item\":\"https:\/\/www.oarcanjo.net\/site\/\"},{\"@type\":\"ListItem\",\"position\":2,\"name\":\"A corda\"}]},{\"@type\":\"WebSite\",\"@id\":\"https:\/\/www.oarcanjo.net\/site\/#website\",\"url\":\"https:\/\/www.oarcanjo.net\/site\/\",\"name\":\"O Arcanjo no ar\",\"description\":\"Site da Par\u00f3quia S\u00e3o Miguel Arcanjo (Arquidiocese de SP)\",\"publisher\":{\"@id\":\"https:\/\/www.oarcanjo.net\/site\/#organization\"},\"potentialAction\":[{\"@type\":\"SearchAction\",\"target\":{\"@type\":\"EntryPoint\",\"urlTemplate\":\"https:\/\/www.oarcanjo.net\/site\/?s={search_term_string}\"},\"query-input\":{\"@type\":\"PropertyValueSpecification\",\"valueRequired\":true,\"valueName\":\"search_term_string\"}}],\"inLanguage\":\"pt-BR\"},{\"@type\":\"Organization\",\"@id\":\"https:\/\/www.oarcanjo.net\/site\/#organization\",\"name\":\"Par\u00f3quia S\u00e3o Miguel Arcanjo\",\"url\":\"https:\/\/www.oarcanjo.net\/site\/\",\"logo\":{\"@type\":\"ImageObject\",\"inLanguage\":\"pt-BR\",\"@id\":\"https:\/\/www.oarcanjo.net\/site\/#\/schema\/logo\/image\/\",\"url\":\"https:\/\/www.oarcanjo.net\/site\/wp-content\/uploads\/LogoOArcanjo.png\",\"contentUrl\":\"https:\/\/www.oarcanjo.net\/site\/wp-content\/uploads\/LogoOArcanjo.png\",\"width\":319,\"height\":99,\"caption\":\"Par\u00f3quia S\u00e3o Miguel Arcanjo\"},\"image\":{\"@id\":\"https:\/\/www.oarcanjo.net\/site\/#\/schema\/logo\/image\/\"},\"sameAs\":[\"https:\/\/www.facebook.com\/OArcanjoNoAr\/\"]},{\"@type\":\"Person\",\"@id\":\"https:\/\/www.oarcanjo.net\/site\/#\/schema\/person\/f7024d007863202483a31326673a0838\",\"name\":\"editor\",\"sameAs\":[\"http:\/\/www.oarcanjo.net\"]}]}<\/script>\n<!-- \/ Yoast SEO plugin. -->","yoast_head_json":{"title":"A corda - O Arcanjo no ar","robots":{"index":"index","follow":"follow","max-snippet":"max-snippet:-1","max-image-preview":"max-image-preview:large","max-video-preview":"max-video-preview:-1"},"canonical":"https:\/\/www.oarcanjo.net\/site\/a-corda\/","og_locale":"pt_BR","og_type":"article","og_title":"A corda - O Arcanjo no ar","og_description":"Dom Pedro Jos\u00e9 Conti Contava um velho rabino: cada um de n\u00f3s est\u00e1 ligado a Deus por uma corda. E, quando cometemos uma falta, a corda se rompe. Mas quando nos arrependemos da falta, Deus d\u00e1 um n\u00f3 na corda. Com isso, a corda fica mais curta do que antes. E o pecador fica um [&hellip;]","og_url":"https:\/\/www.oarcanjo.net\/site\/a-corda\/","og_site_name":"O Arcanjo no ar","article_publisher":"https:\/\/www.facebook.com\/OArcanjoNoAr\/","article_published_time":"2009-04-07T09:00:35+00:00","article_modified_time":"2009-04-06T12:24:19+00:00","og_image":[{"width":300,"height":300,"url":"https:\/\/www.oarcanjo.net\/site\/wp-content\/uploads\/logo-o-arcanjo-no-ar-facebook.png","type":"image\/png"}],"author":"editor","twitter_card":"summary_large_image","twitter_misc":{"Escrito por":"editor","Est. tempo de leitura":"3 minutos"},"schema":{"@context":"https:\/\/schema.org","@graph":[{"@type":"Article","@id":"https:\/\/www.oarcanjo.net\/site\/a-corda\/#article","isPartOf":{"@id":"https:\/\/www.oarcanjo.net\/site\/a-corda\/"},"author":{"name":"editor","@id":"https:\/\/www.oarcanjo.net\/site\/#\/schema\/person\/f7024d007863202483a31326673a0838"},"headline":"A corda","datePublished":"2009-04-07T09:00:35+00:00","dateModified":"2009-04-06T12:24:19+00:00","mainEntityOfPage":{"@id":"https:\/\/www.oarcanjo.net\/site\/a-corda\/"},"wordCount":701,"commentCount":0,"publisher":{"@id":"https:\/\/www.oarcanjo.net\/site\/#organization"},"keywords":["P\u00e1scoa","perd\u00e3o","reconcilia\u00e7\u00e3o","Semana Santa"],"articleSection":["Reflex\u00f5es"],"inLanguage":"pt-BR","potentialAction":[{"@type":"CommentAction","name":"Comment","target":["https:\/\/www.oarcanjo.net\/site\/a-corda\/#respond"]}]},{"@type":"WebPage","@id":"https:\/\/www.oarcanjo.net\/site\/a-corda\/","url":"https:\/\/www.oarcanjo.net\/site\/a-corda\/","name":"A corda - O Arcanjo no ar","isPartOf":{"@id":"https:\/\/www.oarcanjo.net\/site\/#website"},"datePublished":"2009-04-07T09:00:35+00:00","dateModified":"2009-04-06T12:24:19+00:00","breadcrumb":{"@id":"https:\/\/www.oarcanjo.net\/site\/a-corda\/#breadcrumb"},"inLanguage":"pt-BR","potentialAction":[{"@type":"ReadAction","target":["https:\/\/www.oarcanjo.net\/site\/a-corda\/"]}]},{"@type":"BreadcrumbList","@id":"https:\/\/www.oarcanjo.net\/site\/a-corda\/#breadcrumb","itemListElement":[{"@type":"ListItem","position":1,"name":"In\u00edcio","item":"https:\/\/www.oarcanjo.net\/site\/"},{"@type":"ListItem","position":2,"name":"A corda"}]},{"@type":"WebSite","@id":"https:\/\/www.oarcanjo.net\/site\/#website","url":"https:\/\/www.oarcanjo.net\/site\/","name":"O Arcanjo no ar","description":"Site da Par\u00f3quia S\u00e3o Miguel Arcanjo (Arquidiocese de SP)","publisher":{"@id":"https:\/\/www.oarcanjo.net\/site\/#organization"},"potentialAction":[{"@type":"SearchAction","target":{"@type":"EntryPoint","urlTemplate":"https:\/\/www.oarcanjo.net\/site\/?s={search_term_string}"},"query-input":{"@type":"PropertyValueSpecification","valueRequired":true,"valueName":"search_term_string"}}],"inLanguage":"pt-BR"},{"@type":"Organization","@id":"https:\/\/www.oarcanjo.net\/site\/#organization","name":"Par\u00f3quia S\u00e3o Miguel Arcanjo","url":"https:\/\/www.oarcanjo.net\/site\/","logo":{"@type":"ImageObject","inLanguage":"pt-BR","@id":"https:\/\/www.oarcanjo.net\/site\/#\/schema\/logo\/image\/","url":"https:\/\/www.oarcanjo.net\/site\/wp-content\/uploads\/LogoOArcanjo.png","contentUrl":"https:\/\/www.oarcanjo.net\/site\/wp-content\/uploads\/LogoOArcanjo.png","width":319,"height":99,"caption":"Par\u00f3quia S\u00e3o Miguel Arcanjo"},"image":{"@id":"https:\/\/www.oarcanjo.net\/site\/#\/schema\/logo\/image\/"},"sameAs":["https:\/\/www.facebook.com\/OArcanjoNoAr\/"]},{"@type":"Person","@id":"https:\/\/www.oarcanjo.net\/site\/#\/schema\/person\/f7024d007863202483a31326673a0838","name":"editor","sameAs":["http:\/\/www.oarcanjo.net"]}]}},"publishpress_future_action":{"enabled":false,"date":"2026-05-09 01:49:37","action":"category","newStatus":"draft","terms":[],"taxonomy":"category"},"publishpress_future_workflow_manual_trigger":{"enabledWorkflows":[]},"_links":{"self":[{"href":"https:\/\/www.oarcanjo.net\/site\/wp-json\/wp\/v2\/posts\/2720"}],"collection":[{"href":"https:\/\/www.oarcanjo.net\/site\/wp-json\/wp\/v2\/posts"}],"about":[{"href":"https:\/\/www.oarcanjo.net\/site\/wp-json\/wp\/v2\/types\/post"}],"author":[{"embeddable":true,"href":"https:\/\/www.oarcanjo.net\/site\/wp-json\/wp\/v2\/users\/5"}],"replies":[{"embeddable":true,"href":"https:\/\/www.oarcanjo.net\/site\/wp-json\/wp\/v2\/comments?post=2720"}],"version-history":[{"count":0,"href":"https:\/\/www.oarcanjo.net\/site\/wp-json\/wp\/v2\/posts\/2720\/revisions"}],"wp:attachment":[{"href":"https:\/\/www.oarcanjo.net\/site\/wp-json\/wp\/v2\/media?parent=2720"}],"wp:term":[{"taxonomy":"category","embeddable":true,"href":"https:\/\/www.oarcanjo.net\/site\/wp-json\/wp\/v2\/categories?post=2720"},{"taxonomy":"post_tag","embeddable":true,"href":"https:\/\/www.oarcanjo.net\/site\/wp-json\/wp\/v2\/tags?post=2720"}],"curies":[{"name":"wp","href":"https:\/\/api.w.org\/{rel}","templated":true}]}}