
{"id":2724,"date":"2009-04-07T22:07:22","date_gmt":"2009-04-08T01:07:22","guid":{"rendered":"http:\/\/www.oarcanjo.net\/site\/?p=2724"},"modified":"2009-04-07T22:07:22","modified_gmt":"2009-04-08T01:07:22","slug":"o-gesto-supremo","status":"publish","type":"post","link":"https:\/\/www.oarcanjo.net\/site\/o-gesto-supremo\/","title":{"rendered":"O gesto supremo"},"content":{"rendered":"<p>Domingo de Ramos &#8211; Marcos 14.1-15.47<\/p>\n<p>Jose Antonio PAGOLA<\/p>\n<p>Jesus contava com a possibilidade de um final violento. N\u00e3o era ing\u00eanuo.<\/p>\n<p>Sabia ao que estava exposto se continuasse insistindo no projeto do Reino de Deus. N\u00e3o era poss\u00edvel procurar com tanto radicalismo uma vida digna para \u201cos pobres\u201d e os \u201cpecadores\u201d, sem causar a rea\u00e7\u00e3o daqueles que n\u00e3o se interessavam por mudan\u00e7a nenhuma. <\/p>\n<p>Certamente, Jesus n\u00e3o \u00e9 suicida. N\u00e3o procura a crucifica\u00e7\u00e3o. Nunca quis o sofrimento nem para os outros nem para ele pr\u00f3prio. Toda sua vida foi dedicada ao combate contra ele l\u00e1 onde o encontrava: na doen\u00e7a, nas injusti\u00e7as, no pecado, na desesperan\u00e7a. Por essa raz\u00e3o, ele n\u00e3o est\u00e1 correndo agora atr\u00e1s da morte, mas tamb\u00e9m n\u00e3o foge dela. <\/p>\n<p>Continuar\u00e1 acolhendo aos pecadores e exclu\u00eddos embora sua forma de agir cause irrita\u00e7\u00e3o no Templo. Se no final eles o condenam, Jesus morrer\u00e1 tamb\u00e9m como um delinq\u00fcente e exclu\u00eddo, mas sua morte ser\u00e1 a confirma\u00e7\u00e3o do que foi sua vida inteira: confian\u00e7a total em Deus que n\u00e3o exclui ningu\u00e9m de seu perd\u00e3o. <\/p>\n<p>Continuar\u00e1 anunciando o amor de Deus aos \u00faltimos, se identificando com os mais pobres e desprezados  do imp\u00e9rio, n\u00e3o importa o quanto ele incomodar nos ambientes pr\u00f3ximos ao governador romano. Se um dia o executarem no suplicio da Cruz (reservado para os escravos) ele ir\u00e1 morrer tamb\u00e9m como escravo desprez\u00edvel, mas sua morte ser\u00e1 o selo eterno de sua fidelidade a Deus defensor das v\u00edtimas.<\/p>\n<p>Cheio do amor de Deus, continuar\u00e1 oferecendo \u201csalva\u00e7\u00e3o\u201d \u00e0queles que sofrem o mal e a doen\u00e7a: \u201cacolher\u00e1\u201d os exclu\u00eddos pela sociedade e religi\u00e3o; oferecer\u00e1 o \u201cperd\u00e3o\u201d gratuito de Deus aos pecadores e \u00e0s pessoas perdidas, incapazes de retornar \u00e0 sua amizade. Esta atitude de salva\u00e7\u00e3o, que inspira sua vida toda, ser\u00e1 tamb\u00e9m a inspira\u00e7\u00e3o de sua morte. <\/p>\n<p>Por isso, os crist\u00e3os somos t\u00e3o atra\u00eddos pela cruz. Beijamos o rosto do Crucificado, levantamos os olhos para ele, escutamos suas \u00faltimas palavras\u2026 porque, em sua crucifica\u00e7\u00e3o, vemos o \u00faltimo servi\u00e7o de Jesus ao projeto do Pai, e o gesto supremo de Deus que entrega seu Filho por amor \u00e0 humanidade inteira. <\/p>\n<p>N\u00e3o \u00e9 digno a Semana Santa virar folclore ou apelo tur\u00edstico. Para os seguidores de Jesus a comemora\u00e7\u00e3o da paix\u00e3o e morte do Senhor \u00e9 agradecimento emocionado, adora\u00e7\u00e3o gozosa ao \u201cincr\u00edvel\u201d amor de Deus e chamada a viver como Jesus, nos solidarizando com os crucificados.<\/p>\n<div id=\"themify_builder_content-2724\" data-postid=\"2724\" class=\"themify_builder_content themify_builder_content-2724 themify_builder themify_builder_front\">\n\t<\/div>\n<!-- \/themify_builder_content -->","protected":false},"excerpt":{"rendered":"<p>Domingo de Ramos &#8211; Marcos 14.1-15.47 Jose Antonio PAGOLA Jesus contava com a possibilidade de um final violento. N\u00e3o era ing\u00eanuo. Sabia ao que estava exposto se continuasse insistindo no projeto do Reino de Deus. N\u00e3o era poss\u00edvel procurar com tanto radicalismo uma vida digna para \u201cos pobres\u201d e os \u201cpecadores\u201d, sem causar a rea\u00e7\u00e3o [&hellip;]<\/p>\n","protected":false},"author":5,"featured_media":0,"comment_status":"open","ping_status":"open","sticky":false,"template":"","format":"standard","meta":{"ngg_post_thumbnail":0,"footnotes":""},"categories":[9],"tags":[416,360,424,397],"yoast_head":"<!-- This site is optimized with the Yoast SEO plugin v23.5 - https:\/\/yoast.com\/wordpress\/plugins\/seo\/ -->\n<title>O gesto supremo - O Arcanjo no ar<\/title>\n<meta name=\"robots\" content=\"index, follow, max-snippet:-1, max-image-preview:large, max-video-preview:-1\" \/>\n<link rel=\"canonical\" href=\"https:\/\/www.oarcanjo.net\/site\/o-gesto-supremo\/\" \/>\n<meta property=\"og:locale\" content=\"pt_BR\" \/>\n<meta property=\"og:type\" content=\"article\" \/>\n<meta property=\"og:title\" content=\"O gesto supremo - O Arcanjo no ar\" \/>\n<meta property=\"og:description\" content=\"Domingo de Ramos &#8211; Marcos 14.1-15.47 Jose Antonio PAGOLA Jesus contava com a possibilidade de um final violento. N\u00e3o era ing\u00eanuo. Sabia ao que estava exposto se continuasse insistindo no projeto do Reino de Deus. N\u00e3o era poss\u00edvel procurar com tanto radicalismo uma vida digna para \u201cos pobres\u201d e os \u201cpecadores\u201d, sem causar a rea\u00e7\u00e3o [&hellip;]\" \/>\n<meta property=\"og:url\" content=\"https:\/\/www.oarcanjo.net\/site\/o-gesto-supremo\/\" \/>\n<meta property=\"og:site_name\" content=\"O Arcanjo no ar\" \/>\n<meta property=\"article:publisher\" content=\"https:\/\/www.facebook.com\/OArcanjoNoAr\/\" \/>\n<meta property=\"article:published_time\" content=\"2009-04-08T01:07:22+00:00\" \/>\n<meta property=\"og:image\" content=\"https:\/\/www.oarcanjo.net\/site\/wp-content\/uploads\/logo-o-arcanjo-no-ar-facebook.png\" \/>\n\t<meta property=\"og:image:width\" content=\"300\" \/>\n\t<meta property=\"og:image:height\" content=\"300\" \/>\n\t<meta property=\"og:image:type\" content=\"image\/png\" \/>\n<meta name=\"author\" content=\"editor\" \/>\n<meta name=\"twitter:card\" content=\"summary_large_image\" \/>\n<meta name=\"twitter:label1\" content=\"Escrito por\" \/>\n\t<meta name=\"twitter:data1\" content=\"editor\" \/>\n\t<meta name=\"twitter:label2\" content=\"Est. tempo de leitura\" \/>\n\t<meta name=\"twitter:data2\" content=\"2 minutos\" \/>\n<script type=\"application\/ld+json\" class=\"yoast-schema-graph\">{\"@context\":\"https:\/\/schema.org\",\"@graph\":[{\"@type\":\"Article\",\"@id\":\"https:\/\/www.oarcanjo.net\/site\/o-gesto-supremo\/#article\",\"isPartOf\":{\"@id\":\"https:\/\/www.oarcanjo.net\/site\/o-gesto-supremo\/\"},\"author\":{\"name\":\"editor\",\"@id\":\"https:\/\/www.oarcanjo.net\/site\/#\/schema\/person\/f7024d007863202483a31326673a0838\"},\"headline\":\"O gesto supremo\",\"datePublished\":\"2009-04-08T01:07:22+00:00\",\"dateModified\":\"2009-04-08T01:07:22+00:00\",\"mainEntityOfPage\":{\"@id\":\"https:\/\/www.oarcanjo.net\/site\/o-gesto-supremo\/\"},\"wordCount\":444,\"commentCount\":0,\"publisher\":{\"@id\":\"https:\/\/www.oarcanjo.net\/site\/#organization\"},\"keywords\":[\"cruz\",\"op\u00e7\u00e3o pelos pobres\",\"paix\u00e3o de Jesus Cristo\",\"Semana Santa\"],\"articleSection\":[\"Reflex\u00f5es\"],\"inLanguage\":\"pt-BR\",\"potentialAction\":[{\"@type\":\"CommentAction\",\"name\":\"Comment\",\"target\":[\"https:\/\/www.oarcanjo.net\/site\/o-gesto-supremo\/#respond\"]}]},{\"@type\":\"WebPage\",\"@id\":\"https:\/\/www.oarcanjo.net\/site\/o-gesto-supremo\/\",\"url\":\"https:\/\/www.oarcanjo.net\/site\/o-gesto-supremo\/\",\"name\":\"O gesto supremo - O Arcanjo no ar\",\"isPartOf\":{\"@id\":\"https:\/\/www.oarcanjo.net\/site\/#website\"},\"datePublished\":\"2009-04-08T01:07:22+00:00\",\"dateModified\":\"2009-04-08T01:07:22+00:00\",\"breadcrumb\":{\"@id\":\"https:\/\/www.oarcanjo.net\/site\/o-gesto-supremo\/#breadcrumb\"},\"inLanguage\":\"pt-BR\",\"potentialAction\":[{\"@type\":\"ReadAction\",\"target\":[\"https:\/\/www.oarcanjo.net\/site\/o-gesto-supremo\/\"]}]},{\"@type\":\"BreadcrumbList\",\"@id\":\"https:\/\/www.oarcanjo.net\/site\/o-gesto-supremo\/#breadcrumb\",\"itemListElement\":[{\"@type\":\"ListItem\",\"position\":1,\"name\":\"In\u00edcio\",\"item\":\"https:\/\/www.oarcanjo.net\/site\/\"},{\"@type\":\"ListItem\",\"position\":2,\"name\":\"O gesto supremo\"}]},{\"@type\":\"WebSite\",\"@id\":\"https:\/\/www.oarcanjo.net\/site\/#website\",\"url\":\"https:\/\/www.oarcanjo.net\/site\/\",\"name\":\"O Arcanjo no ar\",\"description\":\"Site da Par\u00f3quia S\u00e3o Miguel Arcanjo (Arquidiocese de SP)\",\"publisher\":{\"@id\":\"https:\/\/www.oarcanjo.net\/site\/#organization\"},\"potentialAction\":[{\"@type\":\"SearchAction\",\"target\":{\"@type\":\"EntryPoint\",\"urlTemplate\":\"https:\/\/www.oarcanjo.net\/site\/?s={search_term_string}\"},\"query-input\":{\"@type\":\"PropertyValueSpecification\",\"valueRequired\":true,\"valueName\":\"search_term_string\"}}],\"inLanguage\":\"pt-BR\"},{\"@type\":\"Organization\",\"@id\":\"https:\/\/www.oarcanjo.net\/site\/#organization\",\"name\":\"Par\u00f3quia S\u00e3o Miguel Arcanjo\",\"url\":\"https:\/\/www.oarcanjo.net\/site\/\",\"logo\":{\"@type\":\"ImageObject\",\"inLanguage\":\"pt-BR\",\"@id\":\"https:\/\/www.oarcanjo.net\/site\/#\/schema\/logo\/image\/\",\"url\":\"https:\/\/www.oarcanjo.net\/site\/wp-content\/uploads\/LogoOArcanjo.png\",\"contentUrl\":\"https:\/\/www.oarcanjo.net\/site\/wp-content\/uploads\/LogoOArcanjo.png\",\"width\":319,\"height\":99,\"caption\":\"Par\u00f3quia S\u00e3o Miguel Arcanjo\"},\"image\":{\"@id\":\"https:\/\/www.oarcanjo.net\/site\/#\/schema\/logo\/image\/\"},\"sameAs\":[\"https:\/\/www.facebook.com\/OArcanjoNoAr\/\"]},{\"@type\":\"Person\",\"@id\":\"https:\/\/www.oarcanjo.net\/site\/#\/schema\/person\/f7024d007863202483a31326673a0838\",\"name\":\"editor\",\"sameAs\":[\"http:\/\/www.oarcanjo.net\"]}]}<\/script>\n<!-- \/ Yoast SEO plugin. -->","yoast_head_json":{"title":"O gesto supremo - O Arcanjo no ar","robots":{"index":"index","follow":"follow","max-snippet":"max-snippet:-1","max-image-preview":"max-image-preview:large","max-video-preview":"max-video-preview:-1"},"canonical":"https:\/\/www.oarcanjo.net\/site\/o-gesto-supremo\/","og_locale":"pt_BR","og_type":"article","og_title":"O gesto supremo - O Arcanjo no ar","og_description":"Domingo de Ramos &#8211; Marcos 14.1-15.47 Jose Antonio PAGOLA Jesus contava com a possibilidade de um final violento. N\u00e3o era ing\u00eanuo. Sabia ao que estava exposto se continuasse insistindo no projeto do Reino de Deus. N\u00e3o era poss\u00edvel procurar com tanto radicalismo uma vida digna para \u201cos pobres\u201d e os \u201cpecadores\u201d, sem causar a rea\u00e7\u00e3o [&hellip;]","og_url":"https:\/\/www.oarcanjo.net\/site\/o-gesto-supremo\/","og_site_name":"O Arcanjo no ar","article_publisher":"https:\/\/www.facebook.com\/OArcanjoNoAr\/","article_published_time":"2009-04-08T01:07:22+00:00","og_image":[{"width":300,"height":300,"url":"https:\/\/www.oarcanjo.net\/site\/wp-content\/uploads\/logo-o-arcanjo-no-ar-facebook.png","type":"image\/png"}],"author":"editor","twitter_card":"summary_large_image","twitter_misc":{"Escrito por":"editor","Est. tempo de leitura":"2 minutos"},"schema":{"@context":"https:\/\/schema.org","@graph":[{"@type":"Article","@id":"https:\/\/www.oarcanjo.net\/site\/o-gesto-supremo\/#article","isPartOf":{"@id":"https:\/\/www.oarcanjo.net\/site\/o-gesto-supremo\/"},"author":{"name":"editor","@id":"https:\/\/www.oarcanjo.net\/site\/#\/schema\/person\/f7024d007863202483a31326673a0838"},"headline":"O gesto supremo","datePublished":"2009-04-08T01:07:22+00:00","dateModified":"2009-04-08T01:07:22+00:00","mainEntityOfPage":{"@id":"https:\/\/www.oarcanjo.net\/site\/o-gesto-supremo\/"},"wordCount":444,"commentCount":0,"publisher":{"@id":"https:\/\/www.oarcanjo.net\/site\/#organization"},"keywords":["cruz","op\u00e7\u00e3o pelos pobres","paix\u00e3o de Jesus Cristo","Semana Santa"],"articleSection":["Reflex\u00f5es"],"inLanguage":"pt-BR","potentialAction":[{"@type":"CommentAction","name":"Comment","target":["https:\/\/www.oarcanjo.net\/site\/o-gesto-supremo\/#respond"]}]},{"@type":"WebPage","@id":"https:\/\/www.oarcanjo.net\/site\/o-gesto-supremo\/","url":"https:\/\/www.oarcanjo.net\/site\/o-gesto-supremo\/","name":"O gesto supremo - O Arcanjo no ar","isPartOf":{"@id":"https:\/\/www.oarcanjo.net\/site\/#website"},"datePublished":"2009-04-08T01:07:22+00:00","dateModified":"2009-04-08T01:07:22+00:00","breadcrumb":{"@id":"https:\/\/www.oarcanjo.net\/site\/o-gesto-supremo\/#breadcrumb"},"inLanguage":"pt-BR","potentialAction":[{"@type":"ReadAction","target":["https:\/\/www.oarcanjo.net\/site\/o-gesto-supremo\/"]}]},{"@type":"BreadcrumbList","@id":"https:\/\/www.oarcanjo.net\/site\/o-gesto-supremo\/#breadcrumb","itemListElement":[{"@type":"ListItem","position":1,"name":"In\u00edcio","item":"https:\/\/www.oarcanjo.net\/site\/"},{"@type":"ListItem","position":2,"name":"O gesto supremo"}]},{"@type":"WebSite","@id":"https:\/\/www.oarcanjo.net\/site\/#website","url":"https:\/\/www.oarcanjo.net\/site\/","name":"O Arcanjo no ar","description":"Site da Par\u00f3quia S\u00e3o Miguel Arcanjo (Arquidiocese de SP)","publisher":{"@id":"https:\/\/www.oarcanjo.net\/site\/#organization"},"potentialAction":[{"@type":"SearchAction","target":{"@type":"EntryPoint","urlTemplate":"https:\/\/www.oarcanjo.net\/site\/?s={search_term_string}"},"query-input":{"@type":"PropertyValueSpecification","valueRequired":true,"valueName":"search_term_string"}}],"inLanguage":"pt-BR"},{"@type":"Organization","@id":"https:\/\/www.oarcanjo.net\/site\/#organization","name":"Par\u00f3quia S\u00e3o Miguel Arcanjo","url":"https:\/\/www.oarcanjo.net\/site\/","logo":{"@type":"ImageObject","inLanguage":"pt-BR","@id":"https:\/\/www.oarcanjo.net\/site\/#\/schema\/logo\/image\/","url":"https:\/\/www.oarcanjo.net\/site\/wp-content\/uploads\/LogoOArcanjo.png","contentUrl":"https:\/\/www.oarcanjo.net\/site\/wp-content\/uploads\/LogoOArcanjo.png","width":319,"height":99,"caption":"Par\u00f3quia S\u00e3o Miguel Arcanjo"},"image":{"@id":"https:\/\/www.oarcanjo.net\/site\/#\/schema\/logo\/image\/"},"sameAs":["https:\/\/www.facebook.com\/OArcanjoNoAr\/"]},{"@type":"Person","@id":"https:\/\/www.oarcanjo.net\/site\/#\/schema\/person\/f7024d007863202483a31326673a0838","name":"editor","sameAs":["http:\/\/www.oarcanjo.net"]}]}},"publishpress_future_action":{"enabled":false,"date":"2026-05-09 01:49:48","action":"category","newStatus":"draft","terms":[],"taxonomy":"category"},"publishpress_future_workflow_manual_trigger":{"enabledWorkflows":[]},"_links":{"self":[{"href":"https:\/\/www.oarcanjo.net\/site\/wp-json\/wp\/v2\/posts\/2724"}],"collection":[{"href":"https:\/\/www.oarcanjo.net\/site\/wp-json\/wp\/v2\/posts"}],"about":[{"href":"https:\/\/www.oarcanjo.net\/site\/wp-json\/wp\/v2\/types\/post"}],"author":[{"embeddable":true,"href":"https:\/\/www.oarcanjo.net\/site\/wp-json\/wp\/v2\/users\/5"}],"replies":[{"embeddable":true,"href":"https:\/\/www.oarcanjo.net\/site\/wp-json\/wp\/v2\/comments?post=2724"}],"version-history":[{"count":0,"href":"https:\/\/www.oarcanjo.net\/site\/wp-json\/wp\/v2\/posts\/2724\/revisions"}],"wp:attachment":[{"href":"https:\/\/www.oarcanjo.net\/site\/wp-json\/wp\/v2\/media?parent=2724"}],"wp:term":[{"taxonomy":"category","embeddable":true,"href":"https:\/\/www.oarcanjo.net\/site\/wp-json\/wp\/v2\/categories?post=2724"},{"taxonomy":"post_tag","embeddable":true,"href":"https:\/\/www.oarcanjo.net\/site\/wp-json\/wp\/v2\/tags?post=2724"}],"curies":[{"name":"wp","href":"https:\/\/api.w.org\/{rel}","templated":true}]}}