
{"id":2726,"date":"2009-04-07T22:10:37","date_gmt":"2009-04-08T01:10:37","guid":{"rendered":"http:\/\/www.oarcanjo.net\/site\/?p=2726"},"modified":"2009-04-07T22:10:37","modified_gmt":"2009-04-08T01:10:37","slug":"semana-santa","status":"publish","type":"post","link":"https:\/\/www.oarcanjo.net\/site\/semana-santa\/","title":{"rendered":"Semana Santa"},"content":{"rendered":"<p>Dom Orani Tempesta<\/p>\n<p>Come\u00e7amos a Semana Santa! Com o Domingo de Ramos a Igreja abre este tempo que marca o ano lit\u00fargico, o qual culmina na festa central: a P\u00e1scoa da Ressurrei\u00e7\u00e3o!<\/p>\n<p>A celebra\u00e7\u00e3o anual dessa Festa ap\u00f3s os 40 dias de penit\u00eancia \u00e9 o renascer da esperan\u00e7a e a certeza de que o mundo novo vai sendo constru\u00eddo.<\/p>\n<p>O Tr\u00edduo Pascal concentra nesses dias os sinais de nossa vida de f\u00e9 e que celebramos a cada Eucaristia: Ceia Pascal, Paix\u00e3o e Morte do Senhor, Ressurrei\u00e7\u00e3o \u2013 \u00e9 a P\u00e1scoa continuada no ano lit\u00fargico!<\/p>\n<p>Na Semana Santa encontramos diversos elementos que ocorrem simultaneamente: a liturgia da Igreja com as celebra\u00e7\u00f5es s\u00f3brias que marcam o ritmo desse tempo e s\u00e3o as mesmas em todas as comunidades; as celebra\u00e7\u00f5es da piedade popular, grande parte vinda da pen\u00ednsula ib\u00e9rica, com suas manifesta\u00e7\u00f5es diversas e que dependem das regi\u00f5es e locais os v\u00e1rios tipos e estilos e, depois, as manifesta\u00e7\u00f5es culturais que s\u00e3o ainda mais variadas e opcionais.<\/p>\n<p>Seria muito bom que n\u00e3o perd\u00eassemos os momentos lit\u00fargicos do tr\u00edduo pascal: na Quinta-feira Santa \u00e0 noite a celebra\u00e7\u00e3o da Ceia do Senhor, atualizando a institui\u00e7\u00e3o da Eucaristia e do Sacerd\u00f3cio, quando temos tamb\u00e9m o \u201clava-p\u00e9s\u201d e ao final a Vig\u00edlia Eucar\u00edstica\u201d. Na Sexta-feira Santa ocorre a celebra\u00e7\u00e3o da Paix\u00e3o do Senhor por volta das 15 ou 17 horas, com uma celebra\u00e7\u00e3o especial da leitura da Palavra de Deus, a grande Ora\u00e7\u00e3o Universal, a apresenta\u00e7\u00e3o e o beijo da Cruz, seguido da Comunh\u00e3o Eucar\u00edstica. Ap\u00f3s a celebra\u00e7\u00e3o da Quinta-feira Santa \u00e0 noite at\u00e9 a Vig\u00edlia Pascal a Igreja n\u00e3o celebra a Missa e nenhum outro sacramento. No S\u00e1bado Santo h\u00e1 a grande Vig\u00edlia Pascal, pensada inicialmente para ser a grande celebra\u00e7\u00e3o noturna que inicia depois do p\u00f4r do sol do s\u00e1bado e conclui ao amanhecer do Domingo de P\u00e1scoa, com a beleza dos sinais que fazem parte dessa noite bendita: fogo novo, c\u00edrio pascal, leituras abundantes, eucaristia, renova\u00e7\u00e3o das promessas batismais e, onde houver pessoas preparadas, batizados. Com a celebra\u00e7\u00e3o da Vig\u00edlia Pascal come\u00e7amos o tempo da P\u00e1scoa, inicialmente com uma Oitava (oito dias de festa do Domingo de P\u00e1scoa) e que s\u00e3o prolongados durante 50 dias, at\u00e9 Pentecostes.<\/p>\n<p>O costume de desejar \u201cFeliz P\u00e1scoa\u201d entre n\u00f3s deve continuar como manifesta\u00e7\u00e3o de nossa alegria e nossa f\u00e9. Em algumas regi\u00f5es at\u00e9 hoje existe a substitui\u00e7\u00e3o dos cumprimentos di\u00e1rios por frases pascais ao se encontrarem os crist\u00e3os: Cristo Ressuscitou verdadeiramente, Aleluia! Verdadeiramente Ressuscitou, Aleluia!<\/p>\n<p>Infelizmente alguns s\u00edmbolos pascais transformaram-se em chocolate e os cumprimentos apenas em cart\u00f5es. Para muita gente, a beleza e import\u00e2ncia desse momento n\u00e3o conta e somente se pensa nesses dias apenas como um \u201cferiad\u00e3o a mais\u201d, esquecendo-se desse grande e belo momento de viver a f\u00e9 em sua comunidade.<\/p>\n<p>Com a luz pascal n\u00f3s tamb\u00e9m olhamos todos os nossos passos e nossas vidas. Aquele que venceu a morte na Cruz e est\u00e1 hoje Ressuscitado tamb\u00e9m nos quer ressuscitados. Por isso, a P\u00e1scoa \u00e9 o reacender da esperan\u00e7a no mundo novo. A nossa sociedade cansada de guerras e viol\u00eancias clama por tempos novos, por um mundo novo! Essa \u00e9 justamente a mensagem de P\u00e1scoa para as pessoas, para as comunidades, para a sociedade. \u201cEu creio num mundo novo, pois Cristo Ressuscitou\u201d est\u00e1 junto com \u201cCantai, crist\u00e3os, afinal: salve \u00f3 vitima Pascal\u201d!<\/p>\n<p>Para quem acredita que o pr\u00f3prio Deus veio morar no meio de n\u00f3s em Seu Filho Jesus Cristo, e deu a sua vida por n\u00f3s morrendo na cruz, onde venceu a morte e abriu a pedra que tapava a entrada do t\u00famulo, ressuscitando \u2013 \u00e9 tamb\u00e9m a grande confian\u00e7a que temos de que o mal n\u00e3o perdura e que a vida sempre triunfa. Por isso, n\u00e3o desanimamos com a maldade do mundo e os problemas pessoais e comunit\u00e1rios, mas somos chamados a ser sinais dessa vida e dessa esperan\u00e7a renascidas e que, para onde, com certeza, a P\u00e1scoa nos conduz.<\/p>\n<p>Participemos da Semana Santa, e em especial do Tr\u00edduo Sacro, acolhendo o Senhor que para isso nos conduz, renovando a nossa vida e cora\u00e7\u00e3o para que a experi\u00eancia pascal ilumine os nossos caminhos durante o ano.<\/p>\n<div id=\"themify_builder_content-2726\" data-postid=\"2726\" class=\"themify_builder_content themify_builder_content-2726 themify_builder themify_builder_front\">\n\t<\/div>\n<!-- \/themify_builder_content -->","protected":false},"excerpt":{"rendered":"<p>Dom Orani Tempesta Come\u00e7amos a Semana Santa! Com o Domingo de Ramos a Igreja abre este tempo que marca o ano lit\u00fargico, o qual culmina na festa central: a P\u00e1scoa da Ressurrei\u00e7\u00e3o! A celebra\u00e7\u00e3o anual dessa Festa ap\u00f3s os 40 dias de penit\u00eancia \u00e9 o renascer da esperan\u00e7a e a certeza de que o mundo [&hellip;]<\/p>\n","protected":false},"author":5,"featured_media":0,"comment_status":"open","ping_status":"open","sticky":false,"template":"","format":"standard","meta":{"ngg_post_thumbnail":0,"footnotes":""},"categories":[9],"tags":[461,460,424,242,68,397,446],"yoast_head":"<!-- This site is optimized with the Yoast SEO plugin v23.5 - https:\/\/yoast.com\/wordpress\/plugins\/seo\/ -->\n<title>Semana Santa - O Arcanjo no ar<\/title>\n<meta name=\"robots\" content=\"index, follow, max-snippet:-1, max-image-preview:large, max-video-preview:-1\" \/>\n<link rel=\"canonical\" href=\"https:\/\/www.oarcanjo.net\/site\/semana-santa\/\" \/>\n<meta property=\"og:locale\" content=\"pt_BR\" \/>\n<meta property=\"og:type\" content=\"article\" \/>\n<meta property=\"og:title\" content=\"Semana Santa - O Arcanjo no ar\" \/>\n<meta property=\"og:description\" content=\"Dom Orani Tempesta Come\u00e7amos a Semana Santa! Com o Domingo de Ramos a Igreja abre este tempo que marca o ano lit\u00fargico, o qual culmina na festa central: a P\u00e1scoa da Ressurrei\u00e7\u00e3o! A celebra\u00e7\u00e3o anual dessa Festa ap\u00f3s os 40 dias de penit\u00eancia \u00e9 o renascer da esperan\u00e7a e a certeza de que o mundo [&hellip;]\" \/>\n<meta property=\"og:url\" content=\"https:\/\/www.oarcanjo.net\/site\/semana-santa\/\" \/>\n<meta property=\"og:site_name\" content=\"O Arcanjo no ar\" \/>\n<meta property=\"article:publisher\" content=\"https:\/\/www.facebook.com\/OArcanjoNoAr\/\" \/>\n<meta property=\"article:published_time\" content=\"2009-04-08T01:10:37+00:00\" \/>\n<meta property=\"og:image\" content=\"https:\/\/www.oarcanjo.net\/site\/wp-content\/uploads\/logo-o-arcanjo-no-ar-facebook.png\" \/>\n\t<meta property=\"og:image:width\" content=\"300\" \/>\n\t<meta property=\"og:image:height\" content=\"300\" \/>\n\t<meta property=\"og:image:type\" content=\"image\/png\" \/>\n<meta name=\"author\" content=\"editor\" \/>\n<meta name=\"twitter:card\" content=\"summary_large_image\" \/>\n<meta name=\"twitter:label1\" content=\"Escrito por\" \/>\n\t<meta name=\"twitter:data1\" content=\"editor\" \/>\n\t<meta name=\"twitter:label2\" content=\"Est. tempo de leitura\" \/>\n\t<meta name=\"twitter:data2\" content=\"4 minutos\" \/>\n<script type=\"application\/ld+json\" class=\"yoast-schema-graph\">{\"@context\":\"https:\/\/schema.org\",\"@graph\":[{\"@type\":\"Article\",\"@id\":\"https:\/\/www.oarcanjo.net\/site\/semana-santa\/#article\",\"isPartOf\":{\"@id\":\"https:\/\/www.oarcanjo.net\/site\/semana-santa\/\"},\"author\":{\"name\":\"editor\",\"@id\":\"https:\/\/www.oarcanjo.net\/site\/#\/schema\/person\/f7024d007863202483a31326673a0838\"},\"headline\":\"Semana Santa\",\"datePublished\":\"2009-04-08T01:10:37+00:00\",\"dateModified\":\"2009-04-08T01:10:37+00:00\",\"mainEntityOfPage\":{\"@id\":\"https:\/\/www.oarcanjo.net\/site\/semana-santa\/\"},\"wordCount\":766,\"commentCount\":0,\"publisher\":{\"@id\":\"https:\/\/www.oarcanjo.net\/site\/#organization\"},\"keywords\":[\"c\u00edrio pascal\",\"lava-p\u00e9s\",\"paix\u00e3o de Jesus Cristo\",\"P\u00e1scoa\",\"ressurei\u00e7\u00e3o\",\"Semana Santa\",\"Vig\u00edlia Pascal\"],\"articleSection\":[\"Reflex\u00f5es\"],\"inLanguage\":\"pt-BR\",\"potentialAction\":[{\"@type\":\"CommentAction\",\"name\":\"Comment\",\"target\":[\"https:\/\/www.oarcanjo.net\/site\/semana-santa\/#respond\"]}]},{\"@type\":\"WebPage\",\"@id\":\"https:\/\/www.oarcanjo.net\/site\/semana-santa\/\",\"url\":\"https:\/\/www.oarcanjo.net\/site\/semana-santa\/\",\"name\":\"Semana Santa - O Arcanjo no ar\",\"isPartOf\":{\"@id\":\"https:\/\/www.oarcanjo.net\/site\/#website\"},\"datePublished\":\"2009-04-08T01:10:37+00:00\",\"dateModified\":\"2009-04-08T01:10:37+00:00\",\"breadcrumb\":{\"@id\":\"https:\/\/www.oarcanjo.net\/site\/semana-santa\/#breadcrumb\"},\"inLanguage\":\"pt-BR\",\"potentialAction\":[{\"@type\":\"ReadAction\",\"target\":[\"https:\/\/www.oarcanjo.net\/site\/semana-santa\/\"]}]},{\"@type\":\"BreadcrumbList\",\"@id\":\"https:\/\/www.oarcanjo.net\/site\/semana-santa\/#breadcrumb\",\"itemListElement\":[{\"@type\":\"ListItem\",\"position\":1,\"name\":\"In\u00edcio\",\"item\":\"https:\/\/www.oarcanjo.net\/site\/\"},{\"@type\":\"ListItem\",\"position\":2,\"name\":\"Semana Santa\"}]},{\"@type\":\"WebSite\",\"@id\":\"https:\/\/www.oarcanjo.net\/site\/#website\",\"url\":\"https:\/\/www.oarcanjo.net\/site\/\",\"name\":\"O Arcanjo no ar\",\"description\":\"Site da Par\u00f3quia S\u00e3o Miguel Arcanjo (Arquidiocese de SP)\",\"publisher\":{\"@id\":\"https:\/\/www.oarcanjo.net\/site\/#organization\"},\"potentialAction\":[{\"@type\":\"SearchAction\",\"target\":{\"@type\":\"EntryPoint\",\"urlTemplate\":\"https:\/\/www.oarcanjo.net\/site\/?s={search_term_string}\"},\"query-input\":{\"@type\":\"PropertyValueSpecification\",\"valueRequired\":true,\"valueName\":\"search_term_string\"}}],\"inLanguage\":\"pt-BR\"},{\"@type\":\"Organization\",\"@id\":\"https:\/\/www.oarcanjo.net\/site\/#organization\",\"name\":\"Par\u00f3quia S\u00e3o Miguel Arcanjo\",\"url\":\"https:\/\/www.oarcanjo.net\/site\/\",\"logo\":{\"@type\":\"ImageObject\",\"inLanguage\":\"pt-BR\",\"@id\":\"https:\/\/www.oarcanjo.net\/site\/#\/schema\/logo\/image\/\",\"url\":\"https:\/\/www.oarcanjo.net\/site\/wp-content\/uploads\/LogoOArcanjo.png\",\"contentUrl\":\"https:\/\/www.oarcanjo.net\/site\/wp-content\/uploads\/LogoOArcanjo.png\",\"width\":319,\"height\":99,\"caption\":\"Par\u00f3quia S\u00e3o Miguel Arcanjo\"},\"image\":{\"@id\":\"https:\/\/www.oarcanjo.net\/site\/#\/schema\/logo\/image\/\"},\"sameAs\":[\"https:\/\/www.facebook.com\/OArcanjoNoAr\/\"]},{\"@type\":\"Person\",\"@id\":\"https:\/\/www.oarcanjo.net\/site\/#\/schema\/person\/f7024d007863202483a31326673a0838\",\"name\":\"editor\",\"sameAs\":[\"http:\/\/www.oarcanjo.net\"]}]}<\/script>\n<!-- \/ Yoast SEO plugin. -->","yoast_head_json":{"title":"Semana Santa - O Arcanjo no ar","robots":{"index":"index","follow":"follow","max-snippet":"max-snippet:-1","max-image-preview":"max-image-preview:large","max-video-preview":"max-video-preview:-1"},"canonical":"https:\/\/www.oarcanjo.net\/site\/semana-santa\/","og_locale":"pt_BR","og_type":"article","og_title":"Semana Santa - O Arcanjo no ar","og_description":"Dom Orani Tempesta Come\u00e7amos a Semana Santa! Com o Domingo de Ramos a Igreja abre este tempo que marca o ano lit\u00fargico, o qual culmina na festa central: a P\u00e1scoa da Ressurrei\u00e7\u00e3o! A celebra\u00e7\u00e3o anual dessa Festa ap\u00f3s os 40 dias de penit\u00eancia \u00e9 o renascer da esperan\u00e7a e a certeza de que o mundo [&hellip;]","og_url":"https:\/\/www.oarcanjo.net\/site\/semana-santa\/","og_site_name":"O Arcanjo no ar","article_publisher":"https:\/\/www.facebook.com\/OArcanjoNoAr\/","article_published_time":"2009-04-08T01:10:37+00:00","og_image":[{"width":300,"height":300,"url":"https:\/\/www.oarcanjo.net\/site\/wp-content\/uploads\/logo-o-arcanjo-no-ar-facebook.png","type":"image\/png"}],"author":"editor","twitter_card":"summary_large_image","twitter_misc":{"Escrito por":"editor","Est. tempo de leitura":"4 minutos"},"schema":{"@context":"https:\/\/schema.org","@graph":[{"@type":"Article","@id":"https:\/\/www.oarcanjo.net\/site\/semana-santa\/#article","isPartOf":{"@id":"https:\/\/www.oarcanjo.net\/site\/semana-santa\/"},"author":{"name":"editor","@id":"https:\/\/www.oarcanjo.net\/site\/#\/schema\/person\/f7024d007863202483a31326673a0838"},"headline":"Semana Santa","datePublished":"2009-04-08T01:10:37+00:00","dateModified":"2009-04-08T01:10:37+00:00","mainEntityOfPage":{"@id":"https:\/\/www.oarcanjo.net\/site\/semana-santa\/"},"wordCount":766,"commentCount":0,"publisher":{"@id":"https:\/\/www.oarcanjo.net\/site\/#organization"},"keywords":["c\u00edrio pascal","lava-p\u00e9s","paix\u00e3o de Jesus Cristo","P\u00e1scoa","ressurei\u00e7\u00e3o","Semana Santa","Vig\u00edlia Pascal"],"articleSection":["Reflex\u00f5es"],"inLanguage":"pt-BR","potentialAction":[{"@type":"CommentAction","name":"Comment","target":["https:\/\/www.oarcanjo.net\/site\/semana-santa\/#respond"]}]},{"@type":"WebPage","@id":"https:\/\/www.oarcanjo.net\/site\/semana-santa\/","url":"https:\/\/www.oarcanjo.net\/site\/semana-santa\/","name":"Semana Santa - O Arcanjo no ar","isPartOf":{"@id":"https:\/\/www.oarcanjo.net\/site\/#website"},"datePublished":"2009-04-08T01:10:37+00:00","dateModified":"2009-04-08T01:10:37+00:00","breadcrumb":{"@id":"https:\/\/www.oarcanjo.net\/site\/semana-santa\/#breadcrumb"},"inLanguage":"pt-BR","potentialAction":[{"@type":"ReadAction","target":["https:\/\/www.oarcanjo.net\/site\/semana-santa\/"]}]},{"@type":"BreadcrumbList","@id":"https:\/\/www.oarcanjo.net\/site\/semana-santa\/#breadcrumb","itemListElement":[{"@type":"ListItem","position":1,"name":"In\u00edcio","item":"https:\/\/www.oarcanjo.net\/site\/"},{"@type":"ListItem","position":2,"name":"Semana Santa"}]},{"@type":"WebSite","@id":"https:\/\/www.oarcanjo.net\/site\/#website","url":"https:\/\/www.oarcanjo.net\/site\/","name":"O Arcanjo no ar","description":"Site da Par\u00f3quia S\u00e3o Miguel Arcanjo (Arquidiocese de SP)","publisher":{"@id":"https:\/\/www.oarcanjo.net\/site\/#organization"},"potentialAction":[{"@type":"SearchAction","target":{"@type":"EntryPoint","urlTemplate":"https:\/\/www.oarcanjo.net\/site\/?s={search_term_string}"},"query-input":{"@type":"PropertyValueSpecification","valueRequired":true,"valueName":"search_term_string"}}],"inLanguage":"pt-BR"},{"@type":"Organization","@id":"https:\/\/www.oarcanjo.net\/site\/#organization","name":"Par\u00f3quia S\u00e3o Miguel Arcanjo","url":"https:\/\/www.oarcanjo.net\/site\/","logo":{"@type":"ImageObject","inLanguage":"pt-BR","@id":"https:\/\/www.oarcanjo.net\/site\/#\/schema\/logo\/image\/","url":"https:\/\/www.oarcanjo.net\/site\/wp-content\/uploads\/LogoOArcanjo.png","contentUrl":"https:\/\/www.oarcanjo.net\/site\/wp-content\/uploads\/LogoOArcanjo.png","width":319,"height":99,"caption":"Par\u00f3quia S\u00e3o Miguel Arcanjo"},"image":{"@id":"https:\/\/www.oarcanjo.net\/site\/#\/schema\/logo\/image\/"},"sameAs":["https:\/\/www.facebook.com\/OArcanjoNoAr\/"]},{"@type":"Person","@id":"https:\/\/www.oarcanjo.net\/site\/#\/schema\/person\/f7024d007863202483a31326673a0838","name":"editor","sameAs":["http:\/\/www.oarcanjo.net"]}]}},"publishpress_future_action":{"enabled":false,"date":"2026-05-09 01:49:47","action":"category","newStatus":"draft","terms":[],"taxonomy":"category"},"publishpress_future_workflow_manual_trigger":{"enabledWorkflows":[]},"_links":{"self":[{"href":"https:\/\/www.oarcanjo.net\/site\/wp-json\/wp\/v2\/posts\/2726"}],"collection":[{"href":"https:\/\/www.oarcanjo.net\/site\/wp-json\/wp\/v2\/posts"}],"about":[{"href":"https:\/\/www.oarcanjo.net\/site\/wp-json\/wp\/v2\/types\/post"}],"author":[{"embeddable":true,"href":"https:\/\/www.oarcanjo.net\/site\/wp-json\/wp\/v2\/users\/5"}],"replies":[{"embeddable":true,"href":"https:\/\/www.oarcanjo.net\/site\/wp-json\/wp\/v2\/comments?post=2726"}],"version-history":[{"count":0,"href":"https:\/\/www.oarcanjo.net\/site\/wp-json\/wp\/v2\/posts\/2726\/revisions"}],"wp:attachment":[{"href":"https:\/\/www.oarcanjo.net\/site\/wp-json\/wp\/v2\/media?parent=2726"}],"wp:term":[{"taxonomy":"category","embeddable":true,"href":"https:\/\/www.oarcanjo.net\/site\/wp-json\/wp\/v2\/categories?post=2726"},{"taxonomy":"post_tag","embeddable":true,"href":"https:\/\/www.oarcanjo.net\/site\/wp-json\/wp\/v2\/tags?post=2726"}],"curies":[{"name":"wp","href":"https:\/\/api.w.org\/{rel}","templated":true}]}}