
{"id":2728,"date":"2009-04-09T07:10:38","date_gmt":"2009-04-09T10:10:38","guid":{"rendered":"http:\/\/www.oarcanjo.net\/site\/?p=2728"},"modified":"2009-04-07T22:14:07","modified_gmt":"2009-04-08T01:14:07","slug":"dia-da-eucaristia","status":"publish","type":"post","link":"https:\/\/www.oarcanjo.net\/site\/dia-da-eucaristia\/","title":{"rendered":"Dia da Eucaristia"},"content":{"rendered":"<p>Dom Benedito de Ulhoa Vieira<\/p>\n<p>N\u00e3o sei se todos se lembram de encantadora cena, que a TV transmitiu, j\u00e1 h\u00e1 tempo, de o Papa atual ter reunido na Pra\u00e7a de S\u00e3o Pedro, em Roma, as crian\u00e7as que naquele ano haviam feito a Primeira Comunh\u00e3o. Eram todas elas das par\u00f3quias da diocese de Roma e somavam (se me lembro bem) quase cem mil crian\u00e7as. E o Papa permitiu que algumas lhe fizessem perguntas. Lembro-me que um menino perguntou no microfone ao Pont\u00edfice o que era a adora\u00e7\u00e3o eucar\u00edstica.<\/p>\n<p>Bento XVI, nas suas alturas teol\u00f3gicas, esfor\u00e7ou-se para explicar em termos ao alcance dos seus pequenos ouvintes o que \u00e9 a adora\u00e7\u00e3o eucar\u00edstica. Mas depois, talvez percebendo que estava muito alto, finalizou dizendo ao menino: \u201cAdora\u00e7\u00e3o eucar\u00edstica \u00e9 voc\u00ea dar um abra\u00e7o a este Jesus presente na Eucaristia\u201d. Lindo! Hoje, quinta-feira da Semana Santa nos vem recordar a institui\u00e7\u00e3o da Eucaristia, presen\u00e7a real de Jesus Cristo, sob as apar\u00eancias do p\u00e3o e do vinho. A\u00ed temos o Senhor, que se deu a n\u00f3s como alimento, ao qual podemos abra\u00e7ar, em atitude de f\u00e9 e em adora\u00e7\u00e3o, como o Papa ensinou ao seu pequeno diocesano de Roma.<\/p>\n<p>Hoje pois a Igreja celebra o dia em que o Cristo Jesus enriqueceu a Igreja com sua presen\u00e7a real: Eucaristia, sacramento da presen\u00e7a de Jesus Cristo, sob os v\u00e9us do mist\u00e9rio. A doutrina da transubstancia\u00e7\u00e3o do p\u00e3o e do vinho e da presen\u00e7a real do Senhor \u00e9 verdade de f\u00e9, que a Sagrada Escritura nos transmite. Nossa atitude diante do mist\u00e9rio \u00e9 de adora\u00e7\u00e3o e agradecimento.<\/p>\n<p>\u00c9 diante deste Sacramento que nossa f\u00e9 se ilumina, pois os sentidos n\u00e3o podem alcan\u00e7\u00e1-lo. J\u00e1 Santo Tom\u00e1s advertia que o olhar, o gosto, o tato tudo falha diante deste mist\u00e9rio. O \u00fanico sentido que nos testemunha a verdade da presen\u00e7a real do Senhor sob os v\u00e9us eucar\u00edsticos \u00e9 a audi\u00e7\u00e3o pela qual ouvimos a palavra do Senhor: \u201cIsto \u00e9 um corpo\u201d. N\u00e3o nos \u00e9 l\u00edcito duvidar da palavra de Jesus, que o Evangelho registra para nos firmar na f\u00e9. N\u00e3o h\u00e1 verdade mais s\u00f3lida do que a palavra do Mestre. Esta divina riqueza da presen\u00e7a real de Jesus na Eucaristia nos foi dada hoje, v\u00e9spera da morte salvadora de Cristo. Dia pois de a\u00e7\u00e3o de gra\u00e7as.<\/p>\n<p>Alegra-nos comemorar tamb\u00e9m hoje, quinta-feira santa, a institui\u00e7\u00e3o do sacerd\u00f3cio. Para que n\u00e3o nos faltasse a presen\u00e7a eucar\u00edstica, Cristo instituiu o sacerd\u00f3cio, quando disse: \u201cFazei isto em minha mem\u00f3ria\u201d.<\/p>\n<p>Mesmo humanamente fr\u00e1geis, os sacerdotes cat\u00f3licos t\u00eam o poder de realizar o milagre da transubstancia\u00e7\u00e3o cada vez que um deles, em nome do Senhor, repete a palavra do pr\u00f3prio Jesus: \u201cIsto \u00e9 meu corpo\u201d.<\/p>\n<p>Na tristeza da recorda\u00e7\u00e3o da morte redentora do Senhor, temos o cora\u00e7\u00e3o agradecido pela presen\u00e7a real de Jesus Cristo na Eucaristia e pela institui\u00e7\u00e3o do sacerd\u00f3cio. Este \u00e9 o dia que o Senhor fez para n\u00f3s.<\/p>\n<p>Santa P\u00e1scoa para meus leitores.<\/p>\n<div id=\"themify_builder_content-2728\" data-postid=\"2728\" class=\"themify_builder_content themify_builder_content-2728 themify_builder themify_builder_front\">\n\t<\/div>\n<!-- \/themify_builder_content -->","protected":false},"excerpt":{"rendered":"<p>Dom Benedito de Ulhoa Vieira N\u00e3o sei se todos se lembram de encantadora cena, que a TV transmitiu, j\u00e1 h\u00e1 tempo, de o Papa atual ter reunido na Pra\u00e7a de S\u00e3o Pedro, em Roma, as crian\u00e7as que naquele ano haviam feito a Primeira Comunh\u00e3o. Eram todas elas das par\u00f3quias da diocese de Roma e somavam [&hellip;]<\/p>\n","protected":false},"author":5,"featured_media":0,"comment_status":"open","ping_status":"open","sticky":false,"template":"","format":"standard","meta":{"ngg_post_thumbnail":0,"footnotes":""},"categories":[9],"tags":[462,242],"yoast_head":"<!-- This site is optimized with the Yoast SEO plugin v23.5 - https:\/\/yoast.com\/wordpress\/plugins\/seo\/ -->\n<title>Dia da Eucaristia - O Arcanjo no ar<\/title>\n<meta name=\"robots\" content=\"index, follow, max-snippet:-1, max-image-preview:large, max-video-preview:-1\" \/>\n<link rel=\"canonical\" href=\"https:\/\/www.oarcanjo.net\/site\/dia-da-eucaristia\/\" \/>\n<meta property=\"og:locale\" content=\"pt_BR\" \/>\n<meta property=\"og:type\" content=\"article\" \/>\n<meta property=\"og:title\" content=\"Dia da Eucaristia - O Arcanjo no ar\" \/>\n<meta property=\"og:description\" content=\"Dom Benedito de Ulhoa Vieira N\u00e3o sei se todos se lembram de encantadora cena, que a TV transmitiu, j\u00e1 h\u00e1 tempo, de o Papa atual ter reunido na Pra\u00e7a de S\u00e3o Pedro, em Roma, as crian\u00e7as que naquele ano haviam feito a Primeira Comunh\u00e3o. Eram todas elas das par\u00f3quias da diocese de Roma e somavam [&hellip;]\" \/>\n<meta property=\"og:url\" content=\"https:\/\/www.oarcanjo.net\/site\/dia-da-eucaristia\/\" \/>\n<meta property=\"og:site_name\" content=\"O Arcanjo no ar\" \/>\n<meta property=\"article:publisher\" content=\"https:\/\/www.facebook.com\/OArcanjoNoAr\/\" \/>\n<meta property=\"article:published_time\" content=\"2009-04-09T10:10:38+00:00\" \/>\n<meta property=\"article:modified_time\" content=\"2009-04-08T01:14:07+00:00\" \/>\n<meta property=\"og:image\" content=\"https:\/\/www.oarcanjo.net\/site\/wp-content\/uploads\/logo-o-arcanjo-no-ar-facebook.png\" \/>\n\t<meta property=\"og:image:width\" content=\"300\" \/>\n\t<meta property=\"og:image:height\" content=\"300\" \/>\n\t<meta property=\"og:image:type\" content=\"image\/png\" \/>\n<meta name=\"author\" content=\"editor\" \/>\n<meta name=\"twitter:card\" content=\"summary_large_image\" \/>\n<meta name=\"twitter:label1\" content=\"Escrito por\" \/>\n\t<meta name=\"twitter:data1\" content=\"editor\" \/>\n\t<meta name=\"twitter:label2\" content=\"Est. tempo de leitura\" \/>\n\t<meta name=\"twitter:data2\" content=\"3 minutos\" \/>\n<script type=\"application\/ld+json\" class=\"yoast-schema-graph\">{\"@context\":\"https:\/\/schema.org\",\"@graph\":[{\"@type\":\"Article\",\"@id\":\"https:\/\/www.oarcanjo.net\/site\/dia-da-eucaristia\/#article\",\"isPartOf\":{\"@id\":\"https:\/\/www.oarcanjo.net\/site\/dia-da-eucaristia\/\"},\"author\":{\"name\":\"editor\",\"@id\":\"https:\/\/www.oarcanjo.net\/site\/#\/schema\/person\/f7024d007863202483a31326673a0838\"},\"headline\":\"Dia da Eucaristia\",\"datePublished\":\"2009-04-09T10:10:38+00:00\",\"dateModified\":\"2009-04-08T01:14:07+00:00\",\"mainEntityOfPage\":{\"@id\":\"https:\/\/www.oarcanjo.net\/site\/dia-da-eucaristia\/\"},\"wordCount\":542,\"commentCount\":1,\"publisher\":{\"@id\":\"https:\/\/www.oarcanjo.net\/site\/#organization\"},\"keywords\":[\"Eucaristia\",\"P\u00e1scoa\"],\"articleSection\":[\"Reflex\u00f5es\"],\"inLanguage\":\"pt-BR\",\"potentialAction\":[{\"@type\":\"CommentAction\",\"name\":\"Comment\",\"target\":[\"https:\/\/www.oarcanjo.net\/site\/dia-da-eucaristia\/#respond\"]}]},{\"@type\":\"WebPage\",\"@id\":\"https:\/\/www.oarcanjo.net\/site\/dia-da-eucaristia\/\",\"url\":\"https:\/\/www.oarcanjo.net\/site\/dia-da-eucaristia\/\",\"name\":\"Dia da Eucaristia - O Arcanjo no ar\",\"isPartOf\":{\"@id\":\"https:\/\/www.oarcanjo.net\/site\/#website\"},\"datePublished\":\"2009-04-09T10:10:38+00:00\",\"dateModified\":\"2009-04-08T01:14:07+00:00\",\"breadcrumb\":{\"@id\":\"https:\/\/www.oarcanjo.net\/site\/dia-da-eucaristia\/#breadcrumb\"},\"inLanguage\":\"pt-BR\",\"potentialAction\":[{\"@type\":\"ReadAction\",\"target\":[\"https:\/\/www.oarcanjo.net\/site\/dia-da-eucaristia\/\"]}]},{\"@type\":\"BreadcrumbList\",\"@id\":\"https:\/\/www.oarcanjo.net\/site\/dia-da-eucaristia\/#breadcrumb\",\"itemListElement\":[{\"@type\":\"ListItem\",\"position\":1,\"name\":\"In\u00edcio\",\"item\":\"https:\/\/www.oarcanjo.net\/site\/\"},{\"@type\":\"ListItem\",\"position\":2,\"name\":\"Dia da Eucaristia\"}]},{\"@type\":\"WebSite\",\"@id\":\"https:\/\/www.oarcanjo.net\/site\/#website\",\"url\":\"https:\/\/www.oarcanjo.net\/site\/\",\"name\":\"O Arcanjo no ar\",\"description\":\"Site da Par\u00f3quia S\u00e3o Miguel Arcanjo (Arquidiocese de SP)\",\"publisher\":{\"@id\":\"https:\/\/www.oarcanjo.net\/site\/#organization\"},\"potentialAction\":[{\"@type\":\"SearchAction\",\"target\":{\"@type\":\"EntryPoint\",\"urlTemplate\":\"https:\/\/www.oarcanjo.net\/site\/?s={search_term_string}\"},\"query-input\":{\"@type\":\"PropertyValueSpecification\",\"valueRequired\":true,\"valueName\":\"search_term_string\"}}],\"inLanguage\":\"pt-BR\"},{\"@type\":\"Organization\",\"@id\":\"https:\/\/www.oarcanjo.net\/site\/#organization\",\"name\":\"Par\u00f3quia S\u00e3o Miguel Arcanjo\",\"url\":\"https:\/\/www.oarcanjo.net\/site\/\",\"logo\":{\"@type\":\"ImageObject\",\"inLanguage\":\"pt-BR\",\"@id\":\"https:\/\/www.oarcanjo.net\/site\/#\/schema\/logo\/image\/\",\"url\":\"https:\/\/www.oarcanjo.net\/site\/wp-content\/uploads\/LogoOArcanjo.png\",\"contentUrl\":\"https:\/\/www.oarcanjo.net\/site\/wp-content\/uploads\/LogoOArcanjo.png\",\"width\":319,\"height\":99,\"caption\":\"Par\u00f3quia S\u00e3o Miguel Arcanjo\"},\"image\":{\"@id\":\"https:\/\/www.oarcanjo.net\/site\/#\/schema\/logo\/image\/\"},\"sameAs\":[\"https:\/\/www.facebook.com\/OArcanjoNoAr\/\"]},{\"@type\":\"Person\",\"@id\":\"https:\/\/www.oarcanjo.net\/site\/#\/schema\/person\/f7024d007863202483a31326673a0838\",\"name\":\"editor\",\"sameAs\":[\"http:\/\/www.oarcanjo.net\"]}]}<\/script>\n<!-- \/ Yoast SEO plugin. -->","yoast_head_json":{"title":"Dia da Eucaristia - O Arcanjo no ar","robots":{"index":"index","follow":"follow","max-snippet":"max-snippet:-1","max-image-preview":"max-image-preview:large","max-video-preview":"max-video-preview:-1"},"canonical":"https:\/\/www.oarcanjo.net\/site\/dia-da-eucaristia\/","og_locale":"pt_BR","og_type":"article","og_title":"Dia da Eucaristia - O Arcanjo no ar","og_description":"Dom Benedito de Ulhoa Vieira N\u00e3o sei se todos se lembram de encantadora cena, que a TV transmitiu, j\u00e1 h\u00e1 tempo, de o Papa atual ter reunido na Pra\u00e7a de S\u00e3o Pedro, em Roma, as crian\u00e7as que naquele ano haviam feito a Primeira Comunh\u00e3o. Eram todas elas das par\u00f3quias da diocese de Roma e somavam [&hellip;]","og_url":"https:\/\/www.oarcanjo.net\/site\/dia-da-eucaristia\/","og_site_name":"O Arcanjo no ar","article_publisher":"https:\/\/www.facebook.com\/OArcanjoNoAr\/","article_published_time":"2009-04-09T10:10:38+00:00","article_modified_time":"2009-04-08T01:14:07+00:00","og_image":[{"width":300,"height":300,"url":"https:\/\/www.oarcanjo.net\/site\/wp-content\/uploads\/logo-o-arcanjo-no-ar-facebook.png","type":"image\/png"}],"author":"editor","twitter_card":"summary_large_image","twitter_misc":{"Escrito por":"editor","Est. tempo de leitura":"3 minutos"},"schema":{"@context":"https:\/\/schema.org","@graph":[{"@type":"Article","@id":"https:\/\/www.oarcanjo.net\/site\/dia-da-eucaristia\/#article","isPartOf":{"@id":"https:\/\/www.oarcanjo.net\/site\/dia-da-eucaristia\/"},"author":{"name":"editor","@id":"https:\/\/www.oarcanjo.net\/site\/#\/schema\/person\/f7024d007863202483a31326673a0838"},"headline":"Dia da Eucaristia","datePublished":"2009-04-09T10:10:38+00:00","dateModified":"2009-04-08T01:14:07+00:00","mainEntityOfPage":{"@id":"https:\/\/www.oarcanjo.net\/site\/dia-da-eucaristia\/"},"wordCount":542,"commentCount":1,"publisher":{"@id":"https:\/\/www.oarcanjo.net\/site\/#organization"},"keywords":["Eucaristia","P\u00e1scoa"],"articleSection":["Reflex\u00f5es"],"inLanguage":"pt-BR","potentialAction":[{"@type":"CommentAction","name":"Comment","target":["https:\/\/www.oarcanjo.net\/site\/dia-da-eucaristia\/#respond"]}]},{"@type":"WebPage","@id":"https:\/\/www.oarcanjo.net\/site\/dia-da-eucaristia\/","url":"https:\/\/www.oarcanjo.net\/site\/dia-da-eucaristia\/","name":"Dia da Eucaristia - O Arcanjo no ar","isPartOf":{"@id":"https:\/\/www.oarcanjo.net\/site\/#website"},"datePublished":"2009-04-09T10:10:38+00:00","dateModified":"2009-04-08T01:14:07+00:00","breadcrumb":{"@id":"https:\/\/www.oarcanjo.net\/site\/dia-da-eucaristia\/#breadcrumb"},"inLanguage":"pt-BR","potentialAction":[{"@type":"ReadAction","target":["https:\/\/www.oarcanjo.net\/site\/dia-da-eucaristia\/"]}]},{"@type":"BreadcrumbList","@id":"https:\/\/www.oarcanjo.net\/site\/dia-da-eucaristia\/#breadcrumb","itemListElement":[{"@type":"ListItem","position":1,"name":"In\u00edcio","item":"https:\/\/www.oarcanjo.net\/site\/"},{"@type":"ListItem","position":2,"name":"Dia da Eucaristia"}]},{"@type":"WebSite","@id":"https:\/\/www.oarcanjo.net\/site\/#website","url":"https:\/\/www.oarcanjo.net\/site\/","name":"O Arcanjo no ar","description":"Site da Par\u00f3quia S\u00e3o Miguel Arcanjo (Arquidiocese de SP)","publisher":{"@id":"https:\/\/www.oarcanjo.net\/site\/#organization"},"potentialAction":[{"@type":"SearchAction","target":{"@type":"EntryPoint","urlTemplate":"https:\/\/www.oarcanjo.net\/site\/?s={search_term_string}"},"query-input":{"@type":"PropertyValueSpecification","valueRequired":true,"valueName":"search_term_string"}}],"inLanguage":"pt-BR"},{"@type":"Organization","@id":"https:\/\/www.oarcanjo.net\/site\/#organization","name":"Par\u00f3quia S\u00e3o Miguel Arcanjo","url":"https:\/\/www.oarcanjo.net\/site\/","logo":{"@type":"ImageObject","inLanguage":"pt-BR","@id":"https:\/\/www.oarcanjo.net\/site\/#\/schema\/logo\/image\/","url":"https:\/\/www.oarcanjo.net\/site\/wp-content\/uploads\/LogoOArcanjo.png","contentUrl":"https:\/\/www.oarcanjo.net\/site\/wp-content\/uploads\/LogoOArcanjo.png","width":319,"height":99,"caption":"Par\u00f3quia S\u00e3o Miguel Arcanjo"},"image":{"@id":"https:\/\/www.oarcanjo.net\/site\/#\/schema\/logo\/image\/"},"sameAs":["https:\/\/www.facebook.com\/OArcanjoNoAr\/"]},{"@type":"Person","@id":"https:\/\/www.oarcanjo.net\/site\/#\/schema\/person\/f7024d007863202483a31326673a0838","name":"editor","sameAs":["http:\/\/www.oarcanjo.net"]}]}},"publishpress_future_action":{"enabled":false,"date":"2026-05-09 01:49:37","action":"category","newStatus":"draft","terms":[],"taxonomy":"category"},"publishpress_future_workflow_manual_trigger":{"enabledWorkflows":[]},"_links":{"self":[{"href":"https:\/\/www.oarcanjo.net\/site\/wp-json\/wp\/v2\/posts\/2728"}],"collection":[{"href":"https:\/\/www.oarcanjo.net\/site\/wp-json\/wp\/v2\/posts"}],"about":[{"href":"https:\/\/www.oarcanjo.net\/site\/wp-json\/wp\/v2\/types\/post"}],"author":[{"embeddable":true,"href":"https:\/\/www.oarcanjo.net\/site\/wp-json\/wp\/v2\/users\/5"}],"replies":[{"embeddable":true,"href":"https:\/\/www.oarcanjo.net\/site\/wp-json\/wp\/v2\/comments?post=2728"}],"version-history":[{"count":0,"href":"https:\/\/www.oarcanjo.net\/site\/wp-json\/wp\/v2\/posts\/2728\/revisions"}],"wp:attachment":[{"href":"https:\/\/www.oarcanjo.net\/site\/wp-json\/wp\/v2\/media?parent=2728"}],"wp:term":[{"taxonomy":"category","embeddable":true,"href":"https:\/\/www.oarcanjo.net\/site\/wp-json\/wp\/v2\/categories?post=2728"},{"taxonomy":"post_tag","embeddable":true,"href":"https:\/\/www.oarcanjo.net\/site\/wp-json\/wp\/v2\/tags?post=2728"}],"curies":[{"name":"wp","href":"https:\/\/api.w.org\/{rel}","templated":true}]}}