
{"id":2734,"date":"2009-04-11T20:00:15","date_gmt":"2009-04-11T23:00:15","guid":{"rendered":"http:\/\/www.oarcanjo.net\/site\/?p=2734"},"modified":"2009-04-11T20:38:20","modified_gmt":"2009-04-11T23:38:20","slug":"jesus-ressuscitou-esta-vivo-e-presente-no-meio-de-nos","status":"publish","type":"post","link":"https:\/\/www.oarcanjo.net\/site\/jesus-ressuscitou-esta-vivo-e-presente-no-meio-de-nos\/","title":{"rendered":"Jesus ressuscitou! Est\u00e1 vivo e presente no meio de n\u00f3s!"},"content":{"rendered":"<p>Dom Ant\u00f4nio Carlos F\u00e9lix<\/p>\n<p>P\u00e1scoa \u00e9 passagem das trevas para a luz, da morte para a vida, de uma vida de pecado para uma vida de convers\u00e3o. A P\u00e1scoa nos compromete a superar os sinais de morte presentes na cultura e na conviv\u00eancia humana contempor\u00e2nea. O an\u00fancio pascal traz a certeza de que a injusti\u00e7a, o ego\u00edsmo, a viol\u00eancia, o \u00f3dio e a inseguran\u00e7a n\u00e3o ter\u00e3o a \u00faltima palavra sobre nossa exist\u00eancia.<\/p>\n<p>Este significado teol\u00f3gico da P\u00e1scoa nos motiva a assumir, com afinco, o objetivo geral da Campanha da Fraternidade de 2009, que \u00e9 \u201csuscitar o debate sobre a seguran\u00e7a p\u00fablica e contribuir para a promo\u00e7\u00e3o da cultura da paz nas pessoas, na fam\u00edlia, na comunidade e na sociedade, para que todos se empenhem efetivamente na constru\u00e7\u00e3o da justi\u00e7a social que seja garantia de seguran\u00e7a para todos\u201d (Texto-Base, 4).<\/p>\n<p>Viver em seguran\u00e7a \u00e9 uma das aspira\u00e7\u00f5es fundamentais do ser humano. Durante nove meses, o \u00fatero materno garantiu ao beb\u00ea seguran\u00e7a e prote\u00e7\u00e3o. N\u00e3o raro, ao vir ao mundo, esse ser indefeso e totalmente dependente, depara-se com uma realidade assustadora. Aquela paz e tranq\u00fcilidade de antes j\u00e1 n\u00e3o existem mais. A viol\u00eancia e a agressividade tornam as pessoas inseguras para o resto da vida!<\/p>\n<p>Al\u00e9m dessa inseguran\u00e7a psicol\u00f3gica, existe ainda a inseguran\u00e7a causada pela realidade social. Vivemos num mundo violento! A viol\u00eancia est\u00e1 presente em todas as classes sociais. Esta \u00e9 a constata\u00e7\u00e3o mais f\u00e1cil de se evidenciar. Basta sair na rua, ligar a TV, ler os jornais e, \u00e0s vezes, nem precisamos sair de casa, para nos depararmos com viol\u00eancias dos mais variados tipos.<\/p>\n<p>Todos n\u00f3s temos conflitos pessoais, pois a realidade em que vivemos \u00e9 muito distante do ideal que almejamos. Por isso, \u00e9 imposs\u00edvel viver sem conflitos. Contudo, o conflito, por si s\u00f3, n\u00e3o \u00e9 nocivo. S\u00e3o as posturas e as atitudes que as pessoas tomam diante do conflito que podem ter conseq\u00fc\u00eancias desastrosas para todos os que nele est\u00e3o envolvidos, e para a sociedade em geral, pois s\u00e3o estas posturas que podem gerar viol\u00eancia e inseguran\u00e7a social.<\/p>\n<p>Precisamos melhorar nossas atitudes diante dos conflitos em casa e na rua. Precisamos superar nossos medos, com a ajuda de Deus e dos irm\u00e3os, pois o medo nos leva a buscar solu\u00e7\u00f5es no consumo. \u00c9 na comunidade que encontramos for\u00e7as para superar os nossos medos. Vivendo unidos, na fraternidade, encontraremos a paz!<\/p>\n<p>A ressurrei\u00e7\u00e3o de Jesus revela que Deus est\u00e1 do lado da vida e da paz; por isso, somos convocados a estar desse lado tamb\u00e9m. Atrav\u00e9s delas e por infinita bondade para conosco, Deus tornou-se pr\u00f3ximo de n\u00f3s e manifestou-nos amor sem medida, iluminou e deu sentido novo \u00e0 vida humana. A P\u00e1scoa de Jesus \u00e9 sinal da vit\u00f3ria poss\u00edvel sobre a morte e sobre todos os males.<\/p>\n<p>Que o Deus da vida aben\u00e7oe a todos! Tenham uma Feliz P\u00e1scoa e sejam defensores e construtores da paz! Jesus, que passou da morte para a vida, fortifique nossa esperan\u00e7a e seguran\u00e7a nos ajude a vencer nossos conflitos e medos!<\/p>\n<div id=\"themify_builder_content-2734\" data-postid=\"2734\" class=\"themify_builder_content themify_builder_content-2734 themify_builder themify_builder_front\">\n\t<\/div>\n<!-- \/themify_builder_content -->","protected":false},"excerpt":{"rendered":"<p>Dom Ant\u00f4nio Carlos F\u00e9lix P\u00e1scoa \u00e9 passagem das trevas para a luz, da morte para a vida, de uma vida de pecado para uma vida de convers\u00e3o. A P\u00e1scoa nos compromete a superar os sinais de morte presentes na cultura e na conviv\u00eancia humana contempor\u00e2nea. O an\u00fancio pascal traz a certeza de que a injusti\u00e7a, [&hellip;]<\/p>\n","protected":false},"author":5,"featured_media":0,"comment_status":"open","ping_status":"open","sticky":false,"template":"","format":"standard","meta":{"ngg_post_thumbnail":0,"footnotes":""},"categories":[9],"tags":[229,230,242,167,231,20],"yoast_head":"<!-- This site is optimized with the Yoast SEO plugin v23.5 - https:\/\/yoast.com\/wordpress\/plugins\/seo\/ -->\n<title>Jesus ressuscitou! Est\u00e1 vivo e presente no meio de n\u00f3s! - O Arcanjo no ar<\/title>\n<meta name=\"robots\" content=\"index, follow, max-snippet:-1, max-image-preview:large, max-video-preview:-1\" \/>\n<link rel=\"canonical\" href=\"https:\/\/www.oarcanjo.net\/site\/jesus-ressuscitou-esta-vivo-e-presente-no-meio-de-nos\/\" \/>\n<meta property=\"og:locale\" content=\"pt_BR\" \/>\n<meta property=\"og:type\" content=\"article\" \/>\n<meta property=\"og:title\" content=\"Jesus ressuscitou! Est\u00e1 vivo e presente no meio de n\u00f3s! - O Arcanjo no ar\" \/>\n<meta property=\"og:description\" content=\"Dom Ant\u00f4nio Carlos F\u00e9lix P\u00e1scoa \u00e9 passagem das trevas para a luz, da morte para a vida, de uma vida de pecado para uma vida de convers\u00e3o. A P\u00e1scoa nos compromete a superar os sinais de morte presentes na cultura e na conviv\u00eancia humana contempor\u00e2nea. O an\u00fancio pascal traz a certeza de que a injusti\u00e7a, [&hellip;]\" \/>\n<meta property=\"og:url\" content=\"https:\/\/www.oarcanjo.net\/site\/jesus-ressuscitou-esta-vivo-e-presente-no-meio-de-nos\/\" \/>\n<meta property=\"og:site_name\" content=\"O Arcanjo no ar\" \/>\n<meta property=\"article:publisher\" content=\"https:\/\/www.facebook.com\/OArcanjoNoAr\/\" \/>\n<meta property=\"article:published_time\" content=\"2009-04-11T23:00:15+00:00\" \/>\n<meta property=\"article:modified_time\" content=\"2009-04-11T23:38:20+00:00\" \/>\n<meta property=\"og:image\" content=\"https:\/\/www.oarcanjo.net\/site\/wp-content\/uploads\/logo-o-arcanjo-no-ar-facebook.png\" \/>\n\t<meta property=\"og:image:width\" content=\"300\" \/>\n\t<meta property=\"og:image:height\" content=\"300\" \/>\n\t<meta property=\"og:image:type\" content=\"image\/png\" \/>\n<meta name=\"author\" content=\"editor\" \/>\n<meta name=\"twitter:card\" content=\"summary_large_image\" \/>\n<meta name=\"twitter:label1\" content=\"Escrito por\" \/>\n\t<meta name=\"twitter:data1\" content=\"editor\" \/>\n\t<meta name=\"twitter:label2\" content=\"Est. tempo de leitura\" \/>\n\t<meta name=\"twitter:data2\" content=\"3 minutos\" \/>\n<script type=\"application\/ld+json\" class=\"yoast-schema-graph\">{\"@context\":\"https:\/\/schema.org\",\"@graph\":[{\"@type\":\"Article\",\"@id\":\"https:\/\/www.oarcanjo.net\/site\/jesus-ressuscitou-esta-vivo-e-presente-no-meio-de-nos\/#article\",\"isPartOf\":{\"@id\":\"https:\/\/www.oarcanjo.net\/site\/jesus-ressuscitou-esta-vivo-e-presente-no-meio-de-nos\/\"},\"author\":{\"name\":\"editor\",\"@id\":\"https:\/\/www.oarcanjo.net\/site\/#\/schema\/person\/f7024d007863202483a31326673a0838\"},\"headline\":\"Jesus ressuscitou! Est\u00e1 vivo e presente no meio de n\u00f3s!\",\"datePublished\":\"2009-04-11T23:00:15+00:00\",\"dateModified\":\"2009-04-11T23:38:20+00:00\",\"mainEntityOfPage\":{\"@id\":\"https:\/\/www.oarcanjo.net\/site\/jesus-ressuscitou-esta-vivo-e-presente-no-meio-de-nos\/\"},\"wordCount\":562,\"commentCount\":0,\"publisher\":{\"@id\":\"https:\/\/www.oarcanjo.net\/site\/#organization\"},\"keywords\":[\"Campanha da Fraternidade\",\"justi\u00e7a\",\"P\u00e1scoa\",\"paz\",\"seguran\u00e7a\",\"viol\u00eancia\"],\"articleSection\":[\"Reflex\u00f5es\"],\"inLanguage\":\"pt-BR\",\"potentialAction\":[{\"@type\":\"CommentAction\",\"name\":\"Comment\",\"target\":[\"https:\/\/www.oarcanjo.net\/site\/jesus-ressuscitou-esta-vivo-e-presente-no-meio-de-nos\/#respond\"]}]},{\"@type\":\"WebPage\",\"@id\":\"https:\/\/www.oarcanjo.net\/site\/jesus-ressuscitou-esta-vivo-e-presente-no-meio-de-nos\/\",\"url\":\"https:\/\/www.oarcanjo.net\/site\/jesus-ressuscitou-esta-vivo-e-presente-no-meio-de-nos\/\",\"name\":\"Jesus ressuscitou! Est\u00e1 vivo e presente no meio de n\u00f3s! - O Arcanjo no ar\",\"isPartOf\":{\"@id\":\"https:\/\/www.oarcanjo.net\/site\/#website\"},\"datePublished\":\"2009-04-11T23:00:15+00:00\",\"dateModified\":\"2009-04-11T23:38:20+00:00\",\"breadcrumb\":{\"@id\":\"https:\/\/www.oarcanjo.net\/site\/jesus-ressuscitou-esta-vivo-e-presente-no-meio-de-nos\/#breadcrumb\"},\"inLanguage\":\"pt-BR\",\"potentialAction\":[{\"@type\":\"ReadAction\",\"target\":[\"https:\/\/www.oarcanjo.net\/site\/jesus-ressuscitou-esta-vivo-e-presente-no-meio-de-nos\/\"]}]},{\"@type\":\"BreadcrumbList\",\"@id\":\"https:\/\/www.oarcanjo.net\/site\/jesus-ressuscitou-esta-vivo-e-presente-no-meio-de-nos\/#breadcrumb\",\"itemListElement\":[{\"@type\":\"ListItem\",\"position\":1,\"name\":\"In\u00edcio\",\"item\":\"https:\/\/www.oarcanjo.net\/site\/\"},{\"@type\":\"ListItem\",\"position\":2,\"name\":\"Jesus ressuscitou! Est\u00e1 vivo e presente no meio de n\u00f3s!\"}]},{\"@type\":\"WebSite\",\"@id\":\"https:\/\/www.oarcanjo.net\/site\/#website\",\"url\":\"https:\/\/www.oarcanjo.net\/site\/\",\"name\":\"O Arcanjo no ar\",\"description\":\"Site da Par\u00f3quia S\u00e3o Miguel Arcanjo (Arquidiocese de SP)\",\"publisher\":{\"@id\":\"https:\/\/www.oarcanjo.net\/site\/#organization\"},\"potentialAction\":[{\"@type\":\"SearchAction\",\"target\":{\"@type\":\"EntryPoint\",\"urlTemplate\":\"https:\/\/www.oarcanjo.net\/site\/?s={search_term_string}\"},\"query-input\":{\"@type\":\"PropertyValueSpecification\",\"valueRequired\":true,\"valueName\":\"search_term_string\"}}],\"inLanguage\":\"pt-BR\"},{\"@type\":\"Organization\",\"@id\":\"https:\/\/www.oarcanjo.net\/site\/#organization\",\"name\":\"Par\u00f3quia S\u00e3o Miguel Arcanjo\",\"url\":\"https:\/\/www.oarcanjo.net\/site\/\",\"logo\":{\"@type\":\"ImageObject\",\"inLanguage\":\"pt-BR\",\"@id\":\"https:\/\/www.oarcanjo.net\/site\/#\/schema\/logo\/image\/\",\"url\":\"https:\/\/www.oarcanjo.net\/site\/wp-content\/uploads\/LogoOArcanjo.png\",\"contentUrl\":\"https:\/\/www.oarcanjo.net\/site\/wp-content\/uploads\/LogoOArcanjo.png\",\"width\":319,\"height\":99,\"caption\":\"Par\u00f3quia S\u00e3o Miguel Arcanjo\"},\"image\":{\"@id\":\"https:\/\/www.oarcanjo.net\/site\/#\/schema\/logo\/image\/\"},\"sameAs\":[\"https:\/\/www.facebook.com\/OArcanjoNoAr\/\"]},{\"@type\":\"Person\",\"@id\":\"https:\/\/www.oarcanjo.net\/site\/#\/schema\/person\/f7024d007863202483a31326673a0838\",\"name\":\"editor\",\"sameAs\":[\"http:\/\/www.oarcanjo.net\"]}]}<\/script>\n<!-- \/ Yoast SEO plugin. -->","yoast_head_json":{"title":"Jesus ressuscitou! Est\u00e1 vivo e presente no meio de n\u00f3s! - O Arcanjo no ar","robots":{"index":"index","follow":"follow","max-snippet":"max-snippet:-1","max-image-preview":"max-image-preview:large","max-video-preview":"max-video-preview:-1"},"canonical":"https:\/\/www.oarcanjo.net\/site\/jesus-ressuscitou-esta-vivo-e-presente-no-meio-de-nos\/","og_locale":"pt_BR","og_type":"article","og_title":"Jesus ressuscitou! Est\u00e1 vivo e presente no meio de n\u00f3s! - O Arcanjo no ar","og_description":"Dom Ant\u00f4nio Carlos F\u00e9lix P\u00e1scoa \u00e9 passagem das trevas para a luz, da morte para a vida, de uma vida de pecado para uma vida de convers\u00e3o. A P\u00e1scoa nos compromete a superar os sinais de morte presentes na cultura e na conviv\u00eancia humana contempor\u00e2nea. O an\u00fancio pascal traz a certeza de que a injusti\u00e7a, [&hellip;]","og_url":"https:\/\/www.oarcanjo.net\/site\/jesus-ressuscitou-esta-vivo-e-presente-no-meio-de-nos\/","og_site_name":"O Arcanjo no ar","article_publisher":"https:\/\/www.facebook.com\/OArcanjoNoAr\/","article_published_time":"2009-04-11T23:00:15+00:00","article_modified_time":"2009-04-11T23:38:20+00:00","og_image":[{"width":300,"height":300,"url":"https:\/\/www.oarcanjo.net\/site\/wp-content\/uploads\/logo-o-arcanjo-no-ar-facebook.png","type":"image\/png"}],"author":"editor","twitter_card":"summary_large_image","twitter_misc":{"Escrito por":"editor","Est. tempo de leitura":"3 minutos"},"schema":{"@context":"https:\/\/schema.org","@graph":[{"@type":"Article","@id":"https:\/\/www.oarcanjo.net\/site\/jesus-ressuscitou-esta-vivo-e-presente-no-meio-de-nos\/#article","isPartOf":{"@id":"https:\/\/www.oarcanjo.net\/site\/jesus-ressuscitou-esta-vivo-e-presente-no-meio-de-nos\/"},"author":{"name":"editor","@id":"https:\/\/www.oarcanjo.net\/site\/#\/schema\/person\/f7024d007863202483a31326673a0838"},"headline":"Jesus ressuscitou! Est\u00e1 vivo e presente no meio de n\u00f3s!","datePublished":"2009-04-11T23:00:15+00:00","dateModified":"2009-04-11T23:38:20+00:00","mainEntityOfPage":{"@id":"https:\/\/www.oarcanjo.net\/site\/jesus-ressuscitou-esta-vivo-e-presente-no-meio-de-nos\/"},"wordCount":562,"commentCount":0,"publisher":{"@id":"https:\/\/www.oarcanjo.net\/site\/#organization"},"keywords":["Campanha da Fraternidade","justi\u00e7a","P\u00e1scoa","paz","seguran\u00e7a","viol\u00eancia"],"articleSection":["Reflex\u00f5es"],"inLanguage":"pt-BR","potentialAction":[{"@type":"CommentAction","name":"Comment","target":["https:\/\/www.oarcanjo.net\/site\/jesus-ressuscitou-esta-vivo-e-presente-no-meio-de-nos\/#respond"]}]},{"@type":"WebPage","@id":"https:\/\/www.oarcanjo.net\/site\/jesus-ressuscitou-esta-vivo-e-presente-no-meio-de-nos\/","url":"https:\/\/www.oarcanjo.net\/site\/jesus-ressuscitou-esta-vivo-e-presente-no-meio-de-nos\/","name":"Jesus ressuscitou! Est\u00e1 vivo e presente no meio de n\u00f3s! - O Arcanjo no ar","isPartOf":{"@id":"https:\/\/www.oarcanjo.net\/site\/#website"},"datePublished":"2009-04-11T23:00:15+00:00","dateModified":"2009-04-11T23:38:20+00:00","breadcrumb":{"@id":"https:\/\/www.oarcanjo.net\/site\/jesus-ressuscitou-esta-vivo-e-presente-no-meio-de-nos\/#breadcrumb"},"inLanguage":"pt-BR","potentialAction":[{"@type":"ReadAction","target":["https:\/\/www.oarcanjo.net\/site\/jesus-ressuscitou-esta-vivo-e-presente-no-meio-de-nos\/"]}]},{"@type":"BreadcrumbList","@id":"https:\/\/www.oarcanjo.net\/site\/jesus-ressuscitou-esta-vivo-e-presente-no-meio-de-nos\/#breadcrumb","itemListElement":[{"@type":"ListItem","position":1,"name":"In\u00edcio","item":"https:\/\/www.oarcanjo.net\/site\/"},{"@type":"ListItem","position":2,"name":"Jesus ressuscitou! Est\u00e1 vivo e presente no meio de n\u00f3s!"}]},{"@type":"WebSite","@id":"https:\/\/www.oarcanjo.net\/site\/#website","url":"https:\/\/www.oarcanjo.net\/site\/","name":"O Arcanjo no ar","description":"Site da Par\u00f3quia S\u00e3o Miguel Arcanjo (Arquidiocese de SP)","publisher":{"@id":"https:\/\/www.oarcanjo.net\/site\/#organization"},"potentialAction":[{"@type":"SearchAction","target":{"@type":"EntryPoint","urlTemplate":"https:\/\/www.oarcanjo.net\/site\/?s={search_term_string}"},"query-input":{"@type":"PropertyValueSpecification","valueRequired":true,"valueName":"search_term_string"}}],"inLanguage":"pt-BR"},{"@type":"Organization","@id":"https:\/\/www.oarcanjo.net\/site\/#organization","name":"Par\u00f3quia S\u00e3o Miguel Arcanjo","url":"https:\/\/www.oarcanjo.net\/site\/","logo":{"@type":"ImageObject","inLanguage":"pt-BR","@id":"https:\/\/www.oarcanjo.net\/site\/#\/schema\/logo\/image\/","url":"https:\/\/www.oarcanjo.net\/site\/wp-content\/uploads\/LogoOArcanjo.png","contentUrl":"https:\/\/www.oarcanjo.net\/site\/wp-content\/uploads\/LogoOArcanjo.png","width":319,"height":99,"caption":"Par\u00f3quia S\u00e3o Miguel Arcanjo"},"image":{"@id":"https:\/\/www.oarcanjo.net\/site\/#\/schema\/logo\/image\/"},"sameAs":["https:\/\/www.facebook.com\/OArcanjoNoAr\/"]},{"@type":"Person","@id":"https:\/\/www.oarcanjo.net\/site\/#\/schema\/person\/f7024d007863202483a31326673a0838","name":"editor","sameAs":["http:\/\/www.oarcanjo.net"]}]}},"publishpress_future_action":{"enabled":false,"date":"2026-05-09 01:49:30","action":"category","newStatus":"draft","terms":[],"taxonomy":"category"},"publishpress_future_workflow_manual_trigger":{"enabledWorkflows":[]},"_links":{"self":[{"href":"https:\/\/www.oarcanjo.net\/site\/wp-json\/wp\/v2\/posts\/2734"}],"collection":[{"href":"https:\/\/www.oarcanjo.net\/site\/wp-json\/wp\/v2\/posts"}],"about":[{"href":"https:\/\/www.oarcanjo.net\/site\/wp-json\/wp\/v2\/types\/post"}],"author":[{"embeddable":true,"href":"https:\/\/www.oarcanjo.net\/site\/wp-json\/wp\/v2\/users\/5"}],"replies":[{"embeddable":true,"href":"https:\/\/www.oarcanjo.net\/site\/wp-json\/wp\/v2\/comments?post=2734"}],"version-history":[{"count":0,"href":"https:\/\/www.oarcanjo.net\/site\/wp-json\/wp\/v2\/posts\/2734\/revisions"}],"wp:attachment":[{"href":"https:\/\/www.oarcanjo.net\/site\/wp-json\/wp\/v2\/media?parent=2734"}],"wp:term":[{"taxonomy":"category","embeddable":true,"href":"https:\/\/www.oarcanjo.net\/site\/wp-json\/wp\/v2\/categories?post=2734"},{"taxonomy":"post_tag","embeddable":true,"href":"https:\/\/www.oarcanjo.net\/site\/wp-json\/wp\/v2\/tags?post=2734"}],"curies":[{"name":"wp","href":"https:\/\/api.w.org\/{rel}","templated":true}]}}