
{"id":2744,"date":"2009-04-08T18:50:46","date_gmt":"2009-04-08T21:50:46","guid":{"rendered":"http:\/\/www.oarcanjo.net\/site\/?p=2744"},"modified":"2009-04-08T18:50:46","modified_gmt":"2009-04-08T21:50:46","slug":"entrevista-com-a-teologa-maria-clara-lucchetti-bingemer","status":"publish","type":"post","link":"https:\/\/www.oarcanjo.net\/site\/entrevista-com-a-teologa-maria-clara-lucchetti-bingemer\/","title":{"rendered":"Entrevista com a te\u00f3loga Maria Clara Lucchetti Bingemer"},"content":{"rendered":"<p>&#8211; Para o Cristianismo\/Catolicismo, qual o significado da P\u00e1scoa?<\/p>\n<p>&#8211; A P\u00e1scoa \u00e9 a festa m\u00e1xima do cristianismo. Celebra a ressurrei\u00e7\u00e3o de Jesus Cristo, filho de Deus encarnado da morte para a vida definitiva. Celebrando isso, celebra tamb\u00e9m a convic\u00e7\u00e3o de f\u00e9 de que os seres humanos, do qual Deus se fez definitivamente pr\u00f3ximo em Jesus de Nazar\u00e9, tamb\u00e9m n\u00e3o devem ver na morte um ponto final da sua vida. Ou seja, com a ressurrei\u00e7\u00e3o de Jesus de Nazar\u00e9, em quem a comunidade crista primeira reconheceu e proclamou o Cristo de Deus, n\u00e3o apenas Deus Pai pronuncia sua palavra definitiva sobre a hist\u00f3ria, declarando que a vida vivida no amor radical e at\u00e9 as \u00faltimas consequ\u00eancias n\u00e3o morre, como tamb\u00e9m a humanidade pode ter uma risonha esperan\u00e7a em que seu destino \u00e9 viver para sempre com Deus gra\u00e7as a seu filho Jesus Cristo e \u00e0 salva\u00e7\u00e3o que ele trouxe a todos os seres humanos. A festa da P\u00e1scoa celebra tudo isso.<\/p>\n<p>&#8211; \u00c9 poss\u00edvel fazer um paralelo entre o tempo de Cristo com os dias de hoje?<\/p>\n<p>&#8211; Sim. Embora havendo grandes diferen\u00e7as &#8211; Cristo viveu numa era pr\u00e9-t\u00e9cnica, hoje vivemos numa \u00e9poca de grandes progressos tecnol\u00f3gicos, por exemplo &#8211; h\u00e1 muitas semelhan\u00e7as. Havia naquele tempo e h\u00e1 hoje grupos que, desde o poder, oprimiam e exclu\u00edam os mais fracos, os diferentes: leprosos, doentes, crian\u00e7as, mulheres. Havia e h\u00e1 alguns possuindo muito e muitos possuindo pouco ou quase nada, tendo falta do necess\u00e1rio at\u00e9 mesmo para sobreviver. Havia e h\u00e1 gente boa e esperan\u00e7osa, aberta e humilde, que esperava nas promessas de Deus e na realiza\u00e7\u00e3o de seu reino e por isso escutou a mensagem de Jesus. Por isso, ontem como hoje, havia e h\u00e1 pessoas que voltaram as costas \u00e0 mensagem pascal de Cristo e pessoas que a ela aderiram e entraram no movimento de seu amor redentor que transforma a hist\u00f3ria humana.<\/p>\n<p>&#8211; No per\u00edodo da P\u00e1scoa, o mart\u00edrio de Maria \u00e9 pr\u00f3prio e especial. De forma bastante resumida, podemos dizer que \u00e9 uma m\u00e3e que perde seu filho para um mundo injusto. Situa\u00e7\u00e3o que, infelizmente, se repete hoje em muitas fam\u00edlias. Qual foi a rea\u00e7\u00e3o de Maria e como esta rea\u00e7\u00e3o pode servir de exemplo para a nossa sociedade?<\/p>\n<p>-Eu n\u00e3o diria mart\u00edrio de Maria e sim sofrimento de Maria. Mart\u00edrio \u00e9 uma palavra teol\u00f3gica t\u00e9cnica e \u00e9 usada para aqueles que tiveram morte violenta, derramando seu sangue para dar testemunho da f\u00e9 crist\u00e3. Maria padeceu uma dor indiz\u00edvel com a paix\u00e3o e morte de seu filho, sem d\u00favida, e sua situa\u00e7\u00e3o e dor se repetem hoje com muitas mulheres que perdem seus filhos de maneira violenta ou veem seus filhos condenados a uma subvida por falta de recursos e condi\u00e7\u00f5es de dar-lhes algo melhor. Maria n\u00e3o fraquejou nem perdeu a esperan\u00e7a um s\u00f3 minuto.  Ela n\u00e3o entendia o que acontecia, mas conhecia profundamente o seu Deus. Por isso, esperava no Senhor seu Deus. Acompanhou seu filho at\u00e9 o fim e p\u00f4de viver plenamente a alegria de sua ressurrei\u00e7\u00e3o. Ficou com os disc\u00edpulos de seu filho ap\u00f3s a morte dele e p\u00f4de viver com eles plenamente a alegria da ressurrei\u00e7\u00e3o, assumindo com toda a comunidade de seguidores de seu filho a miss\u00e3o a ela confiada.<\/p>\n<p>&#8211; Jesus, Maria, Judas s\u00e3o pessoas de bastante for\u00e7a aleg\u00f3rica, assim como hist\u00f3rica. Um salvador, um traidor e uma mulher forte. Al\u00e9m da literatura sacra, este influenciou inclusive a literatura geral. Como a senhora v\u00ea esta influ\u00eancia? Como a hist\u00f3ria de Cristo est\u00e1 presente na literatura?<\/p>\n<p>&#8211; Na literatura universal h\u00e1 muitas vidas de Cristo c\u00e9lebres: a de Ren\u00e9 Bazin \u00e9 uma. H\u00e1 filmes tamb\u00e9m. Mas h\u00e1 vers\u00f5es mais atuais na literatura e no cinema que contam a vida de Jesus de maneira mais adaptada aos tempos modernos, que permitem \u00e0s pessoas de hoje identificarem-se com Jesus como se fosse um contempor\u00e2neo seu. Por exemplo, Frei Betto tem uma vida de Jesus intitulada &#8220;Entre todos os homens&#8221;. Muito boa. Ele p\u00f4s o nome de seus amigos nos personagens. At\u00e9 eu sou personagem desse romance. No cinema temos o filme canadense de Denys Arcand, &#8220;Jesus de Montreal&#8221;, que mostra Jesus entre um grupo de jovens no submundo de Montreal, Quebec. Ou &#8220;Godspell&#8221;, que conta a hist\u00f3ria de Jesus como se fosse um hippie em meio a um grupo hippie dos anos 1960 em Nova York. Tudo isso s\u00f3 demonstra como dois mil anos depois esse Galileu, que marcou para sempre a hist\u00f3ria da humanidade, continua atraindo as aten\u00e7\u00f5es para si mesmo. Mesmo quem n\u00e3o cr\u00ea \u00e9 obrigado a admitir: o mundo era um antes de Jesus Cristo e \u00e9 outro depois dele.<\/p>\n<p>&#8211; Durante sua vida, Cristo optou por par\u00e1bolas para passar sua mensagem. Podemos entender tamb\u00e9m que j\u00e1 naquela \u00e9poca ele tamb\u00e9m revolucionou processos educativos?<\/p>\n<p>&#8211; Sem d\u00favida. Falar em par\u00e1bolas era um recurso pedag\u00f3gico important\u00edssimo para que o povo pudesse compreender o alcance de sua mensagem, revestida de elementos que faziam parte do seu cotidiano. Assim, para um povo do campo, numa sociedade agr\u00e1ria, ele falava de semente, gr\u00e3o de mostarda etc. Se fosse hoje, falaria em internet, TV Digital, globaliza\u00e7\u00e3o. Certamente encontraria m\u00e9todos e processos para transmitir a seus ouvintes o conte\u00fado fundamental que trazia: a boa nova do Evangelho, que afirmava que Deus \u00e9 pai e ama incondicionalmente homens e mulheres que v\u00eam a este mundo. E lhes oferece como dom uma vida que n\u00e3o termina nunca e \u00e9 baseada apenas no amor.<\/p>\n<p><em>Entrevista realizada pelo site <a href=\"http:\/\/www.conexaoprofessor.rj.gov.br\" target=\"_blank\">www.conexaoprofessor.rj.gov.br<\/a><\/em><\/p>\n<div id=\"themify_builder_content-2744\" data-postid=\"2744\" class=\"themify_builder_content themify_builder_content-2744 themify_builder themify_builder_front\">\n\t<\/div>\n<!-- \/themify_builder_content -->","protected":false},"excerpt":{"rendered":"<p>&#8211; Para o Cristianismo\/Catolicismo, qual o significado da P\u00e1scoa? &#8211; A P\u00e1scoa \u00e9 a festa m\u00e1xima do cristianismo. Celebra a ressurrei\u00e7\u00e3o de Jesus Cristo, filho de Deus encarnado da morte para a vida definitiva. Celebrando isso, celebra tamb\u00e9m a convic\u00e7\u00e3o de f\u00e9 de que os seres humanos, do qual Deus se fez definitivamente pr\u00f3ximo em [&hellip;]<\/p>\n","protected":false},"author":5,"featured_media":0,"comment_status":"open","ping_status":"open","sticky":false,"template":"","format":"standard","meta":{"ngg_post_thumbnail":0,"footnotes":""},"categories":[9],"tags":[349,424,465,242],"yoast_head":"<!-- This site is optimized with the Yoast SEO plugin v23.5 - https:\/\/yoast.com\/wordpress\/plugins\/seo\/ -->\n<title>Entrevista com a te\u00f3loga Maria Clara Lucchetti Bingemer - O Arcanjo no ar<\/title>\n<meta name=\"robots\" content=\"index, follow, max-snippet:-1, max-image-preview:large, max-video-preview:-1\" \/>\n<link rel=\"canonical\" href=\"https:\/\/www.oarcanjo.net\/site\/entrevista-com-a-teologa-maria-clara-lucchetti-bingemer\/\" \/>\n<meta property=\"og:locale\" content=\"pt_BR\" \/>\n<meta property=\"og:type\" content=\"article\" \/>\n<meta property=\"og:title\" content=\"Entrevista com a te\u00f3loga Maria Clara Lucchetti Bingemer - O Arcanjo no ar\" \/>\n<meta property=\"og:description\" content=\"&#8211; Para o Cristianismo\/Catolicismo, qual o significado da P\u00e1scoa? &#8211; A P\u00e1scoa \u00e9 a festa m\u00e1xima do cristianismo. Celebra a ressurrei\u00e7\u00e3o de Jesus Cristo, filho de Deus encarnado da morte para a vida definitiva. Celebrando isso, celebra tamb\u00e9m a convic\u00e7\u00e3o de f\u00e9 de que os seres humanos, do qual Deus se fez definitivamente pr\u00f3ximo em [&hellip;]\" \/>\n<meta property=\"og:url\" content=\"https:\/\/www.oarcanjo.net\/site\/entrevista-com-a-teologa-maria-clara-lucchetti-bingemer\/\" \/>\n<meta property=\"og:site_name\" content=\"O Arcanjo no ar\" \/>\n<meta property=\"article:publisher\" content=\"https:\/\/www.facebook.com\/OArcanjoNoAr\/\" \/>\n<meta property=\"article:published_time\" content=\"2009-04-08T21:50:46+00:00\" \/>\n<meta property=\"og:image\" content=\"https:\/\/www.oarcanjo.net\/site\/wp-content\/uploads\/logo-o-arcanjo-no-ar-facebook.png\" \/>\n\t<meta property=\"og:image:width\" content=\"300\" \/>\n\t<meta property=\"og:image:height\" content=\"300\" \/>\n\t<meta property=\"og:image:type\" content=\"image\/png\" \/>\n<meta name=\"author\" content=\"editor\" \/>\n<meta name=\"twitter:card\" content=\"summary_large_image\" \/>\n<meta name=\"twitter:label1\" content=\"Escrito por\" \/>\n\t<meta name=\"twitter:data1\" content=\"editor\" \/>\n\t<meta name=\"twitter:label2\" content=\"Est. tempo de leitura\" \/>\n\t<meta name=\"twitter:data2\" content=\"5 minutos\" \/>\n<script type=\"application\/ld+json\" class=\"yoast-schema-graph\">{\"@context\":\"https:\/\/schema.org\",\"@graph\":[{\"@type\":\"Article\",\"@id\":\"https:\/\/www.oarcanjo.net\/site\/entrevista-com-a-teologa-maria-clara-lucchetti-bingemer\/#article\",\"isPartOf\":{\"@id\":\"https:\/\/www.oarcanjo.net\/site\/entrevista-com-a-teologa-maria-clara-lucchetti-bingemer\/\"},\"author\":{\"name\":\"editor\",\"@id\":\"https:\/\/www.oarcanjo.net\/site\/#\/schema\/person\/f7024d007863202483a31326673a0838\"},\"headline\":\"Entrevista com a te\u00f3loga Maria Clara Lucchetti Bingemer\",\"datePublished\":\"2009-04-08T21:50:46+00:00\",\"dateModified\":\"2009-04-08T21:50:46+00:00\",\"mainEntityOfPage\":{\"@id\":\"https:\/\/www.oarcanjo.net\/site\/entrevista-com-a-teologa-maria-clara-lucchetti-bingemer\/\"},\"wordCount\":998,\"commentCount\":0,\"publisher\":{\"@id\":\"https:\/\/www.oarcanjo.net\/site\/#organization\"},\"keywords\":[\"Maria\",\"paix\u00e3o de Jesus Cristo\",\"par\u00e1bolas\",\"P\u00e1scoa\"],\"articleSection\":[\"Reflex\u00f5es\"],\"inLanguage\":\"pt-BR\",\"potentialAction\":[{\"@type\":\"CommentAction\",\"name\":\"Comment\",\"target\":[\"https:\/\/www.oarcanjo.net\/site\/entrevista-com-a-teologa-maria-clara-lucchetti-bingemer\/#respond\"]}]},{\"@type\":\"WebPage\",\"@id\":\"https:\/\/www.oarcanjo.net\/site\/entrevista-com-a-teologa-maria-clara-lucchetti-bingemer\/\",\"url\":\"https:\/\/www.oarcanjo.net\/site\/entrevista-com-a-teologa-maria-clara-lucchetti-bingemer\/\",\"name\":\"Entrevista com a te\u00f3loga Maria Clara Lucchetti Bingemer - O Arcanjo no ar\",\"isPartOf\":{\"@id\":\"https:\/\/www.oarcanjo.net\/site\/#website\"},\"datePublished\":\"2009-04-08T21:50:46+00:00\",\"dateModified\":\"2009-04-08T21:50:46+00:00\",\"breadcrumb\":{\"@id\":\"https:\/\/www.oarcanjo.net\/site\/entrevista-com-a-teologa-maria-clara-lucchetti-bingemer\/#breadcrumb\"},\"inLanguage\":\"pt-BR\",\"potentialAction\":[{\"@type\":\"ReadAction\",\"target\":[\"https:\/\/www.oarcanjo.net\/site\/entrevista-com-a-teologa-maria-clara-lucchetti-bingemer\/\"]}]},{\"@type\":\"BreadcrumbList\",\"@id\":\"https:\/\/www.oarcanjo.net\/site\/entrevista-com-a-teologa-maria-clara-lucchetti-bingemer\/#breadcrumb\",\"itemListElement\":[{\"@type\":\"ListItem\",\"position\":1,\"name\":\"In\u00edcio\",\"item\":\"https:\/\/www.oarcanjo.net\/site\/\"},{\"@type\":\"ListItem\",\"position\":2,\"name\":\"Entrevista com a te\u00f3loga Maria Clara Lucchetti Bingemer\"}]},{\"@type\":\"WebSite\",\"@id\":\"https:\/\/www.oarcanjo.net\/site\/#website\",\"url\":\"https:\/\/www.oarcanjo.net\/site\/\",\"name\":\"O Arcanjo no ar\",\"description\":\"Site da Par\u00f3quia S\u00e3o Miguel Arcanjo (Arquidiocese de SP)\",\"publisher\":{\"@id\":\"https:\/\/www.oarcanjo.net\/site\/#organization\"},\"potentialAction\":[{\"@type\":\"SearchAction\",\"target\":{\"@type\":\"EntryPoint\",\"urlTemplate\":\"https:\/\/www.oarcanjo.net\/site\/?s={search_term_string}\"},\"query-input\":{\"@type\":\"PropertyValueSpecification\",\"valueRequired\":true,\"valueName\":\"search_term_string\"}}],\"inLanguage\":\"pt-BR\"},{\"@type\":\"Organization\",\"@id\":\"https:\/\/www.oarcanjo.net\/site\/#organization\",\"name\":\"Par\u00f3quia S\u00e3o Miguel Arcanjo\",\"url\":\"https:\/\/www.oarcanjo.net\/site\/\",\"logo\":{\"@type\":\"ImageObject\",\"inLanguage\":\"pt-BR\",\"@id\":\"https:\/\/www.oarcanjo.net\/site\/#\/schema\/logo\/image\/\",\"url\":\"https:\/\/www.oarcanjo.net\/site\/wp-content\/uploads\/LogoOArcanjo.png\",\"contentUrl\":\"https:\/\/www.oarcanjo.net\/site\/wp-content\/uploads\/LogoOArcanjo.png\",\"width\":319,\"height\":99,\"caption\":\"Par\u00f3quia S\u00e3o Miguel Arcanjo\"},\"image\":{\"@id\":\"https:\/\/www.oarcanjo.net\/site\/#\/schema\/logo\/image\/\"},\"sameAs\":[\"https:\/\/www.facebook.com\/OArcanjoNoAr\/\"]},{\"@type\":\"Person\",\"@id\":\"https:\/\/www.oarcanjo.net\/site\/#\/schema\/person\/f7024d007863202483a31326673a0838\",\"name\":\"editor\",\"sameAs\":[\"http:\/\/www.oarcanjo.net\"]}]}<\/script>\n<!-- \/ Yoast SEO plugin. -->","yoast_head_json":{"title":"Entrevista com a te\u00f3loga Maria Clara Lucchetti Bingemer - O Arcanjo no ar","robots":{"index":"index","follow":"follow","max-snippet":"max-snippet:-1","max-image-preview":"max-image-preview:large","max-video-preview":"max-video-preview:-1"},"canonical":"https:\/\/www.oarcanjo.net\/site\/entrevista-com-a-teologa-maria-clara-lucchetti-bingemer\/","og_locale":"pt_BR","og_type":"article","og_title":"Entrevista com a te\u00f3loga Maria Clara Lucchetti Bingemer - O Arcanjo no ar","og_description":"&#8211; Para o Cristianismo\/Catolicismo, qual o significado da P\u00e1scoa? &#8211; A P\u00e1scoa \u00e9 a festa m\u00e1xima do cristianismo. Celebra a ressurrei\u00e7\u00e3o de Jesus Cristo, filho de Deus encarnado da morte para a vida definitiva. Celebrando isso, celebra tamb\u00e9m a convic\u00e7\u00e3o de f\u00e9 de que os seres humanos, do qual Deus se fez definitivamente pr\u00f3ximo em [&hellip;]","og_url":"https:\/\/www.oarcanjo.net\/site\/entrevista-com-a-teologa-maria-clara-lucchetti-bingemer\/","og_site_name":"O Arcanjo no ar","article_publisher":"https:\/\/www.facebook.com\/OArcanjoNoAr\/","article_published_time":"2009-04-08T21:50:46+00:00","og_image":[{"width":300,"height":300,"url":"https:\/\/www.oarcanjo.net\/site\/wp-content\/uploads\/logo-o-arcanjo-no-ar-facebook.png","type":"image\/png"}],"author":"editor","twitter_card":"summary_large_image","twitter_misc":{"Escrito por":"editor","Est. tempo de leitura":"5 minutos"},"schema":{"@context":"https:\/\/schema.org","@graph":[{"@type":"Article","@id":"https:\/\/www.oarcanjo.net\/site\/entrevista-com-a-teologa-maria-clara-lucchetti-bingemer\/#article","isPartOf":{"@id":"https:\/\/www.oarcanjo.net\/site\/entrevista-com-a-teologa-maria-clara-lucchetti-bingemer\/"},"author":{"name":"editor","@id":"https:\/\/www.oarcanjo.net\/site\/#\/schema\/person\/f7024d007863202483a31326673a0838"},"headline":"Entrevista com a te\u00f3loga Maria Clara Lucchetti Bingemer","datePublished":"2009-04-08T21:50:46+00:00","dateModified":"2009-04-08T21:50:46+00:00","mainEntityOfPage":{"@id":"https:\/\/www.oarcanjo.net\/site\/entrevista-com-a-teologa-maria-clara-lucchetti-bingemer\/"},"wordCount":998,"commentCount":0,"publisher":{"@id":"https:\/\/www.oarcanjo.net\/site\/#organization"},"keywords":["Maria","paix\u00e3o de Jesus Cristo","par\u00e1bolas","P\u00e1scoa"],"articleSection":["Reflex\u00f5es"],"inLanguage":"pt-BR","potentialAction":[{"@type":"CommentAction","name":"Comment","target":["https:\/\/www.oarcanjo.net\/site\/entrevista-com-a-teologa-maria-clara-lucchetti-bingemer\/#respond"]}]},{"@type":"WebPage","@id":"https:\/\/www.oarcanjo.net\/site\/entrevista-com-a-teologa-maria-clara-lucchetti-bingemer\/","url":"https:\/\/www.oarcanjo.net\/site\/entrevista-com-a-teologa-maria-clara-lucchetti-bingemer\/","name":"Entrevista com a te\u00f3loga Maria Clara Lucchetti Bingemer - O Arcanjo no ar","isPartOf":{"@id":"https:\/\/www.oarcanjo.net\/site\/#website"},"datePublished":"2009-04-08T21:50:46+00:00","dateModified":"2009-04-08T21:50:46+00:00","breadcrumb":{"@id":"https:\/\/www.oarcanjo.net\/site\/entrevista-com-a-teologa-maria-clara-lucchetti-bingemer\/#breadcrumb"},"inLanguage":"pt-BR","potentialAction":[{"@type":"ReadAction","target":["https:\/\/www.oarcanjo.net\/site\/entrevista-com-a-teologa-maria-clara-lucchetti-bingemer\/"]}]},{"@type":"BreadcrumbList","@id":"https:\/\/www.oarcanjo.net\/site\/entrevista-com-a-teologa-maria-clara-lucchetti-bingemer\/#breadcrumb","itemListElement":[{"@type":"ListItem","position":1,"name":"In\u00edcio","item":"https:\/\/www.oarcanjo.net\/site\/"},{"@type":"ListItem","position":2,"name":"Entrevista com a te\u00f3loga Maria Clara Lucchetti Bingemer"}]},{"@type":"WebSite","@id":"https:\/\/www.oarcanjo.net\/site\/#website","url":"https:\/\/www.oarcanjo.net\/site\/","name":"O Arcanjo no ar","description":"Site da Par\u00f3quia S\u00e3o Miguel Arcanjo (Arquidiocese de SP)","publisher":{"@id":"https:\/\/www.oarcanjo.net\/site\/#organization"},"potentialAction":[{"@type":"SearchAction","target":{"@type":"EntryPoint","urlTemplate":"https:\/\/www.oarcanjo.net\/site\/?s={search_term_string}"},"query-input":{"@type":"PropertyValueSpecification","valueRequired":true,"valueName":"search_term_string"}}],"inLanguage":"pt-BR"},{"@type":"Organization","@id":"https:\/\/www.oarcanjo.net\/site\/#organization","name":"Par\u00f3quia S\u00e3o Miguel Arcanjo","url":"https:\/\/www.oarcanjo.net\/site\/","logo":{"@type":"ImageObject","inLanguage":"pt-BR","@id":"https:\/\/www.oarcanjo.net\/site\/#\/schema\/logo\/image\/","url":"https:\/\/www.oarcanjo.net\/site\/wp-content\/uploads\/LogoOArcanjo.png","contentUrl":"https:\/\/www.oarcanjo.net\/site\/wp-content\/uploads\/LogoOArcanjo.png","width":319,"height":99,"caption":"Par\u00f3quia S\u00e3o Miguel Arcanjo"},"image":{"@id":"https:\/\/www.oarcanjo.net\/site\/#\/schema\/logo\/image\/"},"sameAs":["https:\/\/www.facebook.com\/OArcanjoNoAr\/"]},{"@type":"Person","@id":"https:\/\/www.oarcanjo.net\/site\/#\/schema\/person\/f7024d007863202483a31326673a0838","name":"editor","sameAs":["http:\/\/www.oarcanjo.net"]}]}},"publishpress_future_action":{"enabled":false,"date":"2026-05-09 01:49:37","action":"category","newStatus":"draft","terms":[],"taxonomy":"category"},"publishpress_future_workflow_manual_trigger":{"enabledWorkflows":[]},"_links":{"self":[{"href":"https:\/\/www.oarcanjo.net\/site\/wp-json\/wp\/v2\/posts\/2744"}],"collection":[{"href":"https:\/\/www.oarcanjo.net\/site\/wp-json\/wp\/v2\/posts"}],"about":[{"href":"https:\/\/www.oarcanjo.net\/site\/wp-json\/wp\/v2\/types\/post"}],"author":[{"embeddable":true,"href":"https:\/\/www.oarcanjo.net\/site\/wp-json\/wp\/v2\/users\/5"}],"replies":[{"embeddable":true,"href":"https:\/\/www.oarcanjo.net\/site\/wp-json\/wp\/v2\/comments?post=2744"}],"version-history":[{"count":0,"href":"https:\/\/www.oarcanjo.net\/site\/wp-json\/wp\/v2\/posts\/2744\/revisions"}],"wp:attachment":[{"href":"https:\/\/www.oarcanjo.net\/site\/wp-json\/wp\/v2\/media?parent=2744"}],"wp:term":[{"taxonomy":"category","embeddable":true,"href":"https:\/\/www.oarcanjo.net\/site\/wp-json\/wp\/v2\/categories?post=2744"},{"taxonomy":"post_tag","embeddable":true,"href":"https:\/\/www.oarcanjo.net\/site\/wp-json\/wp\/v2\/tags?post=2744"}],"curies":[{"name":"wp","href":"https:\/\/api.w.org\/{rel}","templated":true}]}}