
{"id":2748,"date":"2009-04-09T06:00:54","date_gmt":"2009-04-09T09:00:54","guid":{"rendered":"http:\/\/www.oarcanjo.net\/site\/?p=2748"},"modified":"2009-04-08T19:00:23","modified_gmt":"2009-04-08T22:00:23","slug":"hans-kung-o-que-significa-e-o-que-nao-significa-%e2%80%9cressurreicao%e2%80%9d","status":"publish","type":"post","link":"https:\/\/www.oarcanjo.net\/site\/hans-kung-o-que-significa-e-o-que-nao-significa-%e2%80%9cressurreicao%e2%80%9d\/","title":{"rendered":"Hans K\u00fcng : O que significa e o que n\u00e3o significa \u201cressurrei\u00e7\u00e3o\u201d"},"content":{"rendered":"<p><em>Te\u00f3logo cat\u00f3lico, K\u00fcng vive desde 1967 em T\u00fcbingen, onde leciona na Universidade. Por suas posi\u00e7\u00f5es firmes diante de Roma, sofreu duras repres\u00e1lias, que em 1979 culminaram na cassa\u00e7\u00e3o de sua autoriza\u00e7\u00e3o can\u00f4nica para lecionar Teologia em institui\u00e7\u00e3o superior cat\u00f3lica. A partir desse fato, criou o Instituto de Pesquisas Ecum\u00eanicas, como unidade aut\u00f4noma em rela\u00e7\u00e3o \u00e0 Faculdade de Teologia Cat\u00f3lica. Em 1990, ao encerrar sua carreira na Universidade, Hans K\u00fcng lan\u00e7ou o Projeto de \u00c9tica Mundial. Recentemente, em setembro de 2005, o papa Bento XVI surpreendeu a opini\u00e3o p\u00fablica mundial ao receber K\u00fcng para uma longa conversa amig\u00e1vel, na resid\u00eancia de Castel Gandolfo.<\/p>\n<p>Tamb\u00e9m no Brasil, a obra de K\u00fcng Projeto de \u00c9tica Mundial. Uma moral ecum\u00eanica em vista da sobreviv\u00eancia humana (S\u00e3o Paulo: Paulinas, 1992) foi marco fundador de uma discuss\u00e3o que, pela prem\u00eancia dos fatos, frutificou rapidamente e continua a angariar apoio. Seguiu-lhe a publica\u00e7\u00e3o de Uma \u00e9tica global para a pol\u00edtica e a economia mundiais (Petr\u00f3polis: Vozes, 1999). A obra mais recente de Hans K\u00fcng, traduzida para o portugu\u00eas \u00e9 O princ\u00edpio de todas as coisas. Ci\u00eancias Naturais e Religi\u00e3o (Petr\u00f3polis: Vozes, 2007). Sua \u00faltima obra intitula-se Umstrittene Wahrheit. Erinnerungen (M\u00fcnchen-Zurich: Piper, 2007), traduzida em v\u00e1rias l\u00ednguas. A tradu\u00e7\u00e3o espanhola acaba de ser lan\u00e7ada.<\/em><\/p>\n<p>Confira o artigo<\/p>\n<p>\u00c9 claro que os testemunhos mais antigos e mais curtos do Novo Testamento n\u00e3o apresentam a ressurrei\u00e7\u00e3o de Jesus como uma devolu\u00e7\u00e3o da vida mundana \u2013 portanto, n\u00e3o estabelecem uma analogia com a devolu\u00e7\u00e3o da vida pela m\u00e3o dos profetas no Antigo Testamento. N\u00e3o, do ponto de vista do horizonte de esperan\u00e7a apocal\u00edptico-judaico trata-se nitidamente do enaltecimento do Nazareno assassinado e sepultado por Deus e para junto de Deus, para junto de um Deus que ele pr\u00f3prio chama \u201cAbba\u201d, Pai.<\/p>\n<p>Afinal, o que significa \u201cAuferweckung\u201d,  uma palavra que transmite uma imagem, que significa literalmente despertar do sono? Agora posso responder resumidamente \u00e0 pergunta:<\/p>\n<p>&#8211; Ressurrei\u00e7\u00e3o n\u00e3o significa o regresso a esta vida espa\u00e7o-temporal. A morte n\u00e3o \u00e9 anulada (n\u00e3o se trata da anima\u00e7\u00e3o de um cad\u00e1ver). Pelo contr\u00e1rio, a morte \u00e9 definitivamente superada. Trata-se da entrada numa vida totalmente diferente, imperec\u00edvel, eterna, \u201ccelestial\u201d. A ressurrei\u00e7\u00e3o n\u00e3o \u00e9 um \u201cfato p\u00fablico\u201d. <\/p>\n<p>&#8211; Ressurrei\u00e7\u00e3o n\u00e3o significa uma continua\u00e7\u00e3o desta vida espa\u00e7o-temporal. O fato de se falar em \u201cdepois\u201d da morte \u00e9 enganador; a eternidade n\u00e3o \u00e9 determinada por um antes nem por um depois temporais. Pelo contr\u00e1rio, significa uma nova vida na esfera de Deus, invis\u00edvel, incompreens\u00edvel, que rompe com as dimens\u00f5es de espa\u00e7o e tempo, simbolicamente designado por \u201cC\u00e9u\u201d.<\/p>\n<p>&#8211; Ressurrei\u00e7\u00e3o significa positivamente o seguinte: Jesus n\u00e3o morreu para dentro do Nada. Pelo contr\u00e1rio, morreu para dentro de uma realidade \u00faltima e primeira, inconceb\u00edvel, englobante. Foi recebido por essa realidade verdadeira a que chamamos Deus. O que espera o Homem ao encontrar o seu Eshaton, o fim da sua vida? N\u00e3o o Nada, mas sim Tudo, isto \u00e9, Deus. O crente sabe desde ent\u00e3o que a morte \u00e9 a passagem para Deus, \u00e9 a retirada para junto de Deus, nesse dom\u00ednio que supera todas as ideias, que nenhum Homem alguma vez viu, alheio ao nosso toque, entendimento, reflex\u00e3o e fantasia! A palavra mist\u00e9rio \u00e9 bem empregue para descrever a ressurrei\u00e7\u00e3o para a vida nova, porquanto se trata do dom\u00ednio primordial de Deus. <\/p>\n<p>Dito de outro modo, a f\u00e9 dos disc\u00edpulos \u00e9 \u2013 tal como a morte de Jesus \u2013 um acontecimento hist\u00f3rico (apreens\u00edvel por meios hist\u00f3ricos); por sua vez, a ressurrei\u00e7\u00e3o atrav\u00e9s de Deus para a vida eterna n\u00e3o \u00e9 um acontecimento hist\u00f3rico, vis\u00edvel e imagin\u00e1vel, nem biol\u00f3gico. Todavia, trata-se de um acontecimento real na esfera de Deus. O que significa isto? O que significa \u201cviver\u201d? Um olhar para o quadro da ressurrei\u00e7\u00e3o de Gr\u00fcnewald adverte-nos para o fato de o ressuscitado n\u00e3o ser meramente um outro ser puramente celestial, continua possuindo o corpo e a alma do homem Jesus de Nazar\u00e9, o crucificado. E a ressurrei\u00e7\u00e3o n\u00e3o transforma este homem num fluido indeterminado, fundido com Deus e com o universo. Este homem permanece tamb\u00e9m na vida de Deus, o homem determinado, inconfund\u00edvel que foi, por\u00e9m, sem as limita\u00e7\u00f5es espa\u00e7o-temporais da sua figura mundana! Da\u00ed a transi\u00e7\u00e3o do seu rosto para pura luz em Gr\u00fcnewald. Segundo os testemunhos das escrituras a morte e a ressurrei\u00e7\u00e3o n\u00e3o anulam a identidade da pessoa, mas preservam-na numa forma inimagin\u00e1vel, transformada, numa dimens\u00e3o completamente diferente. <\/p>\n<p>A consequ\u00eancia? Atualmente para n\u00f3s, com forma\u00e7\u00e3o cient\u00edfica, tem que se falar claramente. Para que a identidade da pessoa seja preservada, Deus n\u00e3o necessita dos restos f\u00edsicos da exist\u00eancia mundana de Jesus. Estamos perante a ressurrei\u00e7\u00e3o para uma forma de exist\u00eancia totalmente diferente. Talvez a possamos comparar com a exist\u00eancia das borboletas, que saem do casulo da lagarta. Tal como esse ser vivo deixa a velha forma de exist\u00eancia (\u201clagarta\u201d) e aceita uma nova forma de exist\u00eancia inimagin\u00e1vel, liberta e leve (\u201cborboleta\u201d), assim podemos imaginar o processo de transforma\u00e7\u00e3o de n\u00f3s mesmos atrav\u00e9s de Deus. Uma imagem. N\u00e3o estamos obrigados a qualquer tipo de ideias fisiol\u00f3gicas de ressurrei\u00e7\u00e3o. <\/p>\n<p>Afinal a ressurrei\u00e7\u00e3o est\u00e1 ligada a qu\u00ea? N\u00e3o ao substrato constantemente a mudar ou aos elementos deste corpo particular, mas sim \u00e0 identidade dessa pessoa inconfund\u00edvel. O car\u00e1ter f\u00edsico da ressurrei\u00e7\u00e3o n\u00e3o exige \u2013 nem outrora nem hoje \u2013 que o corpo morto seja reanimado. Pois, Deus ressuscita o Homem numa nova forma, inimagin\u00e1vel, como consta do paradoxo de Paulo: como \u201csoma pneumatik\u00f3n\u201d, de \u201ccar\u00e1ter f\u00edsico-espiritual\u201d. Com estas palavras, de fato, paradoxais, Paulo pretendia transmitir-nos simultaneamente as seguintes duas mensagens: continuidade \u2013 porque o \u201ccar\u00e1ter f\u00edsico\u201d representa a identidade da pessoa at\u00e9 ao momento, que se desfaz, como se a hist\u00f3ria vivida e sofrida at\u00e9 ao momento se tivesse tornado irrelevante \u2013 e, simultaneamente, descontinuidade \u2013 porque o \u201ccar\u00e1ter espiritual\u201d n\u00e3o representa simplesmente a continua\u00e7\u00e3o ou a reanima\u00e7\u00e3o do antigo corpo, mas sim a nova dimens\u00e3o, a dimens\u00e3o do infinito, que depois da morte de tudo o que \u00e9 finito se transforma, tem seu efeito. \t<\/p>\n<div id=\"themify_builder_content-2748\" data-postid=\"2748\" class=\"themify_builder_content themify_builder_content-2748 themify_builder themify_builder_front\">\n\t<\/div>\n<!-- \/themify_builder_content -->","protected":false},"excerpt":{"rendered":"<p>Te\u00f3logo cat\u00f3lico, K\u00fcng vive desde 1967 em T\u00fcbingen, onde leciona na Universidade. Por suas posi\u00e7\u00f5es firmes diante de Roma, sofreu duras repres\u00e1lias, que em 1979 culminaram na cassa\u00e7\u00e3o de sua autoriza\u00e7\u00e3o can\u00f4nica para lecionar Teologia em institui\u00e7\u00e3o superior cat\u00f3lica. A partir desse fato, criou o Instituto de Pesquisas Ecum\u00eanicas, como unidade aut\u00f4noma em rela\u00e7\u00e3o \u00e0 [&hellip;]<\/p>\n","protected":false},"author":5,"featured_media":0,"comment_status":"open","ping_status":"open","sticky":false,"template":"","format":"standard","meta":{"ngg_post_thumbnail":0,"footnotes":""},"categories":[9],"tags":[363,440,242,68,77],"yoast_head":"<!-- This site is optimized with the Yoast SEO plugin v23.5 - https:\/\/yoast.com\/wordpress\/plugins\/seo\/ -->\n<title>Hans K\u00fcng : O que significa e o que n\u00e3o significa \u201cressurrei\u00e7\u00e3o\u201d - O Arcanjo no ar<\/title>\n<meta name=\"robots\" content=\"index, follow, max-snippet:-1, max-image-preview:large, max-video-preview:-1\" \/>\n<link rel=\"canonical\" href=\"https:\/\/www.oarcanjo.net\/site\/hans-kung-o-que-significa-e-o-que-nao-significa-\u201cressurreicao\u201d\/\" \/>\n<meta property=\"og:locale\" content=\"pt_BR\" \/>\n<meta property=\"og:type\" content=\"article\" \/>\n<meta property=\"og:title\" content=\"Hans K\u00fcng : O que significa e o que n\u00e3o significa \u201cressurrei\u00e7\u00e3o\u201d - O Arcanjo no ar\" \/>\n<meta property=\"og:description\" content=\"Te\u00f3logo cat\u00f3lico, K\u00fcng vive desde 1967 em T\u00fcbingen, onde leciona na Universidade. Por suas posi\u00e7\u00f5es firmes diante de Roma, sofreu duras repres\u00e1lias, que em 1979 culminaram na cassa\u00e7\u00e3o de sua autoriza\u00e7\u00e3o can\u00f4nica para lecionar Teologia em institui\u00e7\u00e3o superior cat\u00f3lica. A partir desse fato, criou o Instituto de Pesquisas Ecum\u00eanicas, como unidade aut\u00f4noma em rela\u00e7\u00e3o \u00e0 [&hellip;]\" \/>\n<meta property=\"og:url\" content=\"https:\/\/www.oarcanjo.net\/site\/hans-kung-o-que-significa-e-o-que-nao-significa-\u201cressurreicao\u201d\/\" \/>\n<meta property=\"og:site_name\" content=\"O Arcanjo no ar\" \/>\n<meta property=\"article:publisher\" content=\"https:\/\/www.facebook.com\/OArcanjoNoAr\/\" \/>\n<meta property=\"article:published_time\" content=\"2009-04-09T09:00:54+00:00\" \/>\n<meta property=\"article:modified_time\" content=\"2009-04-08T22:00:23+00:00\" \/>\n<meta property=\"og:image\" content=\"https:\/\/www.oarcanjo.net\/site\/wp-content\/uploads\/logo-o-arcanjo-no-ar-facebook.png\" \/>\n\t<meta property=\"og:image:width\" content=\"300\" \/>\n\t<meta property=\"og:image:height\" content=\"300\" \/>\n\t<meta property=\"og:image:type\" content=\"image\/png\" \/>\n<meta name=\"author\" content=\"editor\" \/>\n<meta name=\"twitter:card\" content=\"summary_large_image\" \/>\n<meta name=\"twitter:label1\" content=\"Escrito por\" \/>\n\t<meta name=\"twitter:data1\" content=\"editor\" \/>\n\t<meta name=\"twitter:label2\" content=\"Est. tempo de leitura\" \/>\n\t<meta name=\"twitter:data2\" content=\"6 minutos\" \/>\n<script type=\"application\/ld+json\" class=\"yoast-schema-graph\">{\"@context\":\"https:\/\/schema.org\",\"@graph\":[{\"@type\":\"Article\",\"@id\":\"https:\/\/www.oarcanjo.net\/site\/hans-kung-o-que-significa-e-o-que-nao-significa-%e2%80%9cressurreicao%e2%80%9d\/#article\",\"isPartOf\":{\"@id\":\"https:\/\/www.oarcanjo.net\/site\/hans-kung-o-que-significa-e-o-que-nao-significa-%e2%80%9cressurreicao%e2%80%9d\/\"},\"author\":{\"name\":\"editor\",\"@id\":\"https:\/\/www.oarcanjo.net\/site\/#\/schema\/person\/f7024d007863202483a31326673a0838\"},\"headline\":\"Hans K\u00fcng : O que significa e o que n\u00e3o significa \u201cressurrei\u00e7\u00e3o\u201d\",\"datePublished\":\"2009-04-09T09:00:54+00:00\",\"dateModified\":\"2009-04-08T22:00:23+00:00\",\"mainEntityOfPage\":{\"@id\":\"https:\/\/www.oarcanjo.net\/site\/hans-kung-o-que-significa-e-o-que-nao-significa-%e2%80%9cressurreicao%e2%80%9d\/\"},\"wordCount\":1116,\"commentCount\":0,\"publisher\":{\"@id\":\"https:\/\/www.oarcanjo.net\/site\/#organization\"},\"keywords\":[\"Deus\",\"Jesus Cristo\",\"P\u00e1scoa\",\"ressurei\u00e7\u00e3o\",\"teologia\"],\"articleSection\":[\"Reflex\u00f5es\"],\"inLanguage\":\"pt-BR\",\"potentialAction\":[{\"@type\":\"CommentAction\",\"name\":\"Comment\",\"target\":[\"https:\/\/www.oarcanjo.net\/site\/hans-kung-o-que-significa-e-o-que-nao-significa-%e2%80%9cressurreicao%e2%80%9d\/#respond\"]}]},{\"@type\":\"WebPage\",\"@id\":\"https:\/\/www.oarcanjo.net\/site\/hans-kung-o-que-significa-e-o-que-nao-significa-%e2%80%9cressurreicao%e2%80%9d\/\",\"url\":\"https:\/\/www.oarcanjo.net\/site\/hans-kung-o-que-significa-e-o-que-nao-significa-%e2%80%9cressurreicao%e2%80%9d\/\",\"name\":\"Hans K\u00fcng : O que significa e o que n\u00e3o significa \u201cressurrei\u00e7\u00e3o\u201d - O Arcanjo no ar\",\"isPartOf\":{\"@id\":\"https:\/\/www.oarcanjo.net\/site\/#website\"},\"datePublished\":\"2009-04-09T09:00:54+00:00\",\"dateModified\":\"2009-04-08T22:00:23+00:00\",\"breadcrumb\":{\"@id\":\"https:\/\/www.oarcanjo.net\/site\/hans-kung-o-que-significa-e-o-que-nao-significa-%e2%80%9cressurreicao%e2%80%9d\/#breadcrumb\"},\"inLanguage\":\"pt-BR\",\"potentialAction\":[{\"@type\":\"ReadAction\",\"target\":[\"https:\/\/www.oarcanjo.net\/site\/hans-kung-o-que-significa-e-o-que-nao-significa-%e2%80%9cressurreicao%e2%80%9d\/\"]}]},{\"@type\":\"BreadcrumbList\",\"@id\":\"https:\/\/www.oarcanjo.net\/site\/hans-kung-o-que-significa-e-o-que-nao-significa-%e2%80%9cressurreicao%e2%80%9d\/#breadcrumb\",\"itemListElement\":[{\"@type\":\"ListItem\",\"position\":1,\"name\":\"In\u00edcio\",\"item\":\"https:\/\/www.oarcanjo.net\/site\/\"},{\"@type\":\"ListItem\",\"position\":2,\"name\":\"Hans K\u00fcng : O que significa e o que n\u00e3o significa \u201cressurrei\u00e7\u00e3o\u201d\"}]},{\"@type\":\"WebSite\",\"@id\":\"https:\/\/www.oarcanjo.net\/site\/#website\",\"url\":\"https:\/\/www.oarcanjo.net\/site\/\",\"name\":\"O Arcanjo no ar\",\"description\":\"Site da Par\u00f3quia S\u00e3o Miguel Arcanjo (Arquidiocese de SP)\",\"publisher\":{\"@id\":\"https:\/\/www.oarcanjo.net\/site\/#organization\"},\"potentialAction\":[{\"@type\":\"SearchAction\",\"target\":{\"@type\":\"EntryPoint\",\"urlTemplate\":\"https:\/\/www.oarcanjo.net\/site\/?s={search_term_string}\"},\"query-input\":{\"@type\":\"PropertyValueSpecification\",\"valueRequired\":true,\"valueName\":\"search_term_string\"}}],\"inLanguage\":\"pt-BR\"},{\"@type\":\"Organization\",\"@id\":\"https:\/\/www.oarcanjo.net\/site\/#organization\",\"name\":\"Par\u00f3quia S\u00e3o Miguel Arcanjo\",\"url\":\"https:\/\/www.oarcanjo.net\/site\/\",\"logo\":{\"@type\":\"ImageObject\",\"inLanguage\":\"pt-BR\",\"@id\":\"https:\/\/www.oarcanjo.net\/site\/#\/schema\/logo\/image\/\",\"url\":\"https:\/\/www.oarcanjo.net\/site\/wp-content\/uploads\/LogoOArcanjo.png\",\"contentUrl\":\"https:\/\/www.oarcanjo.net\/site\/wp-content\/uploads\/LogoOArcanjo.png\",\"width\":319,\"height\":99,\"caption\":\"Par\u00f3quia S\u00e3o Miguel Arcanjo\"},\"image\":{\"@id\":\"https:\/\/www.oarcanjo.net\/site\/#\/schema\/logo\/image\/\"},\"sameAs\":[\"https:\/\/www.facebook.com\/OArcanjoNoAr\/\"]},{\"@type\":\"Person\",\"@id\":\"https:\/\/www.oarcanjo.net\/site\/#\/schema\/person\/f7024d007863202483a31326673a0838\",\"name\":\"editor\",\"sameAs\":[\"http:\/\/www.oarcanjo.net\"]}]}<\/script>\n<!-- \/ Yoast SEO plugin. -->","yoast_head_json":{"title":"Hans K\u00fcng : O que significa e o que n\u00e3o significa \u201cressurrei\u00e7\u00e3o\u201d - O Arcanjo no ar","robots":{"index":"index","follow":"follow","max-snippet":"max-snippet:-1","max-image-preview":"max-image-preview:large","max-video-preview":"max-video-preview:-1"},"canonical":"https:\/\/www.oarcanjo.net\/site\/hans-kung-o-que-significa-e-o-que-nao-significa-\u201cressurreicao\u201d\/","og_locale":"pt_BR","og_type":"article","og_title":"Hans K\u00fcng : O que significa e o que n\u00e3o significa \u201cressurrei\u00e7\u00e3o\u201d - O Arcanjo no ar","og_description":"Te\u00f3logo cat\u00f3lico, K\u00fcng vive desde 1967 em T\u00fcbingen, onde leciona na Universidade. Por suas posi\u00e7\u00f5es firmes diante de Roma, sofreu duras repres\u00e1lias, que em 1979 culminaram na cassa\u00e7\u00e3o de sua autoriza\u00e7\u00e3o can\u00f4nica para lecionar Teologia em institui\u00e7\u00e3o superior cat\u00f3lica. A partir desse fato, criou o Instituto de Pesquisas Ecum\u00eanicas, como unidade aut\u00f4noma em rela\u00e7\u00e3o \u00e0 [&hellip;]","og_url":"https:\/\/www.oarcanjo.net\/site\/hans-kung-o-que-significa-e-o-que-nao-significa-\u201cressurreicao\u201d\/","og_site_name":"O Arcanjo no ar","article_publisher":"https:\/\/www.facebook.com\/OArcanjoNoAr\/","article_published_time":"2009-04-09T09:00:54+00:00","article_modified_time":"2009-04-08T22:00:23+00:00","og_image":[{"width":300,"height":300,"url":"https:\/\/www.oarcanjo.net\/site\/wp-content\/uploads\/logo-o-arcanjo-no-ar-facebook.png","type":"image\/png"}],"author":"editor","twitter_card":"summary_large_image","twitter_misc":{"Escrito por":"editor","Est. tempo de leitura":"6 minutos"},"schema":{"@context":"https:\/\/schema.org","@graph":[{"@type":"Article","@id":"https:\/\/www.oarcanjo.net\/site\/hans-kung-o-que-significa-e-o-que-nao-significa-%e2%80%9cressurreicao%e2%80%9d\/#article","isPartOf":{"@id":"https:\/\/www.oarcanjo.net\/site\/hans-kung-o-que-significa-e-o-que-nao-significa-%e2%80%9cressurreicao%e2%80%9d\/"},"author":{"name":"editor","@id":"https:\/\/www.oarcanjo.net\/site\/#\/schema\/person\/f7024d007863202483a31326673a0838"},"headline":"Hans K\u00fcng : O que significa e o que n\u00e3o significa \u201cressurrei\u00e7\u00e3o\u201d","datePublished":"2009-04-09T09:00:54+00:00","dateModified":"2009-04-08T22:00:23+00:00","mainEntityOfPage":{"@id":"https:\/\/www.oarcanjo.net\/site\/hans-kung-o-que-significa-e-o-que-nao-significa-%e2%80%9cressurreicao%e2%80%9d\/"},"wordCount":1116,"commentCount":0,"publisher":{"@id":"https:\/\/www.oarcanjo.net\/site\/#organization"},"keywords":["Deus","Jesus Cristo","P\u00e1scoa","ressurei\u00e7\u00e3o","teologia"],"articleSection":["Reflex\u00f5es"],"inLanguage":"pt-BR","potentialAction":[{"@type":"CommentAction","name":"Comment","target":["https:\/\/www.oarcanjo.net\/site\/hans-kung-o-que-significa-e-o-que-nao-significa-%e2%80%9cressurreicao%e2%80%9d\/#respond"]}]},{"@type":"WebPage","@id":"https:\/\/www.oarcanjo.net\/site\/hans-kung-o-que-significa-e-o-que-nao-significa-%e2%80%9cressurreicao%e2%80%9d\/","url":"https:\/\/www.oarcanjo.net\/site\/hans-kung-o-que-significa-e-o-que-nao-significa-%e2%80%9cressurreicao%e2%80%9d\/","name":"Hans K\u00fcng : O que significa e o que n\u00e3o significa \u201cressurrei\u00e7\u00e3o\u201d - O Arcanjo no ar","isPartOf":{"@id":"https:\/\/www.oarcanjo.net\/site\/#website"},"datePublished":"2009-04-09T09:00:54+00:00","dateModified":"2009-04-08T22:00:23+00:00","breadcrumb":{"@id":"https:\/\/www.oarcanjo.net\/site\/hans-kung-o-que-significa-e-o-que-nao-significa-%e2%80%9cressurreicao%e2%80%9d\/#breadcrumb"},"inLanguage":"pt-BR","potentialAction":[{"@type":"ReadAction","target":["https:\/\/www.oarcanjo.net\/site\/hans-kung-o-que-significa-e-o-que-nao-significa-%e2%80%9cressurreicao%e2%80%9d\/"]}]},{"@type":"BreadcrumbList","@id":"https:\/\/www.oarcanjo.net\/site\/hans-kung-o-que-significa-e-o-que-nao-significa-%e2%80%9cressurreicao%e2%80%9d\/#breadcrumb","itemListElement":[{"@type":"ListItem","position":1,"name":"In\u00edcio","item":"https:\/\/www.oarcanjo.net\/site\/"},{"@type":"ListItem","position":2,"name":"Hans K\u00fcng : O que significa e o que n\u00e3o significa \u201cressurrei\u00e7\u00e3o\u201d"}]},{"@type":"WebSite","@id":"https:\/\/www.oarcanjo.net\/site\/#website","url":"https:\/\/www.oarcanjo.net\/site\/","name":"O Arcanjo no ar","description":"Site da Par\u00f3quia S\u00e3o Miguel Arcanjo (Arquidiocese de SP)","publisher":{"@id":"https:\/\/www.oarcanjo.net\/site\/#organization"},"potentialAction":[{"@type":"SearchAction","target":{"@type":"EntryPoint","urlTemplate":"https:\/\/www.oarcanjo.net\/site\/?s={search_term_string}"},"query-input":{"@type":"PropertyValueSpecification","valueRequired":true,"valueName":"search_term_string"}}],"inLanguage":"pt-BR"},{"@type":"Organization","@id":"https:\/\/www.oarcanjo.net\/site\/#organization","name":"Par\u00f3quia S\u00e3o Miguel Arcanjo","url":"https:\/\/www.oarcanjo.net\/site\/","logo":{"@type":"ImageObject","inLanguage":"pt-BR","@id":"https:\/\/www.oarcanjo.net\/site\/#\/schema\/logo\/image\/","url":"https:\/\/www.oarcanjo.net\/site\/wp-content\/uploads\/LogoOArcanjo.png","contentUrl":"https:\/\/www.oarcanjo.net\/site\/wp-content\/uploads\/LogoOArcanjo.png","width":319,"height":99,"caption":"Par\u00f3quia S\u00e3o Miguel Arcanjo"},"image":{"@id":"https:\/\/www.oarcanjo.net\/site\/#\/schema\/logo\/image\/"},"sameAs":["https:\/\/www.facebook.com\/OArcanjoNoAr\/"]},{"@type":"Person","@id":"https:\/\/www.oarcanjo.net\/site\/#\/schema\/person\/f7024d007863202483a31326673a0838","name":"editor","sameAs":["http:\/\/www.oarcanjo.net"]}]}},"publishpress_future_action":{"enabled":false,"date":"2026-05-09 01:49:31","action":"category","newStatus":"draft","terms":[],"taxonomy":"category"},"publishpress_future_workflow_manual_trigger":{"enabledWorkflows":[]},"_links":{"self":[{"href":"https:\/\/www.oarcanjo.net\/site\/wp-json\/wp\/v2\/posts\/2748"}],"collection":[{"href":"https:\/\/www.oarcanjo.net\/site\/wp-json\/wp\/v2\/posts"}],"about":[{"href":"https:\/\/www.oarcanjo.net\/site\/wp-json\/wp\/v2\/types\/post"}],"author":[{"embeddable":true,"href":"https:\/\/www.oarcanjo.net\/site\/wp-json\/wp\/v2\/users\/5"}],"replies":[{"embeddable":true,"href":"https:\/\/www.oarcanjo.net\/site\/wp-json\/wp\/v2\/comments?post=2748"}],"version-history":[{"count":0,"href":"https:\/\/www.oarcanjo.net\/site\/wp-json\/wp\/v2\/posts\/2748\/revisions"}],"wp:attachment":[{"href":"https:\/\/www.oarcanjo.net\/site\/wp-json\/wp\/v2\/media?parent=2748"}],"wp:term":[{"taxonomy":"category","embeddable":true,"href":"https:\/\/www.oarcanjo.net\/site\/wp-json\/wp\/v2\/categories?post=2748"},{"taxonomy":"post_tag","embeddable":true,"href":"https:\/\/www.oarcanjo.net\/site\/wp-json\/wp\/v2\/tags?post=2748"}],"curies":[{"name":"wp","href":"https:\/\/api.w.org\/{rel}","templated":true}]}}