
{"id":2752,"date":"2009-04-13T19:04:46","date_gmt":"2009-04-13T22:04:46","guid":{"rendered":"http:\/\/www.oarcanjo.net\/site\/?p=2752"},"modified":"2009-04-08T19:06:33","modified_gmt":"2009-04-08T22:06:33","slug":"luta-ecologica-e-o-fracasso-de-deus-na-historia-i","status":"publish","type":"post","link":"https:\/\/www.oarcanjo.net\/site\/luta-ecologica-e-o-fracasso-de-deus-na-historia-i\/","title":{"rendered":"Luta ecol\u00f3gica e o fracasso de Deus na hist\u00f3ria (I)"},"content":{"rendered":"<p>Jung Mo Sung<\/p>\n<p>Se perguntarmos \u00e0s pessoas se elas s\u00e3o a favor da preserva\u00e7\u00e3o do meio ambiente, todas ou quase todas dir\u00e3o que sim. Se perguntarmos se est\u00e3o preocupadas com a crise ecol\u00f3gica, quase todas tamb\u00e9m dir\u00e3o que sim. Mas, se perguntarmos a essas mesmas pessoas se essas preocupa\u00e7\u00f5es as levaram a modificar o seu cotidiano ou os seus sonhos ou se diminu\u00edram o seu padr\u00e3o e quantidade de consumo e\/ou pretendem a diminuir para adequ\u00e1-los \u00e0 crise ecol\u00f3gica, muito poucas dir\u00e3o que sim. Em outras palavras, a preocupa\u00e7\u00e3o ecol\u00f3gica hoje faz parte do que \u00e9 considerado &#8220;politicamente correto&#8221;, mas parece que &#8220;no fundo&#8221; as pessoas n\u00e3o levam muito a s\u00e9rio essa quest\u00e3o. <\/p>\n<p>Precisamos entender um pouco melhor essa defasagem entre a preocupa\u00e7\u00e3o ecol\u00f3gica no n\u00edvel do discurso e pouca mudan\u00e7a real nos comportamentos e nos desejos. Sem essa compreens\u00e3o, as lutas, a\u00e7\u00f5es e discursos em favor da preserva\u00e7\u00e3o das condi\u00e7\u00f5es de vida no planeta Terra ter\u00e3o pouco efeito, ou cair\u00e3o no vazio ou ficar\u00e3o somente no n\u00edvel das verborr\u00e9ias. <\/p>\n<p>Neste artigo eu quero apontar apenas um dos aspectos importantes da &#8220;luta ecol\u00f3gica&#8221;, que tem a ver com a no\u00e7\u00e3o de sustentabilidade. A maior parte dos discursos em defesa do meio ambiente se refere a n\u00e3o sustentabilidade do atual padr\u00e3o de vida e de desperd\u00edcios de recursos naturais essenciais, como a \u00e1gua. Isto \u00e9, se mantivermos as condi\u00e7\u00f5es atuais, teremos muitos problemas no futuro. Em outras palavras, o problema grave n\u00e3o est\u00e1 no presente como um fato vis\u00edvel ou experiment\u00e1vel, mas como um potencial que se manifestar\u00e1 em um futuro pr\u00f3ximo ou long\u00ednquo. <\/p>\n<p>Isso significa que uma real preocupa\u00e7\u00e3o com o meio ambiente pressup\u00f5e uma vis\u00e3o sobre o futuro. Se a pessoa n\u00e3o tem no\u00e7\u00e3o de futuro ou n\u00e3o se preocupa com o futuro, n\u00e3o consegue entender o que significa a crise ecol\u00f3gica, pois no presente esse problema n\u00e3o \u00e9 muito sentido. O que nos leva \u00e0 hip\u00f3tese de que as pessoas que, mesmo aceitando as previs\u00f5es dos estudiosos do assunto, n\u00e3o se preocupam de fato com a crise ambiental n\u00e3o t\u00eam preocupa\u00e7\u00f5es ou d\u00favidas com rela\u00e7\u00e3o \u00e0s condi\u00e7\u00f5es de possibilidade de vida humana no futuro.<\/p>\n<p>Eu penso que a cultura atual, onde a \u00eanfase \u00e9 dada no viver o presente, refor\u00e7a em muito essa despreocupa\u00e7\u00e3o. Pois, se o mais importante \u00e9 viver o presente, porque deveriam se preocupar com o que pode acontecer de mal no futuro. Por\u00e9m, o ser humano \u00e9 um ser que n\u00e3o pode n\u00e3o se preocupar (ocupar-se antes do acontecimento). Assim, mesmo em uma cultura que privilegia o viver o momento presente, as pessoas pensam no futuro. S\u00f3 que a &#8220;cultura do presente&#8221; traz consigo tamb\u00e9m a id\u00e9ia de que, se vivermos bem o presente, as coisas no futuro se ajeitar\u00e3o. <\/p>\n<p>A id\u00e9ia de que as coisas no futuro se ajeitar\u00e3o \u00e9 bastante sedutora porque nos desobriga da responsabilidade com os nossos atos e op\u00e7\u00f5es no presente. E ela n\u00e3o \u00e9 sedutora somente por causa da legitima\u00e7\u00e3o dessa aliena\u00e7\u00e3o psicol\u00f3gico- subjetiva, mas tamb\u00e9m porque se articula com uma antiga doutrina religiosa, que diz que Deus est\u00e1 no comando da hist\u00f3ria, que o futuro est\u00e1 nas m\u00e3os de Deus.<\/p>\n<p>Se o futuro est\u00e1 nas m\u00e3os de Deus, ou se Deus est\u00e1 no controle da hist\u00f3ria, n\u00e3o h\u00e1 o que podemos fazer e nem com o que se preocupar. Os religiosos conservadores norteamericanos ou influenciados por eles dizem que o futuro ser\u00e1 Armagedom, destrui\u00e7\u00e3o total que precederia a vinda gloriosa de Jesus no final dos tempos. Portanto, a crise ecol\u00f3gica n\u00e3o seria um problema, mas quase uma solu\u00e7\u00e3o. Por outro lado, h\u00e1 muitos religiosos\/as &#8220;otimistas&#8221; que dizem que a hist\u00f3ria tende a um final &#8220;feliz&#8221;, porque Deus, de um modo ou outro, ir\u00e1 conduzir a hist\u00f3ria para o &#8220;ponto \u00f4mega&#8221; (Teilhard de Chardin), ou ent\u00e3o que o Esp\u00edrito de Deus conduzir\u00e1 a hist\u00f3ria e toda humanidade \u00e0 sua plenitude. H\u00e1 te\u00f3logos\/as que afirmam que a &#8220;certeza&#8221; desse caminho da hist\u00f3ria em dire\u00e7\u00e3o \u00e0 plenitude \u00e9 o outro lado da moeda da f\u00e9 de que Deus se encarnou na pessoa de Jesus. <\/p>\n<p>Se o futuro \u00e9 negado enquanto futuro, isto \u00e9, se o futuro \u00e9 apagado em nome da valoriza\u00e7\u00e3o absoluta do presente; ou se o futuro \u00e9 negado enquanto um tempo aberto, cheio de possibilidades boas e m\u00e1s, por teologias ou filosofias da hist\u00f3ria que dizem que ela terminar\u00e1 necessariamente em um estado de caos ou de plenitude, a preocupa\u00e7\u00e3o com o futuro e com a sustentabilidade das condi\u00e7\u00f5es de vida no planeta Terra n\u00e3o tem sentido.<\/p>\n<p>Para que a luta ecol\u00f3gica tenha sentido e efic\u00e1cia, \u00e9 preciso que o nosso discurso religioso ou pol\u00edtico-social recupere o futuro como futuro e abandone o discurso sedutor e (teologicamente f\u00e1cil) de que, por mais maldade que h\u00e1 no mundo, Deus, ou outra for\u00e7a sobre-humana, est\u00e1 conduzindo de modo misterioso a hist\u00f3ria para um final feliz. Assumir a ambig\u00fcidade da hist\u00f3ria e do ser humano, a possibilidade de que a hist\u00f3ria possa terminar em caos e que Deus possa &#8220;falhar&#8221; no seu plano de salva\u00e7\u00e3o da hist\u00f3ria, \u00e9 uma condi\u00e7\u00e3o para que a luta ecol\u00f3gica tenha sentido e efic\u00e1cia.<\/p>\n<div id=\"themify_builder_content-2752\" data-postid=\"2752\" class=\"themify_builder_content themify_builder_content-2752 themify_builder themify_builder_front\">\n\t<\/div>\n<!-- \/themify_builder_content -->","protected":false},"excerpt":{"rendered":"<p>Jung Mo Sung Se perguntarmos \u00e0s pessoas se elas s\u00e3o a favor da preserva\u00e7\u00e3o do meio ambiente, todas ou quase todas dir\u00e3o que sim. Se perguntarmos se est\u00e3o preocupadas com a crise ecol\u00f3gica, quase todas tamb\u00e9m dir\u00e3o que sim. Mas, se perguntarmos a essas mesmas pessoas se essas preocupa\u00e7\u00f5es as levaram a modificar o seu [&hellip;]<\/p>\n","protected":false},"author":5,"featured_media":0,"comment_status":"open","ping_status":"open","sticky":false,"template":"","format":"standard","meta":{"ngg_post_thumbnail":0,"footnotes":""},"categories":[9],"tags":[104,468,469,470,77],"yoast_head":"<!-- This site is optimized with the Yoast SEO plugin v23.5 - https:\/\/yoast.com\/wordpress\/plugins\/seo\/ -->\n<title>Luta ecol\u00f3gica e o fracasso de Deus na hist\u00f3ria (I) - O Arcanjo no ar<\/title>\n<meta name=\"robots\" content=\"index, follow, max-snippet:-1, max-image-preview:large, max-video-preview:-1\" \/>\n<link rel=\"canonical\" href=\"https:\/\/www.oarcanjo.net\/site\/luta-ecologica-e-o-fracasso-de-deus-na-historia-i\/\" \/>\n<meta property=\"og:locale\" content=\"pt_BR\" \/>\n<meta property=\"og:type\" content=\"article\" \/>\n<meta property=\"og:title\" content=\"Luta ecol\u00f3gica e o fracasso de Deus na hist\u00f3ria (I) - O Arcanjo no ar\" \/>\n<meta property=\"og:description\" content=\"Jung Mo Sung Se perguntarmos \u00e0s pessoas se elas s\u00e3o a favor da preserva\u00e7\u00e3o do meio ambiente, todas ou quase todas dir\u00e3o que sim. Se perguntarmos se est\u00e3o preocupadas com a crise ecol\u00f3gica, quase todas tamb\u00e9m dir\u00e3o que sim. Mas, se perguntarmos a essas mesmas pessoas se essas preocupa\u00e7\u00f5es as levaram a modificar o seu [&hellip;]\" \/>\n<meta property=\"og:url\" content=\"https:\/\/www.oarcanjo.net\/site\/luta-ecologica-e-o-fracasso-de-deus-na-historia-i\/\" \/>\n<meta property=\"og:site_name\" content=\"O Arcanjo no ar\" \/>\n<meta property=\"article:publisher\" content=\"https:\/\/www.facebook.com\/OArcanjoNoAr\/\" \/>\n<meta property=\"article:published_time\" content=\"2009-04-13T22:04:46+00:00\" \/>\n<meta property=\"article:modified_time\" content=\"2009-04-08T22:06:33+00:00\" \/>\n<meta property=\"og:image\" content=\"https:\/\/www.oarcanjo.net\/site\/wp-content\/uploads\/logo-o-arcanjo-no-ar-facebook.png\" \/>\n\t<meta property=\"og:image:width\" content=\"300\" \/>\n\t<meta property=\"og:image:height\" content=\"300\" \/>\n\t<meta property=\"og:image:type\" content=\"image\/png\" \/>\n<meta name=\"author\" content=\"editor\" \/>\n<meta name=\"twitter:card\" content=\"summary_large_image\" \/>\n<meta name=\"twitter:label1\" content=\"Escrito por\" \/>\n\t<meta name=\"twitter:data1\" content=\"editor\" \/>\n\t<meta name=\"twitter:label2\" content=\"Est. tempo de leitura\" \/>\n\t<meta name=\"twitter:data2\" content=\"5 minutos\" \/>\n<script type=\"application\/ld+json\" class=\"yoast-schema-graph\">{\"@context\":\"https:\/\/schema.org\",\"@graph\":[{\"@type\":\"Article\",\"@id\":\"https:\/\/www.oarcanjo.net\/site\/luta-ecologica-e-o-fracasso-de-deus-na-historia-i\/#article\",\"isPartOf\":{\"@id\":\"https:\/\/www.oarcanjo.net\/site\/luta-ecologica-e-o-fracasso-de-deus-na-historia-i\/\"},\"author\":{\"name\":\"editor\",\"@id\":\"https:\/\/www.oarcanjo.net\/site\/#\/schema\/person\/f7024d007863202483a31326673a0838\"},\"headline\":\"Luta ecol\u00f3gica e o fracasso de Deus na hist\u00f3ria (I)\",\"datePublished\":\"2009-04-13T22:04:46+00:00\",\"dateModified\":\"2009-04-08T22:06:33+00:00\",\"mainEntityOfPage\":{\"@id\":\"https:\/\/www.oarcanjo.net\/site\/luta-ecologica-e-o-fracasso-de-deus-na-historia-i\/\"},\"wordCount\":958,\"commentCount\":1,\"publisher\":{\"@id\":\"https:\/\/www.oarcanjo.net\/site\/#organization\"},\"keywords\":[\"ecologia\",\"meio ambiente\",\"preserva\u00e7\u00e3o\",\"sustentabilidade\",\"teologia\"],\"articleSection\":[\"Reflex\u00f5es\"],\"inLanguage\":\"pt-BR\",\"potentialAction\":[{\"@type\":\"CommentAction\",\"name\":\"Comment\",\"target\":[\"https:\/\/www.oarcanjo.net\/site\/luta-ecologica-e-o-fracasso-de-deus-na-historia-i\/#respond\"]}]},{\"@type\":\"WebPage\",\"@id\":\"https:\/\/www.oarcanjo.net\/site\/luta-ecologica-e-o-fracasso-de-deus-na-historia-i\/\",\"url\":\"https:\/\/www.oarcanjo.net\/site\/luta-ecologica-e-o-fracasso-de-deus-na-historia-i\/\",\"name\":\"Luta ecol\u00f3gica e o fracasso de Deus na hist\u00f3ria (I) - O Arcanjo no ar\",\"isPartOf\":{\"@id\":\"https:\/\/www.oarcanjo.net\/site\/#website\"},\"datePublished\":\"2009-04-13T22:04:46+00:00\",\"dateModified\":\"2009-04-08T22:06:33+00:00\",\"breadcrumb\":{\"@id\":\"https:\/\/www.oarcanjo.net\/site\/luta-ecologica-e-o-fracasso-de-deus-na-historia-i\/#breadcrumb\"},\"inLanguage\":\"pt-BR\",\"potentialAction\":[{\"@type\":\"ReadAction\",\"target\":[\"https:\/\/www.oarcanjo.net\/site\/luta-ecologica-e-o-fracasso-de-deus-na-historia-i\/\"]}]},{\"@type\":\"BreadcrumbList\",\"@id\":\"https:\/\/www.oarcanjo.net\/site\/luta-ecologica-e-o-fracasso-de-deus-na-historia-i\/#breadcrumb\",\"itemListElement\":[{\"@type\":\"ListItem\",\"position\":1,\"name\":\"In\u00edcio\",\"item\":\"https:\/\/www.oarcanjo.net\/site\/\"},{\"@type\":\"ListItem\",\"position\":2,\"name\":\"Luta ecol\u00f3gica e o fracasso de Deus na hist\u00f3ria (I)\"}]},{\"@type\":\"WebSite\",\"@id\":\"https:\/\/www.oarcanjo.net\/site\/#website\",\"url\":\"https:\/\/www.oarcanjo.net\/site\/\",\"name\":\"O Arcanjo no ar\",\"description\":\"Site da Par\u00f3quia S\u00e3o Miguel Arcanjo (Arquidiocese de SP)\",\"publisher\":{\"@id\":\"https:\/\/www.oarcanjo.net\/site\/#organization\"},\"potentialAction\":[{\"@type\":\"SearchAction\",\"target\":{\"@type\":\"EntryPoint\",\"urlTemplate\":\"https:\/\/www.oarcanjo.net\/site\/?s={search_term_string}\"},\"query-input\":{\"@type\":\"PropertyValueSpecification\",\"valueRequired\":true,\"valueName\":\"search_term_string\"}}],\"inLanguage\":\"pt-BR\"},{\"@type\":\"Organization\",\"@id\":\"https:\/\/www.oarcanjo.net\/site\/#organization\",\"name\":\"Par\u00f3quia S\u00e3o Miguel Arcanjo\",\"url\":\"https:\/\/www.oarcanjo.net\/site\/\",\"logo\":{\"@type\":\"ImageObject\",\"inLanguage\":\"pt-BR\",\"@id\":\"https:\/\/www.oarcanjo.net\/site\/#\/schema\/logo\/image\/\",\"url\":\"https:\/\/www.oarcanjo.net\/site\/wp-content\/uploads\/LogoOArcanjo.png\",\"contentUrl\":\"https:\/\/www.oarcanjo.net\/site\/wp-content\/uploads\/LogoOArcanjo.png\",\"width\":319,\"height\":99,\"caption\":\"Par\u00f3quia S\u00e3o Miguel Arcanjo\"},\"image\":{\"@id\":\"https:\/\/www.oarcanjo.net\/site\/#\/schema\/logo\/image\/\"},\"sameAs\":[\"https:\/\/www.facebook.com\/OArcanjoNoAr\/\"]},{\"@type\":\"Person\",\"@id\":\"https:\/\/www.oarcanjo.net\/site\/#\/schema\/person\/f7024d007863202483a31326673a0838\",\"name\":\"editor\",\"sameAs\":[\"http:\/\/www.oarcanjo.net\"]}]}<\/script>\n<!-- \/ Yoast SEO plugin. -->","yoast_head_json":{"title":"Luta ecol\u00f3gica e o fracasso de Deus na hist\u00f3ria (I) - O Arcanjo no ar","robots":{"index":"index","follow":"follow","max-snippet":"max-snippet:-1","max-image-preview":"max-image-preview:large","max-video-preview":"max-video-preview:-1"},"canonical":"https:\/\/www.oarcanjo.net\/site\/luta-ecologica-e-o-fracasso-de-deus-na-historia-i\/","og_locale":"pt_BR","og_type":"article","og_title":"Luta ecol\u00f3gica e o fracasso de Deus na hist\u00f3ria (I) - O Arcanjo no ar","og_description":"Jung Mo Sung Se perguntarmos \u00e0s pessoas se elas s\u00e3o a favor da preserva\u00e7\u00e3o do meio ambiente, todas ou quase todas dir\u00e3o que sim. Se perguntarmos se est\u00e3o preocupadas com a crise ecol\u00f3gica, quase todas tamb\u00e9m dir\u00e3o que sim. Mas, se perguntarmos a essas mesmas pessoas se essas preocupa\u00e7\u00f5es as levaram a modificar o seu [&hellip;]","og_url":"https:\/\/www.oarcanjo.net\/site\/luta-ecologica-e-o-fracasso-de-deus-na-historia-i\/","og_site_name":"O Arcanjo no ar","article_publisher":"https:\/\/www.facebook.com\/OArcanjoNoAr\/","article_published_time":"2009-04-13T22:04:46+00:00","article_modified_time":"2009-04-08T22:06:33+00:00","og_image":[{"width":300,"height":300,"url":"https:\/\/www.oarcanjo.net\/site\/wp-content\/uploads\/logo-o-arcanjo-no-ar-facebook.png","type":"image\/png"}],"author":"editor","twitter_card":"summary_large_image","twitter_misc":{"Escrito por":"editor","Est. tempo de leitura":"5 minutos"},"schema":{"@context":"https:\/\/schema.org","@graph":[{"@type":"Article","@id":"https:\/\/www.oarcanjo.net\/site\/luta-ecologica-e-o-fracasso-de-deus-na-historia-i\/#article","isPartOf":{"@id":"https:\/\/www.oarcanjo.net\/site\/luta-ecologica-e-o-fracasso-de-deus-na-historia-i\/"},"author":{"name":"editor","@id":"https:\/\/www.oarcanjo.net\/site\/#\/schema\/person\/f7024d007863202483a31326673a0838"},"headline":"Luta ecol\u00f3gica e o fracasso de Deus na hist\u00f3ria (I)","datePublished":"2009-04-13T22:04:46+00:00","dateModified":"2009-04-08T22:06:33+00:00","mainEntityOfPage":{"@id":"https:\/\/www.oarcanjo.net\/site\/luta-ecologica-e-o-fracasso-de-deus-na-historia-i\/"},"wordCount":958,"commentCount":1,"publisher":{"@id":"https:\/\/www.oarcanjo.net\/site\/#organization"},"keywords":["ecologia","meio ambiente","preserva\u00e7\u00e3o","sustentabilidade","teologia"],"articleSection":["Reflex\u00f5es"],"inLanguage":"pt-BR","potentialAction":[{"@type":"CommentAction","name":"Comment","target":["https:\/\/www.oarcanjo.net\/site\/luta-ecologica-e-o-fracasso-de-deus-na-historia-i\/#respond"]}]},{"@type":"WebPage","@id":"https:\/\/www.oarcanjo.net\/site\/luta-ecologica-e-o-fracasso-de-deus-na-historia-i\/","url":"https:\/\/www.oarcanjo.net\/site\/luta-ecologica-e-o-fracasso-de-deus-na-historia-i\/","name":"Luta ecol\u00f3gica e o fracasso de Deus na hist\u00f3ria (I) - O Arcanjo no ar","isPartOf":{"@id":"https:\/\/www.oarcanjo.net\/site\/#website"},"datePublished":"2009-04-13T22:04:46+00:00","dateModified":"2009-04-08T22:06:33+00:00","breadcrumb":{"@id":"https:\/\/www.oarcanjo.net\/site\/luta-ecologica-e-o-fracasso-de-deus-na-historia-i\/#breadcrumb"},"inLanguage":"pt-BR","potentialAction":[{"@type":"ReadAction","target":["https:\/\/www.oarcanjo.net\/site\/luta-ecologica-e-o-fracasso-de-deus-na-historia-i\/"]}]},{"@type":"BreadcrumbList","@id":"https:\/\/www.oarcanjo.net\/site\/luta-ecologica-e-o-fracasso-de-deus-na-historia-i\/#breadcrumb","itemListElement":[{"@type":"ListItem","position":1,"name":"In\u00edcio","item":"https:\/\/www.oarcanjo.net\/site\/"},{"@type":"ListItem","position":2,"name":"Luta ecol\u00f3gica e o fracasso de Deus na hist\u00f3ria (I)"}]},{"@type":"WebSite","@id":"https:\/\/www.oarcanjo.net\/site\/#website","url":"https:\/\/www.oarcanjo.net\/site\/","name":"O Arcanjo no ar","description":"Site da Par\u00f3quia S\u00e3o Miguel Arcanjo (Arquidiocese de SP)","publisher":{"@id":"https:\/\/www.oarcanjo.net\/site\/#organization"},"potentialAction":[{"@type":"SearchAction","target":{"@type":"EntryPoint","urlTemplate":"https:\/\/www.oarcanjo.net\/site\/?s={search_term_string}"},"query-input":{"@type":"PropertyValueSpecification","valueRequired":true,"valueName":"search_term_string"}}],"inLanguage":"pt-BR"},{"@type":"Organization","@id":"https:\/\/www.oarcanjo.net\/site\/#organization","name":"Par\u00f3quia S\u00e3o Miguel Arcanjo","url":"https:\/\/www.oarcanjo.net\/site\/","logo":{"@type":"ImageObject","inLanguage":"pt-BR","@id":"https:\/\/www.oarcanjo.net\/site\/#\/schema\/logo\/image\/","url":"https:\/\/www.oarcanjo.net\/site\/wp-content\/uploads\/LogoOArcanjo.png","contentUrl":"https:\/\/www.oarcanjo.net\/site\/wp-content\/uploads\/LogoOArcanjo.png","width":319,"height":99,"caption":"Par\u00f3quia S\u00e3o Miguel Arcanjo"},"image":{"@id":"https:\/\/www.oarcanjo.net\/site\/#\/schema\/logo\/image\/"},"sameAs":["https:\/\/www.facebook.com\/OArcanjoNoAr\/"]},{"@type":"Person","@id":"https:\/\/www.oarcanjo.net\/site\/#\/schema\/person\/f7024d007863202483a31326673a0838","name":"editor","sameAs":["http:\/\/www.oarcanjo.net"]}]}},"publishpress_future_action":{"enabled":false,"date":"2026-05-09 00:05:36","action":"category","newStatus":"draft","terms":[],"taxonomy":"category"},"publishpress_future_workflow_manual_trigger":{"enabledWorkflows":[]},"_links":{"self":[{"href":"https:\/\/www.oarcanjo.net\/site\/wp-json\/wp\/v2\/posts\/2752"}],"collection":[{"href":"https:\/\/www.oarcanjo.net\/site\/wp-json\/wp\/v2\/posts"}],"about":[{"href":"https:\/\/www.oarcanjo.net\/site\/wp-json\/wp\/v2\/types\/post"}],"author":[{"embeddable":true,"href":"https:\/\/www.oarcanjo.net\/site\/wp-json\/wp\/v2\/users\/5"}],"replies":[{"embeddable":true,"href":"https:\/\/www.oarcanjo.net\/site\/wp-json\/wp\/v2\/comments?post=2752"}],"version-history":[{"count":0,"href":"https:\/\/www.oarcanjo.net\/site\/wp-json\/wp\/v2\/posts\/2752\/revisions"}],"wp:attachment":[{"href":"https:\/\/www.oarcanjo.net\/site\/wp-json\/wp\/v2\/media?parent=2752"}],"wp:term":[{"taxonomy":"category","embeddable":true,"href":"https:\/\/www.oarcanjo.net\/site\/wp-json\/wp\/v2\/categories?post=2752"},{"taxonomy":"post_tag","embeddable":true,"href":"https:\/\/www.oarcanjo.net\/site\/wp-json\/wp\/v2\/tags?post=2752"}],"curies":[{"name":"wp","href":"https:\/\/api.w.org\/{rel}","templated":true}]}}