
{"id":2758,"date":"2009-04-08T23:43:47","date_gmt":"2009-04-09T02:43:47","guid":{"rendered":"http:\/\/www.oarcanjo.net\/site\/?p=2758"},"modified":"2009-04-08T23:43:47","modified_gmt":"2009-04-09T02:43:47","slug":"dom-erwin-krautler-fala-sobre-o-caso-dorothy-stang","status":"publish","type":"post","link":"https:\/\/www.oarcanjo.net\/site\/dom-erwin-krautler-fala-sobre-o-caso-dorothy-stang\/","title":{"rendered":"Dom Erwin Kr\u00e4utler fala sobre o caso Dorothy Stang"},"content":{"rendered":"<p><em>Em entrevista dada a assessoria de imprensa da CNBB, o bispo prelado de Xingu (PA), dom Erwin Kr\u00e4utler fala sobre a decis\u00e3o da 1\u00aa C\u00e2mara Criminal Isolada, do Tribunal de Justi\u00e7a do Par\u00e1, que acatando recurso solicitado pelo promotor \u00c9dson Cardoso, anulou o julgamento de Vitalmiro Bastos de Moura, Biba, que \u00e9 suspeito de mandar matar a mission\u00e1ria Dorothy Stang, em fevereiro de 2005.<\/em><\/p>\n<p><em>O que o senhor achou da decis\u00e3o proferida pelo Tribunal de Justi\u00e7a, anulando o julgamento e pedindo a pris\u00e3o imediata do principal suspeito de mandar matar a mission\u00e1ria?<\/em><\/p>\n<p>Sinceramente, n\u00e3o acreditei mais que chegar\u00edamos a esse desfecho. N\u00f3s esper\u00e1vamos que o julgamento de Vitalmiro Bastos, que tanto envergonhou esse pa\u00eds fosse anulado imediatamente. Custou, mas aconteceu. Mesmo assim, o Bida \u00e9 apenas um dos integrantes desse cons\u00f3rcio criminoso que reina por aqui. H\u00e1 outros envolvidos nesse b\u00e1rbaro crime, uns diretamente, outros indiretamente. Alguns que prepararam todo o ambiente hostil \u00e0 irm\u00e3 Dorothy, exigindo que ela seja expulsa da regi\u00e3o, ainda est\u00e3o em liberdade.<\/p>\n<p><em>Como \u00e9 o clima na cidade de Altamira, ap\u00f3s o an\u00fancio da decis\u00e3o do Tribunal de Justi\u00e7a?<\/em><\/p>\n<p>A not\u00edcia percorreu logo a cidade toda, mas o povo continua desconfiado. Infelizmente a Justi\u00e7a \u00e9 muito desacreditada por essa regi\u00e3o. O povo n\u00e3o esquece que nos casos de abuso sexual de menores e dos mais perversos crimes cometidos contra meninos, os implicados, inclusive julgados e condenados a penas entre 35 e 77 anos de reclus\u00e3o, encontram-se em liberdade. Por isso, as not\u00edcias sobre pris\u00e3o de suspeitos e acusados dos mais diversos delitos s\u00e3o recebidas pela popula\u00e7\u00e3o com indiferen\u00e7a ou ceticismo.<\/p>\n<p><em>O senhor acredita que agora ele, Vitalmiro Bastos, possa ser condenado pela morte da mission\u00e1ria?<\/em><\/p>\n<p>Ele j\u00e1 foi condenado pela morte da irm\u00e3 Dorothy! Nunca entendemos como Vitalmiro Bastos de Moura p\u00f4de ter sido posto em liberdade e como foi poss\u00edvel um segundo julgamento chegar a anular o primeiro que se baseou em provas irrefut\u00e1veis.<\/p>\n<p>A Justi\u00e7a decidiu pela anula\u00e7\u00e3o do julgamento porque a defesa foi acusada de usar provas ilegais, inclu\u00edda nos autos sem o conhecimento do juiz e da Promotoria. A prova, que teria ajudado a inocentar Bida, foi um v\u00eddeo exibido durante seu julgamento, em maio do ano passado, onde outro acusado de participar do crime, Amair Feijoli da Cunha, inocenta Bida.<\/p>\n<p>Com rela\u00e7\u00e3o ao julgamento de Rayfran das Neves, o assassino confesso, no entendimento dos desembargadores, a avalia\u00e7\u00e3o do j\u00fari foi prejudicada porque, na \u00e9poca do julgamento, a Promotoria n\u00e3o teria conseguido provar a qualificadora de promessa de recompensa. Para a Justi\u00e7a, se isso tivesse ocorrido, a pena de Rayfran seria maior.<\/p>\n<p>A Justi\u00e7a deve marcar uma nova sess\u00e3o de julgamento para os acusados.<\/p>\n<div id=\"themify_builder_content-2758\" data-postid=\"2758\" class=\"themify_builder_content themify_builder_content-2758 themify_builder themify_builder_front\">\n\t<\/div>\n<!-- \/themify_builder_content -->","protected":false},"excerpt":{"rendered":"<p>Em entrevista dada a assessoria de imprensa da CNBB, o bispo prelado de Xingu (PA), dom Erwin Kr\u00e4utler fala sobre a decis\u00e3o da 1\u00aa C\u00e2mara Criminal Isolada, do Tribunal de Justi\u00e7a do Par\u00e1, que acatando recurso solicitado pelo promotor \u00c9dson Cardoso, anulou o julgamento de Vitalmiro Bastos de Moura, Biba, que \u00e9 suspeito de mandar [&hellip;]<\/p>\n","protected":false},"author":5,"featured_media":0,"comment_status":"open","ping_status":"open","sticky":false,"template":"","format":"standard","meta":{"ngg_post_thumbnail":0,"footnotes":""},"categories":[8],"tags":[263,230,293,172,413],"yoast_head":"<!-- This site is optimized with the Yoast SEO plugin v23.5 - https:\/\/yoast.com\/wordpress\/plugins\/seo\/ -->\n<title>Dom Erwin Kr\u00e4utler fala sobre o caso Dorothy Stang  - O Arcanjo no ar<\/title>\n<meta name=\"robots\" content=\"index, follow, max-snippet:-1, max-image-preview:large, max-video-preview:-1\" \/>\n<link rel=\"canonical\" href=\"https:\/\/www.oarcanjo.net\/site\/dom-erwin-krautler-fala-sobre-o-caso-dorothy-stang\/\" \/>\n<meta property=\"og:locale\" content=\"pt_BR\" \/>\n<meta property=\"og:type\" content=\"article\" \/>\n<meta property=\"og:title\" content=\"Dom Erwin Kr\u00e4utler fala sobre o caso Dorothy Stang  - O Arcanjo no ar\" \/>\n<meta property=\"og:description\" content=\"Em entrevista dada a assessoria de imprensa da CNBB, o bispo prelado de Xingu (PA), dom Erwin Kr\u00e4utler fala sobre a decis\u00e3o da 1\u00aa C\u00e2mara Criminal Isolada, do Tribunal de Justi\u00e7a do Par\u00e1, que acatando recurso solicitado pelo promotor \u00c9dson Cardoso, anulou o julgamento de Vitalmiro Bastos de Moura, Biba, que \u00e9 suspeito de mandar [&hellip;]\" \/>\n<meta property=\"og:url\" content=\"https:\/\/www.oarcanjo.net\/site\/dom-erwin-krautler-fala-sobre-o-caso-dorothy-stang\/\" \/>\n<meta property=\"og:site_name\" content=\"O Arcanjo no ar\" \/>\n<meta property=\"article:publisher\" content=\"https:\/\/www.facebook.com\/OArcanjoNoAr\/\" \/>\n<meta property=\"article:published_time\" content=\"2009-04-09T02:43:47+00:00\" \/>\n<meta property=\"og:image\" content=\"https:\/\/www.oarcanjo.net\/site\/wp-content\/uploads\/logo-o-arcanjo-no-ar-facebook.png\" \/>\n\t<meta property=\"og:image:width\" content=\"300\" \/>\n\t<meta property=\"og:image:height\" content=\"300\" \/>\n\t<meta property=\"og:image:type\" content=\"image\/png\" \/>\n<meta name=\"author\" content=\"editor\" \/>\n<meta name=\"twitter:card\" content=\"summary_large_image\" \/>\n<meta name=\"twitter:label1\" content=\"Escrito por\" \/>\n\t<meta name=\"twitter:data1\" content=\"editor\" \/>\n\t<meta name=\"twitter:label2\" content=\"Est. tempo de leitura\" \/>\n\t<meta name=\"twitter:data2\" content=\"2 minutos\" \/>\n<script type=\"application\/ld+json\" class=\"yoast-schema-graph\">{\"@context\":\"https:\/\/schema.org\",\"@graph\":[{\"@type\":\"Article\",\"@id\":\"https:\/\/www.oarcanjo.net\/site\/dom-erwin-krautler-fala-sobre-o-caso-dorothy-stang\/#article\",\"isPartOf\":{\"@id\":\"https:\/\/www.oarcanjo.net\/site\/dom-erwin-krautler-fala-sobre-o-caso-dorothy-stang\/\"},\"author\":{\"name\":\"editor\",\"@id\":\"https:\/\/www.oarcanjo.net\/site\/#\/schema\/person\/f7024d007863202483a31326673a0838\"},\"headline\":\"Dom Erwin Kr\u00e4utler fala sobre o caso Dorothy Stang\",\"datePublished\":\"2009-04-09T02:43:47+00:00\",\"dateModified\":\"2009-04-09T02:43:47+00:00\",\"mainEntityOfPage\":{\"@id\":\"https:\/\/www.oarcanjo.net\/site\/dom-erwin-krautler-fala-sobre-o-caso-dorothy-stang\/\"},\"wordCount\":491,\"commentCount\":0,\"publisher\":{\"@id\":\"https:\/\/www.oarcanjo.net\/site\/#organization\"},\"keywords\":[\"Ir. Dorothy\",\"justi\u00e7a\",\"Reforma agr\u00e1ria\",\"Terra\",\"viol\u00eancia no campo\"],\"articleSection\":[\"Not\u00edcias\"],\"inLanguage\":\"pt-BR\",\"potentialAction\":[{\"@type\":\"CommentAction\",\"name\":\"Comment\",\"target\":[\"https:\/\/www.oarcanjo.net\/site\/dom-erwin-krautler-fala-sobre-o-caso-dorothy-stang\/#respond\"]}]},{\"@type\":\"WebPage\",\"@id\":\"https:\/\/www.oarcanjo.net\/site\/dom-erwin-krautler-fala-sobre-o-caso-dorothy-stang\/\",\"url\":\"https:\/\/www.oarcanjo.net\/site\/dom-erwin-krautler-fala-sobre-o-caso-dorothy-stang\/\",\"name\":\"Dom Erwin Kr\u00e4utler fala sobre o caso Dorothy Stang - O Arcanjo no ar\",\"isPartOf\":{\"@id\":\"https:\/\/www.oarcanjo.net\/site\/#website\"},\"datePublished\":\"2009-04-09T02:43:47+00:00\",\"dateModified\":\"2009-04-09T02:43:47+00:00\",\"breadcrumb\":{\"@id\":\"https:\/\/www.oarcanjo.net\/site\/dom-erwin-krautler-fala-sobre-o-caso-dorothy-stang\/#breadcrumb\"},\"inLanguage\":\"pt-BR\",\"potentialAction\":[{\"@type\":\"ReadAction\",\"target\":[\"https:\/\/www.oarcanjo.net\/site\/dom-erwin-krautler-fala-sobre-o-caso-dorothy-stang\/\"]}]},{\"@type\":\"BreadcrumbList\",\"@id\":\"https:\/\/www.oarcanjo.net\/site\/dom-erwin-krautler-fala-sobre-o-caso-dorothy-stang\/#breadcrumb\",\"itemListElement\":[{\"@type\":\"ListItem\",\"position\":1,\"name\":\"In\u00edcio\",\"item\":\"https:\/\/www.oarcanjo.net\/site\/\"},{\"@type\":\"ListItem\",\"position\":2,\"name\":\"Dom Erwin Kr\u00e4utler fala sobre o caso Dorothy Stang\"}]},{\"@type\":\"WebSite\",\"@id\":\"https:\/\/www.oarcanjo.net\/site\/#website\",\"url\":\"https:\/\/www.oarcanjo.net\/site\/\",\"name\":\"O Arcanjo no ar\",\"description\":\"Site da Par\u00f3quia S\u00e3o Miguel Arcanjo (Arquidiocese de SP)\",\"publisher\":{\"@id\":\"https:\/\/www.oarcanjo.net\/site\/#organization\"},\"potentialAction\":[{\"@type\":\"SearchAction\",\"target\":{\"@type\":\"EntryPoint\",\"urlTemplate\":\"https:\/\/www.oarcanjo.net\/site\/?s={search_term_string}\"},\"query-input\":{\"@type\":\"PropertyValueSpecification\",\"valueRequired\":true,\"valueName\":\"search_term_string\"}}],\"inLanguage\":\"pt-BR\"},{\"@type\":\"Organization\",\"@id\":\"https:\/\/www.oarcanjo.net\/site\/#organization\",\"name\":\"Par\u00f3quia S\u00e3o Miguel Arcanjo\",\"url\":\"https:\/\/www.oarcanjo.net\/site\/\",\"logo\":{\"@type\":\"ImageObject\",\"inLanguage\":\"pt-BR\",\"@id\":\"https:\/\/www.oarcanjo.net\/site\/#\/schema\/logo\/image\/\",\"url\":\"https:\/\/www.oarcanjo.net\/site\/wp-content\/uploads\/LogoOArcanjo.png\",\"contentUrl\":\"https:\/\/www.oarcanjo.net\/site\/wp-content\/uploads\/LogoOArcanjo.png\",\"width\":319,\"height\":99,\"caption\":\"Par\u00f3quia S\u00e3o Miguel Arcanjo\"},\"image\":{\"@id\":\"https:\/\/www.oarcanjo.net\/site\/#\/schema\/logo\/image\/\"},\"sameAs\":[\"https:\/\/www.facebook.com\/OArcanjoNoAr\/\"]},{\"@type\":\"Person\",\"@id\":\"https:\/\/www.oarcanjo.net\/site\/#\/schema\/person\/f7024d007863202483a31326673a0838\",\"name\":\"editor\",\"sameAs\":[\"http:\/\/www.oarcanjo.net\"]}]}<\/script>\n<!-- \/ Yoast SEO plugin. -->","yoast_head_json":{"title":"Dom Erwin Kr\u00e4utler fala sobre o caso Dorothy Stang  - O Arcanjo no ar","robots":{"index":"index","follow":"follow","max-snippet":"max-snippet:-1","max-image-preview":"max-image-preview:large","max-video-preview":"max-video-preview:-1"},"canonical":"https:\/\/www.oarcanjo.net\/site\/dom-erwin-krautler-fala-sobre-o-caso-dorothy-stang\/","og_locale":"pt_BR","og_type":"article","og_title":"Dom Erwin Kr\u00e4utler fala sobre o caso Dorothy Stang  - O Arcanjo no ar","og_description":"Em entrevista dada a assessoria de imprensa da CNBB, o bispo prelado de Xingu (PA), dom Erwin Kr\u00e4utler fala sobre a decis\u00e3o da 1\u00aa C\u00e2mara Criminal Isolada, do Tribunal de Justi\u00e7a do Par\u00e1, que acatando recurso solicitado pelo promotor \u00c9dson Cardoso, anulou o julgamento de Vitalmiro Bastos de Moura, Biba, que \u00e9 suspeito de mandar [&hellip;]","og_url":"https:\/\/www.oarcanjo.net\/site\/dom-erwin-krautler-fala-sobre-o-caso-dorothy-stang\/","og_site_name":"O Arcanjo no ar","article_publisher":"https:\/\/www.facebook.com\/OArcanjoNoAr\/","article_published_time":"2009-04-09T02:43:47+00:00","og_image":[{"width":300,"height":300,"url":"https:\/\/www.oarcanjo.net\/site\/wp-content\/uploads\/logo-o-arcanjo-no-ar-facebook.png","type":"image\/png"}],"author":"editor","twitter_card":"summary_large_image","twitter_misc":{"Escrito por":"editor","Est. tempo de leitura":"2 minutos"},"schema":{"@context":"https:\/\/schema.org","@graph":[{"@type":"Article","@id":"https:\/\/www.oarcanjo.net\/site\/dom-erwin-krautler-fala-sobre-o-caso-dorothy-stang\/#article","isPartOf":{"@id":"https:\/\/www.oarcanjo.net\/site\/dom-erwin-krautler-fala-sobre-o-caso-dorothy-stang\/"},"author":{"name":"editor","@id":"https:\/\/www.oarcanjo.net\/site\/#\/schema\/person\/f7024d007863202483a31326673a0838"},"headline":"Dom Erwin Kr\u00e4utler fala sobre o caso Dorothy Stang","datePublished":"2009-04-09T02:43:47+00:00","dateModified":"2009-04-09T02:43:47+00:00","mainEntityOfPage":{"@id":"https:\/\/www.oarcanjo.net\/site\/dom-erwin-krautler-fala-sobre-o-caso-dorothy-stang\/"},"wordCount":491,"commentCount":0,"publisher":{"@id":"https:\/\/www.oarcanjo.net\/site\/#organization"},"keywords":["Ir. Dorothy","justi\u00e7a","Reforma agr\u00e1ria","Terra","viol\u00eancia no campo"],"articleSection":["Not\u00edcias"],"inLanguage":"pt-BR","potentialAction":[{"@type":"CommentAction","name":"Comment","target":["https:\/\/www.oarcanjo.net\/site\/dom-erwin-krautler-fala-sobre-o-caso-dorothy-stang\/#respond"]}]},{"@type":"WebPage","@id":"https:\/\/www.oarcanjo.net\/site\/dom-erwin-krautler-fala-sobre-o-caso-dorothy-stang\/","url":"https:\/\/www.oarcanjo.net\/site\/dom-erwin-krautler-fala-sobre-o-caso-dorothy-stang\/","name":"Dom Erwin Kr\u00e4utler fala sobre o caso Dorothy Stang - O Arcanjo no ar","isPartOf":{"@id":"https:\/\/www.oarcanjo.net\/site\/#website"},"datePublished":"2009-04-09T02:43:47+00:00","dateModified":"2009-04-09T02:43:47+00:00","breadcrumb":{"@id":"https:\/\/www.oarcanjo.net\/site\/dom-erwin-krautler-fala-sobre-o-caso-dorothy-stang\/#breadcrumb"},"inLanguage":"pt-BR","potentialAction":[{"@type":"ReadAction","target":["https:\/\/www.oarcanjo.net\/site\/dom-erwin-krautler-fala-sobre-o-caso-dorothy-stang\/"]}]},{"@type":"BreadcrumbList","@id":"https:\/\/www.oarcanjo.net\/site\/dom-erwin-krautler-fala-sobre-o-caso-dorothy-stang\/#breadcrumb","itemListElement":[{"@type":"ListItem","position":1,"name":"In\u00edcio","item":"https:\/\/www.oarcanjo.net\/site\/"},{"@type":"ListItem","position":2,"name":"Dom Erwin Kr\u00e4utler fala sobre o caso Dorothy Stang"}]},{"@type":"WebSite","@id":"https:\/\/www.oarcanjo.net\/site\/#website","url":"https:\/\/www.oarcanjo.net\/site\/","name":"O Arcanjo no ar","description":"Site da Par\u00f3quia S\u00e3o Miguel Arcanjo (Arquidiocese de SP)","publisher":{"@id":"https:\/\/www.oarcanjo.net\/site\/#organization"},"potentialAction":[{"@type":"SearchAction","target":{"@type":"EntryPoint","urlTemplate":"https:\/\/www.oarcanjo.net\/site\/?s={search_term_string}"},"query-input":{"@type":"PropertyValueSpecification","valueRequired":true,"valueName":"search_term_string"}}],"inLanguage":"pt-BR"},{"@type":"Organization","@id":"https:\/\/www.oarcanjo.net\/site\/#organization","name":"Par\u00f3quia S\u00e3o Miguel Arcanjo","url":"https:\/\/www.oarcanjo.net\/site\/","logo":{"@type":"ImageObject","inLanguage":"pt-BR","@id":"https:\/\/www.oarcanjo.net\/site\/#\/schema\/logo\/image\/","url":"https:\/\/www.oarcanjo.net\/site\/wp-content\/uploads\/LogoOArcanjo.png","contentUrl":"https:\/\/www.oarcanjo.net\/site\/wp-content\/uploads\/LogoOArcanjo.png","width":319,"height":99,"caption":"Par\u00f3quia S\u00e3o Miguel Arcanjo"},"image":{"@id":"https:\/\/www.oarcanjo.net\/site\/#\/schema\/logo\/image\/"},"sameAs":["https:\/\/www.facebook.com\/OArcanjoNoAr\/"]},{"@type":"Person","@id":"https:\/\/www.oarcanjo.net\/site\/#\/schema\/person\/f7024d007863202483a31326673a0838","name":"editor","sameAs":["http:\/\/www.oarcanjo.net"]}]}},"publishpress_future_action":{"enabled":false,"date":"2026-05-07 11:37:17","action":"category","newStatus":"draft","terms":[],"taxonomy":"category"},"publishpress_future_workflow_manual_trigger":{"enabledWorkflows":[]},"_links":{"self":[{"href":"https:\/\/www.oarcanjo.net\/site\/wp-json\/wp\/v2\/posts\/2758"}],"collection":[{"href":"https:\/\/www.oarcanjo.net\/site\/wp-json\/wp\/v2\/posts"}],"about":[{"href":"https:\/\/www.oarcanjo.net\/site\/wp-json\/wp\/v2\/types\/post"}],"author":[{"embeddable":true,"href":"https:\/\/www.oarcanjo.net\/site\/wp-json\/wp\/v2\/users\/5"}],"replies":[{"embeddable":true,"href":"https:\/\/www.oarcanjo.net\/site\/wp-json\/wp\/v2\/comments?post=2758"}],"version-history":[{"count":0,"href":"https:\/\/www.oarcanjo.net\/site\/wp-json\/wp\/v2\/posts\/2758\/revisions"}],"wp:attachment":[{"href":"https:\/\/www.oarcanjo.net\/site\/wp-json\/wp\/v2\/media?parent=2758"}],"wp:term":[{"taxonomy":"category","embeddable":true,"href":"https:\/\/www.oarcanjo.net\/site\/wp-json\/wp\/v2\/categories?post=2758"},{"taxonomy":"post_tag","embeddable":true,"href":"https:\/\/www.oarcanjo.net\/site\/wp-json\/wp\/v2\/tags?post=2758"}],"curies":[{"name":"wp","href":"https:\/\/api.w.org\/{rel}","templated":true}]}}