
{"id":2813,"date":"2009-04-11T11:00:02","date_gmt":"2009-04-11T14:00:02","guid":{"rendered":"http:\/\/www.oarcanjo.net\/site\/?p=2813"},"modified":"2009-04-11T10:41:46","modified_gmt":"2009-04-11T13:41:46","slug":"pascoa-e-crise","status":"publish","type":"post","link":"https:\/\/www.oarcanjo.net\/site\/pascoa-e-crise\/","title":{"rendered":"P\u00e1scoa e crise"},"content":{"rendered":"<p>Dom Dem\u00e9trio Valentini<\/p>\n<p>\u00c0 primeira vista, parece que p\u00e1scoa n\u00e3o tem nada a ver com crise. Na verdade, a p\u00e1scoa surgiu da mais antiga, e da mais natural das crises, a crise do ciclo anual da vida em nosso planeta. <\/p>\n<p>Faz parte da din\u00e2mica da vida a luta constante pela sobreviv\u00eancia. O momento mais preocupante \u00e9 quando a vida aparentemente perde sua for\u00e7a, no decl\u00ednio do inverno, e amea\u00e7a se extinguir.<\/p>\n<p>\u00c9 ent\u00e3o que surge o prod\u00edgio maior. De dentro da morte, as for\u00e7as vitais se reaglutinam, e todo o universo parece conspirar em favor da vida, que retoma vigor e exuber\u00e2ncia na manifesta\u00e7\u00e3o da primavera.<\/p>\n<p>Foi para celebrar este triunfo natural da vida sobre as for\u00e7as da morte que surgiu a primitiva p\u00e1scoa. Antes de ser apropriada pelo povo de Israel como festa hist\u00f3rica de sua liberta\u00e7\u00e3o do Egito, a p\u00e1scoa j\u00e1 era celebrada pelos povos que experimentavam com mais intensidade o contraste entre os rigores do inverno e os encantos da primavera. <\/p>\n<p>A p\u00e1scoa come\u00e7ou sendo a festa que cantava a vit\u00f3ria da vida sobre a morte em nosso planeta.  <\/p>\n<p>Neste contexto, o decl\u00ednio da vida, por seu esgotamento natural e pelas condi\u00e7\u00f5es adversas do inverno, era a oportunidade para o reencontro das energias que lhe davam novo impulso. A crise era oportunidade de renova\u00e7\u00e3o. Fazia parte do processo vital, e era integrada na sua din\u00e2mica normal.<\/p>\n<p>Os processos naturais servem de par\u00e1bola e de inspira\u00e7\u00e3o para a hist\u00f3ria humana. Nesta, a realidade toma as variadas fei\u00e7\u00f5es dos fatos concretos. Mas a sua trajet\u00f3ria traz tamb\u00e9m as marcas da luta pela sobreviv\u00eancia.<\/p>\n<p>Num primeiro est\u00e1gio, a vit\u00f3ria de uns parece implicar necessariamente na derrota de outros. A pr\u00f3pria narrativa da liberta\u00e7\u00e3o de Israel implica a euf\u00f3rica descri\u00e7\u00e3o da morte dos eg\u00edpcios aos borbot\u00f5es. <\/p>\n<p>Foi preciso o testemunho de Cristo, constitu\u00eddo em nova e definitiva p\u00e1scoa, para entendermos que o segredo da vida humana est\u00e1 em sua doa\u00e7\u00e3o. Dando sua vida por amor, Cristo vence a morte, com a vit\u00f3ria de sua ressurrei\u00e7\u00e3o. <\/p>\n<p>Esta simbologia da f\u00e9 n\u00e3o nos exime de enfrentar o desafio de perceber a gravidade da crise atual. Ela n\u00e3o se enquadra no ritmo normal dos ciclos da vida. \u00c9 fora de s\u00e9rie. Ela n\u00e3o se cura com uma p\u00e1scoa. Ela aponta para desvios mais graves, cometidos pela civiliza\u00e7\u00e3o atual, que amea\u00e7am a pr\u00f3pria vida do planeta. A crise ecol\u00f3gica se constitui na advert\u00eancia mais eloq\u00fcente, capaz ainda de sensibilizar as consci\u00eancias.<\/p>\n<p>Quando avisaram Jesus que seu amigo L\u00e1zaro estava enfermo, n\u00e3o foi logo visit\u00e1-lo. Esperou que morresse, para depois ressuscit\u00e1-lo. &#8220;Esta doen\u00e7a \u00e9 para que se manifestem os des\u00edgnios de Deus&#8221;.<\/p>\n<p>Agora tamb\u00e9m. N\u00e3o adianta ter pressa diante desta crise, que pede muito mais do que mudan\u00e7as superficiais. Primeiro \u00e9 preciso deixar morrer muitas ilus\u00f5es, produzidas por um modelo de civiliza\u00e7\u00e3o marcado pela depreda\u00e7\u00e3o da natureza, pelo ac\u00famulo e desperd\u00edcio, e pela desigualdade produtora de mis\u00e9ria e de viol\u00eancia.<\/p>\n<p>Esta crise precisa nos ensinar os caminhos do respeito pela natureza, da justi\u00e7a na organiza\u00e7\u00e3o social, e da fraternidade nos relacionamentos humanos.<\/p>\n<p>Desta vez, a p\u00e1scoa nos remete \u00e0 sexta-feira santa. Antes de terminar a crise, h\u00e1 muitos equ\u00edvocos que ainda precisam ser exorcizados.<\/p>\n<div id=\"themify_builder_content-2813\" data-postid=\"2813\" class=\"themify_builder_content themify_builder_content-2813 themify_builder themify_builder_front\">\n\t<\/div>\n<!-- \/themify_builder_content -->","protected":false},"excerpt":{"rendered":"<p>Dom Dem\u00e9trio Valentini \u00c0 primeira vista, parece que p\u00e1scoa n\u00e3o tem nada a ver com crise. Na verdade, a p\u00e1scoa surgiu da mais antiga, e da mais natural das crises, a crise do ciclo anual da vida em nosso planeta. Faz parte da din\u00e2mica da vida a luta constante pela sobreviv\u00eancia. O momento mais preocupante [&hellip;]<\/p>\n","protected":false},"author":5,"featured_media":0,"comment_status":"open","ping_status":"open","sticky":false,"template":"","format":"standard","meta":{"ngg_post_thumbnail":0,"footnotes":""},"categories":[9],"tags":[36,440,242,481,62],"yoast_head":"<!-- This site is optimized with the Yoast SEO plugin v23.5 - https:\/\/yoast.com\/wordpress\/plugins\/seo\/ -->\n<title>P\u00e1scoa e crise - O Arcanjo no ar<\/title>\n<meta name=\"robots\" content=\"index, follow, max-snippet:-1, max-image-preview:large, max-video-preview:-1\" \/>\n<link rel=\"canonical\" href=\"https:\/\/www.oarcanjo.net\/site\/pascoa-e-crise\/\" \/>\n<meta property=\"og:locale\" content=\"pt_BR\" \/>\n<meta property=\"og:type\" content=\"article\" \/>\n<meta property=\"og:title\" content=\"P\u00e1scoa e crise - O Arcanjo no ar\" \/>\n<meta property=\"og:description\" content=\"Dom Dem\u00e9trio Valentini \u00c0 primeira vista, parece que p\u00e1scoa n\u00e3o tem nada a ver com crise. Na verdade, a p\u00e1scoa surgiu da mais antiga, e da mais natural das crises, a crise do ciclo anual da vida em nosso planeta. Faz parte da din\u00e2mica da vida a luta constante pela sobreviv\u00eancia. O momento mais preocupante [&hellip;]\" \/>\n<meta property=\"og:url\" content=\"https:\/\/www.oarcanjo.net\/site\/pascoa-e-crise\/\" \/>\n<meta property=\"og:site_name\" content=\"O Arcanjo no ar\" \/>\n<meta property=\"article:publisher\" content=\"https:\/\/www.facebook.com\/OArcanjoNoAr\/\" \/>\n<meta property=\"article:published_time\" content=\"2009-04-11T14:00:02+00:00\" \/>\n<meta property=\"article:modified_time\" content=\"2009-04-11T13:41:46+00:00\" \/>\n<meta property=\"og:image\" content=\"https:\/\/www.oarcanjo.net\/site\/wp-content\/uploads\/logo-o-arcanjo-no-ar-facebook.png\" \/>\n\t<meta property=\"og:image:width\" content=\"300\" \/>\n\t<meta property=\"og:image:height\" content=\"300\" \/>\n\t<meta property=\"og:image:type\" content=\"image\/png\" \/>\n<meta name=\"author\" content=\"editor\" \/>\n<meta name=\"twitter:card\" content=\"summary_large_image\" \/>\n<meta name=\"twitter:label1\" content=\"Escrito por\" \/>\n\t<meta name=\"twitter:data1\" content=\"editor\" \/>\n\t<meta name=\"twitter:label2\" content=\"Est. tempo de leitura\" \/>\n\t<meta name=\"twitter:data2\" content=\"3 minutos\" \/>\n<script type=\"application\/ld+json\" class=\"yoast-schema-graph\">{\"@context\":\"https:\/\/schema.org\",\"@graph\":[{\"@type\":\"Article\",\"@id\":\"https:\/\/www.oarcanjo.net\/site\/pascoa-e-crise\/#article\",\"isPartOf\":{\"@id\":\"https:\/\/www.oarcanjo.net\/site\/pascoa-e-crise\/\"},\"author\":{\"name\":\"editor\",\"@id\":\"https:\/\/www.oarcanjo.net\/site\/#\/schema\/person\/f7024d007863202483a31326673a0838\"},\"headline\":\"P\u00e1scoa e crise\",\"datePublished\":\"2009-04-11T14:00:02+00:00\",\"dateModified\":\"2009-04-11T13:41:46+00:00\",\"mainEntityOfPage\":{\"@id\":\"https:\/\/www.oarcanjo.net\/site\/pascoa-e-crise\/\"},\"wordCount\":603,\"commentCount\":0,\"publisher\":{\"@id\":\"https:\/\/www.oarcanjo.net\/site\/#organization\"},\"keywords\":[\"crise\",\"Jesus Cristo\",\"P\u00e1scoa\",\"renova\u00e7\u00e3o\",\"vida\"],\"articleSection\":[\"Reflex\u00f5es\"],\"inLanguage\":\"pt-BR\",\"potentialAction\":[{\"@type\":\"CommentAction\",\"name\":\"Comment\",\"target\":[\"https:\/\/www.oarcanjo.net\/site\/pascoa-e-crise\/#respond\"]}]},{\"@type\":\"WebPage\",\"@id\":\"https:\/\/www.oarcanjo.net\/site\/pascoa-e-crise\/\",\"url\":\"https:\/\/www.oarcanjo.net\/site\/pascoa-e-crise\/\",\"name\":\"P\u00e1scoa e crise - O Arcanjo no ar\",\"isPartOf\":{\"@id\":\"https:\/\/www.oarcanjo.net\/site\/#website\"},\"datePublished\":\"2009-04-11T14:00:02+00:00\",\"dateModified\":\"2009-04-11T13:41:46+00:00\",\"breadcrumb\":{\"@id\":\"https:\/\/www.oarcanjo.net\/site\/pascoa-e-crise\/#breadcrumb\"},\"inLanguage\":\"pt-BR\",\"potentialAction\":[{\"@type\":\"ReadAction\",\"target\":[\"https:\/\/www.oarcanjo.net\/site\/pascoa-e-crise\/\"]}]},{\"@type\":\"BreadcrumbList\",\"@id\":\"https:\/\/www.oarcanjo.net\/site\/pascoa-e-crise\/#breadcrumb\",\"itemListElement\":[{\"@type\":\"ListItem\",\"position\":1,\"name\":\"In\u00edcio\",\"item\":\"https:\/\/www.oarcanjo.net\/site\/\"},{\"@type\":\"ListItem\",\"position\":2,\"name\":\"P\u00e1scoa e crise\"}]},{\"@type\":\"WebSite\",\"@id\":\"https:\/\/www.oarcanjo.net\/site\/#website\",\"url\":\"https:\/\/www.oarcanjo.net\/site\/\",\"name\":\"O Arcanjo no ar\",\"description\":\"Site da Par\u00f3quia S\u00e3o Miguel Arcanjo (Arquidiocese de SP)\",\"publisher\":{\"@id\":\"https:\/\/www.oarcanjo.net\/site\/#organization\"},\"potentialAction\":[{\"@type\":\"SearchAction\",\"target\":{\"@type\":\"EntryPoint\",\"urlTemplate\":\"https:\/\/www.oarcanjo.net\/site\/?s={search_term_string}\"},\"query-input\":{\"@type\":\"PropertyValueSpecification\",\"valueRequired\":true,\"valueName\":\"search_term_string\"}}],\"inLanguage\":\"pt-BR\"},{\"@type\":\"Organization\",\"@id\":\"https:\/\/www.oarcanjo.net\/site\/#organization\",\"name\":\"Par\u00f3quia S\u00e3o Miguel Arcanjo\",\"url\":\"https:\/\/www.oarcanjo.net\/site\/\",\"logo\":{\"@type\":\"ImageObject\",\"inLanguage\":\"pt-BR\",\"@id\":\"https:\/\/www.oarcanjo.net\/site\/#\/schema\/logo\/image\/\",\"url\":\"https:\/\/www.oarcanjo.net\/site\/wp-content\/uploads\/LogoOArcanjo.png\",\"contentUrl\":\"https:\/\/www.oarcanjo.net\/site\/wp-content\/uploads\/LogoOArcanjo.png\",\"width\":319,\"height\":99,\"caption\":\"Par\u00f3quia S\u00e3o Miguel Arcanjo\"},\"image\":{\"@id\":\"https:\/\/www.oarcanjo.net\/site\/#\/schema\/logo\/image\/\"},\"sameAs\":[\"https:\/\/www.facebook.com\/OArcanjoNoAr\/\"]},{\"@type\":\"Person\",\"@id\":\"https:\/\/www.oarcanjo.net\/site\/#\/schema\/person\/f7024d007863202483a31326673a0838\",\"name\":\"editor\",\"sameAs\":[\"http:\/\/www.oarcanjo.net\"]}]}<\/script>\n<!-- \/ Yoast SEO plugin. -->","yoast_head_json":{"title":"P\u00e1scoa e crise - O Arcanjo no ar","robots":{"index":"index","follow":"follow","max-snippet":"max-snippet:-1","max-image-preview":"max-image-preview:large","max-video-preview":"max-video-preview:-1"},"canonical":"https:\/\/www.oarcanjo.net\/site\/pascoa-e-crise\/","og_locale":"pt_BR","og_type":"article","og_title":"P\u00e1scoa e crise - O Arcanjo no ar","og_description":"Dom Dem\u00e9trio Valentini \u00c0 primeira vista, parece que p\u00e1scoa n\u00e3o tem nada a ver com crise. Na verdade, a p\u00e1scoa surgiu da mais antiga, e da mais natural das crises, a crise do ciclo anual da vida em nosso planeta. Faz parte da din\u00e2mica da vida a luta constante pela sobreviv\u00eancia. O momento mais preocupante [&hellip;]","og_url":"https:\/\/www.oarcanjo.net\/site\/pascoa-e-crise\/","og_site_name":"O Arcanjo no ar","article_publisher":"https:\/\/www.facebook.com\/OArcanjoNoAr\/","article_published_time":"2009-04-11T14:00:02+00:00","article_modified_time":"2009-04-11T13:41:46+00:00","og_image":[{"width":300,"height":300,"url":"https:\/\/www.oarcanjo.net\/site\/wp-content\/uploads\/logo-o-arcanjo-no-ar-facebook.png","type":"image\/png"}],"author":"editor","twitter_card":"summary_large_image","twitter_misc":{"Escrito por":"editor","Est. tempo de leitura":"3 minutos"},"schema":{"@context":"https:\/\/schema.org","@graph":[{"@type":"Article","@id":"https:\/\/www.oarcanjo.net\/site\/pascoa-e-crise\/#article","isPartOf":{"@id":"https:\/\/www.oarcanjo.net\/site\/pascoa-e-crise\/"},"author":{"name":"editor","@id":"https:\/\/www.oarcanjo.net\/site\/#\/schema\/person\/f7024d007863202483a31326673a0838"},"headline":"P\u00e1scoa e crise","datePublished":"2009-04-11T14:00:02+00:00","dateModified":"2009-04-11T13:41:46+00:00","mainEntityOfPage":{"@id":"https:\/\/www.oarcanjo.net\/site\/pascoa-e-crise\/"},"wordCount":603,"commentCount":0,"publisher":{"@id":"https:\/\/www.oarcanjo.net\/site\/#organization"},"keywords":["crise","Jesus Cristo","P\u00e1scoa","renova\u00e7\u00e3o","vida"],"articleSection":["Reflex\u00f5es"],"inLanguage":"pt-BR","potentialAction":[{"@type":"CommentAction","name":"Comment","target":["https:\/\/www.oarcanjo.net\/site\/pascoa-e-crise\/#respond"]}]},{"@type":"WebPage","@id":"https:\/\/www.oarcanjo.net\/site\/pascoa-e-crise\/","url":"https:\/\/www.oarcanjo.net\/site\/pascoa-e-crise\/","name":"P\u00e1scoa e crise - O Arcanjo no ar","isPartOf":{"@id":"https:\/\/www.oarcanjo.net\/site\/#website"},"datePublished":"2009-04-11T14:00:02+00:00","dateModified":"2009-04-11T13:41:46+00:00","breadcrumb":{"@id":"https:\/\/www.oarcanjo.net\/site\/pascoa-e-crise\/#breadcrumb"},"inLanguage":"pt-BR","potentialAction":[{"@type":"ReadAction","target":["https:\/\/www.oarcanjo.net\/site\/pascoa-e-crise\/"]}]},{"@type":"BreadcrumbList","@id":"https:\/\/www.oarcanjo.net\/site\/pascoa-e-crise\/#breadcrumb","itemListElement":[{"@type":"ListItem","position":1,"name":"In\u00edcio","item":"https:\/\/www.oarcanjo.net\/site\/"},{"@type":"ListItem","position":2,"name":"P\u00e1scoa e crise"}]},{"@type":"WebSite","@id":"https:\/\/www.oarcanjo.net\/site\/#website","url":"https:\/\/www.oarcanjo.net\/site\/","name":"O Arcanjo no ar","description":"Site da Par\u00f3quia S\u00e3o Miguel Arcanjo (Arquidiocese de SP)","publisher":{"@id":"https:\/\/www.oarcanjo.net\/site\/#organization"},"potentialAction":[{"@type":"SearchAction","target":{"@type":"EntryPoint","urlTemplate":"https:\/\/www.oarcanjo.net\/site\/?s={search_term_string}"},"query-input":{"@type":"PropertyValueSpecification","valueRequired":true,"valueName":"search_term_string"}}],"inLanguage":"pt-BR"},{"@type":"Organization","@id":"https:\/\/www.oarcanjo.net\/site\/#organization","name":"Par\u00f3quia S\u00e3o Miguel Arcanjo","url":"https:\/\/www.oarcanjo.net\/site\/","logo":{"@type":"ImageObject","inLanguage":"pt-BR","@id":"https:\/\/www.oarcanjo.net\/site\/#\/schema\/logo\/image\/","url":"https:\/\/www.oarcanjo.net\/site\/wp-content\/uploads\/LogoOArcanjo.png","contentUrl":"https:\/\/www.oarcanjo.net\/site\/wp-content\/uploads\/LogoOArcanjo.png","width":319,"height":99,"caption":"Par\u00f3quia S\u00e3o Miguel Arcanjo"},"image":{"@id":"https:\/\/www.oarcanjo.net\/site\/#\/schema\/logo\/image\/"},"sameAs":["https:\/\/www.facebook.com\/OArcanjoNoAr\/"]},{"@type":"Person","@id":"https:\/\/www.oarcanjo.net\/site\/#\/schema\/person\/f7024d007863202483a31326673a0838","name":"editor","sameAs":["http:\/\/www.oarcanjo.net"]}]}},"publishpress_future_action":{"enabled":false,"date":"2026-05-09 01:49:36","action":"category","newStatus":"draft","terms":[],"taxonomy":"category"},"publishpress_future_workflow_manual_trigger":{"enabledWorkflows":[]},"_links":{"self":[{"href":"https:\/\/www.oarcanjo.net\/site\/wp-json\/wp\/v2\/posts\/2813"}],"collection":[{"href":"https:\/\/www.oarcanjo.net\/site\/wp-json\/wp\/v2\/posts"}],"about":[{"href":"https:\/\/www.oarcanjo.net\/site\/wp-json\/wp\/v2\/types\/post"}],"author":[{"embeddable":true,"href":"https:\/\/www.oarcanjo.net\/site\/wp-json\/wp\/v2\/users\/5"}],"replies":[{"embeddable":true,"href":"https:\/\/www.oarcanjo.net\/site\/wp-json\/wp\/v2\/comments?post=2813"}],"version-history":[{"count":0,"href":"https:\/\/www.oarcanjo.net\/site\/wp-json\/wp\/v2\/posts\/2813\/revisions"}],"wp:attachment":[{"href":"https:\/\/www.oarcanjo.net\/site\/wp-json\/wp\/v2\/media?parent=2813"}],"wp:term":[{"taxonomy":"category","embeddable":true,"href":"https:\/\/www.oarcanjo.net\/site\/wp-json\/wp\/v2\/categories?post=2813"},{"taxonomy":"post_tag","embeddable":true,"href":"https:\/\/www.oarcanjo.net\/site\/wp-json\/wp\/v2\/tags?post=2813"}],"curies":[{"name":"wp","href":"https:\/\/api.w.org\/{rel}","templated":true}]}}