
{"id":2815,"date":"2009-04-11T10:47:07","date_gmt":"2009-04-11T13:47:07","guid":{"rendered":"http:\/\/www.oarcanjo.net\/site\/?p=2815"},"modified":"2009-04-11T10:47:07","modified_gmt":"2009-04-11T13:47:07","slug":"jose-de-broucker-dom-helder-camara-mistico-fraternal-servidor-fiel","status":"publish","type":"post","link":"https:\/\/www.oarcanjo.net\/site\/jose-de-broucker-dom-helder-camara-mistico-fraternal-servidor-fiel\/","title":{"rendered":"Jos\u00e9 de Broucker : Dom H\u00e9lder C\u00e2mara : m\u00edstico, fraternal, servidor fiel"},"content":{"rendered":"<p>Patricia Fachin<\/p>\n<p><em>Jornalista, o franc\u00eas Jos\u00e9 de Broucker foi amigo de Dom H\u00e9lder C\u00e2mara por tr\u00eas d\u00e9cadas. Na entrevista que segue, concedida por e-mail \u00e0 IHU On-Line, ele relembra o tempo que conviveu com o arcebispo de Recife e revela admira\u00e7\u00e3o profunda pelo brasileiro de ideias liberais que ajudou a construir uma Igreja diferente. Numa f\u00f3rmula breve, Broucker define o que qualifica como a complexidade paradoxal de Dom H\u00e9lder: &#8220;tr\u00eas pessoas em um s\u00f3 homem : homem de Deus, homem do mundo e homem da Igreja&#8221;. <\/p>\n<p>Ao lembrar do amigo, ele diz que &#8220;Dom H\u00e9lder despertou numerosos engajamentos por um mundo mais juto e mais humano&#8221;. Neste ano em que comemoramos seu centen\u00e1rio de vida, &#8220;ele ainda est\u00e1 mais eloquente em seus escritos&#8221;. Sua mensagem ainda est\u00e1 viva e &#8216;a vis\u00e3o e os engajamentos que ele trabalhava para promover s\u00e3o vividos hoje por quantidades de organiza\u00e7\u00f5es de sociedades civis em um n\u00famero muito grande de pa\u00edses, inclusive na Am\u00e9rica Latina e no Brasil&#8221;. Seus escritos, continua, &#8220;dos quais muitos ainda est\u00e3o para ser publicados, constituem uma heran\u00e7a extremamente preciosa para as gera\u00e7\u00f5es atuais e futuras&#8221;.<\/p>\n<p>Bi\u00f3grafo de Dom H\u00e9lder C\u00e2mara, Jos\u00e9 de Broucker escreveu diversas obras, entre as quais destacamos As noites de um profeta. Dom H\u00e9lder C\u00e2mara no Conc\u00edlio do Vaticano II (S\u00e3o Paulo: Paulus, 2008). O autor \u00e9 presidente da Associa\u00e7\u00e3o Dom H\u00e9lder \u2013 Mem\u00f3rias e Atualidade, e diretor das Informa\u00e7\u00f5es Cat\u00f3licas Internacionais no Tempo do Conc\u00edlio.<\/em><\/p>\n<p>Confira a entrevista:<\/p>\n<p>IHU On-Line \u2013 O senhor conviveu com Dom H\u00e9lder aproximadamente 30 anos. A partir dessa conviv\u00eancia, como descreve a personalidade humana e crist\u00e3 de Dom H\u00e9lder C\u00e2mara?<\/p>\n<p>Jos\u00e9 de Broucker &#8211; Tenho o h\u00e1bito de expressar em uma f\u00f3rmula a complexidade seguidamente paradoxal de Dom H\u00e9lder: tr\u00eas pessoas em um s\u00f3 homem: homem de Deus, homem do mundo e homem da Igreja. Por assim dizer: m\u00edstico, fraternal, servidor fiel.<\/p>\n<p>IHU On-Line \u2013 Como a trajet\u00f3ria de Dom H\u00e9lder nos ensina e repensar a P\u00e1scoa hoje? O que a m\u00edstica desse momento revela sobre o esp\u00edrito de Dom H\u00e9lder C\u00e2mara?<\/p>\n<p>Jos\u00e9 de Broucker &#8211; A invenc\u00edvel e comunicativa esperan\u00e7a da qual Dom H\u00e9lder testemunhou em todas as circunst\u00e2ncias n\u00e3o me parece sem rela\u00e7\u00e3o com sua f\u00e9 na ressurrei\u00e7\u00e3o do Senhor: \u201cQuanto mais negra \u00e9 a noite, mais brilhante ser\u00e1 a aurora.\u201d Nem sem rela\u00e7\u00e3o com sua aten\u00e7\u00e3o privilegiada aos pobres: \u201cN\u00e3o cabe aos pobres compartilhar da minha esperan\u00e7a, mas a mim de compartilhar da esperan\u00e7a dos pobres.\u201d<\/p>\n<p>IHU On-Line \u2013 Em que sentido as ideias liberais e libertadoras de Dom H\u00e9lder C\u00e2mara podem servir como fonte de energia para novas a\u00e7\u00f5es na sociedade, considerando tamb\u00e9m esse momento de crise (capitalista, institucional, de valores) que vivemos?<\/p>\n<p>Jos\u00e9 de Broucker &#8211; Durante a sua vida, por todos os lugares onde passava e falava, Dom H\u00e9lder despertou numerosos engajamentos por um mundo mais justo e mais humano. O que ele chamava de \u201cminorias abrah\u00e2micas\u201d que exercem \u201cpress\u00f5es morais libertadoras\u201d sobre as estruturas de poder est\u00e3o cada vez mais presentes e ativas. Hoje, Dom H\u00e9lder n\u00e3o est\u00e1 mais aqui. Mas ele est\u00e1 ainda mais eloquente em seus escritos do que em suas confer\u00eancias. Aos atores sociais que s\u00e3o tentados pelo des\u00e2nimo diante dos desafios da hist\u00f3ria, recomendo a leitura de suas Cartas Circulares conciliares e Interconciliares, de suas Medita\u00e7\u00f5es do Padre Jos\u00e9, de suas alocu\u00e7\u00f5es radiof\u00f4nicas. S\u00e3o inesgot\u00e1veis reservat\u00f3rios de energias renov\u00e1veis! <\/p>\n<p>IHU On-Line \u2013 O senhor conheceu Dom H\u00e9lder na cobertura do Conc\u00edlio Vaticano II. O que motivou a amizade entre voc\u00eas? Pode nos contar um pouco sobre os elos que os uniram durante tr\u00eas d\u00e9cadas?<\/p>\n<p>Jos\u00e9 de Broucker &#8211; Meu primeiro encontro prolongado com Dom H\u00e9lder data de 1968, quando fui a Recife para realizar uma pesquisa-retrato do \u201carcebispo das favelas\u201d a pedido de um editor parisiense (La violence d\u2019un pacifique) [A viol\u00eancia de um pac\u00edfico]. Este encontro me fascinou, mas n\u00e3o esgotou a minha curiosidade de jornalista e de crist\u00e3o: quarenta anos mais tarde, eu a persigo de todas as formas e maneiras. Tamb\u00e9m colaborei com a edi\u00e7\u00e3o francesa de v\u00e1rios de seus livros, desde os anos 70. De sua parte, Dom H\u00e9lder me concedeu a sua confian\u00e7a e me pediu para ser, de alguma forma, uma \u201cantena\u201d na Fran\u00e7a, notadamente para preparar e acompanhar suas viagens: eu era, de certa forma, com minha mulher e meus filhos, uma modesta \u201cpe\u00e7a trazida\u201d da \u201cFam\u00edlia Mecejanense\u201d.  <\/p>\n<p>IHU On-Line \u2013 Qual a principal contribui\u00e7\u00e3o de Dom H\u00e9lder para o Conc\u00edlio Vaticano II?<\/p>\n<p>Jos\u00e9 de Broucker &#8211; Como observou P. Congar,  Dom H\u00e9lder tinha uma qualidade \u201ct\u00e3o rara em Roma\u201d: uma vis\u00e3o. Uma vis\u00e3o do mundo \u2013 que n\u00e3o \u00e9 somente europeu e rico, e uma vis\u00e3o da Igreja \u2013 servil e pobre, colegial, participativa, ecum\u00eanica no sentido mais amplo do termo. Esta vis\u00e3o estereosc\u00f3pica, ele soube dividir, de minoria em minoria episcopal, at\u00e9 que ela fosse, em seus pontos mais importantes, a da maioria. Uma outra contribui\u00e7\u00e3o foi a de despertar e entreter um di\u00e1logo entre a assembleia conciliar e a opini\u00e3o p\u00fablica, pelo n\u00famero de vezes que ele falou em p\u00fablico fora dos muros da Bas\u00edlica de S\u00e3o Pedro. <\/p>\n<p>IHU On-Line \u2013 De que maneira o pensamento de Dom H\u00e9lder permanece vivo ainda hoje? Que heran\u00e7as o sacerdote deixou na Europa, onde esteve mais de 30 vezes?<\/p>\n<p>Jos\u00e9 de Broucker &#8211; Na Fran\u00e7a e talvez na Europa, as mais antigas gera\u00e7\u00f5es guardam de Dom H\u00e9lder lembran\u00e7as vivas e lamentos: lamentos de n\u00e3o mais poderem se ouvir interpelados por vozes t\u00e3o livres e libertadoras. Mas, se ainda s\u00e3o raras as pessoas e os grupos que solicitam Dom H\u00e9lder, a realidade \u00e9 que a vis\u00e3o e os engajamentos que ele trabalhava para promover s\u00e3o vividos hoje por quantidades de organiza\u00e7\u00f5es de sociedades civis em um n\u00famero muito grande de pa\u00edses, inclusive na Am\u00e9rica Latina e no Brasil. E, de maneira muito concreta, considero que seus escritos, dos quais muitos ainda est\u00e3o para ser publicados, constituem uma heran\u00e7a extremamente preciosa para as gera\u00e7\u00f5es atuais e futuras. <\/p>\n<p>IHU On-Line \u2013 Dom H\u00e9lder era conhecido como um homem de v\u00e1rios dons. Para o senhor, \u00e9 poss\u00edvel destacar uma qualidade imprescind\u00edvel do arcebispo de Recife?<\/p>\n<p>Jos\u00e9 de Broucker &#8211; Sua prefer\u00eancia por convencer mais do que vencer, e a arte com a qual ele sabia colocar em pr\u00e1tica, sem nunca separar verdade e bondade. <\/p>\n<p>IHU On-Line \u2013 Como os ensinamentos de Dom H\u00e9lder podem ajudar a construir uma nova Igreja? Para o senhor, na vis\u00e3o de Dom H\u00e9lder, que mudan\u00e7as seriam cruciais na Igreja de hoje?<\/p>\n<p>Jos\u00e9 de Broucker &#8211; Ap\u00f3s Dom H\u00e9lder, eu diria: que ela aplique a si mesma os belos princ\u00edpios que prega, tanto em nome do Evangelho como do direito natural.<\/p>\n<div id=\"themify_builder_content-2815\" data-postid=\"2815\" class=\"themify_builder_content themify_builder_content-2815 themify_builder themify_builder_front\">\n\t<\/div>\n<!-- \/themify_builder_content -->","protected":false},"excerpt":{"rendered":"<p>Patricia Fachin Jornalista, o franc\u00eas Jos\u00e9 de Broucker foi amigo de Dom H\u00e9lder C\u00e2mara por tr\u00eas d\u00e9cadas. Na entrevista que segue, concedida por e-mail \u00e0 IHU On-Line, ele relembra o tempo que conviveu com o arcebispo de Recife e revela admira\u00e7\u00e3o profunda pelo brasileiro de ideias liberais que ajudou a construir uma Igreja diferente. Numa [&hellip;]<\/p>\n","protected":false},"author":5,"featured_media":0,"comment_status":"open","ping_status":"open","sticky":false,"template":"","format":"standard","meta":{"ngg_post_thumbnail":0,"footnotes":""},"categories":[192],"tags":[210,187,473,65],"yoast_head":"<!-- This site is optimized with the Yoast SEO plugin v23.5 - https:\/\/yoast.com\/wordpress\/plugins\/seo\/ -->\n<title>Jos\u00e9 de Broucker : Dom H\u00e9lder C\u00e2mara : m\u00edstico, fraternal, servidor fiel - O Arcanjo no ar<\/title>\n<meta name=\"robots\" content=\"index, follow, max-snippet:-1, max-image-preview:large, max-video-preview:-1\" \/>\n<link rel=\"canonical\" href=\"https:\/\/www.oarcanjo.net\/site\/jose-de-broucker-dom-helder-camara-mistico-fraternal-servidor-fiel\/\" \/>\n<meta property=\"og:locale\" content=\"pt_BR\" \/>\n<meta property=\"og:type\" content=\"article\" \/>\n<meta property=\"og:title\" content=\"Jos\u00e9 de Broucker : Dom H\u00e9lder C\u00e2mara : m\u00edstico, fraternal, servidor fiel - O Arcanjo no ar\" \/>\n<meta property=\"og:description\" content=\"Patricia Fachin Jornalista, o franc\u00eas Jos\u00e9 de Broucker foi amigo de Dom H\u00e9lder C\u00e2mara por tr\u00eas d\u00e9cadas. Na entrevista que segue, concedida por e-mail \u00e0 IHU On-Line, ele relembra o tempo que conviveu com o arcebispo de Recife e revela admira\u00e7\u00e3o profunda pelo brasileiro de ideias liberais que ajudou a construir uma Igreja diferente. Numa [&hellip;]\" \/>\n<meta property=\"og:url\" content=\"https:\/\/www.oarcanjo.net\/site\/jose-de-broucker-dom-helder-camara-mistico-fraternal-servidor-fiel\/\" \/>\n<meta property=\"og:site_name\" content=\"O Arcanjo no ar\" \/>\n<meta property=\"article:publisher\" content=\"https:\/\/www.facebook.com\/OArcanjoNoAr\/\" \/>\n<meta property=\"article:published_time\" content=\"2009-04-11T13:47:07+00:00\" \/>\n<meta property=\"og:image\" content=\"https:\/\/www.oarcanjo.net\/site\/wp-content\/uploads\/logo-o-arcanjo-no-ar-facebook.png\" \/>\n\t<meta property=\"og:image:width\" content=\"300\" \/>\n\t<meta property=\"og:image:height\" content=\"300\" \/>\n\t<meta property=\"og:image:type\" content=\"image\/png\" \/>\n<meta name=\"author\" content=\"editor\" \/>\n<meta name=\"twitter:card\" content=\"summary_large_image\" \/>\n<meta name=\"twitter:label1\" content=\"Escrito por\" \/>\n\t<meta name=\"twitter:data1\" content=\"editor\" \/>\n\t<meta name=\"twitter:label2\" content=\"Est. tempo de leitura\" \/>\n\t<meta name=\"twitter:data2\" content=\"6 minutos\" \/>\n<script type=\"application\/ld+json\" class=\"yoast-schema-graph\">{\"@context\":\"https:\/\/schema.org\",\"@graph\":[{\"@type\":\"Article\",\"@id\":\"https:\/\/www.oarcanjo.net\/site\/jose-de-broucker-dom-helder-camara-mistico-fraternal-servidor-fiel\/#article\",\"isPartOf\":{\"@id\":\"https:\/\/www.oarcanjo.net\/site\/jose-de-broucker-dom-helder-camara-mistico-fraternal-servidor-fiel\/\"},\"author\":{\"name\":\"editor\",\"@id\":\"https:\/\/www.oarcanjo.net\/site\/#\/schema\/person\/f7024d007863202483a31326673a0838\"},\"headline\":\"Jos\u00e9 de Broucker : Dom H\u00e9lder C\u00e2mara : m\u00edstico, fraternal, servidor fiel\",\"datePublished\":\"2009-04-11T13:47:07+00:00\",\"dateModified\":\"2009-04-11T13:47:07+00:00\",\"mainEntityOfPage\":{\"@id\":\"https:\/\/www.oarcanjo.net\/site\/jose-de-broucker-dom-helder-camara-mistico-fraternal-servidor-fiel\/\"},\"wordCount\":1251,\"commentCount\":1,\"publisher\":{\"@id\":\"https:\/\/www.oarcanjo.net\/site\/#organization\"},\"keywords\":[\"Dom Helder Camara\",\"profeta\",\"testemunho\",\"Vaticano II\"],\"articleSection\":[\"D. Helder C\u00e2mara\"],\"inLanguage\":\"pt-BR\",\"potentialAction\":[{\"@type\":\"CommentAction\",\"name\":\"Comment\",\"target\":[\"https:\/\/www.oarcanjo.net\/site\/jose-de-broucker-dom-helder-camara-mistico-fraternal-servidor-fiel\/#respond\"]}]},{\"@type\":\"WebPage\",\"@id\":\"https:\/\/www.oarcanjo.net\/site\/jose-de-broucker-dom-helder-camara-mistico-fraternal-servidor-fiel\/\",\"url\":\"https:\/\/www.oarcanjo.net\/site\/jose-de-broucker-dom-helder-camara-mistico-fraternal-servidor-fiel\/\",\"name\":\"Jos\u00e9 de Broucker : Dom H\u00e9lder C\u00e2mara : m\u00edstico, fraternal, servidor fiel - O Arcanjo no ar\",\"isPartOf\":{\"@id\":\"https:\/\/www.oarcanjo.net\/site\/#website\"},\"datePublished\":\"2009-04-11T13:47:07+00:00\",\"dateModified\":\"2009-04-11T13:47:07+00:00\",\"breadcrumb\":{\"@id\":\"https:\/\/www.oarcanjo.net\/site\/jose-de-broucker-dom-helder-camara-mistico-fraternal-servidor-fiel\/#breadcrumb\"},\"inLanguage\":\"pt-BR\",\"potentialAction\":[{\"@type\":\"ReadAction\",\"target\":[\"https:\/\/www.oarcanjo.net\/site\/jose-de-broucker-dom-helder-camara-mistico-fraternal-servidor-fiel\/\"]}]},{\"@type\":\"BreadcrumbList\",\"@id\":\"https:\/\/www.oarcanjo.net\/site\/jose-de-broucker-dom-helder-camara-mistico-fraternal-servidor-fiel\/#breadcrumb\",\"itemListElement\":[{\"@type\":\"ListItem\",\"position\":1,\"name\":\"In\u00edcio\",\"item\":\"https:\/\/www.oarcanjo.net\/site\/\"},{\"@type\":\"ListItem\",\"position\":2,\"name\":\"Jos\u00e9 de Broucker : Dom H\u00e9lder C\u00e2mara : m\u00edstico, fraternal, servidor fiel\"}]},{\"@type\":\"WebSite\",\"@id\":\"https:\/\/www.oarcanjo.net\/site\/#website\",\"url\":\"https:\/\/www.oarcanjo.net\/site\/\",\"name\":\"O Arcanjo no ar\",\"description\":\"Site da Par\u00f3quia S\u00e3o Miguel Arcanjo (Arquidiocese de SP)\",\"publisher\":{\"@id\":\"https:\/\/www.oarcanjo.net\/site\/#organization\"},\"potentialAction\":[{\"@type\":\"SearchAction\",\"target\":{\"@type\":\"EntryPoint\",\"urlTemplate\":\"https:\/\/www.oarcanjo.net\/site\/?s={search_term_string}\"},\"query-input\":{\"@type\":\"PropertyValueSpecification\",\"valueRequired\":true,\"valueName\":\"search_term_string\"}}],\"inLanguage\":\"pt-BR\"},{\"@type\":\"Organization\",\"@id\":\"https:\/\/www.oarcanjo.net\/site\/#organization\",\"name\":\"Par\u00f3quia S\u00e3o Miguel Arcanjo\",\"url\":\"https:\/\/www.oarcanjo.net\/site\/\",\"logo\":{\"@type\":\"ImageObject\",\"inLanguage\":\"pt-BR\",\"@id\":\"https:\/\/www.oarcanjo.net\/site\/#\/schema\/logo\/image\/\",\"url\":\"https:\/\/www.oarcanjo.net\/site\/wp-content\/uploads\/LogoOArcanjo.png\",\"contentUrl\":\"https:\/\/www.oarcanjo.net\/site\/wp-content\/uploads\/LogoOArcanjo.png\",\"width\":319,\"height\":99,\"caption\":\"Par\u00f3quia S\u00e3o Miguel Arcanjo\"},\"image\":{\"@id\":\"https:\/\/www.oarcanjo.net\/site\/#\/schema\/logo\/image\/\"},\"sameAs\":[\"https:\/\/www.facebook.com\/OArcanjoNoAr\/\"]},{\"@type\":\"Person\",\"@id\":\"https:\/\/www.oarcanjo.net\/site\/#\/schema\/person\/f7024d007863202483a31326673a0838\",\"name\":\"editor\",\"sameAs\":[\"http:\/\/www.oarcanjo.net\"]}]}<\/script>\n<!-- \/ Yoast SEO plugin. -->","yoast_head_json":{"title":"Jos\u00e9 de Broucker : Dom H\u00e9lder C\u00e2mara : m\u00edstico, fraternal, servidor fiel - O Arcanjo no ar","robots":{"index":"index","follow":"follow","max-snippet":"max-snippet:-1","max-image-preview":"max-image-preview:large","max-video-preview":"max-video-preview:-1"},"canonical":"https:\/\/www.oarcanjo.net\/site\/jose-de-broucker-dom-helder-camara-mistico-fraternal-servidor-fiel\/","og_locale":"pt_BR","og_type":"article","og_title":"Jos\u00e9 de Broucker : Dom H\u00e9lder C\u00e2mara : m\u00edstico, fraternal, servidor fiel - O Arcanjo no ar","og_description":"Patricia Fachin Jornalista, o franc\u00eas Jos\u00e9 de Broucker foi amigo de Dom H\u00e9lder C\u00e2mara por tr\u00eas d\u00e9cadas. Na entrevista que segue, concedida por e-mail \u00e0 IHU On-Line, ele relembra o tempo que conviveu com o arcebispo de Recife e revela admira\u00e7\u00e3o profunda pelo brasileiro de ideias liberais que ajudou a construir uma Igreja diferente. Numa [&hellip;]","og_url":"https:\/\/www.oarcanjo.net\/site\/jose-de-broucker-dom-helder-camara-mistico-fraternal-servidor-fiel\/","og_site_name":"O Arcanjo no ar","article_publisher":"https:\/\/www.facebook.com\/OArcanjoNoAr\/","article_published_time":"2009-04-11T13:47:07+00:00","og_image":[{"width":300,"height":300,"url":"https:\/\/www.oarcanjo.net\/site\/wp-content\/uploads\/logo-o-arcanjo-no-ar-facebook.png","type":"image\/png"}],"author":"editor","twitter_card":"summary_large_image","twitter_misc":{"Escrito por":"editor","Est. tempo de leitura":"6 minutos"},"schema":{"@context":"https:\/\/schema.org","@graph":[{"@type":"Article","@id":"https:\/\/www.oarcanjo.net\/site\/jose-de-broucker-dom-helder-camara-mistico-fraternal-servidor-fiel\/#article","isPartOf":{"@id":"https:\/\/www.oarcanjo.net\/site\/jose-de-broucker-dom-helder-camara-mistico-fraternal-servidor-fiel\/"},"author":{"name":"editor","@id":"https:\/\/www.oarcanjo.net\/site\/#\/schema\/person\/f7024d007863202483a31326673a0838"},"headline":"Jos\u00e9 de Broucker : Dom H\u00e9lder C\u00e2mara : m\u00edstico, fraternal, servidor fiel","datePublished":"2009-04-11T13:47:07+00:00","dateModified":"2009-04-11T13:47:07+00:00","mainEntityOfPage":{"@id":"https:\/\/www.oarcanjo.net\/site\/jose-de-broucker-dom-helder-camara-mistico-fraternal-servidor-fiel\/"},"wordCount":1251,"commentCount":1,"publisher":{"@id":"https:\/\/www.oarcanjo.net\/site\/#organization"},"keywords":["Dom Helder Camara","profeta","testemunho","Vaticano II"],"articleSection":["D. Helder C\u00e2mara"],"inLanguage":"pt-BR","potentialAction":[{"@type":"CommentAction","name":"Comment","target":["https:\/\/www.oarcanjo.net\/site\/jose-de-broucker-dom-helder-camara-mistico-fraternal-servidor-fiel\/#respond"]}]},{"@type":"WebPage","@id":"https:\/\/www.oarcanjo.net\/site\/jose-de-broucker-dom-helder-camara-mistico-fraternal-servidor-fiel\/","url":"https:\/\/www.oarcanjo.net\/site\/jose-de-broucker-dom-helder-camara-mistico-fraternal-servidor-fiel\/","name":"Jos\u00e9 de Broucker : Dom H\u00e9lder C\u00e2mara : m\u00edstico, fraternal, servidor fiel - O Arcanjo no ar","isPartOf":{"@id":"https:\/\/www.oarcanjo.net\/site\/#website"},"datePublished":"2009-04-11T13:47:07+00:00","dateModified":"2009-04-11T13:47:07+00:00","breadcrumb":{"@id":"https:\/\/www.oarcanjo.net\/site\/jose-de-broucker-dom-helder-camara-mistico-fraternal-servidor-fiel\/#breadcrumb"},"inLanguage":"pt-BR","potentialAction":[{"@type":"ReadAction","target":["https:\/\/www.oarcanjo.net\/site\/jose-de-broucker-dom-helder-camara-mistico-fraternal-servidor-fiel\/"]}]},{"@type":"BreadcrumbList","@id":"https:\/\/www.oarcanjo.net\/site\/jose-de-broucker-dom-helder-camara-mistico-fraternal-servidor-fiel\/#breadcrumb","itemListElement":[{"@type":"ListItem","position":1,"name":"In\u00edcio","item":"https:\/\/www.oarcanjo.net\/site\/"},{"@type":"ListItem","position":2,"name":"Jos\u00e9 de Broucker : Dom H\u00e9lder C\u00e2mara : m\u00edstico, fraternal, servidor fiel"}]},{"@type":"WebSite","@id":"https:\/\/www.oarcanjo.net\/site\/#website","url":"https:\/\/www.oarcanjo.net\/site\/","name":"O Arcanjo no ar","description":"Site da Par\u00f3quia S\u00e3o Miguel Arcanjo (Arquidiocese de SP)","publisher":{"@id":"https:\/\/www.oarcanjo.net\/site\/#organization"},"potentialAction":[{"@type":"SearchAction","target":{"@type":"EntryPoint","urlTemplate":"https:\/\/www.oarcanjo.net\/site\/?s={search_term_string}"},"query-input":{"@type":"PropertyValueSpecification","valueRequired":true,"valueName":"search_term_string"}}],"inLanguage":"pt-BR"},{"@type":"Organization","@id":"https:\/\/www.oarcanjo.net\/site\/#organization","name":"Par\u00f3quia S\u00e3o Miguel Arcanjo","url":"https:\/\/www.oarcanjo.net\/site\/","logo":{"@type":"ImageObject","inLanguage":"pt-BR","@id":"https:\/\/www.oarcanjo.net\/site\/#\/schema\/logo\/image\/","url":"https:\/\/www.oarcanjo.net\/site\/wp-content\/uploads\/LogoOArcanjo.png","contentUrl":"https:\/\/www.oarcanjo.net\/site\/wp-content\/uploads\/LogoOArcanjo.png","width":319,"height":99,"caption":"Par\u00f3quia S\u00e3o Miguel Arcanjo"},"image":{"@id":"https:\/\/www.oarcanjo.net\/site\/#\/schema\/logo\/image\/"},"sameAs":["https:\/\/www.facebook.com\/OArcanjoNoAr\/"]},{"@type":"Person","@id":"https:\/\/www.oarcanjo.net\/site\/#\/schema\/person\/f7024d007863202483a31326673a0838","name":"editor","sameAs":["http:\/\/www.oarcanjo.net"]}]}},"publishpress_future_action":{"enabled":false,"date":"2026-05-07 17:03:37","action":"category","newStatus":"draft","terms":[],"taxonomy":"category"},"publishpress_future_workflow_manual_trigger":{"enabledWorkflows":[]},"_links":{"self":[{"href":"https:\/\/www.oarcanjo.net\/site\/wp-json\/wp\/v2\/posts\/2815"}],"collection":[{"href":"https:\/\/www.oarcanjo.net\/site\/wp-json\/wp\/v2\/posts"}],"about":[{"href":"https:\/\/www.oarcanjo.net\/site\/wp-json\/wp\/v2\/types\/post"}],"author":[{"embeddable":true,"href":"https:\/\/www.oarcanjo.net\/site\/wp-json\/wp\/v2\/users\/5"}],"replies":[{"embeddable":true,"href":"https:\/\/www.oarcanjo.net\/site\/wp-json\/wp\/v2\/comments?post=2815"}],"version-history":[{"count":0,"href":"https:\/\/www.oarcanjo.net\/site\/wp-json\/wp\/v2\/posts\/2815\/revisions"}],"wp:attachment":[{"href":"https:\/\/www.oarcanjo.net\/site\/wp-json\/wp\/v2\/media?parent=2815"}],"wp:term":[{"taxonomy":"category","embeddable":true,"href":"https:\/\/www.oarcanjo.net\/site\/wp-json\/wp\/v2\/categories?post=2815"},{"taxonomy":"post_tag","embeddable":true,"href":"https:\/\/www.oarcanjo.net\/site\/wp-json\/wp\/v2\/tags?post=2815"}],"curies":[{"name":"wp","href":"https:\/\/api.w.org\/{rel}","templated":true}]}}